{"id":10786,"date":"2023-08-09T06:24:56","date_gmt":"2023-08-09T09:24:56","guid":{"rendered":"https:\/\/www.padreeustaquio.com.br\/?p=10786"},"modified":"2023-08-08T14:34:43","modified_gmt":"2023-08-08T17:34:43","slug":"a-vocational-retreat-will-be-held-next-weekend","status":"publish","type":"post","link":"https:\/\/www.padreeustaquio.com.br\/en\/a-vocational-retreat-will-be-held-next-weekend\/","title":{"rendered":"A vocational retreat will be held next weekend."},"content":{"rendered":"<p>A vocational retreat will be held next Saturday, August 12th, at 7:30 PM. The meeting will be online and is intended for young people who have ever considered becoming a religious or priest.<\/p>\n<p><img fetchpriority=\"high\" decoding=\"async\" class=\"size-medium wp-image-10789 alignleft\" src=\"https:\/\/www.padreeustaquio.com.br\/wp-content\/uploads\/2023\/08\/convite-encontro-vocacional-300x300.jpeg\" alt=\"\" width=\"300\" height=\"300\" srcset=\"https:\/\/www.padreeustaquio.com.br\/wp-content\/uploads\/2023\/08\/convite-encontro-vocacional-300x300.jpeg 300w, https:\/\/www.padreeustaquio.com.br\/wp-content\/uploads\/2023\/08\/convite-encontro-vocacional-1024x1024.jpeg 1024w, https:\/\/www.padreeustaquio.com.br\/wp-content\/uploads\/2023\/08\/convite-encontro-vocacional-150x150.jpeg 150w, https:\/\/www.padreeustaquio.com.br\/wp-content\/uploads\/2023\/08\/convite-encontro-vocacional-768x768.jpeg 768w, https:\/\/www.padreeustaquio.com.br\/wp-content\/uploads\/2023\/08\/convite-encontro-vocacional-75x75.jpeg 75w, https:\/\/www.padreeustaquio.com.br\/wp-content\/uploads\/2023\/08\/convite-encontro-vocacional-180x180.jpeg 180w, https:\/\/www.padreeustaquio.com.br\/wp-content\/uploads\/2023\/08\/convite-encontro-vocacional-400x400.jpeg 400w, https:\/\/www.padreeustaquio.com.br\/wp-content\/uploads\/2023\/08\/convite-encontro-vocacional-600x600.jpeg 600w, https:\/\/www.padreeustaquio.com.br\/wp-content\/uploads\/2023\/08\/convite-encontro-vocacional.jpeg 1080w\" sizes=\"(max-width: 300px) 100vw, 300px\" \/>The meeting is part of the activities for August, the month of vocations, and is an initiative of the Congregation of the Sacred Hearts. The event will provide an opportunity to learn more about priestly and religious vocations and to have questions answered.<\/p>\n<p>Those interested should register in advance by email vocacional@sscc.org.br or by phone (31) 99315-6664.<\/p>\n<p>&nbsp;<\/p>","protected":false},"excerpt":{"rendered":"<p>Um encontro vocacional ser\u00e1 realizado no pr\u00f3ximo s\u00e1bado, 12 de agosto, \u00e0s 19h30. A reuni\u00e3o ser\u00e1 on-line e \u00e9 destinada aos jovens que algum dia j\u00e1 pensaram em ser religioso ou padre. O encontro faz parte das atividades de agosto, m\u00eas das voca\u00e7\u00f5es e \u00e9 uma iniciativa da Congrega\u00e7\u00e3o dos Sagrados Cora\u00e7\u00f5es. O momento ser\u00e1 para conhecer mais sobre a voca\u00e7\u00e3o sacerdotal e religiosa e tirar d\u00favidas sobre o assunto. Os interessados devem se inscrever antecipadamente pelo email vocacional@sscc.org.br ou pelo telefone (31) 99315-6664. &nbsp;<\/p>","protected":false},"author":2,"featured_media":10787,"comment_status":"open","ping_status":"closed","sticky":false,"template":"","format":"standard","meta":{"_acf_changed":false,"footnotes":""},"categories":[611],"tags":[],"class_list":["post-10786","post","type-post","status-publish","format-standard","has-post-thumbnail","hentry","category-noticias"],"acf":[],"yoast_head":"<!-- This site is optimized with the Yoast SEO plugin v27.2 - https:\/\/yoast.com\/product\/yoast-seo-wordpress\/ -->\n<title>Encontro vocacional ser\u00e1 realizado no pr\u00f3ximo fim de semana<\/title>\n<meta name=\"description\" content=\"Um encontro vocacional ser\u00e1 realizado no pr\u00f3ximo s\u00e1bado, 12 de agosto, \u00e0s 19h30. A reuni\u00e3o ser\u00e1 on-line e \u00e9 destinada aos jovens que algum dia j\u00e1 pensaram em ser religioso ou padre.\" \/>\n<meta name=\"robots\" content=\"index, follow, max-snippet:-1, max-image-preview:large, max-video-preview:-1\" \/>\n<link rel=\"canonical\" href=\"https:\/\/www.padreeustaquio.com.br\/en\/a-vocational-retreat-will-be-held-next-weekend\/\" \/>\n<meta property=\"og:locale\" content=\"en_US\" \/>\n<meta property=\"og:type\" content=\"article\" \/>\n<meta property=\"og:title\" content=\"Encontro vocacional ser\u00e1 realizado no pr\u00f3ximo fim de semana\" \/>\n<meta property=\"og:description\" content=\"Um encontro vocacional ser\u00e1 realizado no pr\u00f3ximo s\u00e1bado, 12 de agosto, \u00e0s 19h30. A reuni\u00e3o ser\u00e1 on-line e \u00e9 destinada aos jovens que algum dia j\u00e1 pensaram em ser religioso ou padre.\" \/>\n<meta property=\"og:url\" content=\"https:\/\/www.padreeustaquio.com.br\/en\/a-vocational-retreat-will-be-held-next-weekend\/\" \/>\n<meta property=\"og:site_name\" content=\"Padre Eust\u00e1quio\" \/>\n<meta property=\"article:publisher\" content=\"https:\/\/www.facebook.com\/beatopadreeustaquio\/\" \/>\n<meta property=\"article:published_time\" content=\"2023-08-09T09:24:56+00:00\" \/>\n<meta property=\"og:image\" content=\"https:\/\/www.padreeustaquio.com.br\/wp-content\/uploads\/2023\/08\/encontro-vocacional-online.jpeg\" \/>\n\t<meta property=\"og:image:width\" content=\"1600\" \/>\n\t<meta property=\"og:image:height\" content=\"900\" \/>\n\t<meta property=\"og:image:type\" content=\"image\/jpeg\" \/>\n<meta name=\"author\" content=\"@sscc\" \/>\n<meta name=\"twitter:card\" content=\"summary_large_image\" \/>\n<meta name=\"twitter:creator\" content=\"@beatopeustaquio\" \/>\n<meta name=\"twitter:site\" content=\"@beatopeustaquio\" \/>\n<meta name=\"twitter:label1\" content=\"Written by\" \/>\n\t<meta name=\"twitter:data1\" content=\"@sscc\" \/>\n\t<meta name=\"twitter:label2\" content=\"Est. reading time\" \/>\n\t<meta name=\"twitter:data2\" content=\"1 minute\" \/>\n<script type=\"application\/ld+json\" class=\"yoast-schema-graph\">{\"@context\":\"https:\/\/schema.org\",\"@graph\":[{\"@type\":\"Article\",\"@id\":\"https:\/\/www.padreeustaquio.com.br\/encontro-vocacional-sera-realizado-no-proximo-fim-de-semana\/#article\",\"isPartOf\":{\"@id\":\"https:\/\/www.padreeustaquio.com.br\/encontro-vocacional-sera-realizado-no-proximo-fim-de-semana\/\"},\"author\":{\"name\":\"@sscc\",\"@id\":\"https:\/\/www.padreeustaquio.com.br\/#\/schema\/person\/a2a51db1d00f1a7af0204a0f1ddb1566\"},\"headline\":\"Encontro vocacional ser\u00e1 realizado no pr\u00f3ximo fim de semana\",\"datePublished\":\"2023-08-09T09:24:56+00:00\",\"mainEntityOfPage\":{\"@id\":\"https:\/\/www.padreeustaquio.com.br\/encontro-vocacional-sera-realizado-no-proximo-fim-de-semana\/\"},\"wordCount\":103,\"commentCount\":0,\"publisher\":{\"@id\":\"https:\/\/www.padreeustaquio.com.br\/#organization\"},\"image\":{\"@id\":\"https:\/\/www.padreeustaquio.com.br\/encontro-vocacional-sera-realizado-no-proximo-fim-de-semana\/#primaryimage\"},\"thumbnailUrl\":\"https:\/\/www.padreeustaquio.com.br\/wp-content\/uploads\/2023\/08\/encontro-vocacional-online.jpeg\",\"articleSection\":[\"Not\u00edcias\"],\"inLanguage\":\"en-US\",\"potentialAction\":[{\"@type\":\"CommentAction\",\"name\":\"Comment\",\"target\":[\"https:\/\/www.padreeustaquio.com.br\/encontro-vocacional-sera-realizado-no-proximo-fim-de-semana\/#respond\"]}]},{\"@type\":\"WebPage\",\"@id\":\"https:\/\/www.padreeustaquio.com.br\/encontro-vocacional-sera-realizado-no-proximo-fim-de-semana\/\",\"url\":\"https:\/\/www.padreeustaquio.com.br\/encontro-vocacional-sera-realizado-no-proximo-fim-de-semana\/\",\"name\":\"Encontro vocacional ser\u00e1 realizado no pr\u00f3ximo fim de semana\",\"isPartOf\":{\"@id\":\"https:\/\/www.padreeustaquio.com.br\/#website\"},\"primaryImageOfPage\":{\"@id\":\"https:\/\/www.padreeustaquio.com.br\/encontro-vocacional-sera-realizado-no-proximo-fim-de-semana\/#primaryimage\"},\"image\":{\"@id\":\"https:\/\/www.padreeustaquio.com.br\/encontro-vocacional-sera-realizado-no-proximo-fim-de-semana\/#primaryimage\"},\"thumbnailUrl\":\"https:\/\/www.padreeustaquio.com.br\/wp-content\/uploads\/2023\/08\/encontro-vocacional-online.jpeg\",\"datePublished\":\"2023-08-09T09:24:56+00:00\",\"description\":\"Um encontro vocacional ser\u00e1 realizado no pr\u00f3ximo s\u00e1bado, 12 de agosto, \u00e0s 19h30. A reuni\u00e3o ser\u00e1 on-line e \u00e9 destinada aos jovens que algum dia j\u00e1 pensaram em ser religioso ou padre.\",\"breadcrumb\":{\"@id\":\"https:\/\/www.padreeustaquio.com.br\/encontro-vocacional-sera-realizado-no-proximo-fim-de-semana\/#breadcrumb\"},\"inLanguage\":\"en-US\",\"potentialAction\":[{\"@type\":\"ReadAction\",\"target\":[\"https:\/\/www.padreeustaquio.com.br\/encontro-vocacional-sera-realizado-no-proximo-fim-de-semana\/\"]}]},{\"@type\":\"ImageObject\",\"inLanguage\":\"en-US\",\"@id\":\"https:\/\/www.padreeustaquio.com.br\/encontro-vocacional-sera-realizado-no-proximo-fim-de-semana\/#primaryimage\",\"url\":\"https:\/\/www.padreeustaquio.com.br\/wp-content\/uploads\/2023\/08\/encontro-vocacional-online.jpeg\",\"contentUrl\":\"https:\/\/www.padreeustaquio.com.br\/wp-content\/uploads\/2023\/08\/encontro-vocacional-online.jpeg\",\"width\":1600,\"height\":900},{\"@type\":\"BreadcrumbList\",\"@id\":\"https:\/\/www.padreeustaquio.com.br\/encontro-vocacional-sera-realizado-no-proximo-fim-de-semana\/#breadcrumb\",\"itemListElement\":[{\"@type\":\"ListItem\",\"position\":1,\"name\":\"In\u00edcio\",\"item\":\"https:\/\/www.padreeustaquio.com.br\/\"},{\"@type\":\"ListItem\",\"position\":2,\"name\":\"Encontro vocacional ser\u00e1 realizado no pr\u00f3ximo fim de semana\"}]},{\"@type\":\"WebSite\",\"@id\":\"https:\/\/www.padreeustaquio.com.br\/#website\",\"url\":\"https:\/\/www.padreeustaquio.com.br\/\",\"name\":\"Padre Eust\u00e1quio\",\"description\":\"Sa\u00fade e Paz\",\"publisher\":{\"@id\":\"https:\/\/www.padreeustaquio.com.br\/#organization\"},\"potentialAction\":[{\"@type\":\"SearchAction\",\"target\":{\"@type\":\"EntryPoint\",\"urlTemplate\":\"https:\/\/www.padreeustaquio.com.br\/?s={search_term_string}\"},\"query-input\":{\"@type\":\"PropertyValueSpecification\",\"valueRequired\":true,\"valueName\":\"search_term_string\"}}],\"inLanguage\":\"en-US\"},{\"@type\":\"Organization\",\"@id\":\"https:\/\/www.padreeustaquio.com.br\/#organization\",\"name\":\"Padre Eust\u00e1quio\",\"url\":\"https:\/\/www.padreeustaquio.com.br\/\",\"logo\":{\"@type\":\"ImageObject\",\"inLanguage\":\"en-US\",\"@id\":\"https:\/\/www.padreeustaquio.com.br\/#\/schema\/logo\/image\/\",\"url\":\"https:\/\/www.padreeustaquio.com.br\/wp-content\/uploads\/2019\/08\/marca.png\",\"contentUrl\":\"https:\/\/www.padreeustaquio.com.br\/wp-content\/uploads\/2019\/08\/marca.png\",\"width\":350,\"height\":400,\"caption\":\"Padre Eust\u00e1quio\"},\"image\":{\"@id\":\"https:\/\/www.padreeustaquio.com.br\/#\/schema\/logo\/image\/\"},\"sameAs\":[\"https:\/\/www.facebook.com\/beatopadreeustaquio\/\",\"https:\/\/x.com\/beatopeustaquio\",\"https:\/\/www.instagram.com\/beatopadreeustaquio\/\",\"https:\/\/www.youtube.com\/channel\/UCRhw7vfabnajwLxb1ZXMeIw\"]},{\"@type\":\"Person\",\"@id\":\"https:\/\/www.padreeustaquio.com.br\/#\/schema\/person\/a2a51db1d00f1a7af0204a0f1ddb1566\",\"name\":\"@sscc\",\"image\":{\"@type\":\"ImageObject\",\"inLanguage\":\"en-US\",\"@id\":\"https:\/\/secure.gravatar.com\/avatar\/68cfafa5f44617fea54071e215026e0ff06be366c3d54a8425f04fdcb86f8c5f?s=96&d=mm&r=g\",\"url\":\"https:\/\/secure.gravatar.com\/avatar\/68cfafa5f44617fea54071e215026e0ff06be366c3d54a8425f04fdcb86f8c5f?s=96&d=mm&r=g\",\"contentUrl\":\"https:\/\/secure.gravatar.com\/avatar\/68cfafa5f44617fea54071e215026e0ff06be366c3d54a8425f04fdcb86f8c5f?s=96&d=mm&r=g\",\"caption\":\"@sscc\"},\"url\":\"https:\/\/www.padreeustaquio.com.br\/en\/author\/sscc\/\"}]}<\/script>\n<!-- \/ Yoast SEO plugin. -->","yoast_head_json":{"title":"A vocational retreat will be held next weekend.","description":"A vocational retreat will be held next Saturday, August 12th, at 7:30 PM. The meeting will be online and is intended for young people who have ever considered becoming a religious or priest.","robots":{"index":"index","follow":"follow","max-snippet":"max-snippet:-1","max-image-preview":"max-image-preview:large","max-video-preview":"max-video-preview:-1"},"canonical":"https:\/\/www.padreeustaquio.com.br\/en\/a-vocational-retreat-will-be-held-next-weekend\/","og_locale":"en_US","og_type":"article","og_title":"Encontro vocacional ser\u00e1 realizado no pr\u00f3ximo fim de semana","og_description":"Um encontro vocacional ser\u00e1 realizado no pr\u00f3ximo s\u00e1bado, 12 de agosto, \u00e0s 19h30. A reuni\u00e3o ser\u00e1 on-line e \u00e9 destinada aos jovens que algum dia j\u00e1 pensaram em ser religioso ou padre.","og_url":"https:\/\/www.padreeustaquio.com.br\/en\/a-vocational-retreat-will-be-held-next-weekend\/","og_site_name":"Padre Eust\u00e1quio","article_publisher":"https:\/\/www.facebook.com\/beatopadreeustaquio\/","article_published_time":"2023-08-09T09:24:56+00:00","og_image":[{"width":1600,"height":900,"url":"https:\/\/www.padreeustaquio.com.br\/wp-content\/uploads\/2023\/08\/encontro-vocacional-online.jpeg","type":"image\/jpeg"}],"author":"@sscc","twitter_card":"summary_large_image","twitter_creator":"@beatopeustaquio","twitter_site":"@beatopeustaquio","twitter_misc":{"Written by":"@sscc","Est. reading time":"1 minute"},"schema":{"@context":"https:\/\/schema.org","@graph":[{"@type":"Article","@id":"https:\/\/www.padreeustaquio.com.br\/encontro-vocacional-sera-realizado-no-proximo-fim-de-semana\/#article","isPartOf":{"@id":"https:\/\/www.padreeustaquio.com.br\/encontro-vocacional-sera-realizado-no-proximo-fim-de-semana\/"},"author":{"name":"@sscc","@id":"https:\/\/www.padreeustaquio.com.br\/#\/schema\/person\/a2a51db1d00f1a7af0204a0f1ddb1566"},"headline":"Encontro vocacional ser\u00e1 realizado no pr\u00f3ximo fim de semana","datePublished":"2023-08-09T09:24:56+00:00","mainEntityOfPage":{"@id":"https:\/\/www.padreeustaquio.com.br\/encontro-vocacional-sera-realizado-no-proximo-fim-de-semana\/"},"wordCount":103,"commentCount":0,"publisher":{"@id":"https:\/\/www.padreeustaquio.com.br\/#organization"},"image":{"@id":"https:\/\/www.padreeustaquio.com.br\/encontro-vocacional-sera-realizado-no-proximo-fim-de-semana\/#primaryimage"},"thumbnailUrl":"https:\/\/www.padreeustaquio.com.br\/wp-content\/uploads\/2023\/08\/encontro-vocacional-online.jpeg","articleSection":["Not\u00edcias"],"inLanguage":"en-US","potentialAction":[{"@type":"CommentAction","name":"Comment","target":["https:\/\/www.padreeustaquio.com.br\/encontro-vocacional-sera-realizado-no-proximo-fim-de-semana\/#respond"]}]},{"@type":"WebPage","@id":"https:\/\/www.padreeustaquio.com.br\/encontro-vocacional-sera-realizado-no-proximo-fim-de-semana\/","url":"https:\/\/www.padreeustaquio.com.br\/encontro-vocacional-sera-realizado-no-proximo-fim-de-semana\/","name":"A vocational retreat will be held next weekend.","isPartOf":{"@id":"https:\/\/www.padreeustaquio.com.br\/#website"},"primaryImageOfPage":{"@id":"https:\/\/www.padreeustaquio.com.br\/encontro-vocacional-sera-realizado-no-proximo-fim-de-semana\/#primaryimage"},"image":{"@id":"https:\/\/www.padreeustaquio.com.br\/encontro-vocacional-sera-realizado-no-proximo-fim-de-semana\/#primaryimage"},"thumbnailUrl":"https:\/\/www.padreeustaquio.com.br\/wp-content\/uploads\/2023\/08\/encontro-vocacional-online.jpeg","datePublished":"2023-08-09T09:24:56+00:00","description":"A vocational retreat will be held next Saturday, August 12th, at 7:30 PM. The meeting will be online and is intended for young people who have ever considered becoming a religious or priest.","breadcrumb":{"@id":"https:\/\/www.padreeustaquio.com.br\/encontro-vocacional-sera-realizado-no-proximo-fim-de-semana\/#breadcrumb"},"inLanguage":"en-US","potentialAction":[{"@type":"ReadAction","target":["https:\/\/www.padreeustaquio.com.br\/encontro-vocacional-sera-realizado-no-proximo-fim-de-semana\/"]}]},{"@type":"ImageObject","inLanguage":"en-US","@id":"https:\/\/www.padreeustaquio.com.br\/encontro-vocacional-sera-realizado-no-proximo-fim-de-semana\/#primaryimage","url":"https:\/\/www.padreeustaquio.com.br\/wp-content\/uploads\/2023\/08\/encontro-vocacional-online.jpeg","contentUrl":"https:\/\/www.padreeustaquio.com.br\/wp-content\/uploads\/2023\/08\/encontro-vocacional-online.jpeg","width":1600,"height":900},{"@type":"BreadcrumbList","@id":"https:\/\/www.padreeustaquio.com.br\/encontro-vocacional-sera-realizado-no-proximo-fim-de-semana\/#breadcrumb","itemListElement":[{"@type":"ListItem","position":1,"name":"In\u00edcio","item":"https:\/\/www.padreeustaquio.com.br\/"},{"@type":"ListItem","position":2,"name":"Encontro vocacional ser\u00e1 realizado no pr\u00f3ximo fim de semana"}]},{"@type":"WebSite","@id":"https:\/\/www.padreeustaquio.com.br\/#website","url":"https:\/\/www.padreeustaquio.com.br\/","name":"FATHER EUST\u00c1QUIO","description":"Health and Peace","publisher":{"@id":"https:\/\/www.padreeustaquio.com.br\/#organization"},"potentialAction":[{"@type":"SearchAction","target":{"@type":"EntryPoint","urlTemplate":"https:\/\/www.padreeustaquio.com.br\/?s={search_term_string}"},"query-input":{"@type":"PropertyValueSpecification","valueRequired":true,"valueName":"search_term_string"}}],"inLanguage":"en-US"},{"@type":"Organization","@id":"https:\/\/www.padreeustaquio.com.br\/#organization","name":"FATHER EUST\u00c1QUIO","url":"https:\/\/www.padreeustaquio.com.br\/","logo":{"@type":"ImageObject","inLanguage":"en-US","@id":"https:\/\/www.padreeustaquio.com.br\/#\/schema\/logo\/image\/","url":"https:\/\/www.padreeustaquio.com.br\/wp-content\/uploads\/2019\/08\/marca.png","contentUrl":"https:\/\/www.padreeustaquio.com.br\/wp-content\/uploads\/2019\/08\/marca.png","width":350,"height":400,"caption":"Padre Eust\u00e1quio"},"image":{"@id":"https:\/\/www.padreeustaquio.com.br\/#\/schema\/logo\/image\/"},"sameAs":["https:\/\/www.facebook.com\/beatopadreeustaquio\/","https:\/\/x.com\/beatopeustaquio","https:\/\/www.instagram.com\/beatopadreeustaquio\/","https:\/\/www.youtube.com\/channel\/UCRhw7vfabnajwLxb1ZXMeIw"]},{"@type":"Person","@id":"https:\/\/www.padreeustaquio.com.br\/#\/schema\/person\/a2a51db1d00f1a7af0204a0f1ddb1566","name":"@sscc","image":{"@type":"ImageObject","inLanguage":"en-US","@id":"https:\/\/secure.gravatar.com\/avatar\/68cfafa5f44617fea54071e215026e0ff06be366c3d54a8425f04fdcb86f8c5f?s=96&d=mm&r=g","url":"https:\/\/secure.gravatar.com\/avatar\/68cfafa5f44617fea54071e215026e0ff06be366c3d54a8425f04fdcb86f8c5f?s=96&d=mm&r=g","contentUrl":"https:\/\/secure.gravatar.com\/avatar\/68cfafa5f44617fea54071e215026e0ff06be366c3d54a8425f04fdcb86f8c5f?s=96&d=mm&r=g","caption":"@sscc"},"url":"https:\/\/www.padreeustaquio.com.br\/en\/author\/sscc\/"}]}},"_links":{"self":[{"href":"https:\/\/www.padreeustaquio.com.br\/en\/wp-json\/wp\/v2\/posts\/10786","targetHints":{"allow":["GET"]}}],"collection":[{"href":"https:\/\/www.padreeustaquio.com.br\/en\/wp-json\/wp\/v2\/posts"}],"about":[{"href":"https:\/\/www.padreeustaquio.com.br\/en\/wp-json\/wp\/v2\/types\/post"}],"author":[{"embeddable":true,"href":"https:\/\/www.padreeustaquio.com.br\/en\/wp-json\/wp\/v2\/users\/2"}],"replies":[{"embeddable":true,"href":"https:\/\/www.padreeustaquio.com.br\/en\/wp-json\/wp\/v2\/comments?post=10786"}],"version-history":[{"count":0,"href":"https:\/\/www.padreeustaquio.com.br\/en\/wp-json\/wp\/v2\/posts\/10786\/revisions"}],"wp:featuredmedia":[{"embeddable":true,"href":"https:\/\/www.padreeustaquio.com.br\/en\/wp-json\/wp\/v2\/media\/10787"}],"wp:attachment":[{"href":"https:\/\/www.padreeustaquio.com.br\/en\/wp-json\/wp\/v2\/media?parent=10786"}],"wp:term":[{"taxonomy":"category","embeddable":true,"href":"https:\/\/www.padreeustaquio.com.br\/en\/wp-json\/wp\/v2\/categories?post=10786"},{"taxonomy":"post_tag","embeddable":true,"href":"https:\/\/www.padreeustaquio.com.br\/en\/wp-json\/wp\/v2\/tags?post=10786"}],"curies":[{"name":"wp","href":"https:\/\/api.w.org\/{rel}","templated":true}]}}