{"id":10776,"date":"2023-08-07T06:16:40","date_gmt":"2023-08-07T09:16:40","guid":{"rendered":"https:\/\/www.padreeustaquio.com.br\/?p=10776"},"modified":"2023-08-08T14:24:41","modified_gmt":"2023-08-08T17:24:41","slug":"young-people-from-father-eustaquios-church-participate-in-wyd-world-youth-day","status":"publish","type":"post","link":"https:\/\/www.padreeustaquio.com.br\/en\/young-people-from-father-eustaquios-church-participate-in-wyd-world-youth-day\/","title":{"rendered":"Young people from the Padre Eust\u00e1quio Church participate in WYD (World Youth Day)."},"content":{"rendered":"<p>Young people and pilgrims gathered at Campo da Gra\u00e7a on Sunday morning, the 6th, to attend the final event of World Youth Day (WYD). Among the crowd was a group of young Brazilians involved in movements at the Sanctuary of Health and Peace. They had participated in the entire event since the end of July.<\/p>\n<p>The young people from the church of Blessed Father Eustace had exciting experiences in Lisbon, Portugal, at the youth meeting with Pope Francis for World Youth Day. The event began on August 1st, but before that, they were already in Europe and visited, among other places, the Netherlands, where Father Eustace was born.<\/p>\n<p>During the journey, the young people participated in various events in the country&#039;s Catholic communities that welcomed the pilgrims. Yesterday, they all attended the farewell Mass before returning to Brazil.<\/p>\n<p>Pope Francis presided over Holy Mass, addressing young people in his homily and urging them not to be afraid, for the Church and the world need youth.<\/p>","protected":false},"excerpt":{"rendered":"<p>Jovens e peregrinos se reuniram no Campo da Gra\u00e7a na manh\u00e3 desse domingo, dia 6, para acompanhar o \u00faltimo evento da Jornada Mundial da Juventude (JMJ). Dentre a multid\u00e3o, um grupo de jovens brasileiros engajados em movimentos do Santu\u00e1rio da Sa\u00fade e da Paz, se fez presente. Eles participaram de toda a jornada, desde o final do m\u00eas de julho. Os jovens da igreja do Beato Padre Eust\u00e1quio\u00a0 viveram experi\u00eancias emocionantes em Lisboa \u2013 Portugal, no encontro dos jovens com o Papa Francisco pela JMJ. O evento come\u00e7ou no dia 1\u00ba de agosto, mas antes disso, eles j\u00e1 estavam na [&hellip;]<\/p>\n","protected":false},"author":2,"featured_media":10777,"comment_status":"open","ping_status":"closed","sticky":false,"template":"","format":"standard","meta":{"_acf_changed":false,"footnotes":""},"categories":[611],"tags":[],"class_list":["post-10776","post","type-post","status-publish","format-standard","has-post-thumbnail","hentry","category-noticias"],"acf":[],"yoast_head":"<!-- This site is optimized with the Yoast SEO plugin v27.2 - https:\/\/yoast.com\/product\/yoast-seo-wordpress\/ -->\n<title>Jovens da Igreja do Padre Eust\u00e1quio participam da JMJ<\/title>\n<meta name=\"description\" content=\"Jovens e peregrinos se reuniram no Campo da Gra\u00e7a na manh\u00e3 desse domingo, dia 6, para acompanhar o \u00faltimo evento da Jornada Mundial da Juventude (JMJ). Dentre a multid\u00e3o, um grupo de jovens brasileiros engajados em movimentos do Santu\u00e1rio da Sa\u00fade e da Paz, se fez presente. Eles participaram de toda a jornada, desde o final do m\u00eas de julho.\" \/>\n<meta name=\"robots\" content=\"index, follow, max-snippet:-1, max-image-preview:large, max-video-preview:-1\" \/>\n<link rel=\"canonical\" href=\"https:\/\/www.padreeustaquio.com.br\/en\/young-people-from-father-eustaquios-church-participate-in-wyd-world-youth-day\/\" \/>\n<meta property=\"og:locale\" content=\"en_US\" \/>\n<meta property=\"og:type\" content=\"article\" \/>\n<meta property=\"og:title\" content=\"Jovens da Igreja do Padre Eust\u00e1quio participam da JMJ\" \/>\n<meta property=\"og:description\" content=\"Jovens e peregrinos se reuniram no Campo da Gra\u00e7a na manh\u00e3 desse domingo, dia 6, para acompanhar o \u00faltimo evento da Jornada Mundial da Juventude (JMJ). Dentre a multid\u00e3o, um grupo de jovens brasileiros engajados em movimentos do Santu\u00e1rio da Sa\u00fade e da Paz, se fez presente. Eles participaram de toda a jornada, desde o final do m\u00eas de julho.\" \/>\n<meta property=\"og:url\" content=\"https:\/\/www.padreeustaquio.com.br\/en\/young-people-from-father-eustaquios-church-participate-in-wyd-world-youth-day\/\" \/>\n<meta property=\"og:site_name\" content=\"Padre Eust\u00e1quio\" \/>\n<meta property=\"article:publisher\" content=\"https:\/\/www.facebook.com\/beatopadreeustaquio\/\" \/>\n<meta property=\"article:published_time\" content=\"2023-08-07T09:16:40+00:00\" \/>\n<meta property=\"article:modified_time\" content=\"2023-08-08T17:24:41+00:00\" \/>\n<meta property=\"og:image\" content=\"https:\/\/www.padreeustaquio.com.br\/wp-content\/uploads\/2023\/08\/jovens-do-padre-eustaquio-brasil-na-jmj-2023.jpeg\" \/>\n\t<meta property=\"og:image:width\" content=\"1600\" \/>\n\t<meta property=\"og:image:height\" content=\"1200\" \/>\n\t<meta property=\"og:image:type\" content=\"image\/jpeg\" \/>\n<meta name=\"author\" content=\"@sscc\" \/>\n<meta name=\"twitter:card\" content=\"summary_large_image\" \/>\n<meta name=\"twitter:creator\" content=\"@beatopeustaquio\" \/>\n<meta name=\"twitter:site\" content=\"@beatopeustaquio\" \/>\n<meta name=\"twitter:label1\" content=\"Written by\" \/>\n\t<meta name=\"twitter:data1\" content=\"@sscc\" \/>\n\t<meta name=\"twitter:label2\" content=\"Est. reading time\" \/>\n\t<meta name=\"twitter:data2\" content=\"1 minute\" \/>\n<script type=\"application\/ld+json\" class=\"yoast-schema-graph\">{\"@context\":\"https:\/\/schema.org\",\"@graph\":[{\"@type\":\"Article\",\"@id\":\"https:\/\/www.padreeustaquio.com.br\/jovens-da-igreja-do-padre-eustaquio-participam-da-jmj\/#article\",\"isPartOf\":{\"@id\":\"https:\/\/www.padreeustaquio.com.br\/jovens-da-igreja-do-padre-eustaquio-participam-da-jmj\/\"},\"author\":{\"name\":\"@sscc\",\"@id\":\"https:\/\/www.padreeustaquio.com.br\/#\/schema\/person\/a2a51db1d00f1a7af0204a0f1ddb1566\"},\"headline\":\"Jovens da Igreja do Padre Eust\u00e1quio participam da JMJ\",\"datePublished\":\"2023-08-07T09:16:40+00:00\",\"dateModified\":\"2023-08-08T17:24:41+00:00\",\"mainEntityOfPage\":{\"@id\":\"https:\/\/www.padreeustaquio.com.br\/jovens-da-igreja-do-padre-eustaquio-participam-da-jmj\/\"},\"wordCount\":190,\"commentCount\":0,\"publisher\":{\"@id\":\"https:\/\/www.padreeustaquio.com.br\/#organization\"},\"image\":{\"@id\":\"https:\/\/www.padreeustaquio.com.br\/jovens-da-igreja-do-padre-eustaquio-participam-da-jmj\/#primaryimage\"},\"thumbnailUrl\":\"https:\/\/www.padreeustaquio.com.br\/wp-content\/uploads\/2023\/08\/jovens-do-padre-eustaquio-brasil-na-jmj-2023.jpeg\",\"articleSection\":[\"Not\u00edcias\"],\"inLanguage\":\"en-US\",\"potentialAction\":[{\"@type\":\"CommentAction\",\"name\":\"Comment\",\"target\":[\"https:\/\/www.padreeustaquio.com.br\/jovens-da-igreja-do-padre-eustaquio-participam-da-jmj\/#respond\"]}]},{\"@type\":\"WebPage\",\"@id\":\"https:\/\/www.padreeustaquio.com.br\/jovens-da-igreja-do-padre-eustaquio-participam-da-jmj\/\",\"url\":\"https:\/\/www.padreeustaquio.com.br\/jovens-da-igreja-do-padre-eustaquio-participam-da-jmj\/\",\"name\":\"Jovens da Igreja do Padre Eust\u00e1quio participam da JMJ\",\"isPartOf\":{\"@id\":\"https:\/\/www.padreeustaquio.com.br\/#website\"},\"primaryImageOfPage\":{\"@id\":\"https:\/\/www.padreeustaquio.com.br\/jovens-da-igreja-do-padre-eustaquio-participam-da-jmj\/#primaryimage\"},\"image\":{\"@id\":\"https:\/\/www.padreeustaquio.com.br\/jovens-da-igreja-do-padre-eustaquio-participam-da-jmj\/#primaryimage\"},\"thumbnailUrl\":\"https:\/\/www.padreeustaquio.com.br\/wp-content\/uploads\/2023\/08\/jovens-do-padre-eustaquio-brasil-na-jmj-2023.jpeg\",\"datePublished\":\"2023-08-07T09:16:40+00:00\",\"dateModified\":\"2023-08-08T17:24:41+00:00\",\"description\":\"Jovens e peregrinos se reuniram no Campo da Gra\u00e7a na manh\u00e3 desse domingo, dia 6, para acompanhar o \u00faltimo evento da Jornada Mundial da Juventude (JMJ). Dentre a multid\u00e3o, um grupo de jovens brasileiros engajados em movimentos do Santu\u00e1rio da Sa\u00fade e da Paz, se fez presente. Eles participaram de toda a jornada, desde o final do m\u00eas de julho.\",\"breadcrumb\":{\"@id\":\"https:\/\/www.padreeustaquio.com.br\/jovens-da-igreja-do-padre-eustaquio-participam-da-jmj\/#breadcrumb\"},\"inLanguage\":\"en-US\",\"potentialAction\":[{\"@type\":\"ReadAction\",\"target\":[\"https:\/\/www.padreeustaquio.com.br\/jovens-da-igreja-do-padre-eustaquio-participam-da-jmj\/\"]}]},{\"@type\":\"ImageObject\",\"inLanguage\":\"en-US\",\"@id\":\"https:\/\/www.padreeustaquio.com.br\/jovens-da-igreja-do-padre-eustaquio-participam-da-jmj\/#primaryimage\",\"url\":\"https:\/\/www.padreeustaquio.com.br\/wp-content\/uploads\/2023\/08\/jovens-do-padre-eustaquio-brasil-na-jmj-2023.jpeg\",\"contentUrl\":\"https:\/\/www.padreeustaquio.com.br\/wp-content\/uploads\/2023\/08\/jovens-do-padre-eustaquio-brasil-na-jmj-2023.jpeg\",\"width\":1600,\"height\":1200},{\"@type\":\"BreadcrumbList\",\"@id\":\"https:\/\/www.padreeustaquio.com.br\/jovens-da-igreja-do-padre-eustaquio-participam-da-jmj\/#breadcrumb\",\"itemListElement\":[{\"@type\":\"ListItem\",\"position\":1,\"name\":\"In\u00edcio\",\"item\":\"https:\/\/www.padreeustaquio.com.br\/\"},{\"@type\":\"ListItem\",\"position\":2,\"name\":\"Jovens da Igreja do Padre Eust\u00e1quio participam da JMJ\"}]},{\"@type\":\"WebSite\",\"@id\":\"https:\/\/www.padreeustaquio.com.br\/#website\",\"url\":\"https:\/\/www.padreeustaquio.com.br\/\",\"name\":\"Padre Eust\u00e1quio\",\"description\":\"Sa\u00fade e Paz\",\"publisher\":{\"@id\":\"https:\/\/www.padreeustaquio.com.br\/#organization\"},\"potentialAction\":[{\"@type\":\"SearchAction\",\"target\":{\"@type\":\"EntryPoint\",\"urlTemplate\":\"https:\/\/www.padreeustaquio.com.br\/?s={search_term_string}\"},\"query-input\":{\"@type\":\"PropertyValueSpecification\",\"valueRequired\":true,\"valueName\":\"search_term_string\"}}],\"inLanguage\":\"en-US\"},{\"@type\":\"Organization\",\"@id\":\"https:\/\/www.padreeustaquio.com.br\/#organization\",\"name\":\"Padre Eust\u00e1quio\",\"url\":\"https:\/\/www.padreeustaquio.com.br\/\",\"logo\":{\"@type\":\"ImageObject\",\"inLanguage\":\"en-US\",\"@id\":\"https:\/\/www.padreeustaquio.com.br\/#\/schema\/logo\/image\/\",\"url\":\"https:\/\/www.padreeustaquio.com.br\/wp-content\/uploads\/2019\/08\/marca.png\",\"contentUrl\":\"https:\/\/www.padreeustaquio.com.br\/wp-content\/uploads\/2019\/08\/marca.png\",\"width\":350,\"height\":400,\"caption\":\"Padre Eust\u00e1quio\"},\"image\":{\"@id\":\"https:\/\/www.padreeustaquio.com.br\/#\/schema\/logo\/image\/\"},\"sameAs\":[\"https:\/\/www.facebook.com\/beatopadreeustaquio\/\",\"https:\/\/x.com\/beatopeustaquio\",\"https:\/\/www.instagram.com\/beatopadreeustaquio\/\",\"https:\/\/www.youtube.com\/channel\/UCRhw7vfabnajwLxb1ZXMeIw\"]},{\"@type\":\"Person\",\"@id\":\"https:\/\/www.padreeustaquio.com.br\/#\/schema\/person\/a2a51db1d00f1a7af0204a0f1ddb1566\",\"name\":\"@sscc\",\"image\":{\"@type\":\"ImageObject\",\"inLanguage\":\"en-US\",\"@id\":\"https:\/\/secure.gravatar.com\/avatar\/68cfafa5f44617fea54071e215026e0ff06be366c3d54a8425f04fdcb86f8c5f?s=96&d=mm&r=g\",\"url\":\"https:\/\/secure.gravatar.com\/avatar\/68cfafa5f44617fea54071e215026e0ff06be366c3d54a8425f04fdcb86f8c5f?s=96&d=mm&r=g\",\"contentUrl\":\"https:\/\/secure.gravatar.com\/avatar\/68cfafa5f44617fea54071e215026e0ff06be366c3d54a8425f04fdcb86f8c5f?s=96&d=mm&r=g\",\"caption\":\"@sscc\"},\"url\":\"https:\/\/www.padreeustaquio.com.br\/en\/author\/sscc\/\"}]}<\/script>\n<!-- \/ Yoast SEO plugin. -->","yoast_head_json":{"title":"Young people from the Padre Eust\u00e1quio Church participate in WYD (World Youth Day).","description":"Young people and pilgrims gathered at Campo da Gra\u00e7a on Sunday morning, the 6th, to attend the final event of World Youth Day (WYD). Among the crowd was a group of young Brazilians involved in movements at the Sanctuary of Health and Peace. They had participated in the entire event since the end of July.","robots":{"index":"index","follow":"follow","max-snippet":"max-snippet:-1","max-image-preview":"max-image-preview:large","max-video-preview":"max-video-preview:-1"},"canonical":"https:\/\/www.padreeustaquio.com.br\/en\/young-people-from-father-eustaquios-church-participate-in-wyd-world-youth-day\/","og_locale":"en_US","og_type":"article","og_title":"Jovens da Igreja do Padre Eust\u00e1quio participam da JMJ","og_description":"Jovens e peregrinos se reuniram no Campo da Gra\u00e7a na manh\u00e3 desse domingo, dia 6, para acompanhar o \u00faltimo evento da Jornada Mundial da Juventude (JMJ). Dentre a multid\u00e3o, um grupo de jovens brasileiros engajados em movimentos do Santu\u00e1rio da Sa\u00fade e da Paz, se fez presente. Eles participaram de toda a jornada, desde o final do m\u00eas de julho.","og_url":"https:\/\/www.padreeustaquio.com.br\/en\/young-people-from-father-eustaquios-church-participate-in-wyd-world-youth-day\/","og_site_name":"Padre Eust\u00e1quio","article_publisher":"https:\/\/www.facebook.com\/beatopadreeustaquio\/","article_published_time":"2023-08-07T09:16:40+00:00","article_modified_time":"2023-08-08T17:24:41+00:00","og_image":[{"width":1600,"height":1200,"url":"https:\/\/www.padreeustaquio.com.br\/wp-content\/uploads\/2023\/08\/jovens-do-padre-eustaquio-brasil-na-jmj-2023.jpeg","type":"image\/jpeg"}],"author":"@sscc","twitter_card":"summary_large_image","twitter_creator":"@beatopeustaquio","twitter_site":"@beatopeustaquio","twitter_misc":{"Written by":"@sscc","Est. reading time":"1 minute"},"schema":{"@context":"https:\/\/schema.org","@graph":[{"@type":"Article","@id":"https:\/\/www.padreeustaquio.com.br\/jovens-da-igreja-do-padre-eustaquio-participam-da-jmj\/#article","isPartOf":{"@id":"https:\/\/www.padreeustaquio.com.br\/jovens-da-igreja-do-padre-eustaquio-participam-da-jmj\/"},"author":{"name":"@sscc","@id":"https:\/\/www.padreeustaquio.com.br\/#\/schema\/person\/a2a51db1d00f1a7af0204a0f1ddb1566"},"headline":"Jovens da Igreja do Padre Eust\u00e1quio participam da JMJ","datePublished":"2023-08-07T09:16:40+00:00","dateModified":"2023-08-08T17:24:41+00:00","mainEntityOfPage":{"@id":"https:\/\/www.padreeustaquio.com.br\/jovens-da-igreja-do-padre-eustaquio-participam-da-jmj\/"},"wordCount":190,"commentCount":0,"publisher":{"@id":"https:\/\/www.padreeustaquio.com.br\/#organization"},"image":{"@id":"https:\/\/www.padreeustaquio.com.br\/jovens-da-igreja-do-padre-eustaquio-participam-da-jmj\/#primaryimage"},"thumbnailUrl":"https:\/\/www.padreeustaquio.com.br\/wp-content\/uploads\/2023\/08\/jovens-do-padre-eustaquio-brasil-na-jmj-2023.jpeg","articleSection":["Not\u00edcias"],"inLanguage":"en-US","potentialAction":[{"@type":"CommentAction","name":"Comment","target":["https:\/\/www.padreeustaquio.com.br\/jovens-da-igreja-do-padre-eustaquio-participam-da-jmj\/#respond"]}]},{"@type":"WebPage","@id":"https:\/\/www.padreeustaquio.com.br\/jovens-da-igreja-do-padre-eustaquio-participam-da-jmj\/","url":"https:\/\/www.padreeustaquio.com.br\/jovens-da-igreja-do-padre-eustaquio-participam-da-jmj\/","name":"Young people from the Padre Eust\u00e1quio Church participate in WYD (World Youth Day).","isPartOf":{"@id":"https:\/\/www.padreeustaquio.com.br\/#website"},"primaryImageOfPage":{"@id":"https:\/\/www.padreeustaquio.com.br\/jovens-da-igreja-do-padre-eustaquio-participam-da-jmj\/#primaryimage"},"image":{"@id":"https:\/\/www.padreeustaquio.com.br\/jovens-da-igreja-do-padre-eustaquio-participam-da-jmj\/#primaryimage"},"thumbnailUrl":"https:\/\/www.padreeustaquio.com.br\/wp-content\/uploads\/2023\/08\/jovens-do-padre-eustaquio-brasil-na-jmj-2023.jpeg","datePublished":"2023-08-07T09:16:40+00:00","dateModified":"2023-08-08T17:24:41+00:00","description":"Young people and pilgrims gathered at Campo da Gra\u00e7a on Sunday morning, the 6th, to attend the final event of World Youth Day (WYD). Among the crowd was a group of young Brazilians involved in movements at the Sanctuary of Health and Peace. They had participated in the entire event since the end of July.","breadcrumb":{"@id":"https:\/\/www.padreeustaquio.com.br\/jovens-da-igreja-do-padre-eustaquio-participam-da-jmj\/#breadcrumb"},"inLanguage":"en-US","potentialAction":[{"@type":"ReadAction","target":["https:\/\/www.padreeustaquio.com.br\/jovens-da-igreja-do-padre-eustaquio-participam-da-jmj\/"]}]},{"@type":"ImageObject","inLanguage":"en-US","@id":"https:\/\/www.padreeustaquio.com.br\/jovens-da-igreja-do-padre-eustaquio-participam-da-jmj\/#primaryimage","url":"https:\/\/www.padreeustaquio.com.br\/wp-content\/uploads\/2023\/08\/jovens-do-padre-eustaquio-brasil-na-jmj-2023.jpeg","contentUrl":"https:\/\/www.padreeustaquio.com.br\/wp-content\/uploads\/2023\/08\/jovens-do-padre-eustaquio-brasil-na-jmj-2023.jpeg","width":1600,"height":1200},{"@type":"BreadcrumbList","@id":"https:\/\/www.padreeustaquio.com.br\/jovens-da-igreja-do-padre-eustaquio-participam-da-jmj\/#breadcrumb","itemListElement":[{"@type":"ListItem","position":1,"name":"In\u00edcio","item":"https:\/\/www.padreeustaquio.com.br\/"},{"@type":"ListItem","position":2,"name":"Jovens da Igreja do Padre Eust\u00e1quio participam da JMJ"}]},{"@type":"WebSite","@id":"https:\/\/www.padreeustaquio.com.br\/#website","url":"https:\/\/www.padreeustaquio.com.br\/","name":"FATHER EUST\u00c1QUIO","description":"Health and Peace","publisher":{"@id":"https:\/\/www.padreeustaquio.com.br\/#organization"},"potentialAction":[{"@type":"SearchAction","target":{"@type":"EntryPoint","urlTemplate":"https:\/\/www.padreeustaquio.com.br\/?s={search_term_string}"},"query-input":{"@type":"PropertyValueSpecification","valueRequired":true,"valueName":"search_term_string"}}],"inLanguage":"en-US"},{"@type":"Organization","@id":"https:\/\/www.padreeustaquio.com.br\/#organization","name":"FATHER EUST\u00c1QUIO","url":"https:\/\/www.padreeustaquio.com.br\/","logo":{"@type":"ImageObject","inLanguage":"en-US","@id":"https:\/\/www.padreeustaquio.com.br\/#\/schema\/logo\/image\/","url":"https:\/\/www.padreeustaquio.com.br\/wp-content\/uploads\/2019\/08\/marca.png","contentUrl":"https:\/\/www.padreeustaquio.com.br\/wp-content\/uploads\/2019\/08\/marca.png","width":350,"height":400,"caption":"Padre Eust\u00e1quio"},"image":{"@id":"https:\/\/www.padreeustaquio.com.br\/#\/schema\/logo\/image\/"},"sameAs":["https:\/\/www.facebook.com\/beatopadreeustaquio\/","https:\/\/x.com\/beatopeustaquio","https:\/\/www.instagram.com\/beatopadreeustaquio\/","https:\/\/www.youtube.com\/channel\/UCRhw7vfabnajwLxb1ZXMeIw"]},{"@type":"Person","@id":"https:\/\/www.padreeustaquio.com.br\/#\/schema\/person\/a2a51db1d00f1a7af0204a0f1ddb1566","name":"@sscc","image":{"@type":"ImageObject","inLanguage":"en-US","@id":"https:\/\/secure.gravatar.com\/avatar\/68cfafa5f44617fea54071e215026e0ff06be366c3d54a8425f04fdcb86f8c5f?s=96&d=mm&r=g","url":"https:\/\/secure.gravatar.com\/avatar\/68cfafa5f44617fea54071e215026e0ff06be366c3d54a8425f04fdcb86f8c5f?s=96&d=mm&r=g","contentUrl":"https:\/\/secure.gravatar.com\/avatar\/68cfafa5f44617fea54071e215026e0ff06be366c3d54a8425f04fdcb86f8c5f?s=96&d=mm&r=g","caption":"@sscc"},"url":"https:\/\/www.padreeustaquio.com.br\/en\/author\/sscc\/"}]}},"_links":{"self":[{"href":"https:\/\/www.padreeustaquio.com.br\/en\/wp-json\/wp\/v2\/posts\/10776","targetHints":{"allow":["GET"]}}],"collection":[{"href":"https:\/\/www.padreeustaquio.com.br\/en\/wp-json\/wp\/v2\/posts"}],"about":[{"href":"https:\/\/www.padreeustaquio.com.br\/en\/wp-json\/wp\/v2\/types\/post"}],"author":[{"embeddable":true,"href":"https:\/\/www.padreeustaquio.com.br\/en\/wp-json\/wp\/v2\/users\/2"}],"replies":[{"embeddable":true,"href":"https:\/\/www.padreeustaquio.com.br\/en\/wp-json\/wp\/v2\/comments?post=10776"}],"version-history":[{"count":0,"href":"https:\/\/www.padreeustaquio.com.br\/en\/wp-json\/wp\/v2\/posts\/10776\/revisions"}],"wp:featuredmedia":[{"embeddable":true,"href":"https:\/\/www.padreeustaquio.com.br\/en\/wp-json\/wp\/v2\/media\/10777"}],"wp:attachment":[{"href":"https:\/\/www.padreeustaquio.com.br\/en\/wp-json\/wp\/v2\/media?parent=10776"}],"wp:term":[{"taxonomy":"category","embeddable":true,"href":"https:\/\/www.padreeustaquio.com.br\/en\/wp-json\/wp\/v2\/categories?post=10776"},{"taxonomy":"post_tag","embeddable":true,"href":"https:\/\/www.padreeustaquio.com.br\/en\/wp-json\/wp\/v2\/tags?post=10776"}],"curies":[{"name":"wp","href":"https:\/\/api.w.org\/{rel}","templated":true}]}}