{"id":10641,"date":"2023-07-04T06:08:35","date_gmt":"2023-07-04T09:08:35","guid":{"rendered":"https:\/\/www.padreeustaquio.com.br\/?p=10641"},"modified":"2023-07-01T19:32:04","modified_gmt":"2023-07-01T22:32:04","slug":"more-than-150-young-people-gather-for-a-confirmation-retreat-with-father-eustaquio-in-nova-lima-mg","status":"publish","type":"post","link":"https:\/\/www.padreeustaquio.com.br\/en\/more-than-150-young-people-gather-for-a-confirmation-retreat-with-father-eustaquio-in-nova-lima-mg\/","title":{"rendered":"More than 150 young people gather for the Father Eust\u00e1quio Confirmation Retreat in Macacos-MG."},"content":{"rendered":"<p>The MPC Camp in Macacos, a district of Nova Lima in the metropolitan region of Belo Horizonte, hosted 155 young people and teenagers for the Confirmation Retreat of the Sacred Hearts Parish, Father Eust\u00e1quio Church. It was three days of encounter with friends, with God, and with themselves.<\/p>\n<p>The participants gathered on Friday evening at the Padre Eust\u00e1quio Church Community Center. After being encouraged by the organizing team, they boarded buses to the retreat location. Throughout the days, talks, prayers, moments of praise, games, and lots of fun allowed the teenagers and young people to experience incredible moments.<\/p>\n<p>The theme of this year&#039;s retreat was: &quot;Rejoice with me, for I have found my lost sheep&quot; (Luke 15:6). Among the talks given, participants heard testimonies and preaching on the theme and on synodality. Father Vin\u00edcius Maciel, SSCC, parish priest and rector of the Sanctuary, participated in one of the formation sessions and was delighted with so many young people and with the spirituality of the group.<\/p>\n<p>The retreat also included moments in the pool with Aquatic Praise and, in the evening, around the campfire. On Sunday, at the end of the gathering, the young people returned to Belo Horizonte where they participated in Holy Mass, concluding the retreat.<\/p>","protected":false},"excerpt":{"rendered":"<p>O Acampamento MPC em Macacos, distrito de Nova Lima, na regi\u00e3o metropolitana de Belo Horizonte, recebeu 155 jovens e adolescentes para o Retiro da Crisma da Par\u00f3quia dos Sagrados Cora\u00e7\u00f5es, Igreja do Padre Eust\u00e1quio. Foram tr\u00eas dias de encontro com os amigos, com Deus e com eles mesmos. Os participantes se reuniram na sexta-feira \u00e0 noite no Centro Comunit\u00e1rio da Igreja Padre Eust\u00e1quio. Depois de animados pela equipe organizadora, eles embarcaram nos \u00f4nibus para o local do retiro. Ao longo dos dias, palestras, ora\u00e7\u00f5es, momentos de louvor, brincadeiras e muita descontra\u00e7\u00e3o fizeram com que os adolescentes e jovens vivenciassem momentos [&hellip;]<\/p>\n","protected":false},"author":2,"featured_media":10642,"comment_status":"open","ping_status":"closed","sticky":false,"template":"","format":"standard","meta":{"_acf_changed":false,"footnotes":""},"categories":[611],"tags":[],"class_list":["post-10641","post","type-post","status-publish","format-standard","has-post-thumbnail","hentry","category-noticias"],"acf":[],"yoast_head":"<!-- This site is optimized with the Yoast SEO plugin v27.2 - https:\/\/yoast.com\/product\/yoast-seo-wordpress\/ -->\n<title>Mais de 150 jovens se re\u00fanem em Retiro da Crisma Padre Eust\u00e1quio em Macacos-MG - Padre Eust\u00e1quio<\/title>\n<meta name=\"robots\" content=\"index, follow, max-snippet:-1, max-image-preview:large, max-video-preview:-1\" \/>\n<link rel=\"canonical\" href=\"https:\/\/www.padreeustaquio.com.br\/en\/more-than-150-young-people-gather-for-a-confirmation-retreat-with-father-eustaquio-in-nova-lima-mg\/\" \/>\n<meta property=\"og:locale\" content=\"en_US\" \/>\n<meta property=\"og:type\" content=\"article\" \/>\n<meta property=\"og:title\" content=\"Mais de 150 jovens se re\u00fanem em Retiro da Crisma Padre Eust\u00e1quio em Macacos-MG - Padre Eust\u00e1quio\" \/>\n<meta property=\"og:description\" content=\"O Acampamento MPC em Macacos, distrito de Nova Lima, na regi\u00e3o metropolitana de Belo Horizonte, recebeu 155 jovens e adolescentes para o Retiro da Crisma da Par\u00f3quia dos Sagrados Cora\u00e7\u00f5es, Igreja do Padre Eust\u00e1quio. Foram tr\u00eas dias de encontro com os amigos, com Deus e com eles mesmos. Os participantes se reuniram na sexta-feira \u00e0 noite no Centro Comunit\u00e1rio da Igreja Padre Eust\u00e1quio. Depois de animados pela equipe organizadora, eles embarcaram nos \u00f4nibus para o local do retiro. Ao longo dos dias, palestras, ora\u00e7\u00f5es, momentos de louvor, brincadeiras e muita descontra\u00e7\u00e3o fizeram com que os adolescentes e jovens vivenciassem momentos [&hellip;]\" \/>\n<meta property=\"og:url\" content=\"https:\/\/www.padreeustaquio.com.br\/en\/more-than-150-young-people-gather-for-a-confirmation-retreat-with-father-eustaquio-in-nova-lima-mg\/\" \/>\n<meta property=\"og:site_name\" content=\"Padre Eust\u00e1quio\" \/>\n<meta property=\"article:publisher\" content=\"https:\/\/www.facebook.com\/beatopadreeustaquio\/\" \/>\n<meta property=\"article:published_time\" content=\"2023-07-04T09:08:35+00:00\" \/>\n<meta property=\"og:image\" content=\"https:\/\/www.padreeustaquio.com.br\/wp-content\/uploads\/2023\/07\/retiro-crisma.png\" \/>\n\t<meta property=\"og:image:width\" content=\"305\" \/>\n\t<meta property=\"og:image:height\" content=\"233\" \/>\n\t<meta property=\"og:image:type\" content=\"image\/png\" \/>\n<meta name=\"author\" content=\"@sscc\" \/>\n<meta name=\"twitter:card\" content=\"summary_large_image\" \/>\n<meta name=\"twitter:creator\" content=\"@beatopeustaquio\" \/>\n<meta name=\"twitter:site\" content=\"@beatopeustaquio\" \/>\n<meta name=\"twitter:label1\" content=\"Written by\" \/>\n\t<meta name=\"twitter:data1\" content=\"@sscc\" \/>\n\t<meta name=\"twitter:label2\" content=\"Est. reading time\" \/>\n\t<meta name=\"twitter:data2\" content=\"2 minutes\" \/>\n<script type=\"application\/ld+json\" class=\"yoast-schema-graph\">{\"@context\":\"https:\/\/schema.org\",\"@graph\":[{\"@type\":\"Article\",\"@id\":\"https:\/\/www.padreeustaquio.com.br\/mais-de-150-jovens-se-reunem-em-retiro-da-crisma-padre-eustaquio-em-nova-lima-mg\/#article\",\"isPartOf\":{\"@id\":\"https:\/\/www.padreeustaquio.com.br\/mais-de-150-jovens-se-reunem-em-retiro-da-crisma-padre-eustaquio-em-nova-lima-mg\/\"},\"author\":{\"name\":\"@sscc\",\"@id\":\"https:\/\/www.padreeustaquio.com.br\/#\/schema\/person\/a2a51db1d00f1a7af0204a0f1ddb1566\"},\"headline\":\"Mais de 150 jovens se re\u00fanem em Retiro da Crisma Padre Eust\u00e1quio em Macacos-MG\",\"datePublished\":\"2023-07-04T09:08:35+00:00\",\"mainEntityOfPage\":{\"@id\":\"https:\/\/www.padreeustaquio.com.br\/mais-de-150-jovens-se-reunem-em-retiro-da-crisma-padre-eustaquio-em-nova-lima-mg\/\"},\"wordCount\":227,\"commentCount\":0,\"publisher\":{\"@id\":\"https:\/\/www.padreeustaquio.com.br\/#organization\"},\"image\":{\"@id\":\"https:\/\/www.padreeustaquio.com.br\/mais-de-150-jovens-se-reunem-em-retiro-da-crisma-padre-eustaquio-em-nova-lima-mg\/#primaryimage\"},\"thumbnailUrl\":\"https:\/\/www.padreeustaquio.com.br\/wp-content\/uploads\/2023\/07\/retiro-crisma.png\",\"articleSection\":[\"Not\u00edcias\"],\"inLanguage\":\"en-US\",\"potentialAction\":[{\"@type\":\"CommentAction\",\"name\":\"Comment\",\"target\":[\"https:\/\/www.padreeustaquio.com.br\/mais-de-150-jovens-se-reunem-em-retiro-da-crisma-padre-eustaquio-em-nova-lima-mg\/#respond\"]}]},{\"@type\":\"WebPage\",\"@id\":\"https:\/\/www.padreeustaquio.com.br\/mais-de-150-jovens-se-reunem-em-retiro-da-crisma-padre-eustaquio-em-nova-lima-mg\/\",\"url\":\"https:\/\/www.padreeustaquio.com.br\/mais-de-150-jovens-se-reunem-em-retiro-da-crisma-padre-eustaquio-em-nova-lima-mg\/\",\"name\":\"Mais de 150 jovens se re\u00fanem em Retiro da Crisma Padre Eust\u00e1quio em Macacos-MG - Padre Eust\u00e1quio\",\"isPartOf\":{\"@id\":\"https:\/\/www.padreeustaquio.com.br\/#website\"},\"primaryImageOfPage\":{\"@id\":\"https:\/\/www.padreeustaquio.com.br\/mais-de-150-jovens-se-reunem-em-retiro-da-crisma-padre-eustaquio-em-nova-lima-mg\/#primaryimage\"},\"image\":{\"@id\":\"https:\/\/www.padreeustaquio.com.br\/mais-de-150-jovens-se-reunem-em-retiro-da-crisma-padre-eustaquio-em-nova-lima-mg\/#primaryimage\"},\"thumbnailUrl\":\"https:\/\/www.padreeustaquio.com.br\/wp-content\/uploads\/2023\/07\/retiro-crisma.png\",\"datePublished\":\"2023-07-04T09:08:35+00:00\",\"breadcrumb\":{\"@id\":\"https:\/\/www.padreeustaquio.com.br\/mais-de-150-jovens-se-reunem-em-retiro-da-crisma-padre-eustaquio-em-nova-lima-mg\/#breadcrumb\"},\"inLanguage\":\"en-US\",\"potentialAction\":[{\"@type\":\"ReadAction\",\"target\":[\"https:\/\/www.padreeustaquio.com.br\/mais-de-150-jovens-se-reunem-em-retiro-da-crisma-padre-eustaquio-em-nova-lima-mg\/\"]}]},{\"@type\":\"ImageObject\",\"inLanguage\":\"en-US\",\"@id\":\"https:\/\/www.padreeustaquio.com.br\/mais-de-150-jovens-se-reunem-em-retiro-da-crisma-padre-eustaquio-em-nova-lima-mg\/#primaryimage\",\"url\":\"https:\/\/www.padreeustaquio.com.br\/wp-content\/uploads\/2023\/07\/retiro-crisma.png\",\"contentUrl\":\"https:\/\/www.padreeustaquio.com.br\/wp-content\/uploads\/2023\/07\/retiro-crisma.png\",\"width\":305,\"height\":233},{\"@type\":\"BreadcrumbList\",\"@id\":\"https:\/\/www.padreeustaquio.com.br\/mais-de-150-jovens-se-reunem-em-retiro-da-crisma-padre-eustaquio-em-nova-lima-mg\/#breadcrumb\",\"itemListElement\":[{\"@type\":\"ListItem\",\"position\":1,\"name\":\"In\u00edcio\",\"item\":\"https:\/\/www.padreeustaquio.com.br\/\"},{\"@type\":\"ListItem\",\"position\":2,\"name\":\"Mais de 150 jovens se re\u00fanem em Retiro da Crisma Padre Eust\u00e1quio em Macacos-MG\"}]},{\"@type\":\"WebSite\",\"@id\":\"https:\/\/www.padreeustaquio.com.br\/#website\",\"url\":\"https:\/\/www.padreeustaquio.com.br\/\",\"name\":\"Padre Eust\u00e1quio\",\"description\":\"Sa\u00fade e Paz\",\"publisher\":{\"@id\":\"https:\/\/www.padreeustaquio.com.br\/#organization\"},\"potentialAction\":[{\"@type\":\"SearchAction\",\"target\":{\"@type\":\"EntryPoint\",\"urlTemplate\":\"https:\/\/www.padreeustaquio.com.br\/?s={search_term_string}\"},\"query-input\":{\"@type\":\"PropertyValueSpecification\",\"valueRequired\":true,\"valueName\":\"search_term_string\"}}],\"inLanguage\":\"en-US\"},{\"@type\":\"Organization\",\"@id\":\"https:\/\/www.padreeustaquio.com.br\/#organization\",\"name\":\"Padre Eust\u00e1quio\",\"url\":\"https:\/\/www.padreeustaquio.com.br\/\",\"logo\":{\"@type\":\"ImageObject\",\"inLanguage\":\"en-US\",\"@id\":\"https:\/\/www.padreeustaquio.com.br\/#\/schema\/logo\/image\/\",\"url\":\"https:\/\/www.padreeustaquio.com.br\/wp-content\/uploads\/2019\/08\/marca.png\",\"contentUrl\":\"https:\/\/www.padreeustaquio.com.br\/wp-content\/uploads\/2019\/08\/marca.png\",\"width\":350,\"height\":400,\"caption\":\"Padre Eust\u00e1quio\"},\"image\":{\"@id\":\"https:\/\/www.padreeustaquio.com.br\/#\/schema\/logo\/image\/\"},\"sameAs\":[\"https:\/\/www.facebook.com\/beatopadreeustaquio\/\",\"https:\/\/x.com\/beatopeustaquio\",\"https:\/\/www.instagram.com\/beatopadreeustaquio\/\",\"https:\/\/www.youtube.com\/channel\/UCRhw7vfabnajwLxb1ZXMeIw\"]},{\"@type\":\"Person\",\"@id\":\"https:\/\/www.padreeustaquio.com.br\/#\/schema\/person\/a2a51db1d00f1a7af0204a0f1ddb1566\",\"name\":\"@sscc\",\"image\":{\"@type\":\"ImageObject\",\"inLanguage\":\"en-US\",\"@id\":\"https:\/\/secure.gravatar.com\/avatar\/68cfafa5f44617fea54071e215026e0ff06be366c3d54a8425f04fdcb86f8c5f?s=96&d=mm&r=g\",\"url\":\"https:\/\/secure.gravatar.com\/avatar\/68cfafa5f44617fea54071e215026e0ff06be366c3d54a8425f04fdcb86f8c5f?s=96&d=mm&r=g\",\"contentUrl\":\"https:\/\/secure.gravatar.com\/avatar\/68cfafa5f44617fea54071e215026e0ff06be366c3d54a8425f04fdcb86f8c5f?s=96&d=mm&r=g\",\"caption\":\"@sscc\"},\"url\":\"https:\/\/www.padreeustaquio.com.br\/en\/author\/sscc\/\"}]}<\/script>\n<!-- \/ Yoast SEO plugin. -->","yoast_head_json":{"title":"More than 150 young people gather for the Father Eust\u00e1quio Confirmation Retreat in Macacos-MG - Father Eust\u00e1quio","robots":{"index":"index","follow":"follow","max-snippet":"max-snippet:-1","max-image-preview":"max-image-preview:large","max-video-preview":"max-video-preview:-1"},"canonical":"https:\/\/www.padreeustaquio.com.br\/en\/more-than-150-young-people-gather-for-a-confirmation-retreat-with-father-eustaquio-in-nova-lima-mg\/","og_locale":"en_US","og_type":"article","og_title":"Mais de 150 jovens se re\u00fanem em Retiro da Crisma Padre Eust\u00e1quio em Macacos-MG - Padre Eust\u00e1quio","og_description":"O Acampamento MPC em Macacos, distrito de Nova Lima, na regi\u00e3o metropolitana de Belo Horizonte, recebeu 155 jovens e adolescentes para o Retiro da Crisma da Par\u00f3quia dos Sagrados Cora\u00e7\u00f5es, Igreja do Padre Eust\u00e1quio. Foram tr\u00eas dias de encontro com os amigos, com Deus e com eles mesmos. Os participantes se reuniram na sexta-feira \u00e0 noite no Centro Comunit\u00e1rio da Igreja Padre Eust\u00e1quio. Depois de animados pela equipe organizadora, eles embarcaram nos \u00f4nibus para o local do retiro. Ao longo dos dias, palestras, ora\u00e7\u00f5es, momentos de louvor, brincadeiras e muita descontra\u00e7\u00e3o fizeram com que os adolescentes e jovens vivenciassem momentos [&hellip;]","og_url":"https:\/\/www.padreeustaquio.com.br\/en\/more-than-150-young-people-gather-for-a-confirmation-retreat-with-father-eustaquio-in-nova-lima-mg\/","og_site_name":"Padre Eust\u00e1quio","article_publisher":"https:\/\/www.facebook.com\/beatopadreeustaquio\/","article_published_time":"2023-07-04T09:08:35+00:00","og_image":[{"width":305,"height":233,"url":"https:\/\/www.padreeustaquio.com.br\/wp-content\/uploads\/2023\/07\/retiro-crisma.png","type":"image\/png"}],"author":"@sscc","twitter_card":"summary_large_image","twitter_creator":"@beatopeustaquio","twitter_site":"@beatopeustaquio","twitter_misc":{"Written by":"@sscc","Est. reading time":"2 minutes"},"schema":{"@context":"https:\/\/schema.org","@graph":[{"@type":"Article","@id":"https:\/\/www.padreeustaquio.com.br\/mais-de-150-jovens-se-reunem-em-retiro-da-crisma-padre-eustaquio-em-nova-lima-mg\/#article","isPartOf":{"@id":"https:\/\/www.padreeustaquio.com.br\/mais-de-150-jovens-se-reunem-em-retiro-da-crisma-padre-eustaquio-em-nova-lima-mg\/"},"author":{"name":"@sscc","@id":"https:\/\/www.padreeustaquio.com.br\/#\/schema\/person\/a2a51db1d00f1a7af0204a0f1ddb1566"},"headline":"Mais de 150 jovens se re\u00fanem em Retiro da Crisma Padre Eust\u00e1quio em Macacos-MG","datePublished":"2023-07-04T09:08:35+00:00","mainEntityOfPage":{"@id":"https:\/\/www.padreeustaquio.com.br\/mais-de-150-jovens-se-reunem-em-retiro-da-crisma-padre-eustaquio-em-nova-lima-mg\/"},"wordCount":227,"commentCount":0,"publisher":{"@id":"https:\/\/www.padreeustaquio.com.br\/#organization"},"image":{"@id":"https:\/\/www.padreeustaquio.com.br\/mais-de-150-jovens-se-reunem-em-retiro-da-crisma-padre-eustaquio-em-nova-lima-mg\/#primaryimage"},"thumbnailUrl":"https:\/\/www.padreeustaquio.com.br\/wp-content\/uploads\/2023\/07\/retiro-crisma.png","articleSection":["Not\u00edcias"],"inLanguage":"en-US","potentialAction":[{"@type":"CommentAction","name":"Comment","target":["https:\/\/www.padreeustaquio.com.br\/mais-de-150-jovens-se-reunem-em-retiro-da-crisma-padre-eustaquio-em-nova-lima-mg\/#respond"]}]},{"@type":"WebPage","@id":"https:\/\/www.padreeustaquio.com.br\/mais-de-150-jovens-se-reunem-em-retiro-da-crisma-padre-eustaquio-em-nova-lima-mg\/","url":"https:\/\/www.padreeustaquio.com.br\/mais-de-150-jovens-se-reunem-em-retiro-da-crisma-padre-eustaquio-em-nova-lima-mg\/","name":"More than 150 young people gather for the Father Eust\u00e1quio Confirmation Retreat in Macacos-MG - Father Eust\u00e1quio","isPartOf":{"@id":"https:\/\/www.padreeustaquio.com.br\/#website"},"primaryImageOfPage":{"@id":"https:\/\/www.padreeustaquio.com.br\/mais-de-150-jovens-se-reunem-em-retiro-da-crisma-padre-eustaquio-em-nova-lima-mg\/#primaryimage"},"image":{"@id":"https:\/\/www.padreeustaquio.com.br\/mais-de-150-jovens-se-reunem-em-retiro-da-crisma-padre-eustaquio-em-nova-lima-mg\/#primaryimage"},"thumbnailUrl":"https:\/\/www.padreeustaquio.com.br\/wp-content\/uploads\/2023\/07\/retiro-crisma.png","datePublished":"2023-07-04T09:08:35+00:00","breadcrumb":{"@id":"https:\/\/www.padreeustaquio.com.br\/mais-de-150-jovens-se-reunem-em-retiro-da-crisma-padre-eustaquio-em-nova-lima-mg\/#breadcrumb"},"inLanguage":"en-US","potentialAction":[{"@type":"ReadAction","target":["https:\/\/www.padreeustaquio.com.br\/mais-de-150-jovens-se-reunem-em-retiro-da-crisma-padre-eustaquio-em-nova-lima-mg\/"]}]},{"@type":"ImageObject","inLanguage":"en-US","@id":"https:\/\/www.padreeustaquio.com.br\/mais-de-150-jovens-se-reunem-em-retiro-da-crisma-padre-eustaquio-em-nova-lima-mg\/#primaryimage","url":"https:\/\/www.padreeustaquio.com.br\/wp-content\/uploads\/2023\/07\/retiro-crisma.png","contentUrl":"https:\/\/www.padreeustaquio.com.br\/wp-content\/uploads\/2023\/07\/retiro-crisma.png","width":305,"height":233},{"@type":"BreadcrumbList","@id":"https:\/\/www.padreeustaquio.com.br\/mais-de-150-jovens-se-reunem-em-retiro-da-crisma-padre-eustaquio-em-nova-lima-mg\/#breadcrumb","itemListElement":[{"@type":"ListItem","position":1,"name":"In\u00edcio","item":"https:\/\/www.padreeustaquio.com.br\/"},{"@type":"ListItem","position":2,"name":"Mais de 150 jovens se re\u00fanem em Retiro da Crisma Padre Eust\u00e1quio em Macacos-MG"}]},{"@type":"WebSite","@id":"https:\/\/www.padreeustaquio.com.br\/#website","url":"https:\/\/www.padreeustaquio.com.br\/","name":"FATHER EUST\u00c1QUIO","description":"Health and Peace","publisher":{"@id":"https:\/\/www.padreeustaquio.com.br\/#organization"},"potentialAction":[{"@type":"SearchAction","target":{"@type":"EntryPoint","urlTemplate":"https:\/\/www.padreeustaquio.com.br\/?s={search_term_string}"},"query-input":{"@type":"PropertyValueSpecification","valueRequired":true,"valueName":"search_term_string"}}],"inLanguage":"en-US"},{"@type":"Organization","@id":"https:\/\/www.padreeustaquio.com.br\/#organization","name":"FATHER EUST\u00c1QUIO","url":"https:\/\/www.padreeustaquio.com.br\/","logo":{"@type":"ImageObject","inLanguage":"en-US","@id":"https:\/\/www.padreeustaquio.com.br\/#\/schema\/logo\/image\/","url":"https:\/\/www.padreeustaquio.com.br\/wp-content\/uploads\/2019\/08\/marca.png","contentUrl":"https:\/\/www.padreeustaquio.com.br\/wp-content\/uploads\/2019\/08\/marca.png","width":350,"height":400,"caption":"Padre Eust\u00e1quio"},"image":{"@id":"https:\/\/www.padreeustaquio.com.br\/#\/schema\/logo\/image\/"},"sameAs":["https:\/\/www.facebook.com\/beatopadreeustaquio\/","https:\/\/x.com\/beatopeustaquio","https:\/\/www.instagram.com\/beatopadreeustaquio\/","https:\/\/www.youtube.com\/channel\/UCRhw7vfabnajwLxb1ZXMeIw"]},{"@type":"Person","@id":"https:\/\/www.padreeustaquio.com.br\/#\/schema\/person\/a2a51db1d00f1a7af0204a0f1ddb1566","name":"@sscc","image":{"@type":"ImageObject","inLanguage":"en-US","@id":"https:\/\/secure.gravatar.com\/avatar\/68cfafa5f44617fea54071e215026e0ff06be366c3d54a8425f04fdcb86f8c5f?s=96&d=mm&r=g","url":"https:\/\/secure.gravatar.com\/avatar\/68cfafa5f44617fea54071e215026e0ff06be366c3d54a8425f04fdcb86f8c5f?s=96&d=mm&r=g","contentUrl":"https:\/\/secure.gravatar.com\/avatar\/68cfafa5f44617fea54071e215026e0ff06be366c3d54a8425f04fdcb86f8c5f?s=96&d=mm&r=g","caption":"@sscc"},"url":"https:\/\/www.padreeustaquio.com.br\/en\/author\/sscc\/"}]}},"_links":{"self":[{"href":"https:\/\/www.padreeustaquio.com.br\/en\/wp-json\/wp\/v2\/posts\/10641","targetHints":{"allow":["GET"]}}],"collection":[{"href":"https:\/\/www.padreeustaquio.com.br\/en\/wp-json\/wp\/v2\/posts"}],"about":[{"href":"https:\/\/www.padreeustaquio.com.br\/en\/wp-json\/wp\/v2\/types\/post"}],"author":[{"embeddable":true,"href":"https:\/\/www.padreeustaquio.com.br\/en\/wp-json\/wp\/v2\/users\/2"}],"replies":[{"embeddable":true,"href":"https:\/\/www.padreeustaquio.com.br\/en\/wp-json\/wp\/v2\/comments?post=10641"}],"version-history":[{"count":0,"href":"https:\/\/www.padreeustaquio.com.br\/en\/wp-json\/wp\/v2\/posts\/10641\/revisions"}],"wp:featuredmedia":[{"embeddable":true,"href":"https:\/\/www.padreeustaquio.com.br\/en\/wp-json\/wp\/v2\/media\/10642"}],"wp:attachment":[{"href":"https:\/\/www.padreeustaquio.com.br\/en\/wp-json\/wp\/v2\/media?parent=10641"}],"wp:term":[{"taxonomy":"category","embeddable":true,"href":"https:\/\/www.padreeustaquio.com.br\/en\/wp-json\/wp\/v2\/categories?post=10641"},{"taxonomy":"post_tag","embeddable":true,"href":"https:\/\/www.padreeustaquio.com.br\/en\/wp-json\/wp\/v2\/tags?post=10641"}],"curies":[{"name":"wp","href":"https:\/\/api.w.org\/{rel}","templated":true}]}}