{"id":10637,"date":"2023-07-03T06:43:31","date_gmt":"2023-07-03T09:43:31","guid":{"rendered":"https:\/\/www.padreeustaquio.com.br\/?p=10637"},"modified":"2023-07-03T08:47:28","modified_gmt":"2023-07-03T11:47:28","slug":"catechism-classes-from-a-parish-in-belo-horizonte-visit-father-eustaquios-church","status":"publish","type":"post","link":"https:\/\/www.padreeustaquio.com.br\/en\/catechism-classes-from-a-parish-in-belo-horizonte-visit-father-eustaquios-church\/","title":{"rendered":"Catechism classes from a parish in Belo Horizonte visit the Church of Father Eust\u00e1quio."},"content":{"rendered":"<p>Five catechism classes from the Maria Serva do Senhor Parish, in the Al\u00edpio de Melo neighborhood, northwest region of Belo Horizonte, visited the Sanctuary of Health and Peace, the Church of Blessed Father Eust\u00e1quio, on the morning of last Saturday (July 1st). About 80 children participated in the visit.<\/p>\n<p>Students and catechists arrived at the Sanctuary around 9 am and were welcomed by Brother Vanildo Lima Sena, SSCC, at the Community Center. After hearing a bit about the history of the place, the catechumens visited the important points of the temple.<\/p>\n<p>At the Father Eust\u00e1quio Memorial, where the priest&#039;s tomb is located, the children learned the meaning of each feature of the place: the stained glass windows, the shapes, contours, and the tomb itself. In addition, they learned about the history of the Blessed, whose death will mark its 80th anniversary in August.<\/p>\n<p>In addition to being delighted with the visit, the rector and community of the Sanctuary are grateful for the friendship and prayers of Father Gleicion Adriano Silva, parish priest of the Parish of Mary, Servant of the Lord. May Blessed Father Eustace intercede for you all and your prayers.<\/p>","protected":false},"excerpt":{"rendered":"<p>Cinco turmas de catequese da Par\u00f3quia Maria Serva do Senhor, do bairro Al\u00edpio de Melo, regi\u00e3o noroeste de Belo Horizonte, visitaram na manh\u00e3 do \u00faltimo s\u00e1bado (dia 1\u00ba de julho) o Santu\u00e1rio da Sa\u00fade e da Paz, a Igreja do Beato Padre Eust\u00e1quio. Cerca de 80 crian\u00e7as participaram da visita. Alunos e catequistas chegaram ao Santu\u00e1rio por volta das 9h e foram recepcionados pelo Ir. Vanildo Lima Sena, SSCC, no Centro Comunit\u00e1rio. Depois de ouvirem um pouco da hist\u00f3ria do local, os catequizandos passaram pelos pontos importantes do templo. No Memorial do Padre Eust\u00e1quio, onde est\u00e1 o t\u00famulo do religioso, [&hellip;]<\/p>\n","protected":false},"author":2,"featured_media":10638,"comment_status":"open","ping_status":"closed","sticky":false,"template":"","format":"standard","meta":{"_acf_changed":false,"footnotes":""},"categories":[611],"tags":[],"class_list":["post-10637","post","type-post","status-publish","format-standard","has-post-thumbnail","hentry","category-noticias"],"acf":[],"yoast_head":"<!-- This site is optimized with the Yoast SEO plugin v27.2 - https:\/\/yoast.com\/product\/yoast-seo-wordpress\/ -->\n<title>Turmas de Catequese de par\u00f3quia de Belo Horizonte visitam Igreja do Padre Eust\u00e1quio<\/title>\n<meta name=\"description\" content=\"Cinco turmas de catequese da Par\u00f3quia Maria Serva do Senhor, do bairro Al\u00edpio de Melo, regi\u00e3o noroeste de Belo Horizonte, visitaram na manh\u00e3 do \u00faltimo s\u00e1bado (dia 1\u00ba de julho) o Santu\u00e1rio da Sa\u00fade e da Paz, a Igreja do Beato Padre Eust\u00e1quio. Cerca de 80 crian\u00e7as participaram da visita.\" \/>\n<meta name=\"robots\" content=\"index, follow, max-snippet:-1, max-image-preview:large, max-video-preview:-1\" \/>\n<link rel=\"canonical\" href=\"https:\/\/www.padreeustaquio.com.br\/en\/catechism-classes-from-a-parish-in-belo-horizonte-visit-father-eustaquios-church\/\" \/>\n<meta property=\"og:locale\" content=\"en_US\" \/>\n<meta property=\"og:type\" content=\"article\" \/>\n<meta property=\"og:title\" content=\"Turmas de Catequese de par\u00f3quia de Belo Horizonte visitam Igreja do Padre Eust\u00e1quio\" \/>\n<meta property=\"og:description\" content=\"Cinco turmas de catequese da Par\u00f3quia Maria Serva do Senhor, do bairro Al\u00edpio de Melo, regi\u00e3o noroeste de Belo Horizonte, visitaram na manh\u00e3 do \u00faltimo s\u00e1bado (dia 1\u00ba de julho) o Santu\u00e1rio da Sa\u00fade e da Paz, a Igreja do Beato Padre Eust\u00e1quio. Cerca de 80 crian\u00e7as participaram da visita.\" \/>\n<meta property=\"og:url\" content=\"https:\/\/www.padreeustaquio.com.br\/en\/catechism-classes-from-a-parish-in-belo-horizonte-visit-father-eustaquios-church\/\" \/>\n<meta property=\"og:site_name\" content=\"Padre Eust\u00e1quio\" \/>\n<meta property=\"article:publisher\" content=\"https:\/\/www.facebook.com\/beatopadreeustaquio\/\" \/>\n<meta property=\"article:published_time\" content=\"2023-07-03T09:43:31+00:00\" \/>\n<meta property=\"article:modified_time\" content=\"2023-07-03T11:47:28+00:00\" \/>\n<meta property=\"og:image\" content=\"https:\/\/www.padreeustaquio.com.br\/wp-content\/uploads\/2023\/07\/visita-maria-serva.jpeg\" \/>\n\t<meta property=\"og:image:width\" content=\"1600\" \/>\n\t<meta property=\"og:image:height\" content=\"901\" \/>\n\t<meta property=\"og:image:type\" content=\"image\/jpeg\" \/>\n<meta name=\"author\" content=\"@sscc\" \/>\n<meta name=\"twitter:card\" content=\"summary_large_image\" \/>\n<meta name=\"twitter:creator\" content=\"@beatopeustaquio\" \/>\n<meta name=\"twitter:site\" content=\"@beatopeustaquio\" \/>\n<meta name=\"twitter:label1\" content=\"Written by\" \/>\n\t<meta name=\"twitter:data1\" content=\"@sscc\" \/>\n\t<meta name=\"twitter:label2\" content=\"Est. reading time\" \/>\n\t<meta name=\"twitter:data2\" content=\"1 minute\" \/>\n<script type=\"application\/ld+json\" class=\"yoast-schema-graph\">{\"@context\":\"https:\/\/schema.org\",\"@graph\":[{\"@type\":\"Article\",\"@id\":\"https:\/\/www.padreeustaquio.com.br\/turmas-de-catequese-de-paroquia-de-belo-horizonte-visita-igreja-do-padre-eustaquio\/#article\",\"isPartOf\":{\"@id\":\"https:\/\/www.padreeustaquio.com.br\/turmas-de-catequese-de-paroquia-de-belo-horizonte-visita-igreja-do-padre-eustaquio\/\"},\"author\":{\"name\":\"@sscc\",\"@id\":\"https:\/\/www.padreeustaquio.com.br\/#\/schema\/person\/a2a51db1d00f1a7af0204a0f1ddb1566\"},\"headline\":\"Turmas de Catequese de par\u00f3quia de Belo Horizonte visitam Igreja do Padre Eust\u00e1quio\",\"datePublished\":\"2023-07-03T09:43:31+00:00\",\"dateModified\":\"2023-07-03T11:47:28+00:00\",\"mainEntityOfPage\":{\"@id\":\"https:\/\/www.padreeustaquio.com.br\/turmas-de-catequese-de-paroquia-de-belo-horizonte-visita-igreja-do-padre-eustaquio\/\"},\"wordCount\":217,\"commentCount\":0,\"publisher\":{\"@id\":\"https:\/\/www.padreeustaquio.com.br\/#organization\"},\"image\":{\"@id\":\"https:\/\/www.padreeustaquio.com.br\/turmas-de-catequese-de-paroquia-de-belo-horizonte-visita-igreja-do-padre-eustaquio\/#primaryimage\"},\"thumbnailUrl\":\"https:\/\/www.padreeustaquio.com.br\/wp-content\/uploads\/2023\/07\/visita-maria-serva.jpeg\",\"articleSection\":[\"Not\u00edcias\"],\"inLanguage\":\"en-US\",\"potentialAction\":[{\"@type\":\"CommentAction\",\"name\":\"Comment\",\"target\":[\"https:\/\/www.padreeustaquio.com.br\/turmas-de-catequese-de-paroquia-de-belo-horizonte-visita-igreja-do-padre-eustaquio\/#respond\"]}]},{\"@type\":\"WebPage\",\"@id\":\"https:\/\/www.padreeustaquio.com.br\/turmas-de-catequese-de-paroquia-de-belo-horizonte-visita-igreja-do-padre-eustaquio\/\",\"url\":\"https:\/\/www.padreeustaquio.com.br\/turmas-de-catequese-de-paroquia-de-belo-horizonte-visita-igreja-do-padre-eustaquio\/\",\"name\":\"Turmas de Catequese de par\u00f3quia de Belo Horizonte visitam Igreja do Padre Eust\u00e1quio\",\"isPartOf\":{\"@id\":\"https:\/\/www.padreeustaquio.com.br\/#website\"},\"primaryImageOfPage\":{\"@id\":\"https:\/\/www.padreeustaquio.com.br\/turmas-de-catequese-de-paroquia-de-belo-horizonte-visita-igreja-do-padre-eustaquio\/#primaryimage\"},\"image\":{\"@id\":\"https:\/\/www.padreeustaquio.com.br\/turmas-de-catequese-de-paroquia-de-belo-horizonte-visita-igreja-do-padre-eustaquio\/#primaryimage\"},\"thumbnailUrl\":\"https:\/\/www.padreeustaquio.com.br\/wp-content\/uploads\/2023\/07\/visita-maria-serva.jpeg\",\"datePublished\":\"2023-07-03T09:43:31+00:00\",\"dateModified\":\"2023-07-03T11:47:28+00:00\",\"description\":\"Cinco turmas de catequese da Par\u00f3quia Maria Serva do Senhor, do bairro Al\u00edpio de Melo, regi\u00e3o noroeste de Belo Horizonte, visitaram na manh\u00e3 do \u00faltimo s\u00e1bado (dia 1\u00ba de julho) o Santu\u00e1rio da Sa\u00fade e da Paz, a Igreja do Beato Padre Eust\u00e1quio. Cerca de 80 crian\u00e7as participaram da visita.\",\"breadcrumb\":{\"@id\":\"https:\/\/www.padreeustaquio.com.br\/turmas-de-catequese-de-paroquia-de-belo-horizonte-visita-igreja-do-padre-eustaquio\/#breadcrumb\"},\"inLanguage\":\"en-US\",\"potentialAction\":[{\"@type\":\"ReadAction\",\"target\":[\"https:\/\/www.padreeustaquio.com.br\/turmas-de-catequese-de-paroquia-de-belo-horizonte-visita-igreja-do-padre-eustaquio\/\"]}]},{\"@type\":\"ImageObject\",\"inLanguage\":\"en-US\",\"@id\":\"https:\/\/www.padreeustaquio.com.br\/turmas-de-catequese-de-paroquia-de-belo-horizonte-visita-igreja-do-padre-eustaquio\/#primaryimage\",\"url\":\"https:\/\/www.padreeustaquio.com.br\/wp-content\/uploads\/2023\/07\/visita-maria-serva.jpeg\",\"contentUrl\":\"https:\/\/www.padreeustaquio.com.br\/wp-content\/uploads\/2023\/07\/visita-maria-serva.jpeg\",\"width\":1600,\"height\":901},{\"@type\":\"BreadcrumbList\",\"@id\":\"https:\/\/www.padreeustaquio.com.br\/turmas-de-catequese-de-paroquia-de-belo-horizonte-visita-igreja-do-padre-eustaquio\/#breadcrumb\",\"itemListElement\":[{\"@type\":\"ListItem\",\"position\":1,\"name\":\"In\u00edcio\",\"item\":\"https:\/\/www.padreeustaquio.com.br\/\"},{\"@type\":\"ListItem\",\"position\":2,\"name\":\"Turmas de Catequese de par\u00f3quia de Belo Horizonte visitam Igreja do Padre Eust\u00e1quio\"}]},{\"@type\":\"WebSite\",\"@id\":\"https:\/\/www.padreeustaquio.com.br\/#website\",\"url\":\"https:\/\/www.padreeustaquio.com.br\/\",\"name\":\"Padre Eust\u00e1quio\",\"description\":\"Sa\u00fade e Paz\",\"publisher\":{\"@id\":\"https:\/\/www.padreeustaquio.com.br\/#organization\"},\"potentialAction\":[{\"@type\":\"SearchAction\",\"target\":{\"@type\":\"EntryPoint\",\"urlTemplate\":\"https:\/\/www.padreeustaquio.com.br\/?s={search_term_string}\"},\"query-input\":{\"@type\":\"PropertyValueSpecification\",\"valueRequired\":true,\"valueName\":\"search_term_string\"}}],\"inLanguage\":\"en-US\"},{\"@type\":\"Organization\",\"@id\":\"https:\/\/www.padreeustaquio.com.br\/#organization\",\"name\":\"Padre Eust\u00e1quio\",\"url\":\"https:\/\/www.padreeustaquio.com.br\/\",\"logo\":{\"@type\":\"ImageObject\",\"inLanguage\":\"en-US\",\"@id\":\"https:\/\/www.padreeustaquio.com.br\/#\/schema\/logo\/image\/\",\"url\":\"https:\/\/www.padreeustaquio.com.br\/wp-content\/uploads\/2019\/08\/marca.png\",\"contentUrl\":\"https:\/\/www.padreeustaquio.com.br\/wp-content\/uploads\/2019\/08\/marca.png\",\"width\":350,\"height\":400,\"caption\":\"Padre Eust\u00e1quio\"},\"image\":{\"@id\":\"https:\/\/www.padreeustaquio.com.br\/#\/schema\/logo\/image\/\"},\"sameAs\":[\"https:\/\/www.facebook.com\/beatopadreeustaquio\/\",\"https:\/\/x.com\/beatopeustaquio\",\"https:\/\/www.instagram.com\/beatopadreeustaquio\/\",\"https:\/\/www.youtube.com\/channel\/UCRhw7vfabnajwLxb1ZXMeIw\"]},{\"@type\":\"Person\",\"@id\":\"https:\/\/www.padreeustaquio.com.br\/#\/schema\/person\/a2a51db1d00f1a7af0204a0f1ddb1566\",\"name\":\"@sscc\",\"image\":{\"@type\":\"ImageObject\",\"inLanguage\":\"en-US\",\"@id\":\"https:\/\/secure.gravatar.com\/avatar\/68cfafa5f44617fea54071e215026e0ff06be366c3d54a8425f04fdcb86f8c5f?s=96&d=mm&r=g\",\"url\":\"https:\/\/secure.gravatar.com\/avatar\/68cfafa5f44617fea54071e215026e0ff06be366c3d54a8425f04fdcb86f8c5f?s=96&d=mm&r=g\",\"contentUrl\":\"https:\/\/secure.gravatar.com\/avatar\/68cfafa5f44617fea54071e215026e0ff06be366c3d54a8425f04fdcb86f8c5f?s=96&d=mm&r=g\",\"caption\":\"@sscc\"},\"url\":\"https:\/\/www.padreeustaquio.com.br\/en\/author\/sscc\/\"}]}<\/script>\n<!-- \/ Yoast SEO plugin. -->","yoast_head_json":{"title":"Catechism classes from a parish in Belo Horizonte visit the Church of Father Eust\u00e1quio.","description":"Five catechism classes from the Maria Serva do Senhor Parish, in the Al\u00edpio de Melo neighborhood, northwest region of Belo Horizonte, visited the Sanctuary of Health and Peace, the Church of Blessed Father Eust\u00e1quio, on the morning of last Saturday (July 1st). About 80 children participated in the visit.","robots":{"index":"index","follow":"follow","max-snippet":"max-snippet:-1","max-image-preview":"max-image-preview:large","max-video-preview":"max-video-preview:-1"},"canonical":"https:\/\/www.padreeustaquio.com.br\/en\/catechism-classes-from-a-parish-in-belo-horizonte-visit-father-eustaquios-church\/","og_locale":"en_US","og_type":"article","og_title":"Turmas de Catequese de par\u00f3quia de Belo Horizonte visitam Igreja do Padre Eust\u00e1quio","og_description":"Cinco turmas de catequese da Par\u00f3quia Maria Serva do Senhor, do bairro Al\u00edpio de Melo, regi\u00e3o noroeste de Belo Horizonte, visitaram na manh\u00e3 do \u00faltimo s\u00e1bado (dia 1\u00ba de julho) o Santu\u00e1rio da Sa\u00fade e da Paz, a Igreja do Beato Padre Eust\u00e1quio. Cerca de 80 crian\u00e7as participaram da visita.","og_url":"https:\/\/www.padreeustaquio.com.br\/en\/catechism-classes-from-a-parish-in-belo-horizonte-visit-father-eustaquios-church\/","og_site_name":"Padre Eust\u00e1quio","article_publisher":"https:\/\/www.facebook.com\/beatopadreeustaquio\/","article_published_time":"2023-07-03T09:43:31+00:00","article_modified_time":"2023-07-03T11:47:28+00:00","og_image":[{"width":1600,"height":901,"url":"https:\/\/www.padreeustaquio.com.br\/wp-content\/uploads\/2023\/07\/visita-maria-serva.jpeg","type":"image\/jpeg"}],"author":"@sscc","twitter_card":"summary_large_image","twitter_creator":"@beatopeustaquio","twitter_site":"@beatopeustaquio","twitter_misc":{"Written by":"@sscc","Est. reading time":"1 minute"},"schema":{"@context":"https:\/\/schema.org","@graph":[{"@type":"Article","@id":"https:\/\/www.padreeustaquio.com.br\/turmas-de-catequese-de-paroquia-de-belo-horizonte-visita-igreja-do-padre-eustaquio\/#article","isPartOf":{"@id":"https:\/\/www.padreeustaquio.com.br\/turmas-de-catequese-de-paroquia-de-belo-horizonte-visita-igreja-do-padre-eustaquio\/"},"author":{"name":"@sscc","@id":"https:\/\/www.padreeustaquio.com.br\/#\/schema\/person\/a2a51db1d00f1a7af0204a0f1ddb1566"},"headline":"Turmas de Catequese de par\u00f3quia de Belo Horizonte visitam Igreja do Padre Eust\u00e1quio","datePublished":"2023-07-03T09:43:31+00:00","dateModified":"2023-07-03T11:47:28+00:00","mainEntityOfPage":{"@id":"https:\/\/www.padreeustaquio.com.br\/turmas-de-catequese-de-paroquia-de-belo-horizonte-visita-igreja-do-padre-eustaquio\/"},"wordCount":217,"commentCount":0,"publisher":{"@id":"https:\/\/www.padreeustaquio.com.br\/#organization"},"image":{"@id":"https:\/\/www.padreeustaquio.com.br\/turmas-de-catequese-de-paroquia-de-belo-horizonte-visita-igreja-do-padre-eustaquio\/#primaryimage"},"thumbnailUrl":"https:\/\/www.padreeustaquio.com.br\/wp-content\/uploads\/2023\/07\/visita-maria-serva.jpeg","articleSection":["Not\u00edcias"],"inLanguage":"en-US","potentialAction":[{"@type":"CommentAction","name":"Comment","target":["https:\/\/www.padreeustaquio.com.br\/turmas-de-catequese-de-paroquia-de-belo-horizonte-visita-igreja-do-padre-eustaquio\/#respond"]}]},{"@type":"WebPage","@id":"https:\/\/www.padreeustaquio.com.br\/turmas-de-catequese-de-paroquia-de-belo-horizonte-visita-igreja-do-padre-eustaquio\/","url":"https:\/\/www.padreeustaquio.com.br\/turmas-de-catequese-de-paroquia-de-belo-horizonte-visita-igreja-do-padre-eustaquio\/","name":"Catechism classes from a parish in Belo Horizonte visit the Church of Father Eust\u00e1quio.","isPartOf":{"@id":"https:\/\/www.padreeustaquio.com.br\/#website"},"primaryImageOfPage":{"@id":"https:\/\/www.padreeustaquio.com.br\/turmas-de-catequese-de-paroquia-de-belo-horizonte-visita-igreja-do-padre-eustaquio\/#primaryimage"},"image":{"@id":"https:\/\/www.padreeustaquio.com.br\/turmas-de-catequese-de-paroquia-de-belo-horizonte-visita-igreja-do-padre-eustaquio\/#primaryimage"},"thumbnailUrl":"https:\/\/www.padreeustaquio.com.br\/wp-content\/uploads\/2023\/07\/visita-maria-serva.jpeg","datePublished":"2023-07-03T09:43:31+00:00","dateModified":"2023-07-03T11:47:28+00:00","description":"Five catechism classes from the Maria Serva do Senhor Parish, in the Al\u00edpio de Melo neighborhood, northwest region of Belo Horizonte, visited the Sanctuary of Health and Peace, the Church of Blessed Father Eust\u00e1quio, on the morning of last Saturday (July 1st). About 80 children participated in the visit.","breadcrumb":{"@id":"https:\/\/www.padreeustaquio.com.br\/turmas-de-catequese-de-paroquia-de-belo-horizonte-visita-igreja-do-padre-eustaquio\/#breadcrumb"},"inLanguage":"en-US","potentialAction":[{"@type":"ReadAction","target":["https:\/\/www.padreeustaquio.com.br\/turmas-de-catequese-de-paroquia-de-belo-horizonte-visita-igreja-do-padre-eustaquio\/"]}]},{"@type":"ImageObject","inLanguage":"en-US","@id":"https:\/\/www.padreeustaquio.com.br\/turmas-de-catequese-de-paroquia-de-belo-horizonte-visita-igreja-do-padre-eustaquio\/#primaryimage","url":"https:\/\/www.padreeustaquio.com.br\/wp-content\/uploads\/2023\/07\/visita-maria-serva.jpeg","contentUrl":"https:\/\/www.padreeustaquio.com.br\/wp-content\/uploads\/2023\/07\/visita-maria-serva.jpeg","width":1600,"height":901},{"@type":"BreadcrumbList","@id":"https:\/\/www.padreeustaquio.com.br\/turmas-de-catequese-de-paroquia-de-belo-horizonte-visita-igreja-do-padre-eustaquio\/#breadcrumb","itemListElement":[{"@type":"ListItem","position":1,"name":"In\u00edcio","item":"https:\/\/www.padreeustaquio.com.br\/"},{"@type":"ListItem","position":2,"name":"Turmas de Catequese de par\u00f3quia de Belo Horizonte visitam Igreja do Padre Eust\u00e1quio"}]},{"@type":"WebSite","@id":"https:\/\/www.padreeustaquio.com.br\/#website","url":"https:\/\/www.padreeustaquio.com.br\/","name":"FATHER EUST\u00c1QUIO","description":"Health and Peace","publisher":{"@id":"https:\/\/www.padreeustaquio.com.br\/#organization"},"potentialAction":[{"@type":"SearchAction","target":{"@type":"EntryPoint","urlTemplate":"https:\/\/www.padreeustaquio.com.br\/?s={search_term_string}"},"query-input":{"@type":"PropertyValueSpecification","valueRequired":true,"valueName":"search_term_string"}}],"inLanguage":"en-US"},{"@type":"Organization","@id":"https:\/\/www.padreeustaquio.com.br\/#organization","name":"FATHER EUST\u00c1QUIO","url":"https:\/\/www.padreeustaquio.com.br\/","logo":{"@type":"ImageObject","inLanguage":"en-US","@id":"https:\/\/www.padreeustaquio.com.br\/#\/schema\/logo\/image\/","url":"https:\/\/www.padreeustaquio.com.br\/wp-content\/uploads\/2019\/08\/marca.png","contentUrl":"https:\/\/www.padreeustaquio.com.br\/wp-content\/uploads\/2019\/08\/marca.png","width":350,"height":400,"caption":"Padre Eust\u00e1quio"},"image":{"@id":"https:\/\/www.padreeustaquio.com.br\/#\/schema\/logo\/image\/"},"sameAs":["https:\/\/www.facebook.com\/beatopadreeustaquio\/","https:\/\/x.com\/beatopeustaquio","https:\/\/www.instagram.com\/beatopadreeustaquio\/","https:\/\/www.youtube.com\/channel\/UCRhw7vfabnajwLxb1ZXMeIw"]},{"@type":"Person","@id":"https:\/\/www.padreeustaquio.com.br\/#\/schema\/person\/a2a51db1d00f1a7af0204a0f1ddb1566","name":"@sscc","image":{"@type":"ImageObject","inLanguage":"en-US","@id":"https:\/\/secure.gravatar.com\/avatar\/68cfafa5f44617fea54071e215026e0ff06be366c3d54a8425f04fdcb86f8c5f?s=96&d=mm&r=g","url":"https:\/\/secure.gravatar.com\/avatar\/68cfafa5f44617fea54071e215026e0ff06be366c3d54a8425f04fdcb86f8c5f?s=96&d=mm&r=g","contentUrl":"https:\/\/secure.gravatar.com\/avatar\/68cfafa5f44617fea54071e215026e0ff06be366c3d54a8425f04fdcb86f8c5f?s=96&d=mm&r=g","caption":"@sscc"},"url":"https:\/\/www.padreeustaquio.com.br\/en\/author\/sscc\/"}]}},"_links":{"self":[{"href":"https:\/\/www.padreeustaquio.com.br\/en\/wp-json\/wp\/v2\/posts\/10637","targetHints":{"allow":["GET"]}}],"collection":[{"href":"https:\/\/www.padreeustaquio.com.br\/en\/wp-json\/wp\/v2\/posts"}],"about":[{"href":"https:\/\/www.padreeustaquio.com.br\/en\/wp-json\/wp\/v2\/types\/post"}],"author":[{"embeddable":true,"href":"https:\/\/www.padreeustaquio.com.br\/en\/wp-json\/wp\/v2\/users\/2"}],"replies":[{"embeddable":true,"href":"https:\/\/www.padreeustaquio.com.br\/en\/wp-json\/wp\/v2\/comments?post=10637"}],"version-history":[{"count":0,"href":"https:\/\/www.padreeustaquio.com.br\/en\/wp-json\/wp\/v2\/posts\/10637\/revisions"}],"wp:featuredmedia":[{"embeddable":true,"href":"https:\/\/www.padreeustaquio.com.br\/en\/wp-json\/wp\/v2\/media\/10638"}],"wp:attachment":[{"href":"https:\/\/www.padreeustaquio.com.br\/en\/wp-json\/wp\/v2\/media?parent=10637"}],"wp:term":[{"taxonomy":"category","embeddable":true,"href":"https:\/\/www.padreeustaquio.com.br\/en\/wp-json\/wp\/v2\/categories?post=10637"},{"taxonomy":"post_tag","embeddable":true,"href":"https:\/\/www.padreeustaquio.com.br\/en\/wp-json\/wp\/v2\/tags?post=10637"}],"curies":[{"name":"wp","href":"https:\/\/api.w.org\/{rel}","templated":true}]}}