{"id":10618,"date":"2023-06-30T06:08:50","date_gmt":"2023-06-30T09:08:50","guid":{"rendered":"https:\/\/www.padreeustaquio.com.br\/?p=10618"},"modified":"2023-06-27T10:35:53","modified_gmt":"2023-06-27T13:35:53","slug":"a-show-featuring-singers-of-god-will-open-the-80th-anniversary-celebrations-of-the-padre-eustaquio-festival","status":"publish","type":"post","link":"https:\/\/www.padreeustaquio.com.br\/en\/a-show-featuring-singers-of-god-will-open-the-80th-anniversary-celebrations-of-the-padre-eustaquio-festival\/","title":{"rendered":"A concert featuring the &quot;Cantores de Deus&quot; (Singers of God) will kick off the 80th anniversary celebrations of the Padre Eust\u00e1quio Festival."},"content":{"rendered":"<p>The official opening of the 2023 Blessed Father Eustace Festival is scheduled for August 19th. With the theme: 80 Years of Health and Peace, the celebrations begin with a concert by the group Cantores de Deus.<\/p>\n<p>The presentation is scheduled to take place at the Church of Blessed Father Eust\u00e1quio at 7 PM. Parishioners and devotees of the blessed, who this year commemorate the 80th anniversary of his death, are invited to attend the presentation without needing to pay for admission.<\/p>\n<p>The event organizers are evaluating how entry will be controlled, and we will have more information soon.<\/p>\n<p><strong>The Singers of God<\/p>\n<p><\/strong>The group Cantores de Deus (Singers of God) was born in 1997 from the heart of Father Zezinho, scj, who wished to be accompanied in his shows, travels, and missions by singers committed to the Catholic faith. Initially, it consisted of Luan, Vanessa, Suely Ferreira, Dalva Ten\u00f3rio, and Karla Fioravante. With this lineup, they recorded the CDs \u201cEm verso e em can\u00e7\u00e3o\u201d (1997), \u201cEn verso y en Canci\u00f3n\u201d (1998), \u201cIguais\u201d (2000), and \u201cDe olho no mundo\u201d (2002). In 2003, Luan and Vanessa moved to the USA, leaving the mission. In the same year, Cantores de Deus welcomed Robson Jr., and in 2004, with Suely&#039;s departure, Andr\u00e9ia Zanardi joined. With the new lineup, they recorded the CD \u201cNas ruas do pa\u00eds\u201d (2004).<\/p>\n<p>Between 2000 and 2002, the group presented the TV program &quot;Palavras que n\u00e3o passam&quot; (Words that Don&#039;t Pass Away), broadcast on Rede Vida Television, together with Father Zezinho, scj. Shortly after, they got their own program, &quot;Universo em Can\u00e7\u00e3o&quot; (Universe in Song), also broadcast on Rede Vida, until 2004.<\/p>\n<p>With the release of the CD &quot;Nas ruas do pa\u00eds&quot; (On the streets of the country) in the new lineup, now with Karla Fioravante, Dalva Ten\u00f3rio, Andr\u00e9ia Zanardi, and Robson Jr., they received a double gold record from their record label, Paulinas Comep, for sales of the CDs: &quot;Em verso e em can\u00e7\u00e3o&quot; (In verse and in song) and &quot;Iguais&quot; (Equals). In December 2006, Robson Jr. passed away, and then, even with so many changes, the group Cantores de Deus decided to continue. In 2007, in celebration of 10 years of evangelization, the CD &quot;Nossa Hist\u00f3ria&quot; (Our History) was released, featuring the participation of former members and re-recordings of songs from the first CD with a new arrangement.<\/p>\n<p>Also in 2007, he participated in Pope Benedict XVI&#039;s visit to Brazil, as well as the canonization mass of Frei Galv\u00e3o. In 2011 he had the honor of participating in World Youth Day in Madrid with Pope Benedict XVI and in 2013, in Rio de Janeiro, with Pope Francis.<\/p>\n<p>In August 2009, they released the CD &quot;Mulheres&quot; (Women), their seventh album, reflecting the group&#039;s new phase with its three members: Karla, Dalva, and Andr\u00e9ia. In December 2011, the DVD &quot;Mulheres ao vivo&quot; (Women Live) was released, solidifying this new identity, and in early 2012, the CD &quot;Mulheres ao vivo&quot; was released. The &quot;Mulheres&quot; DVD features a selection of songs that marked their 15-year history of evangelization, as well as two new songs.<\/p>\n<p>Those who participated in this moment included friends of Catholic music: Fr. Zezinho, scj, Ziza Fernandes, Suely Fa\u00e7anha, Walmir Alencar, Eliana Ribeiro, and Oswaldinho do Acordeon.<\/p>\n<p>In addition to three awards for best Catholic vocal group at the &quot;Trof\u00e9u Louvemos o Senhor&quot; held by TV S\u00e9culo 21, in 2012 the group Cantores de Deus received the trophy for best DVD of 2011 and also a nomination for the &quot;Latin Grammy&quot; for best Christian album, with the CD Mulheres ao vivo.<\/p>\n<p>With a solid history in Catholic music, in 2015 she released the original CD entitled &quot;Women in Focus, Strength and Faith,&quot; which translates, in song, the strength and beauty of women who have faith and who, despite difficulties, sustain themselves in God&#039;s love. In 2019, Andr\u00e9ia Zanardi, Karla Fioravante, and Dalva Ten\u00f3rio released the EP &quot;Women of Faith in Faith&quot; with songs that make one think about the meaning of life, about loving and feeling loved, about comforting the pain of loved ones. They are not a &quot;miracle cure,&quot; but they aim to be a solace for the wounds of the heart.<\/p>\n<p>The Cantores de Deus group continues to make history and remains steadfast in its desire to transform hearts through evangelizing music. May this song of faith, love, and hope reach more and more lives each day!<\/p>","protected":false},"excerpt":{"rendered":"<p>Est\u00e1 marcada para o dia 19 de agosto a abertura oficial da Festa do Beato Padre Eust\u00e1quio 2023. Com o tema: 80 anos de Sa\u00fade e Paz, as comemora\u00e7\u00f5es come\u00e7am com um show com o grupo Cantores de Deus. A apresenta\u00e7\u00e3o est\u00e1 prevista para acontecer na Igreja do Beato Padre Eust\u00e1quio, \u00e0s 19h. Paroquianos e devotos do beato, que este ano relembram 80 anos de morte do bem-aventurado, est\u00e3o convidados a assistirem a apresenta\u00e7\u00e3o sem precisar pagar por ingresso. A organiza\u00e7\u00e3o do evento est\u00e1 avaliando como ser\u00e1 o controle de entrada e em breve teremos mais informa\u00e7\u00f5es. Os Cantores de [&hellip;]<\/p>\n","protected":false},"author":2,"featured_media":10619,"comment_status":"open","ping_status":"closed","sticky":false,"template":"","format":"standard","meta":{"_acf_changed":false,"footnotes":""},"categories":[611],"tags":[],"class_list":["post-10618","post","type-post","status-publish","format-standard","has-post-thumbnail","hentry","category-noticias"],"acf":[],"yoast_head":"<!-- This site is optimized with the Yoast SEO plugin v27.2 - https:\/\/yoast.com\/product\/yoast-seo-wordpress\/ -->\n<title>Show com os Cantores de Deus abrir\u00e1 os 80 anos da Festa de Padre Eust\u00e1quio<\/title>\n<meta name=\"description\" content=\"Est\u00e1 marcada para o dia 19 de agosto a abertura oficial da Festa do Beato Padre Eust\u00e1quio 2023. Com o tema: 80 anos de Sa\u00fade e Paz, as comemora\u00e7\u00f5es come\u00e7am com um show com o grupo Cantores de Deus.\" \/>\n<meta name=\"robots\" content=\"index, follow, max-snippet:-1, max-image-preview:large, max-video-preview:-1\" \/>\n<link rel=\"canonical\" href=\"https:\/\/www.padreeustaquio.com.br\/en\/a-show-featuring-singers-of-god-will-open-the-80th-anniversary-celebrations-of-the-padre-eustaquio-festival\/\" \/>\n<meta property=\"og:locale\" content=\"en_US\" \/>\n<meta property=\"og:type\" content=\"article\" \/>\n<meta property=\"og:title\" content=\"Show com os Cantores de Deus abrir\u00e1 os 80 anos da Festa de Padre Eust\u00e1quio\" \/>\n<meta property=\"og:description\" content=\"Est\u00e1 marcada para o dia 19 de agosto a abertura oficial da Festa do Beato Padre Eust\u00e1quio 2023. Com o tema: 80 anos de Sa\u00fade e Paz, as comemora\u00e7\u00f5es come\u00e7am com um show com o grupo Cantores de Deus.\" \/>\n<meta property=\"og:url\" content=\"https:\/\/www.padreeustaquio.com.br\/en\/a-show-featuring-singers-of-god-will-open-the-80th-anniversary-celebrations-of-the-padre-eustaquio-festival\/\" \/>\n<meta property=\"og:site_name\" content=\"Padre Eust\u00e1quio\" \/>\n<meta property=\"article:publisher\" content=\"https:\/\/www.facebook.com\/beatopadreeustaquio\/\" \/>\n<meta property=\"article:published_time\" content=\"2023-06-30T09:08:50+00:00\" \/>\n<meta property=\"og:image\" content=\"https:\/\/www.padreeustaquio.com.br\/wp-content\/uploads\/2023\/06\/CANTORES-DE-DEUS.png\" \/>\n\t<meta property=\"og:image:width\" content=\"875\" \/>\n\t<meta property=\"og:image:height\" content=\"591\" \/>\n\t<meta property=\"og:image:type\" content=\"image\/png\" \/>\n<meta name=\"author\" content=\"@sscc\" \/>\n<meta name=\"twitter:card\" content=\"summary_large_image\" \/>\n<meta name=\"twitter:creator\" content=\"@beatopeustaquio\" \/>\n<meta name=\"twitter:site\" content=\"@beatopeustaquio\" \/>\n<meta name=\"twitter:label1\" content=\"Written by\" \/>\n\t<meta name=\"twitter:data1\" content=\"@sscc\" \/>\n\t<meta name=\"twitter:label2\" content=\"Est. reading time\" \/>\n\t<meta name=\"twitter:data2\" content=\"4 minutes\" \/>\n<script type=\"application\/ld+json\" class=\"yoast-schema-graph\">{\"@context\":\"https:\/\/schema.org\",\"@graph\":[{\"@type\":\"Article\",\"@id\":\"https:\/\/www.padreeustaquio.com.br\/show-com-os-cantores-de-deus-abrira-os-80-anos-da-festa-de-padre-eustaquio\/#article\",\"isPartOf\":{\"@id\":\"https:\/\/www.padreeustaquio.com.br\/show-com-os-cantores-de-deus-abrira-os-80-anos-da-festa-de-padre-eustaquio\/\"},\"author\":{\"name\":\"@sscc\",\"@id\":\"https:\/\/www.padreeustaquio.com.br\/#\/schema\/person\/a2a51db1d00f1a7af0204a0f1ddb1566\"},\"headline\":\"Show com os Cantores de Deus abrir\u00e1 os 80 anos da Festa de Padre Eust\u00e1quio\",\"datePublished\":\"2023-06-30T09:08:50+00:00\",\"mainEntityOfPage\":{\"@id\":\"https:\/\/www.padreeustaquio.com.br\/show-com-os-cantores-de-deus-abrira-os-80-anos-da-festa-de-padre-eustaquio\/\"},\"wordCount\":784,\"commentCount\":0,\"publisher\":{\"@id\":\"https:\/\/www.padreeustaquio.com.br\/#organization\"},\"image\":{\"@id\":\"https:\/\/www.padreeustaquio.com.br\/show-com-os-cantores-de-deus-abrira-os-80-anos-da-festa-de-padre-eustaquio\/#primaryimage\"},\"thumbnailUrl\":\"https:\/\/www.padreeustaquio.com.br\/wp-content\/uploads\/2023\/06\/CANTORES-DE-DEUS.png\",\"articleSection\":[\"Not\u00edcias\"],\"inLanguage\":\"en-US\",\"potentialAction\":[{\"@type\":\"CommentAction\",\"name\":\"Comment\",\"target\":[\"https:\/\/www.padreeustaquio.com.br\/show-com-os-cantores-de-deus-abrira-os-80-anos-da-festa-de-padre-eustaquio\/#respond\"]}]},{\"@type\":\"WebPage\",\"@id\":\"https:\/\/www.padreeustaquio.com.br\/show-com-os-cantores-de-deus-abrira-os-80-anos-da-festa-de-padre-eustaquio\/\",\"url\":\"https:\/\/www.padreeustaquio.com.br\/show-com-os-cantores-de-deus-abrira-os-80-anos-da-festa-de-padre-eustaquio\/\",\"name\":\"Show com os Cantores de Deus abrir\u00e1 os 80 anos da Festa de Padre Eust\u00e1quio\",\"isPartOf\":{\"@id\":\"https:\/\/www.padreeustaquio.com.br\/#website\"},\"primaryImageOfPage\":{\"@id\":\"https:\/\/www.padreeustaquio.com.br\/show-com-os-cantores-de-deus-abrira-os-80-anos-da-festa-de-padre-eustaquio\/#primaryimage\"},\"image\":{\"@id\":\"https:\/\/www.padreeustaquio.com.br\/show-com-os-cantores-de-deus-abrira-os-80-anos-da-festa-de-padre-eustaquio\/#primaryimage\"},\"thumbnailUrl\":\"https:\/\/www.padreeustaquio.com.br\/wp-content\/uploads\/2023\/06\/CANTORES-DE-DEUS.png\",\"datePublished\":\"2023-06-30T09:08:50+00:00\",\"description\":\"Est\u00e1 marcada para o dia 19 de agosto a abertura oficial da Festa do Beato Padre Eust\u00e1quio 2023. Com o tema: 80 anos de Sa\u00fade e Paz, as comemora\u00e7\u00f5es come\u00e7am com um show com o grupo Cantores de Deus.\",\"breadcrumb\":{\"@id\":\"https:\/\/www.padreeustaquio.com.br\/show-com-os-cantores-de-deus-abrira-os-80-anos-da-festa-de-padre-eustaquio\/#breadcrumb\"},\"inLanguage\":\"en-US\",\"potentialAction\":[{\"@type\":\"ReadAction\",\"target\":[\"https:\/\/www.padreeustaquio.com.br\/show-com-os-cantores-de-deus-abrira-os-80-anos-da-festa-de-padre-eustaquio\/\"]}]},{\"@type\":\"ImageObject\",\"inLanguage\":\"en-US\",\"@id\":\"https:\/\/www.padreeustaquio.com.br\/show-com-os-cantores-de-deus-abrira-os-80-anos-da-festa-de-padre-eustaquio\/#primaryimage\",\"url\":\"https:\/\/www.padreeustaquio.com.br\/wp-content\/uploads\/2023\/06\/CANTORES-DE-DEUS.png\",\"contentUrl\":\"https:\/\/www.padreeustaquio.com.br\/wp-content\/uploads\/2023\/06\/CANTORES-DE-DEUS.png\",\"width\":875,\"height\":591,\"caption\":\"Foto: Juliene Barros\"},{\"@type\":\"BreadcrumbList\",\"@id\":\"https:\/\/www.padreeustaquio.com.br\/show-com-os-cantores-de-deus-abrira-os-80-anos-da-festa-de-padre-eustaquio\/#breadcrumb\",\"itemListElement\":[{\"@type\":\"ListItem\",\"position\":1,\"name\":\"In\u00edcio\",\"item\":\"https:\/\/www.padreeustaquio.com.br\/\"},{\"@type\":\"ListItem\",\"position\":2,\"name\":\"Show com os Cantores de Deus abrir\u00e1 os 80 anos da Festa de Padre Eust\u00e1quio\"}]},{\"@type\":\"WebSite\",\"@id\":\"https:\/\/www.padreeustaquio.com.br\/#website\",\"url\":\"https:\/\/www.padreeustaquio.com.br\/\",\"name\":\"Padre Eust\u00e1quio\",\"description\":\"Sa\u00fade e Paz\",\"publisher\":{\"@id\":\"https:\/\/www.padreeustaquio.com.br\/#organization\"},\"potentialAction\":[{\"@type\":\"SearchAction\",\"target\":{\"@type\":\"EntryPoint\",\"urlTemplate\":\"https:\/\/www.padreeustaquio.com.br\/?s={search_term_string}\"},\"query-input\":{\"@type\":\"PropertyValueSpecification\",\"valueRequired\":true,\"valueName\":\"search_term_string\"}}],\"inLanguage\":\"en-US\"},{\"@type\":\"Organization\",\"@id\":\"https:\/\/www.padreeustaquio.com.br\/#organization\",\"name\":\"Padre Eust\u00e1quio\",\"url\":\"https:\/\/www.padreeustaquio.com.br\/\",\"logo\":{\"@type\":\"ImageObject\",\"inLanguage\":\"en-US\",\"@id\":\"https:\/\/www.padreeustaquio.com.br\/#\/schema\/logo\/image\/\",\"url\":\"https:\/\/www.padreeustaquio.com.br\/wp-content\/uploads\/2019\/08\/marca.png\",\"contentUrl\":\"https:\/\/www.padreeustaquio.com.br\/wp-content\/uploads\/2019\/08\/marca.png\",\"width\":350,\"height\":400,\"caption\":\"Padre Eust\u00e1quio\"},\"image\":{\"@id\":\"https:\/\/www.padreeustaquio.com.br\/#\/schema\/logo\/image\/\"},\"sameAs\":[\"https:\/\/www.facebook.com\/beatopadreeustaquio\/\",\"https:\/\/x.com\/beatopeustaquio\",\"https:\/\/www.instagram.com\/beatopadreeustaquio\/\",\"https:\/\/www.youtube.com\/channel\/UCRhw7vfabnajwLxb1ZXMeIw\"]},{\"@type\":\"Person\",\"@id\":\"https:\/\/www.padreeustaquio.com.br\/#\/schema\/person\/a2a51db1d00f1a7af0204a0f1ddb1566\",\"name\":\"@sscc\",\"image\":{\"@type\":\"ImageObject\",\"inLanguage\":\"en-US\",\"@id\":\"https:\/\/secure.gravatar.com\/avatar\/68cfafa5f44617fea54071e215026e0ff06be366c3d54a8425f04fdcb86f8c5f?s=96&d=mm&r=g\",\"url\":\"https:\/\/secure.gravatar.com\/avatar\/68cfafa5f44617fea54071e215026e0ff06be366c3d54a8425f04fdcb86f8c5f?s=96&d=mm&r=g\",\"contentUrl\":\"https:\/\/secure.gravatar.com\/avatar\/68cfafa5f44617fea54071e215026e0ff06be366c3d54a8425f04fdcb86f8c5f?s=96&d=mm&r=g\",\"caption\":\"@sscc\"},\"url\":\"https:\/\/www.padreeustaquio.com.br\/en\/author\/sscc\/\"}]}<\/script>\n<!-- \/ Yoast SEO plugin. -->","yoast_head_json":{"title":"A concert featuring the &quot;Cantores de Deus&quot; (Singers of God) will kick off the 80th anniversary celebrations of the Padre Eust\u00e1quio Festival.","description":"The official opening of the 2023 Blessed Father Eustace Festival is scheduled for August 19th. With the theme: 80 Years of Health and Peace, the celebrations begin with a concert by the group Cantores de Deus.","robots":{"index":"index","follow":"follow","max-snippet":"max-snippet:-1","max-image-preview":"max-image-preview:large","max-video-preview":"max-video-preview:-1"},"canonical":"https:\/\/www.padreeustaquio.com.br\/en\/a-show-featuring-singers-of-god-will-open-the-80th-anniversary-celebrations-of-the-padre-eustaquio-festival\/","og_locale":"en_US","og_type":"article","og_title":"Show com os Cantores de Deus abrir\u00e1 os 80 anos da Festa de Padre Eust\u00e1quio","og_description":"Est\u00e1 marcada para o dia 19 de agosto a abertura oficial da Festa do Beato Padre Eust\u00e1quio 2023. Com o tema: 80 anos de Sa\u00fade e Paz, as comemora\u00e7\u00f5es come\u00e7am com um show com o grupo Cantores de Deus.","og_url":"https:\/\/www.padreeustaquio.com.br\/en\/a-show-featuring-singers-of-god-will-open-the-80th-anniversary-celebrations-of-the-padre-eustaquio-festival\/","og_site_name":"Padre Eust\u00e1quio","article_publisher":"https:\/\/www.facebook.com\/beatopadreeustaquio\/","article_published_time":"2023-06-30T09:08:50+00:00","og_image":[{"width":875,"height":591,"url":"https:\/\/www.padreeustaquio.com.br\/wp-content\/uploads\/2023\/06\/CANTORES-DE-DEUS.png","type":"image\/png"}],"author":"@sscc","twitter_card":"summary_large_image","twitter_creator":"@beatopeustaquio","twitter_site":"@beatopeustaquio","twitter_misc":{"Written by":"@sscc","Est. reading time":"4 minutes"},"schema":{"@context":"https:\/\/schema.org","@graph":[{"@type":"Article","@id":"https:\/\/www.padreeustaquio.com.br\/show-com-os-cantores-de-deus-abrira-os-80-anos-da-festa-de-padre-eustaquio\/#article","isPartOf":{"@id":"https:\/\/www.padreeustaquio.com.br\/show-com-os-cantores-de-deus-abrira-os-80-anos-da-festa-de-padre-eustaquio\/"},"author":{"name":"@sscc","@id":"https:\/\/www.padreeustaquio.com.br\/#\/schema\/person\/a2a51db1d00f1a7af0204a0f1ddb1566"},"headline":"Show com os Cantores de Deus abrir\u00e1 os 80 anos da Festa de Padre Eust\u00e1quio","datePublished":"2023-06-30T09:08:50+00:00","mainEntityOfPage":{"@id":"https:\/\/www.padreeustaquio.com.br\/show-com-os-cantores-de-deus-abrira-os-80-anos-da-festa-de-padre-eustaquio\/"},"wordCount":784,"commentCount":0,"publisher":{"@id":"https:\/\/www.padreeustaquio.com.br\/#organization"},"image":{"@id":"https:\/\/www.padreeustaquio.com.br\/show-com-os-cantores-de-deus-abrira-os-80-anos-da-festa-de-padre-eustaquio\/#primaryimage"},"thumbnailUrl":"https:\/\/www.padreeustaquio.com.br\/wp-content\/uploads\/2023\/06\/CANTORES-DE-DEUS.png","articleSection":["Not\u00edcias"],"inLanguage":"en-US","potentialAction":[{"@type":"CommentAction","name":"Comment","target":["https:\/\/www.padreeustaquio.com.br\/show-com-os-cantores-de-deus-abrira-os-80-anos-da-festa-de-padre-eustaquio\/#respond"]}]},{"@type":"WebPage","@id":"https:\/\/www.padreeustaquio.com.br\/show-com-os-cantores-de-deus-abrira-os-80-anos-da-festa-de-padre-eustaquio\/","url":"https:\/\/www.padreeustaquio.com.br\/show-com-os-cantores-de-deus-abrira-os-80-anos-da-festa-de-padre-eustaquio\/","name":"A concert featuring the &quot;Cantores de Deus&quot; (Singers of God) will kick off the 80th anniversary celebrations of the Padre Eust\u00e1quio Festival.","isPartOf":{"@id":"https:\/\/www.padreeustaquio.com.br\/#website"},"primaryImageOfPage":{"@id":"https:\/\/www.padreeustaquio.com.br\/show-com-os-cantores-de-deus-abrira-os-80-anos-da-festa-de-padre-eustaquio\/#primaryimage"},"image":{"@id":"https:\/\/www.padreeustaquio.com.br\/show-com-os-cantores-de-deus-abrira-os-80-anos-da-festa-de-padre-eustaquio\/#primaryimage"},"thumbnailUrl":"https:\/\/www.padreeustaquio.com.br\/wp-content\/uploads\/2023\/06\/CANTORES-DE-DEUS.png","datePublished":"2023-06-30T09:08:50+00:00","description":"The official opening of the 2023 Blessed Father Eustace Festival is scheduled for August 19th. With the theme: 80 Years of Health and Peace, the celebrations begin with a concert by the group Cantores de Deus.","breadcrumb":{"@id":"https:\/\/www.padreeustaquio.com.br\/show-com-os-cantores-de-deus-abrira-os-80-anos-da-festa-de-padre-eustaquio\/#breadcrumb"},"inLanguage":"en-US","potentialAction":[{"@type":"ReadAction","target":["https:\/\/www.padreeustaquio.com.br\/show-com-os-cantores-de-deus-abrira-os-80-anos-da-festa-de-padre-eustaquio\/"]}]},{"@type":"ImageObject","inLanguage":"en-US","@id":"https:\/\/www.padreeustaquio.com.br\/show-com-os-cantores-de-deus-abrira-os-80-anos-da-festa-de-padre-eustaquio\/#primaryimage","url":"https:\/\/www.padreeustaquio.com.br\/wp-content\/uploads\/2023\/06\/CANTORES-DE-DEUS.png","contentUrl":"https:\/\/www.padreeustaquio.com.br\/wp-content\/uploads\/2023\/06\/CANTORES-DE-DEUS.png","width":875,"height":591,"caption":"Foto: Juliene Barros"},{"@type":"BreadcrumbList","@id":"https:\/\/www.padreeustaquio.com.br\/show-com-os-cantores-de-deus-abrira-os-80-anos-da-festa-de-padre-eustaquio\/#breadcrumb","itemListElement":[{"@type":"ListItem","position":1,"name":"In\u00edcio","item":"https:\/\/www.padreeustaquio.com.br\/"},{"@type":"ListItem","position":2,"name":"Show com os Cantores de Deus abrir\u00e1 os 80 anos da Festa de Padre Eust\u00e1quio"}]},{"@type":"WebSite","@id":"https:\/\/www.padreeustaquio.com.br\/#website","url":"https:\/\/www.padreeustaquio.com.br\/","name":"FATHER EUST\u00c1QUIO","description":"Health and Peace","publisher":{"@id":"https:\/\/www.padreeustaquio.com.br\/#organization"},"potentialAction":[{"@type":"SearchAction","target":{"@type":"EntryPoint","urlTemplate":"https:\/\/www.padreeustaquio.com.br\/?s={search_term_string}"},"query-input":{"@type":"PropertyValueSpecification","valueRequired":true,"valueName":"search_term_string"}}],"inLanguage":"en-US"},{"@type":"Organization","@id":"https:\/\/www.padreeustaquio.com.br\/#organization","name":"FATHER EUST\u00c1QUIO","url":"https:\/\/www.padreeustaquio.com.br\/","logo":{"@type":"ImageObject","inLanguage":"en-US","@id":"https:\/\/www.padreeustaquio.com.br\/#\/schema\/logo\/image\/","url":"https:\/\/www.padreeustaquio.com.br\/wp-content\/uploads\/2019\/08\/marca.png","contentUrl":"https:\/\/www.padreeustaquio.com.br\/wp-content\/uploads\/2019\/08\/marca.png","width":350,"height":400,"caption":"Padre Eust\u00e1quio"},"image":{"@id":"https:\/\/www.padreeustaquio.com.br\/#\/schema\/logo\/image\/"},"sameAs":["https:\/\/www.facebook.com\/beatopadreeustaquio\/","https:\/\/x.com\/beatopeustaquio","https:\/\/www.instagram.com\/beatopadreeustaquio\/","https:\/\/www.youtube.com\/channel\/UCRhw7vfabnajwLxb1ZXMeIw"]},{"@type":"Person","@id":"https:\/\/www.padreeustaquio.com.br\/#\/schema\/person\/a2a51db1d00f1a7af0204a0f1ddb1566","name":"@sscc","image":{"@type":"ImageObject","inLanguage":"en-US","@id":"https:\/\/secure.gravatar.com\/avatar\/68cfafa5f44617fea54071e215026e0ff06be366c3d54a8425f04fdcb86f8c5f?s=96&d=mm&r=g","url":"https:\/\/secure.gravatar.com\/avatar\/68cfafa5f44617fea54071e215026e0ff06be366c3d54a8425f04fdcb86f8c5f?s=96&d=mm&r=g","contentUrl":"https:\/\/secure.gravatar.com\/avatar\/68cfafa5f44617fea54071e215026e0ff06be366c3d54a8425f04fdcb86f8c5f?s=96&d=mm&r=g","caption":"@sscc"},"url":"https:\/\/www.padreeustaquio.com.br\/en\/author\/sscc\/"}]}},"_links":{"self":[{"href":"https:\/\/www.padreeustaquio.com.br\/en\/wp-json\/wp\/v2\/posts\/10618","targetHints":{"allow":["GET"]}}],"collection":[{"href":"https:\/\/www.padreeustaquio.com.br\/en\/wp-json\/wp\/v2\/posts"}],"about":[{"href":"https:\/\/www.padreeustaquio.com.br\/en\/wp-json\/wp\/v2\/types\/post"}],"author":[{"embeddable":true,"href":"https:\/\/www.padreeustaquio.com.br\/en\/wp-json\/wp\/v2\/users\/2"}],"replies":[{"embeddable":true,"href":"https:\/\/www.padreeustaquio.com.br\/en\/wp-json\/wp\/v2\/comments?post=10618"}],"version-history":[{"count":0,"href":"https:\/\/www.padreeustaquio.com.br\/en\/wp-json\/wp\/v2\/posts\/10618\/revisions"}],"wp:featuredmedia":[{"embeddable":true,"href":"https:\/\/www.padreeustaquio.com.br\/en\/wp-json\/wp\/v2\/media\/10619"}],"wp:attachment":[{"href":"https:\/\/www.padreeustaquio.com.br\/en\/wp-json\/wp\/v2\/media?parent=10618"}],"wp:term":[{"taxonomy":"category","embeddable":true,"href":"https:\/\/www.padreeustaquio.com.br\/en\/wp-json\/wp\/v2\/categories?post=10618"},{"taxonomy":"post_tag","embeddable":true,"href":"https:\/\/www.padreeustaquio.com.br\/en\/wp-json\/wp\/v2\/tags?post=10618"}],"curies":[{"name":"wp","href":"https:\/\/api.w.org\/{rel}","templated":true}]}}