{"id":10608,"date":"2023-06-27T06:55:05","date_gmt":"2023-06-27T09:55:05","guid":{"rendered":"https:\/\/www.padreeustaquio.com.br\/?p=10608"},"modified":"2023-06-27T09:29:56","modified_gmt":"2023-06-27T12:29:56","slug":"father-wanderson-sscc-celebrates-his-first-mass-in-belo-horizonte","status":"publish","type":"post","link":"https:\/\/www.padreeustaquio.com.br\/en\/father-wanderson-sscc-celebrates-his-first-mass-in-belo-horizonte\/","title":{"rendered":"Father Wanderson, SSCC, celebrates his first Mass in Belo Horizonte."},"content":{"rendered":"<p>Last Sunday, as part of the Sacred Hearts Week festivities, the Sanctuary of Health and Peace welcomed Fr. Wanderson de Souza Alves, SSCC, for his first Eucharistic Celebration in Belo Horizonte, Minas Gerais. The Holy Mass was attended by members of the Sacred Hearts Brothers and representatives of parish movements and pastoral groups.<\/p>\n<p>The celebration was broadcast on the Padre Eust\u00e1quio Channel on YouTube. <a href=\"https:\/\/www.youtube.com\/watch?v=HZu-OWILoM8\">REVIEW HERE<\/a>. During the homily, Father Wanderson emphasized the importance of each person in parish life. He also highlighted the difficult work of those dedicated to church affairs.\u00a0 <em>\u201c&quot;Sometimes people wake up early, donate their time, and still have those who show up to crucify them.&quot;\u201d<\/em><\/p>\n<p>Brothers and sisters of the Congregation, including sisters from Peru and Chile who came to Brazil for visits, participated in the Eucharistic Celebration of the newly ordained priest. After the Holy Mass, Fr. Wanderson socialized with the parishioners at the coffee break and catechetical fair that took place at the Sanctuary.<\/p>\n<p>Now, the new priest is heading to Patroc\u00ednio, where he will celebrate Mass this Tuesday evening, the 27th, at 7 pm.<\/p>","protected":false},"excerpt":{"rendered":"<p>No \u00faltimo domingo, dentro das festividades da Semana dos Sagrados Cora\u00e7\u00f5es, o Santu\u00e1rio da Sa\u00fade e da Paz, recebeu o Pe. Wanderson de Souza Alves, SSCC, para sua primeira Celebra\u00e7\u00e3o Eucar\u00edstica em Belo Horizonte-MG. A Santa Missa contou com a participa\u00e7\u00e3o dos irm\u00e3os dos Sagrados Cora\u00e7\u00f5es e de representantes de movimentos e pastorais da par\u00f3quia. A celebra\u00e7\u00e3o foi transmitida pelo Canal Padre Eust\u00e1quio, no YouTube. REVEJA AQUI. Durante a homilia, Pe. Wanderson ressaltou a import\u00e2ncia de cada pessoa na vida paroquial. Destacou tamb\u00e9m o dif\u00edcil trabalho de quem se dedica \u00e0s coisas da igreja:\u00a0 &#8220;Pessoas, \u00e0s vezes acordam cedo, doam [&hellip;]<\/p>\n","protected":false},"author":2,"featured_media":10609,"comment_status":"open","ping_status":"closed","sticky":false,"template":"","format":"standard","meta":{"_acf_changed":false,"footnotes":""},"categories":[611],"tags":[],"class_list":["post-10608","post","type-post","status-publish","format-standard","has-post-thumbnail","hentry","category-noticias"],"acf":[],"yoast_head":"<!-- This site is optimized with the Yoast SEO plugin v27.2 - https:\/\/yoast.com\/product\/yoast-seo-wordpress\/ -->\n<title>Padre Wanderson, SSCC, celebra primeira missa em BH<\/title>\n<meta name=\"description\" content=\"No \u00faltimo domingo, dentro das festividades da Semana dos Sagrados Cora\u00e7\u00f5es, o Santu\u00e1rio da Sa\u00fade e da Paz, recebeu o Pe. Wanderson de Souza Alves, SSCC, para sua primeira Celebra\u00e7\u00e3o Eucar\u00edstica em Belo Horizonte-MG. A Santa Missa contou com a participa\u00e7\u00e3o dos irm\u00e3os dos Sagrados Cora\u00e7\u00f5es e de representantes de movimentos e pastorais da par\u00f3quia.\" \/>\n<meta name=\"robots\" content=\"index, follow, max-snippet:-1, max-image-preview:large, max-video-preview:-1\" \/>\n<link rel=\"canonical\" href=\"https:\/\/www.padreeustaquio.com.br\/en\/?p=10608\" \/>\n<meta property=\"og:locale\" content=\"en_US\" \/>\n<meta property=\"og:type\" content=\"article\" \/>\n<meta property=\"og:title\" content=\"Padre Wanderson, SSCC, celebra primeira missa em BH\" \/>\n<meta property=\"og:description\" content=\"No \u00faltimo domingo, dentro das festividades da Semana dos Sagrados Cora\u00e7\u00f5es, o Santu\u00e1rio da Sa\u00fade e da Paz, recebeu o Pe. Wanderson de Souza Alves, SSCC, para sua primeira Celebra\u00e7\u00e3o Eucar\u00edstica em Belo Horizonte-MG. A Santa Missa contou com a participa\u00e7\u00e3o dos irm\u00e3os dos Sagrados Cora\u00e7\u00f5es e de representantes de movimentos e pastorais da par\u00f3quia.\" \/>\n<meta property=\"og:url\" content=\"https:\/\/www.padreeustaquio.com.br\/en\/?p=10608\" \/>\n<meta property=\"og:site_name\" content=\"Padre Eust\u00e1quio\" \/>\n<meta property=\"article:publisher\" content=\"https:\/\/www.facebook.com\/beatopadreeustaquio\/\" \/>\n<meta property=\"article:published_time\" content=\"2023-06-27T09:55:05+00:00\" \/>\n<meta property=\"article:modified_time\" content=\"2023-06-27T12:29:56+00:00\" \/>\n<meta property=\"og:image\" content=\"https:\/\/www.padreeustaquio.com.br\/wp-content\/uploads\/2023\/06\/Primeira-missa-padre-wanderson.jpeg\" \/>\n\t<meta property=\"og:image:width\" content=\"1600\" \/>\n\t<meta property=\"og:image:height\" content=\"1200\" \/>\n\t<meta property=\"og:image:type\" content=\"image\/jpeg\" \/>\n<meta name=\"author\" content=\"@sscc\" \/>\n<meta name=\"twitter:card\" content=\"summary_large_image\" \/>\n<meta name=\"twitter:creator\" content=\"@beatopeustaquio\" \/>\n<meta name=\"twitter:site\" content=\"@beatopeustaquio\" \/>\n<meta name=\"twitter:label1\" content=\"Written by\" \/>\n\t<meta name=\"twitter:data1\" content=\"@sscc\" \/>\n\t<meta name=\"twitter:label2\" content=\"Est. reading time\" \/>\n\t<meta name=\"twitter:data2\" content=\"1 minute\" \/>\n<script type=\"application\/ld+json\" class=\"yoast-schema-graph\">{\"@context\":\"https:\/\/schema.org\",\"@graph\":[{\"@type\":\"Article\",\"@id\":\"https:\/\/www.padreeustaquio.com.br\/?p=10608#article\",\"isPartOf\":{\"@id\":\"https:\/\/www.padreeustaquio.com.br\/?p=10608\"},\"author\":{\"name\":\"@sscc\",\"@id\":\"https:\/\/www.padreeustaquio.com.br\/#\/schema\/person\/a2a51db1d00f1a7af0204a0f1ddb1566\"},\"headline\":\"Padre Wanderson, SSCC, celebra primeira missa em BH\",\"datePublished\":\"2023-06-27T09:55:05+00:00\",\"dateModified\":\"2023-06-27T12:29:56+00:00\",\"mainEntityOfPage\":{\"@id\":\"https:\/\/www.padreeustaquio.com.br\/?p=10608\"},\"wordCount\":205,\"commentCount\":0,\"publisher\":{\"@id\":\"https:\/\/www.padreeustaquio.com.br\/#organization\"},\"image\":{\"@id\":\"https:\/\/www.padreeustaquio.com.br\/?p=10608#primaryimage\"},\"thumbnailUrl\":\"https:\/\/www.padreeustaquio.com.br\/wp-content\/uploads\/2023\/06\/Primeira-missa-padre-wanderson.jpeg\",\"articleSection\":[\"Not\u00edcias\"],\"inLanguage\":\"en-US\",\"potentialAction\":[{\"@type\":\"CommentAction\",\"name\":\"Comment\",\"target\":[\"https:\/\/www.padreeustaquio.com.br\/?p=10608#respond\"]}]},{\"@type\":\"WebPage\",\"@id\":\"https:\/\/www.padreeustaquio.com.br\/?p=10608\",\"url\":\"https:\/\/www.padreeustaquio.com.br\/?p=10608\",\"name\":\"Padre Wanderson, SSCC, celebra primeira missa em BH\",\"isPartOf\":{\"@id\":\"https:\/\/www.padreeustaquio.com.br\/#website\"},\"primaryImageOfPage\":{\"@id\":\"https:\/\/www.padreeustaquio.com.br\/?p=10608#primaryimage\"},\"image\":{\"@id\":\"https:\/\/www.padreeustaquio.com.br\/?p=10608#primaryimage\"},\"thumbnailUrl\":\"https:\/\/www.padreeustaquio.com.br\/wp-content\/uploads\/2023\/06\/Primeira-missa-padre-wanderson.jpeg\",\"datePublished\":\"2023-06-27T09:55:05+00:00\",\"dateModified\":\"2023-06-27T12:29:56+00:00\",\"description\":\"No \u00faltimo domingo, dentro das festividades da Semana dos Sagrados Cora\u00e7\u00f5es, o Santu\u00e1rio da Sa\u00fade e da Paz, recebeu o Pe. Wanderson de Souza Alves, SSCC, para sua primeira Celebra\u00e7\u00e3o Eucar\u00edstica em Belo Horizonte-MG. A Santa Missa contou com a participa\u00e7\u00e3o dos irm\u00e3os dos Sagrados Cora\u00e7\u00f5es e de representantes de movimentos e pastorais da par\u00f3quia.\",\"breadcrumb\":{\"@id\":\"https:\/\/www.padreeustaquio.com.br\/?p=10608#breadcrumb\"},\"inLanguage\":\"en-US\",\"potentialAction\":[{\"@type\":\"ReadAction\",\"target\":[\"https:\/\/www.padreeustaquio.com.br\/?p=10608\"]}]},{\"@type\":\"ImageObject\",\"inLanguage\":\"en-US\",\"@id\":\"https:\/\/www.padreeustaquio.com.br\/?p=10608#primaryimage\",\"url\":\"https:\/\/www.padreeustaquio.com.br\/wp-content\/uploads\/2023\/06\/Primeira-missa-padre-wanderson.jpeg\",\"contentUrl\":\"https:\/\/www.padreeustaquio.com.br\/wp-content\/uploads\/2023\/06\/Primeira-missa-padre-wanderson.jpeg\",\"width\":1600,\"height\":1200},{\"@type\":\"BreadcrumbList\",\"@id\":\"https:\/\/www.padreeustaquio.com.br\/?p=10608#breadcrumb\",\"itemListElement\":[{\"@type\":\"ListItem\",\"position\":1,\"name\":\"In\u00edcio\",\"item\":\"https:\/\/www.padreeustaquio.com.br\/\"},{\"@type\":\"ListItem\",\"position\":2,\"name\":\"Padre Wanderson, SSCC, celebra primeira missa em BH\"}]},{\"@type\":\"WebSite\",\"@id\":\"https:\/\/www.padreeustaquio.com.br\/#website\",\"url\":\"https:\/\/www.padreeustaquio.com.br\/\",\"name\":\"Padre Eust\u00e1quio\",\"description\":\"Sa\u00fade e Paz\",\"publisher\":{\"@id\":\"https:\/\/www.padreeustaquio.com.br\/#organization\"},\"potentialAction\":[{\"@type\":\"SearchAction\",\"target\":{\"@type\":\"EntryPoint\",\"urlTemplate\":\"https:\/\/www.padreeustaquio.com.br\/?s={search_term_string}\"},\"query-input\":{\"@type\":\"PropertyValueSpecification\",\"valueRequired\":true,\"valueName\":\"search_term_string\"}}],\"inLanguage\":\"en-US\"},{\"@type\":\"Organization\",\"@id\":\"https:\/\/www.padreeustaquio.com.br\/#organization\",\"name\":\"Padre Eust\u00e1quio\",\"url\":\"https:\/\/www.padreeustaquio.com.br\/\",\"logo\":{\"@type\":\"ImageObject\",\"inLanguage\":\"en-US\",\"@id\":\"https:\/\/www.padreeustaquio.com.br\/#\/schema\/logo\/image\/\",\"url\":\"https:\/\/www.padreeustaquio.com.br\/wp-content\/uploads\/2019\/08\/marca.png\",\"contentUrl\":\"https:\/\/www.padreeustaquio.com.br\/wp-content\/uploads\/2019\/08\/marca.png\",\"width\":350,\"height\":400,\"caption\":\"Padre Eust\u00e1quio\"},\"image\":{\"@id\":\"https:\/\/www.padreeustaquio.com.br\/#\/schema\/logo\/image\/\"},\"sameAs\":[\"https:\/\/www.facebook.com\/beatopadreeustaquio\/\",\"https:\/\/x.com\/beatopeustaquio\",\"https:\/\/www.instagram.com\/beatopadreeustaquio\/\",\"https:\/\/www.youtube.com\/channel\/UCRhw7vfabnajwLxb1ZXMeIw\"]},{\"@type\":\"Person\",\"@id\":\"https:\/\/www.padreeustaquio.com.br\/#\/schema\/person\/a2a51db1d00f1a7af0204a0f1ddb1566\",\"name\":\"@sscc\",\"image\":{\"@type\":\"ImageObject\",\"inLanguage\":\"en-US\",\"@id\":\"https:\/\/secure.gravatar.com\/avatar\/68cfafa5f44617fea54071e215026e0ff06be366c3d54a8425f04fdcb86f8c5f?s=96&d=mm&r=g\",\"url\":\"https:\/\/secure.gravatar.com\/avatar\/68cfafa5f44617fea54071e215026e0ff06be366c3d54a8425f04fdcb86f8c5f?s=96&d=mm&r=g\",\"contentUrl\":\"https:\/\/secure.gravatar.com\/avatar\/68cfafa5f44617fea54071e215026e0ff06be366c3d54a8425f04fdcb86f8c5f?s=96&d=mm&r=g\",\"caption\":\"@sscc\"},\"url\":\"https:\/\/www.padreeustaquio.com.br\/en\/author\/sscc\/\"}]}<\/script>\n<!-- \/ Yoast SEO plugin. -->","yoast_head_json":{"title":"Father Wanderson, SSCC, celebrates his first Mass in Belo Horizonte.","description":"Last Sunday, as part of the Sacred Hearts Week festivities, the Sanctuary of Health and Peace welcomed Fr. Wanderson de Souza Alves, SSCC, for his first Eucharistic Celebration in Belo Horizonte, Minas Gerais. The Holy Mass was attended by members of the Sacred Hearts Brothers and representatives of parish movements and pastoral groups.","robots":{"index":"index","follow":"follow","max-snippet":"max-snippet:-1","max-image-preview":"max-image-preview:large","max-video-preview":"max-video-preview:-1"},"canonical":"https:\/\/www.padreeustaquio.com.br\/en\/?p=10608","og_locale":"en_US","og_type":"article","og_title":"Padre Wanderson, SSCC, celebra primeira missa em BH","og_description":"No \u00faltimo domingo, dentro das festividades da Semana dos Sagrados Cora\u00e7\u00f5es, o Santu\u00e1rio da Sa\u00fade e da Paz, recebeu o Pe. Wanderson de Souza Alves, SSCC, para sua primeira Celebra\u00e7\u00e3o Eucar\u00edstica em Belo Horizonte-MG. A Santa Missa contou com a participa\u00e7\u00e3o dos irm\u00e3os dos Sagrados Cora\u00e7\u00f5es e de representantes de movimentos e pastorais da par\u00f3quia.","og_url":"https:\/\/www.padreeustaquio.com.br\/en\/?p=10608","og_site_name":"Padre Eust\u00e1quio","article_publisher":"https:\/\/www.facebook.com\/beatopadreeustaquio\/","article_published_time":"2023-06-27T09:55:05+00:00","article_modified_time":"2023-06-27T12:29:56+00:00","og_image":[{"width":1600,"height":1200,"url":"https:\/\/www.padreeustaquio.com.br\/wp-content\/uploads\/2023\/06\/Primeira-missa-padre-wanderson.jpeg","type":"image\/jpeg"}],"author":"@sscc","twitter_card":"summary_large_image","twitter_creator":"@beatopeustaquio","twitter_site":"@beatopeustaquio","twitter_misc":{"Written by":"@sscc","Est. reading time":"1 minute"},"schema":{"@context":"https:\/\/schema.org","@graph":[{"@type":"Article","@id":"https:\/\/www.padreeustaquio.com.br\/?p=10608#article","isPartOf":{"@id":"https:\/\/www.padreeustaquio.com.br\/?p=10608"},"author":{"name":"@sscc","@id":"https:\/\/www.padreeustaquio.com.br\/#\/schema\/person\/a2a51db1d00f1a7af0204a0f1ddb1566"},"headline":"Padre Wanderson, SSCC, celebra primeira missa em BH","datePublished":"2023-06-27T09:55:05+00:00","dateModified":"2023-06-27T12:29:56+00:00","mainEntityOfPage":{"@id":"https:\/\/www.padreeustaquio.com.br\/?p=10608"},"wordCount":205,"commentCount":0,"publisher":{"@id":"https:\/\/www.padreeustaquio.com.br\/#organization"},"image":{"@id":"https:\/\/www.padreeustaquio.com.br\/?p=10608#primaryimage"},"thumbnailUrl":"https:\/\/www.padreeustaquio.com.br\/wp-content\/uploads\/2023\/06\/Primeira-missa-padre-wanderson.jpeg","articleSection":["Not\u00edcias"],"inLanguage":"en-US","potentialAction":[{"@type":"CommentAction","name":"Comment","target":["https:\/\/www.padreeustaquio.com.br\/?p=10608#respond"]}]},{"@type":"WebPage","@id":"https:\/\/www.padreeustaquio.com.br\/?p=10608","url":"https:\/\/www.padreeustaquio.com.br\/?p=10608","name":"Father Wanderson, SSCC, celebrates his first Mass in Belo Horizonte.","isPartOf":{"@id":"https:\/\/www.padreeustaquio.com.br\/#website"},"primaryImageOfPage":{"@id":"https:\/\/www.padreeustaquio.com.br\/?p=10608#primaryimage"},"image":{"@id":"https:\/\/www.padreeustaquio.com.br\/?p=10608#primaryimage"},"thumbnailUrl":"https:\/\/www.padreeustaquio.com.br\/wp-content\/uploads\/2023\/06\/Primeira-missa-padre-wanderson.jpeg","datePublished":"2023-06-27T09:55:05+00:00","dateModified":"2023-06-27T12:29:56+00:00","description":"Last Sunday, as part of the Sacred Hearts Week festivities, the Sanctuary of Health and Peace welcomed Fr. Wanderson de Souza Alves, SSCC, for his first Eucharistic Celebration in Belo Horizonte, Minas Gerais. The Holy Mass was attended by members of the Sacred Hearts Brothers and representatives of parish movements and pastoral groups.","breadcrumb":{"@id":"https:\/\/www.padreeustaquio.com.br\/?p=10608#breadcrumb"},"inLanguage":"en-US","potentialAction":[{"@type":"ReadAction","target":["https:\/\/www.padreeustaquio.com.br\/?p=10608"]}]},{"@type":"ImageObject","inLanguage":"en-US","@id":"https:\/\/www.padreeustaquio.com.br\/?p=10608#primaryimage","url":"https:\/\/www.padreeustaquio.com.br\/wp-content\/uploads\/2023\/06\/Primeira-missa-padre-wanderson.jpeg","contentUrl":"https:\/\/www.padreeustaquio.com.br\/wp-content\/uploads\/2023\/06\/Primeira-missa-padre-wanderson.jpeg","width":1600,"height":1200},{"@type":"BreadcrumbList","@id":"https:\/\/www.padreeustaquio.com.br\/?p=10608#breadcrumb","itemListElement":[{"@type":"ListItem","position":1,"name":"In\u00edcio","item":"https:\/\/www.padreeustaquio.com.br\/"},{"@type":"ListItem","position":2,"name":"Padre Wanderson, SSCC, celebra primeira missa em BH"}]},{"@type":"WebSite","@id":"https:\/\/www.padreeustaquio.com.br\/#website","url":"https:\/\/www.padreeustaquio.com.br\/","name":"FATHER EUST\u00c1QUIO","description":"Health and Peace","publisher":{"@id":"https:\/\/www.padreeustaquio.com.br\/#organization"},"potentialAction":[{"@type":"SearchAction","target":{"@type":"EntryPoint","urlTemplate":"https:\/\/www.padreeustaquio.com.br\/?s={search_term_string}"},"query-input":{"@type":"PropertyValueSpecification","valueRequired":true,"valueName":"search_term_string"}}],"inLanguage":"en-US"},{"@type":"Organization","@id":"https:\/\/www.padreeustaquio.com.br\/#organization","name":"FATHER EUST\u00c1QUIO","url":"https:\/\/www.padreeustaquio.com.br\/","logo":{"@type":"ImageObject","inLanguage":"en-US","@id":"https:\/\/www.padreeustaquio.com.br\/#\/schema\/logo\/image\/","url":"https:\/\/www.padreeustaquio.com.br\/wp-content\/uploads\/2019\/08\/marca.png","contentUrl":"https:\/\/www.padreeustaquio.com.br\/wp-content\/uploads\/2019\/08\/marca.png","width":350,"height":400,"caption":"Padre Eust\u00e1quio"},"image":{"@id":"https:\/\/www.padreeustaquio.com.br\/#\/schema\/logo\/image\/"},"sameAs":["https:\/\/www.facebook.com\/beatopadreeustaquio\/","https:\/\/x.com\/beatopeustaquio","https:\/\/www.instagram.com\/beatopadreeustaquio\/","https:\/\/www.youtube.com\/channel\/UCRhw7vfabnajwLxb1ZXMeIw"]},{"@type":"Person","@id":"https:\/\/www.padreeustaquio.com.br\/#\/schema\/person\/a2a51db1d00f1a7af0204a0f1ddb1566","name":"@sscc","image":{"@type":"ImageObject","inLanguage":"en-US","@id":"https:\/\/secure.gravatar.com\/avatar\/68cfafa5f44617fea54071e215026e0ff06be366c3d54a8425f04fdcb86f8c5f?s=96&d=mm&r=g","url":"https:\/\/secure.gravatar.com\/avatar\/68cfafa5f44617fea54071e215026e0ff06be366c3d54a8425f04fdcb86f8c5f?s=96&d=mm&r=g","contentUrl":"https:\/\/secure.gravatar.com\/avatar\/68cfafa5f44617fea54071e215026e0ff06be366c3d54a8425f04fdcb86f8c5f?s=96&d=mm&r=g","caption":"@sscc"},"url":"https:\/\/www.padreeustaquio.com.br\/en\/author\/sscc\/"}]}},"_links":{"self":[{"href":"https:\/\/www.padreeustaquio.com.br\/en\/wp-json\/wp\/v2\/posts\/10608","targetHints":{"allow":["GET"]}}],"collection":[{"href":"https:\/\/www.padreeustaquio.com.br\/en\/wp-json\/wp\/v2\/posts"}],"about":[{"href":"https:\/\/www.padreeustaquio.com.br\/en\/wp-json\/wp\/v2\/types\/post"}],"author":[{"embeddable":true,"href":"https:\/\/www.padreeustaquio.com.br\/en\/wp-json\/wp\/v2\/users\/2"}],"replies":[{"embeddable":true,"href":"https:\/\/www.padreeustaquio.com.br\/en\/wp-json\/wp\/v2\/comments?post=10608"}],"version-history":[{"count":0,"href":"https:\/\/www.padreeustaquio.com.br\/en\/wp-json\/wp\/v2\/posts\/10608\/revisions"}],"wp:featuredmedia":[{"embeddable":true,"href":"https:\/\/www.padreeustaquio.com.br\/en\/wp-json\/wp\/v2\/media\/10609"}],"wp:attachment":[{"href":"https:\/\/www.padreeustaquio.com.br\/en\/wp-json\/wp\/v2\/media?parent=10608"}],"wp:term":[{"taxonomy":"category","embeddable":true,"href":"https:\/\/www.padreeustaquio.com.br\/en\/wp-json\/wp\/v2\/categories?post=10608"},{"taxonomy":"post_tag","embeddable":true,"href":"https:\/\/www.padreeustaquio.com.br\/en\/wp-json\/wp\/v2\/tags?post=10608"}],"curies":[{"name":"wp","href":"https:\/\/api.w.org\/{rel}","templated":true}]}}