{"id":10514,"date":"2023-06-06T16:27:02","date_gmt":"2023-06-06T19:27:02","guid":{"rendered":"https:\/\/www.padreeustaquio.com.br\/?p=10514"},"modified":"2023-06-06T16:29:47","modified_gmt":"2023-06-06T19:29:47","slug":"parishioners-participate-in-a-spiritual-retreat-with-priests-from-the-sanctuary","status":"publish","type":"post","link":"https:\/\/www.padreeustaquio.com.br\/en\/parishioners-participate-in-a-spiritual-retreat-with-priests-from-the-sanctuary\/","title":{"rendered":"Parishioners participate in a Spiritual Retreat with priests from the Sanctuary."},"content":{"rendered":"<p>The Parish Retreat took place last weekend and was based on the booklet &quot;Communion, Participation and Mission \u2013 for a synodal church.&quot; This resource is offered by the Archdiocese of Belo Horizonte to help parish communities develop their experiences together.<\/p>\n<p>Approximately 25 people participated in the moments of prayer and communion that took place at the Vicente de Paulo Retreat House, belonging to the Congregation of the Brothers of Our Lady Mother of Mercy in Igarap\u00e9, in the metropolitan region of Belo Horizonte.<\/p>\n<p>This weekend&#039;s retreat is the beginning of a series of parish retreats on the theme of Synodality, which will be held by the Sanctuary of Health and Peace, based on the Archdiocese&#039;s guidelines. The next retreat is scheduled for August 5th and 6th and will include the Parish, Pastoral, and Administrative Councils, but is also open to all parishioners.<\/p>\n<p>&nbsp;<\/p>","protected":false},"excerpt":{"rendered":"<p>O Retiro Paroquial foi realizado no \u00faltimo final de semana e teve como base a Cartilha Comunh\u00e3o, Participa\u00e7\u00e3o e Miss\u00e3o &#8211; por uma igreja sinodal. O subs\u00eddio \u00e9 oferecido pela Arquidiocese de Belo Horizonte para se trabalhar a viv\u00eancia entre as comunidades paroquiais. Cerca de 25 pessoas participaram dos momentos de ora\u00e7\u00e3o e comunh\u00e3o que ocorreram na Casa de Retiro Vicente de Paulo, da Congrega\u00e7\u00e3o dos Frateres de Nossa Senhora M\u00e3e da Miseric\u00f3rdia em Igarap\u00e9, na regi\u00e3o metropolitana de Belo Horizonte. O retiro desse final de semana \u00e9 o in\u00edcio de uma s\u00e9rie e de retiros paroquiais sobre o tema [&hellip;]<\/p>\n","protected":false},"author":2,"featured_media":10515,"comment_status":"open","ping_status":"closed","sticky":false,"template":"","format":"standard","meta":{"_acf_changed":false,"footnotes":""},"categories":[611],"tags":[],"class_list":["post-10514","post","type-post","status-publish","format-standard","has-post-thumbnail","hentry","category-noticias"],"acf":[],"yoast_head":"<!-- This site is optimized with the Yoast SEO plugin v27.2 - https:\/\/yoast.com\/product\/yoast-seo-wordpress\/ -->\n<title>Paroquianos participam de Retiro Espiritual com padres do Santu\u00e1rio<\/title>\n<meta name=\"description\" content=\"O Retiro Paroquial foi realizado no \u00faltimo final de semana e teve como base a Cartilha Comunh\u00e3o, Participa\u00e7\u00e3o e Miss\u00e3o - por uma igreja sinodal. O subs\u00eddio \u00e9 oferecido pela Arquidiocese de Belo Horizonte para se trabalhar a viv\u00eancia entre as comunidades paroquiais.\" \/>\n<meta name=\"robots\" content=\"index, follow, max-snippet:-1, max-image-preview:large, max-video-preview:-1\" \/>\n<link rel=\"canonical\" href=\"https:\/\/www.padreeustaquio.com.br\/en\/parishioners-participate-in-a-spiritual-retreat-with-priests-from-the-sanctuary\/\" \/>\n<meta property=\"og:locale\" content=\"en_US\" \/>\n<meta property=\"og:type\" content=\"article\" \/>\n<meta property=\"og:title\" content=\"Paroquianos participam de Retiro Espiritual com padres do Santu\u00e1rio\" \/>\n<meta property=\"og:description\" content=\"O Retiro Paroquial foi realizado no \u00faltimo final de semana e teve como base a Cartilha Comunh\u00e3o, Participa\u00e7\u00e3o e Miss\u00e3o - por uma igreja sinodal. O subs\u00eddio \u00e9 oferecido pela Arquidiocese de Belo Horizonte para se trabalhar a viv\u00eancia entre as comunidades paroquiais.\" \/>\n<meta property=\"og:url\" content=\"https:\/\/www.padreeustaquio.com.br\/en\/parishioners-participate-in-a-spiritual-retreat-with-priests-from-the-sanctuary\/\" \/>\n<meta property=\"og:site_name\" content=\"Padre Eust\u00e1quio\" \/>\n<meta property=\"article:publisher\" content=\"https:\/\/www.facebook.com\/beatopadreeustaquio\/\" \/>\n<meta property=\"article:published_time\" content=\"2023-06-06T19:27:02+00:00\" \/>\n<meta property=\"article:modified_time\" content=\"2023-06-06T19:29:47+00:00\" \/>\n<meta property=\"og:image\" content=\"https:\/\/www.padreeustaquio.com.br\/wp-content\/uploads\/2023\/06\/retiro-paroquial-sagrados-coracoes-e1686079765526.jpeg\" \/>\n\t<meta property=\"og:image:width\" content=\"1018\" \/>\n\t<meta property=\"og:image:height\" content=\"495\" \/>\n\t<meta property=\"og:image:type\" content=\"image\/jpeg\" \/>\n<meta name=\"author\" content=\"@sscc\" \/>\n<meta name=\"twitter:card\" content=\"summary_large_image\" \/>\n<meta name=\"twitter:creator\" content=\"@beatopeustaquio\" \/>\n<meta name=\"twitter:site\" content=\"@beatopeustaquio\" \/>\n<meta name=\"twitter:label1\" content=\"Written by\" \/>\n\t<meta name=\"twitter:data1\" content=\"@sscc\" \/>\n\t<meta name=\"twitter:label2\" content=\"Est. reading time\" \/>\n\t<meta name=\"twitter:data2\" content=\"1 minute\" \/>\n<script type=\"application\/ld+json\" class=\"yoast-schema-graph\">{\"@context\":\"https:\/\/schema.org\",\"@graph\":[{\"@type\":\"Article\",\"@id\":\"https:\/\/www.padreeustaquio.com.br\/paroquianos-participam-de-retiro-espiritual-com-padres-do-santuario\/#article\",\"isPartOf\":{\"@id\":\"https:\/\/www.padreeustaquio.com.br\/paroquianos-participam-de-retiro-espiritual-com-padres-do-santuario\/\"},\"author\":{\"name\":\"@sscc\",\"@id\":\"https:\/\/www.padreeustaquio.com.br\/#\/schema\/person\/a2a51db1d00f1a7af0204a0f1ddb1566\"},\"headline\":\"Paroquianos participam de Retiro Espiritual com padres do Santu\u00e1rio\",\"datePublished\":\"2023-06-06T19:27:02+00:00\",\"dateModified\":\"2023-06-06T19:29:47+00:00\",\"mainEntityOfPage\":{\"@id\":\"https:\/\/www.padreeustaquio.com.br\/paroquianos-participam-de-retiro-espiritual-com-padres-do-santuario\/\"},\"wordCount\":174,\"commentCount\":0,\"publisher\":{\"@id\":\"https:\/\/www.padreeustaquio.com.br\/#organization\"},\"image\":{\"@id\":\"https:\/\/www.padreeustaquio.com.br\/paroquianos-participam-de-retiro-espiritual-com-padres-do-santuario\/#primaryimage\"},\"thumbnailUrl\":\"https:\/\/www.padreeustaquio.com.br\/wp-content\/uploads\/2023\/06\/retiro-paroquial-sagrados-coracoes-e1686079765526.jpeg\",\"articleSection\":[\"Not\u00edcias\"],\"inLanguage\":\"en-US\",\"potentialAction\":[{\"@type\":\"CommentAction\",\"name\":\"Comment\",\"target\":[\"https:\/\/www.padreeustaquio.com.br\/paroquianos-participam-de-retiro-espiritual-com-padres-do-santuario\/#respond\"]}]},{\"@type\":\"WebPage\",\"@id\":\"https:\/\/www.padreeustaquio.com.br\/paroquianos-participam-de-retiro-espiritual-com-padres-do-santuario\/\",\"url\":\"https:\/\/www.padreeustaquio.com.br\/paroquianos-participam-de-retiro-espiritual-com-padres-do-santuario\/\",\"name\":\"Paroquianos participam de Retiro Espiritual com padres do Santu\u00e1rio\",\"isPartOf\":{\"@id\":\"https:\/\/www.padreeustaquio.com.br\/#website\"},\"primaryImageOfPage\":{\"@id\":\"https:\/\/www.padreeustaquio.com.br\/paroquianos-participam-de-retiro-espiritual-com-padres-do-santuario\/#primaryimage\"},\"image\":{\"@id\":\"https:\/\/www.padreeustaquio.com.br\/paroquianos-participam-de-retiro-espiritual-com-padres-do-santuario\/#primaryimage\"},\"thumbnailUrl\":\"https:\/\/www.padreeustaquio.com.br\/wp-content\/uploads\/2023\/06\/retiro-paroquial-sagrados-coracoes-e1686079765526.jpeg\",\"datePublished\":\"2023-06-06T19:27:02+00:00\",\"dateModified\":\"2023-06-06T19:29:47+00:00\",\"description\":\"O Retiro Paroquial foi realizado no \u00faltimo final de semana e teve como base a Cartilha Comunh\u00e3o, Participa\u00e7\u00e3o e Miss\u00e3o - por uma igreja sinodal. O subs\u00eddio \u00e9 oferecido pela Arquidiocese de Belo Horizonte para se trabalhar a viv\u00eancia entre as comunidades paroquiais.\",\"breadcrumb\":{\"@id\":\"https:\/\/www.padreeustaquio.com.br\/paroquianos-participam-de-retiro-espiritual-com-padres-do-santuario\/#breadcrumb\"},\"inLanguage\":\"en-US\",\"potentialAction\":[{\"@type\":\"ReadAction\",\"target\":[\"https:\/\/www.padreeustaquio.com.br\/paroquianos-participam-de-retiro-espiritual-com-padres-do-santuario\/\"]}]},{\"@type\":\"ImageObject\",\"inLanguage\":\"en-US\",\"@id\":\"https:\/\/www.padreeustaquio.com.br\/paroquianos-participam-de-retiro-espiritual-com-padres-do-santuario\/#primaryimage\",\"url\":\"https:\/\/www.padreeustaquio.com.br\/wp-content\/uploads\/2023\/06\/retiro-paroquial-sagrados-coracoes-e1686079765526.jpeg\",\"contentUrl\":\"https:\/\/www.padreeustaquio.com.br\/wp-content\/uploads\/2023\/06\/retiro-paroquial-sagrados-coracoes-e1686079765526.jpeg\",\"width\":1018,\"height\":495},{\"@type\":\"BreadcrumbList\",\"@id\":\"https:\/\/www.padreeustaquio.com.br\/paroquianos-participam-de-retiro-espiritual-com-padres-do-santuario\/#breadcrumb\",\"itemListElement\":[{\"@type\":\"ListItem\",\"position\":1,\"name\":\"In\u00edcio\",\"item\":\"https:\/\/www.padreeustaquio.com.br\/\"},{\"@type\":\"ListItem\",\"position\":2,\"name\":\"Paroquianos participam de Retiro Espiritual com padres do Santu\u00e1rio\"}]},{\"@type\":\"WebSite\",\"@id\":\"https:\/\/www.padreeustaquio.com.br\/#website\",\"url\":\"https:\/\/www.padreeustaquio.com.br\/\",\"name\":\"Padre Eust\u00e1quio\",\"description\":\"Sa\u00fade e Paz\",\"publisher\":{\"@id\":\"https:\/\/www.padreeustaquio.com.br\/#organization\"},\"potentialAction\":[{\"@type\":\"SearchAction\",\"target\":{\"@type\":\"EntryPoint\",\"urlTemplate\":\"https:\/\/www.padreeustaquio.com.br\/?s={search_term_string}\"},\"query-input\":{\"@type\":\"PropertyValueSpecification\",\"valueRequired\":true,\"valueName\":\"search_term_string\"}}],\"inLanguage\":\"en-US\"},{\"@type\":\"Organization\",\"@id\":\"https:\/\/www.padreeustaquio.com.br\/#organization\",\"name\":\"Padre Eust\u00e1quio\",\"url\":\"https:\/\/www.padreeustaquio.com.br\/\",\"logo\":{\"@type\":\"ImageObject\",\"inLanguage\":\"en-US\",\"@id\":\"https:\/\/www.padreeustaquio.com.br\/#\/schema\/logo\/image\/\",\"url\":\"https:\/\/www.padreeustaquio.com.br\/wp-content\/uploads\/2019\/08\/marca.png\",\"contentUrl\":\"https:\/\/www.padreeustaquio.com.br\/wp-content\/uploads\/2019\/08\/marca.png\",\"width\":350,\"height\":400,\"caption\":\"Padre Eust\u00e1quio\"},\"image\":{\"@id\":\"https:\/\/www.padreeustaquio.com.br\/#\/schema\/logo\/image\/\"},\"sameAs\":[\"https:\/\/www.facebook.com\/beatopadreeustaquio\/\",\"https:\/\/x.com\/beatopeustaquio\",\"https:\/\/www.instagram.com\/beatopadreeustaquio\/\",\"https:\/\/www.youtube.com\/channel\/UCRhw7vfabnajwLxb1ZXMeIw\"]},{\"@type\":\"Person\",\"@id\":\"https:\/\/www.padreeustaquio.com.br\/#\/schema\/person\/a2a51db1d00f1a7af0204a0f1ddb1566\",\"name\":\"@sscc\",\"image\":{\"@type\":\"ImageObject\",\"inLanguage\":\"en-US\",\"@id\":\"https:\/\/secure.gravatar.com\/avatar\/68cfafa5f44617fea54071e215026e0ff06be366c3d54a8425f04fdcb86f8c5f?s=96&d=mm&r=g\",\"url\":\"https:\/\/secure.gravatar.com\/avatar\/68cfafa5f44617fea54071e215026e0ff06be366c3d54a8425f04fdcb86f8c5f?s=96&d=mm&r=g\",\"contentUrl\":\"https:\/\/secure.gravatar.com\/avatar\/68cfafa5f44617fea54071e215026e0ff06be366c3d54a8425f04fdcb86f8c5f?s=96&d=mm&r=g\",\"caption\":\"@sscc\"},\"url\":\"https:\/\/www.padreeustaquio.com.br\/en\/author\/sscc\/\"}]}<\/script>\n<!-- \/ Yoast SEO plugin. -->","yoast_head_json":{"title":"Parishioners participate in a Spiritual Retreat with priests from the Sanctuary.","description":"The Parish Retreat took place last weekend and was based on the booklet &quot;Communion, Participation and Mission - for a synodal church.&quot; This resource is offered by the Archdiocese of Belo Horizonte to help parish communities develop their experiences together.","robots":{"index":"index","follow":"follow","max-snippet":"max-snippet:-1","max-image-preview":"max-image-preview:large","max-video-preview":"max-video-preview:-1"},"canonical":"https:\/\/www.padreeustaquio.com.br\/en\/parishioners-participate-in-a-spiritual-retreat-with-priests-from-the-sanctuary\/","og_locale":"en_US","og_type":"article","og_title":"Paroquianos participam de Retiro Espiritual com padres do Santu\u00e1rio","og_description":"O Retiro Paroquial foi realizado no \u00faltimo final de semana e teve como base a Cartilha Comunh\u00e3o, Participa\u00e7\u00e3o e Miss\u00e3o - por uma igreja sinodal. O subs\u00eddio \u00e9 oferecido pela Arquidiocese de Belo Horizonte para se trabalhar a viv\u00eancia entre as comunidades paroquiais.","og_url":"https:\/\/www.padreeustaquio.com.br\/en\/parishioners-participate-in-a-spiritual-retreat-with-priests-from-the-sanctuary\/","og_site_name":"Padre Eust\u00e1quio","article_publisher":"https:\/\/www.facebook.com\/beatopadreeustaquio\/","article_published_time":"2023-06-06T19:27:02+00:00","article_modified_time":"2023-06-06T19:29:47+00:00","og_image":[{"width":1018,"height":495,"url":"https:\/\/www.padreeustaquio.com.br\/wp-content\/uploads\/2023\/06\/retiro-paroquial-sagrados-coracoes-e1686079765526.jpeg","type":"image\/jpeg"}],"author":"@sscc","twitter_card":"summary_large_image","twitter_creator":"@beatopeustaquio","twitter_site":"@beatopeustaquio","twitter_misc":{"Written by":"@sscc","Est. reading time":"1 minute"},"schema":{"@context":"https:\/\/schema.org","@graph":[{"@type":"Article","@id":"https:\/\/www.padreeustaquio.com.br\/paroquianos-participam-de-retiro-espiritual-com-padres-do-santuario\/#article","isPartOf":{"@id":"https:\/\/www.padreeustaquio.com.br\/paroquianos-participam-de-retiro-espiritual-com-padres-do-santuario\/"},"author":{"name":"@sscc","@id":"https:\/\/www.padreeustaquio.com.br\/#\/schema\/person\/a2a51db1d00f1a7af0204a0f1ddb1566"},"headline":"Paroquianos participam de Retiro Espiritual com padres do Santu\u00e1rio","datePublished":"2023-06-06T19:27:02+00:00","dateModified":"2023-06-06T19:29:47+00:00","mainEntityOfPage":{"@id":"https:\/\/www.padreeustaquio.com.br\/paroquianos-participam-de-retiro-espiritual-com-padres-do-santuario\/"},"wordCount":174,"commentCount":0,"publisher":{"@id":"https:\/\/www.padreeustaquio.com.br\/#organization"},"image":{"@id":"https:\/\/www.padreeustaquio.com.br\/paroquianos-participam-de-retiro-espiritual-com-padres-do-santuario\/#primaryimage"},"thumbnailUrl":"https:\/\/www.padreeustaquio.com.br\/wp-content\/uploads\/2023\/06\/retiro-paroquial-sagrados-coracoes-e1686079765526.jpeg","articleSection":["Not\u00edcias"],"inLanguage":"en-US","potentialAction":[{"@type":"CommentAction","name":"Comment","target":["https:\/\/www.padreeustaquio.com.br\/paroquianos-participam-de-retiro-espiritual-com-padres-do-santuario\/#respond"]}]},{"@type":"WebPage","@id":"https:\/\/www.padreeustaquio.com.br\/paroquianos-participam-de-retiro-espiritual-com-padres-do-santuario\/","url":"https:\/\/www.padreeustaquio.com.br\/paroquianos-participam-de-retiro-espiritual-com-padres-do-santuario\/","name":"Parishioners participate in a Spiritual Retreat with priests from the Sanctuary.","isPartOf":{"@id":"https:\/\/www.padreeustaquio.com.br\/#website"},"primaryImageOfPage":{"@id":"https:\/\/www.padreeustaquio.com.br\/paroquianos-participam-de-retiro-espiritual-com-padres-do-santuario\/#primaryimage"},"image":{"@id":"https:\/\/www.padreeustaquio.com.br\/paroquianos-participam-de-retiro-espiritual-com-padres-do-santuario\/#primaryimage"},"thumbnailUrl":"https:\/\/www.padreeustaquio.com.br\/wp-content\/uploads\/2023\/06\/retiro-paroquial-sagrados-coracoes-e1686079765526.jpeg","datePublished":"2023-06-06T19:27:02+00:00","dateModified":"2023-06-06T19:29:47+00:00","description":"The Parish Retreat took place last weekend and was based on the booklet &quot;Communion, Participation and Mission - for a synodal church.&quot; This resource is offered by the Archdiocese of Belo Horizonte to help parish communities develop their experiences together.","breadcrumb":{"@id":"https:\/\/www.padreeustaquio.com.br\/paroquianos-participam-de-retiro-espiritual-com-padres-do-santuario\/#breadcrumb"},"inLanguage":"en-US","potentialAction":[{"@type":"ReadAction","target":["https:\/\/www.padreeustaquio.com.br\/paroquianos-participam-de-retiro-espiritual-com-padres-do-santuario\/"]}]},{"@type":"ImageObject","inLanguage":"en-US","@id":"https:\/\/www.padreeustaquio.com.br\/paroquianos-participam-de-retiro-espiritual-com-padres-do-santuario\/#primaryimage","url":"https:\/\/www.padreeustaquio.com.br\/wp-content\/uploads\/2023\/06\/retiro-paroquial-sagrados-coracoes-e1686079765526.jpeg","contentUrl":"https:\/\/www.padreeustaquio.com.br\/wp-content\/uploads\/2023\/06\/retiro-paroquial-sagrados-coracoes-e1686079765526.jpeg","width":1018,"height":495},{"@type":"BreadcrumbList","@id":"https:\/\/www.padreeustaquio.com.br\/paroquianos-participam-de-retiro-espiritual-com-padres-do-santuario\/#breadcrumb","itemListElement":[{"@type":"ListItem","position":1,"name":"In\u00edcio","item":"https:\/\/www.padreeustaquio.com.br\/"},{"@type":"ListItem","position":2,"name":"Paroquianos participam de Retiro Espiritual com padres do Santu\u00e1rio"}]},{"@type":"WebSite","@id":"https:\/\/www.padreeustaquio.com.br\/#website","url":"https:\/\/www.padreeustaquio.com.br\/","name":"FATHER EUST\u00c1QUIO","description":"Health and Peace","publisher":{"@id":"https:\/\/www.padreeustaquio.com.br\/#organization"},"potentialAction":[{"@type":"SearchAction","target":{"@type":"EntryPoint","urlTemplate":"https:\/\/www.padreeustaquio.com.br\/?s={search_term_string}"},"query-input":{"@type":"PropertyValueSpecification","valueRequired":true,"valueName":"search_term_string"}}],"inLanguage":"en-US"},{"@type":"Organization","@id":"https:\/\/www.padreeustaquio.com.br\/#organization","name":"FATHER EUST\u00c1QUIO","url":"https:\/\/www.padreeustaquio.com.br\/","logo":{"@type":"ImageObject","inLanguage":"en-US","@id":"https:\/\/www.padreeustaquio.com.br\/#\/schema\/logo\/image\/","url":"https:\/\/www.padreeustaquio.com.br\/wp-content\/uploads\/2019\/08\/marca.png","contentUrl":"https:\/\/www.padreeustaquio.com.br\/wp-content\/uploads\/2019\/08\/marca.png","width":350,"height":400,"caption":"Padre Eust\u00e1quio"},"image":{"@id":"https:\/\/www.padreeustaquio.com.br\/#\/schema\/logo\/image\/"},"sameAs":["https:\/\/www.facebook.com\/beatopadreeustaquio\/","https:\/\/x.com\/beatopeustaquio","https:\/\/www.instagram.com\/beatopadreeustaquio\/","https:\/\/www.youtube.com\/channel\/UCRhw7vfabnajwLxb1ZXMeIw"]},{"@type":"Person","@id":"https:\/\/www.padreeustaquio.com.br\/#\/schema\/person\/a2a51db1d00f1a7af0204a0f1ddb1566","name":"@sscc","image":{"@type":"ImageObject","inLanguage":"en-US","@id":"https:\/\/secure.gravatar.com\/avatar\/68cfafa5f44617fea54071e215026e0ff06be366c3d54a8425f04fdcb86f8c5f?s=96&d=mm&r=g","url":"https:\/\/secure.gravatar.com\/avatar\/68cfafa5f44617fea54071e215026e0ff06be366c3d54a8425f04fdcb86f8c5f?s=96&d=mm&r=g","contentUrl":"https:\/\/secure.gravatar.com\/avatar\/68cfafa5f44617fea54071e215026e0ff06be366c3d54a8425f04fdcb86f8c5f?s=96&d=mm&r=g","caption":"@sscc"},"url":"https:\/\/www.padreeustaquio.com.br\/en\/author\/sscc\/"}]}},"_links":{"self":[{"href":"https:\/\/www.padreeustaquio.com.br\/en\/wp-json\/wp\/v2\/posts\/10514","targetHints":{"allow":["GET"]}}],"collection":[{"href":"https:\/\/www.padreeustaquio.com.br\/en\/wp-json\/wp\/v2\/posts"}],"about":[{"href":"https:\/\/www.padreeustaquio.com.br\/en\/wp-json\/wp\/v2\/types\/post"}],"author":[{"embeddable":true,"href":"https:\/\/www.padreeustaquio.com.br\/en\/wp-json\/wp\/v2\/users\/2"}],"replies":[{"embeddable":true,"href":"https:\/\/www.padreeustaquio.com.br\/en\/wp-json\/wp\/v2\/comments?post=10514"}],"version-history":[{"count":0,"href":"https:\/\/www.padreeustaquio.com.br\/en\/wp-json\/wp\/v2\/posts\/10514\/revisions"}],"wp:featuredmedia":[{"embeddable":true,"href":"https:\/\/www.padreeustaquio.com.br\/en\/wp-json\/wp\/v2\/media\/10515"}],"wp:attachment":[{"href":"https:\/\/www.padreeustaquio.com.br\/en\/wp-json\/wp\/v2\/media?parent=10514"}],"wp:term":[{"taxonomy":"category","embeddable":true,"href":"https:\/\/www.padreeustaquio.com.br\/en\/wp-json\/wp\/v2\/categories?post=10514"},{"taxonomy":"post_tag","embeddable":true,"href":"https:\/\/www.padreeustaquio.com.br\/en\/wp-json\/wp\/v2\/tags?post=10514"}],"curies":[{"name":"wp","href":"https:\/\/api.w.org\/{rel}","templated":true}]}}