{"id":10511,"date":"2023-06-07T06:57:59","date_gmt":"2023-06-07T09:57:59","guid":{"rendered":"https:\/\/www.padreeustaquio.com.br\/?p=10511"},"modified":"2023-06-07T16:42:54","modified_gmt":"2023-06-07T19:42:54","slug":"corpus-christi-day-at-the-sanctuary-will-feature-the-making-of-carpets-and-a-procession","status":"publish","type":"post","link":"https:\/\/www.padreeustaquio.com.br\/en\/corpus-christi-day-at-the-sanctuary-will-feature-the-making-of-carpets-and-a-procession\/","title":{"rendered":"Corpus Christi Day at the Sanctuary will feature the making of carpets and a procession.\u00a0"},"content":{"rendered":"<div>\n<p>The Corpus Christi holiday will be marked by various activities at the Sanctuary of Health and Peace, Church of Blessed Father Eustace, beginning with a celebration at 7:00 AM.<\/p>\n<\/div>\n<div>\n<p>At the same time, the making of carpets will begin in the area of the church square through which the Blessed Sacrament will be carried in procession. The entire community is invited to help with this work. The sawdust, received for the making of the carpets, has already been dyed by the parishioners and is ready to be used.<\/p>\n<\/div>\n<div>\n<p>At 4 PM there will be the Mass for the Solemnity of Corpus Christi, with a procession of the Blessed Sacrament. The entire celebration will be broadcast on the Padre Eust\u00e1quio Channel.<\/p>\n<p>The procession will depart from Castigliano Street, continuing to Itoror\u00f3 Street. Upon turning right, the faithful will proceed to approximately number 700, where the... <strong>first blessing<\/strong>. The procession continues, turning right onto Progresso Street until it turns right again onto Riachuelo Street. <strong>second blessing<\/strong> The procession will begin near number 1220 and will continue until turning right onto Curral del Rei street and then onto Itoror\u00f3 street again. <strong>third blessing<\/strong> It will take place near number 452, in front of the House of the Sisters of the Sacred Hearts. Following that, the procession will turn right onto Ces\u00e1rio Alvim Street until it reaches the church where it will be solemnly concluded.<\/p>\n<p><strong>Solemnity of Corpus Christi<br \/>\n<\/strong><\/p>\n<p>Corpus Christi is the feast of the Body and Blood of Jesus Christ. A Catholic solemnity that celebrates the mystery of the Eucharist. This feast was instituted by Pope Urban IV on September 8, 1264.<\/p>\n<\/div>\n<div><\/div>","protected":false},"excerpt":{"rendered":"<p>O feriado de Corpus Christi ser\u00e1 marcado por diversas atividades no Santu\u00e1rio da Sa\u00fade e da Paz, Igreja do Beato Padre Eust\u00e1quio, come\u00e7ando por uma celebra\u00e7\u00e3o \u00e0s 7h da manh\u00e3.\u2800\u2800\u2800\u2800\u2800\u2800\u2800\u2800\u2800 No mesmo hor\u00e1rio, come\u00e7ar\u00e1 a confec\u00e7\u00e3o de tapetes na \u00e1rea da pra\u00e7a da Igreja por onde o Sant\u00edssimo sair\u00e1 em prociss\u00e3o. Toda comunidade est\u00e1 convidada a ajudar nesse trabalho. A serragem, recebida para realiza\u00e7\u00e3o dos tapetes j\u00e1 foram tingidas pelos paroquianos e est\u00e1 pronta para ser usada. \u00c0s 16h haver\u00e1 a Missa da Solenidade de Corpus Christi, com prociss\u00e3o do Sant\u00edssimo Sacramento. Toda celebra\u00e7\u00e3o ser\u00e1 transmitida pelo Canal Padre Eust\u00e1quio.\u2800\u2800\u2800\u2800\u2800\u2800\u2800\u2800\u2800 [&hellip;]<\/p>\n","protected":false},"author":2,"featured_media":10512,"comment_status":"open","ping_status":"closed","sticky":false,"template":"","format":"standard","meta":{"_acf_changed":false,"footnotes":""},"categories":[611],"tags":[],"class_list":["post-10511","post","type-post","status-publish","format-standard","has-post-thumbnail","hentry","category-noticias"],"acf":[],"yoast_head":"<!-- This site is optimized with the Yoast SEO plugin v27.2 - https:\/\/yoast.com\/product\/yoast-seo-wordpress\/ -->\n<title>Dia de Corpus Christi no Santu\u00e1rio ter\u00e1 confec\u00e7\u00e3o de tapetes e prociss\u00e3o\u00a0<\/title>\n<meta name=\"description\" content=\"\u00c0s 16h haver\u00e1 a Missa da Solenidade de Corpus Christi, com prociss\u00e3o do Sant\u00edssimo Sacramento. Toda celebra\u00e7\u00e3o ser\u00e1 transmitida pelo Canal Padre Eust\u00e1quio.\u00a0\" \/>\n<meta name=\"robots\" content=\"index, follow, max-snippet:-1, max-image-preview:large, max-video-preview:-1\" \/>\n<link rel=\"canonical\" href=\"https:\/\/www.padreeustaquio.com.br\/en\/corpus-christi-day-at-the-sanctuary-will-feature-the-making-of-carpets-and-a-procession\/\" \/>\n<meta property=\"og:locale\" content=\"en_US\" \/>\n<meta property=\"og:type\" content=\"article\" \/>\n<meta property=\"og:title\" content=\"Dia de Corpus Christi no Santu\u00e1rio ter\u00e1 confec\u00e7\u00e3o de tapetes e prociss\u00e3o\u00a0\" \/>\n<meta property=\"og:description\" content=\"\u00c0s 16h haver\u00e1 a Missa da Solenidade de Corpus Christi, com prociss\u00e3o do Sant\u00edssimo Sacramento. Toda celebra\u00e7\u00e3o ser\u00e1 transmitida pelo Canal Padre Eust\u00e1quio.\u00a0\" \/>\n<meta property=\"og:url\" content=\"https:\/\/www.padreeustaquio.com.br\/en\/corpus-christi-day-at-the-sanctuary-will-feature-the-making-of-carpets-and-a-procession\/\" \/>\n<meta property=\"og:site_name\" content=\"Padre Eust\u00e1quio\" \/>\n<meta property=\"article:publisher\" content=\"https:\/\/www.facebook.com\/beatopadreeustaquio\/\" \/>\n<meta property=\"article:published_time\" content=\"2023-06-07T09:57:59+00:00\" \/>\n<meta property=\"article:modified_time\" content=\"2023-06-07T19:42:54+00:00\" \/>\n<meta property=\"og:image\" content=\"https:\/\/www.padreeustaquio.com.br\/wp-content\/uploads\/2023\/06\/Serragem-pronta-para-Corpus-Christi.jpeg\" \/>\n\t<meta property=\"og:image:width\" content=\"1600\" \/>\n\t<meta property=\"og:image:height\" content=\"1200\" \/>\n\t<meta property=\"og:image:type\" content=\"image\/jpeg\" \/>\n<meta name=\"author\" content=\"@sscc\" \/>\n<meta name=\"twitter:card\" content=\"summary_large_image\" \/>\n<meta name=\"twitter:creator\" content=\"@beatopeustaquio\" \/>\n<meta name=\"twitter:site\" content=\"@beatopeustaquio\" \/>\n<meta name=\"twitter:label1\" content=\"Written by\" \/>\n\t<meta name=\"twitter:data1\" content=\"@sscc\" \/>\n\t<meta name=\"twitter:label2\" content=\"Est. reading time\" \/>\n\t<meta name=\"twitter:data2\" content=\"2 minutes\" \/>\n<script type=\"application\/ld+json\" class=\"yoast-schema-graph\">{\"@context\":\"https:\/\/schema.org\",\"@graph\":[{\"@type\":\"Article\",\"@id\":\"https:\/\/www.padreeustaquio.com.br\/dia-de-corpus-christi-no-santuario-tera-confeccao-de-tapetes-e-procissao\/#article\",\"isPartOf\":{\"@id\":\"https:\/\/www.padreeustaquio.com.br\/dia-de-corpus-christi-no-santuario-tera-confeccao-de-tapetes-e-procissao\/\"},\"author\":{\"name\":\"@sscc\",\"@id\":\"https:\/\/www.padreeustaquio.com.br\/#\/schema\/person\/a2a51db1d00f1a7af0204a0f1ddb1566\"},\"headline\":\"Dia de Corpus Christi no Santu\u00e1rio ter\u00e1 confec\u00e7\u00e3o de tapetes e prociss\u00e3o\u00a0\",\"datePublished\":\"2023-06-07T09:57:59+00:00\",\"dateModified\":\"2023-06-07T19:42:54+00:00\",\"mainEntityOfPage\":{\"@id\":\"https:\/\/www.padreeustaquio.com.br\/dia-de-corpus-christi-no-santuario-tera-confeccao-de-tapetes-e-procissao\/\"},\"wordCount\":293,\"commentCount\":0,\"publisher\":{\"@id\":\"https:\/\/www.padreeustaquio.com.br\/#organization\"},\"image\":{\"@id\":\"https:\/\/www.padreeustaquio.com.br\/dia-de-corpus-christi-no-santuario-tera-confeccao-de-tapetes-e-procissao\/#primaryimage\"},\"thumbnailUrl\":\"https:\/\/www.padreeustaquio.com.br\/wp-content\/uploads\/2023\/06\/Serragem-pronta-para-Corpus-Christi.jpeg\",\"articleSection\":[\"Not\u00edcias\"],\"inLanguage\":\"en-US\",\"potentialAction\":[{\"@type\":\"CommentAction\",\"name\":\"Comment\",\"target\":[\"https:\/\/www.padreeustaquio.com.br\/dia-de-corpus-christi-no-santuario-tera-confeccao-de-tapetes-e-procissao\/#respond\"]}]},{\"@type\":\"WebPage\",\"@id\":\"https:\/\/www.padreeustaquio.com.br\/dia-de-corpus-christi-no-santuario-tera-confeccao-de-tapetes-e-procissao\/\",\"url\":\"https:\/\/www.padreeustaquio.com.br\/dia-de-corpus-christi-no-santuario-tera-confeccao-de-tapetes-e-procissao\/\",\"name\":\"Dia de Corpus Christi no Santu\u00e1rio ter\u00e1 confec\u00e7\u00e3o de tapetes e prociss\u00e3o\u00a0\",\"isPartOf\":{\"@id\":\"https:\/\/www.padreeustaquio.com.br\/#website\"},\"primaryImageOfPage\":{\"@id\":\"https:\/\/www.padreeustaquio.com.br\/dia-de-corpus-christi-no-santuario-tera-confeccao-de-tapetes-e-procissao\/#primaryimage\"},\"image\":{\"@id\":\"https:\/\/www.padreeustaquio.com.br\/dia-de-corpus-christi-no-santuario-tera-confeccao-de-tapetes-e-procissao\/#primaryimage\"},\"thumbnailUrl\":\"https:\/\/www.padreeustaquio.com.br\/wp-content\/uploads\/2023\/06\/Serragem-pronta-para-Corpus-Christi.jpeg\",\"datePublished\":\"2023-06-07T09:57:59+00:00\",\"dateModified\":\"2023-06-07T19:42:54+00:00\",\"description\":\"\u00c0s 16h haver\u00e1 a Missa da Solenidade de Corpus Christi, com prociss\u00e3o do Sant\u00edssimo Sacramento. Toda celebra\u00e7\u00e3o ser\u00e1 transmitida pelo Canal Padre Eust\u00e1quio.\u00a0\",\"breadcrumb\":{\"@id\":\"https:\/\/www.padreeustaquio.com.br\/dia-de-corpus-christi-no-santuario-tera-confeccao-de-tapetes-e-procissao\/#breadcrumb\"},\"inLanguage\":\"en-US\",\"potentialAction\":[{\"@type\":\"ReadAction\",\"target\":[\"https:\/\/www.padreeustaquio.com.br\/dia-de-corpus-christi-no-santuario-tera-confeccao-de-tapetes-e-procissao\/\"]}]},{\"@type\":\"ImageObject\",\"inLanguage\":\"en-US\",\"@id\":\"https:\/\/www.padreeustaquio.com.br\/dia-de-corpus-christi-no-santuario-tera-confeccao-de-tapetes-e-procissao\/#primaryimage\",\"url\":\"https:\/\/www.padreeustaquio.com.br\/wp-content\/uploads\/2023\/06\/Serragem-pronta-para-Corpus-Christi.jpeg\",\"contentUrl\":\"https:\/\/www.padreeustaquio.com.br\/wp-content\/uploads\/2023\/06\/Serragem-pronta-para-Corpus-Christi.jpeg\",\"width\":1600,\"height\":1200},{\"@type\":\"BreadcrumbList\",\"@id\":\"https:\/\/www.padreeustaquio.com.br\/dia-de-corpus-christi-no-santuario-tera-confeccao-de-tapetes-e-procissao\/#breadcrumb\",\"itemListElement\":[{\"@type\":\"ListItem\",\"position\":1,\"name\":\"In\u00edcio\",\"item\":\"https:\/\/www.padreeustaquio.com.br\/\"},{\"@type\":\"ListItem\",\"position\":2,\"name\":\"Dia de Corpus Christi no Santu\u00e1rio ter\u00e1 confec\u00e7\u00e3o de tapetes e prociss\u00e3o\u00a0\"}]},{\"@type\":\"WebSite\",\"@id\":\"https:\/\/www.padreeustaquio.com.br\/#website\",\"url\":\"https:\/\/www.padreeustaquio.com.br\/\",\"name\":\"Padre Eust\u00e1quio\",\"description\":\"Sa\u00fade e Paz\",\"publisher\":{\"@id\":\"https:\/\/www.padreeustaquio.com.br\/#organization\"},\"potentialAction\":[{\"@type\":\"SearchAction\",\"target\":{\"@type\":\"EntryPoint\",\"urlTemplate\":\"https:\/\/www.padreeustaquio.com.br\/?s={search_term_string}\"},\"query-input\":{\"@type\":\"PropertyValueSpecification\",\"valueRequired\":true,\"valueName\":\"search_term_string\"}}],\"inLanguage\":\"en-US\"},{\"@type\":\"Organization\",\"@id\":\"https:\/\/www.padreeustaquio.com.br\/#organization\",\"name\":\"Padre Eust\u00e1quio\",\"url\":\"https:\/\/www.padreeustaquio.com.br\/\",\"logo\":{\"@type\":\"ImageObject\",\"inLanguage\":\"en-US\",\"@id\":\"https:\/\/www.padreeustaquio.com.br\/#\/schema\/logo\/image\/\",\"url\":\"https:\/\/www.padreeustaquio.com.br\/wp-content\/uploads\/2019\/08\/marca.png\",\"contentUrl\":\"https:\/\/www.padreeustaquio.com.br\/wp-content\/uploads\/2019\/08\/marca.png\",\"width\":350,\"height\":400,\"caption\":\"Padre Eust\u00e1quio\"},\"image\":{\"@id\":\"https:\/\/www.padreeustaquio.com.br\/#\/schema\/logo\/image\/\"},\"sameAs\":[\"https:\/\/www.facebook.com\/beatopadreeustaquio\/\",\"https:\/\/x.com\/beatopeustaquio\",\"https:\/\/www.instagram.com\/beatopadreeustaquio\/\",\"https:\/\/www.youtube.com\/channel\/UCRhw7vfabnajwLxb1ZXMeIw\"]},{\"@type\":\"Person\",\"@id\":\"https:\/\/www.padreeustaquio.com.br\/#\/schema\/person\/a2a51db1d00f1a7af0204a0f1ddb1566\",\"name\":\"@sscc\",\"image\":{\"@type\":\"ImageObject\",\"inLanguage\":\"en-US\",\"@id\":\"https:\/\/secure.gravatar.com\/avatar\/68cfafa5f44617fea54071e215026e0ff06be366c3d54a8425f04fdcb86f8c5f?s=96&d=mm&r=g\",\"url\":\"https:\/\/secure.gravatar.com\/avatar\/68cfafa5f44617fea54071e215026e0ff06be366c3d54a8425f04fdcb86f8c5f?s=96&d=mm&r=g\",\"contentUrl\":\"https:\/\/secure.gravatar.com\/avatar\/68cfafa5f44617fea54071e215026e0ff06be366c3d54a8425f04fdcb86f8c5f?s=96&d=mm&r=g\",\"caption\":\"@sscc\"},\"url\":\"https:\/\/www.padreeustaquio.com.br\/en\/author\/sscc\/\"}]}<\/script>\n<!-- \/ Yoast SEO plugin. -->","yoast_head_json":{"title":"Corpus Christi Day at the Sanctuary will feature the making of carpets and a procession.\u00a0","description":"At 4 PM there will be the Mass for the Solemnity of Corpus Christi, with a procession of the Blessed Sacrament. The entire celebration will be broadcast on the Padre Eust\u00e1quio Channel.\u00a0","robots":{"index":"index","follow":"follow","max-snippet":"max-snippet:-1","max-image-preview":"max-image-preview:large","max-video-preview":"max-video-preview:-1"},"canonical":"https:\/\/www.padreeustaquio.com.br\/en\/corpus-christi-day-at-the-sanctuary-will-feature-the-making-of-carpets-and-a-procession\/","og_locale":"en_US","og_type":"article","og_title":"Dia de Corpus Christi no Santu\u00e1rio ter\u00e1 confec\u00e7\u00e3o de tapetes e prociss\u00e3o\u00a0","og_description":"\u00c0s 16h haver\u00e1 a Missa da Solenidade de Corpus Christi, com prociss\u00e3o do Sant\u00edssimo Sacramento. Toda celebra\u00e7\u00e3o ser\u00e1 transmitida pelo Canal Padre Eust\u00e1quio.\u00a0","og_url":"https:\/\/www.padreeustaquio.com.br\/en\/corpus-christi-day-at-the-sanctuary-will-feature-the-making-of-carpets-and-a-procession\/","og_site_name":"Padre Eust\u00e1quio","article_publisher":"https:\/\/www.facebook.com\/beatopadreeustaquio\/","article_published_time":"2023-06-07T09:57:59+00:00","article_modified_time":"2023-06-07T19:42:54+00:00","og_image":[{"width":1600,"height":1200,"url":"https:\/\/www.padreeustaquio.com.br\/wp-content\/uploads\/2023\/06\/Serragem-pronta-para-Corpus-Christi.jpeg","type":"image\/jpeg"}],"author":"@sscc","twitter_card":"summary_large_image","twitter_creator":"@beatopeustaquio","twitter_site":"@beatopeustaquio","twitter_misc":{"Written by":"@sscc","Est. reading time":"2 minutes"},"schema":{"@context":"https:\/\/schema.org","@graph":[{"@type":"Article","@id":"https:\/\/www.padreeustaquio.com.br\/dia-de-corpus-christi-no-santuario-tera-confeccao-de-tapetes-e-procissao\/#article","isPartOf":{"@id":"https:\/\/www.padreeustaquio.com.br\/dia-de-corpus-christi-no-santuario-tera-confeccao-de-tapetes-e-procissao\/"},"author":{"name":"@sscc","@id":"https:\/\/www.padreeustaquio.com.br\/#\/schema\/person\/a2a51db1d00f1a7af0204a0f1ddb1566"},"headline":"Dia de Corpus Christi no Santu\u00e1rio ter\u00e1 confec\u00e7\u00e3o de tapetes e prociss\u00e3o\u00a0","datePublished":"2023-06-07T09:57:59+00:00","dateModified":"2023-06-07T19:42:54+00:00","mainEntityOfPage":{"@id":"https:\/\/www.padreeustaquio.com.br\/dia-de-corpus-christi-no-santuario-tera-confeccao-de-tapetes-e-procissao\/"},"wordCount":293,"commentCount":0,"publisher":{"@id":"https:\/\/www.padreeustaquio.com.br\/#organization"},"image":{"@id":"https:\/\/www.padreeustaquio.com.br\/dia-de-corpus-christi-no-santuario-tera-confeccao-de-tapetes-e-procissao\/#primaryimage"},"thumbnailUrl":"https:\/\/www.padreeustaquio.com.br\/wp-content\/uploads\/2023\/06\/Serragem-pronta-para-Corpus-Christi.jpeg","articleSection":["Not\u00edcias"],"inLanguage":"en-US","potentialAction":[{"@type":"CommentAction","name":"Comment","target":["https:\/\/www.padreeustaquio.com.br\/dia-de-corpus-christi-no-santuario-tera-confeccao-de-tapetes-e-procissao\/#respond"]}]},{"@type":"WebPage","@id":"https:\/\/www.padreeustaquio.com.br\/dia-de-corpus-christi-no-santuario-tera-confeccao-de-tapetes-e-procissao\/","url":"https:\/\/www.padreeustaquio.com.br\/dia-de-corpus-christi-no-santuario-tera-confeccao-de-tapetes-e-procissao\/","name":"Corpus Christi Day at the Sanctuary will feature the making of carpets and a procession.\u00a0","isPartOf":{"@id":"https:\/\/www.padreeustaquio.com.br\/#website"},"primaryImageOfPage":{"@id":"https:\/\/www.padreeustaquio.com.br\/dia-de-corpus-christi-no-santuario-tera-confeccao-de-tapetes-e-procissao\/#primaryimage"},"image":{"@id":"https:\/\/www.padreeustaquio.com.br\/dia-de-corpus-christi-no-santuario-tera-confeccao-de-tapetes-e-procissao\/#primaryimage"},"thumbnailUrl":"https:\/\/www.padreeustaquio.com.br\/wp-content\/uploads\/2023\/06\/Serragem-pronta-para-Corpus-Christi.jpeg","datePublished":"2023-06-07T09:57:59+00:00","dateModified":"2023-06-07T19:42:54+00:00","description":"At 4 PM there will be the Mass for the Solemnity of Corpus Christi, with a procession of the Blessed Sacrament. The entire celebration will be broadcast on the Padre Eust\u00e1quio Channel.\u00a0","breadcrumb":{"@id":"https:\/\/www.padreeustaquio.com.br\/dia-de-corpus-christi-no-santuario-tera-confeccao-de-tapetes-e-procissao\/#breadcrumb"},"inLanguage":"en-US","potentialAction":[{"@type":"ReadAction","target":["https:\/\/www.padreeustaquio.com.br\/dia-de-corpus-christi-no-santuario-tera-confeccao-de-tapetes-e-procissao\/"]}]},{"@type":"ImageObject","inLanguage":"en-US","@id":"https:\/\/www.padreeustaquio.com.br\/dia-de-corpus-christi-no-santuario-tera-confeccao-de-tapetes-e-procissao\/#primaryimage","url":"https:\/\/www.padreeustaquio.com.br\/wp-content\/uploads\/2023\/06\/Serragem-pronta-para-Corpus-Christi.jpeg","contentUrl":"https:\/\/www.padreeustaquio.com.br\/wp-content\/uploads\/2023\/06\/Serragem-pronta-para-Corpus-Christi.jpeg","width":1600,"height":1200},{"@type":"BreadcrumbList","@id":"https:\/\/www.padreeustaquio.com.br\/dia-de-corpus-christi-no-santuario-tera-confeccao-de-tapetes-e-procissao\/#breadcrumb","itemListElement":[{"@type":"ListItem","position":1,"name":"In\u00edcio","item":"https:\/\/www.padreeustaquio.com.br\/"},{"@type":"ListItem","position":2,"name":"Dia de Corpus Christi no Santu\u00e1rio ter\u00e1 confec\u00e7\u00e3o de tapetes e prociss\u00e3o\u00a0"}]},{"@type":"WebSite","@id":"https:\/\/www.padreeustaquio.com.br\/#website","url":"https:\/\/www.padreeustaquio.com.br\/","name":"FATHER EUST\u00c1QUIO","description":"Health and Peace","publisher":{"@id":"https:\/\/www.padreeustaquio.com.br\/#organization"},"potentialAction":[{"@type":"SearchAction","target":{"@type":"EntryPoint","urlTemplate":"https:\/\/www.padreeustaquio.com.br\/?s={search_term_string}"},"query-input":{"@type":"PropertyValueSpecification","valueRequired":true,"valueName":"search_term_string"}}],"inLanguage":"en-US"},{"@type":"Organization","@id":"https:\/\/www.padreeustaquio.com.br\/#organization","name":"FATHER EUST\u00c1QUIO","url":"https:\/\/www.padreeustaquio.com.br\/","logo":{"@type":"ImageObject","inLanguage":"en-US","@id":"https:\/\/www.padreeustaquio.com.br\/#\/schema\/logo\/image\/","url":"https:\/\/www.padreeustaquio.com.br\/wp-content\/uploads\/2019\/08\/marca.png","contentUrl":"https:\/\/www.padreeustaquio.com.br\/wp-content\/uploads\/2019\/08\/marca.png","width":350,"height":400,"caption":"Padre Eust\u00e1quio"},"image":{"@id":"https:\/\/www.padreeustaquio.com.br\/#\/schema\/logo\/image\/"},"sameAs":["https:\/\/www.facebook.com\/beatopadreeustaquio\/","https:\/\/x.com\/beatopeustaquio","https:\/\/www.instagram.com\/beatopadreeustaquio\/","https:\/\/www.youtube.com\/channel\/UCRhw7vfabnajwLxb1ZXMeIw"]},{"@type":"Person","@id":"https:\/\/www.padreeustaquio.com.br\/#\/schema\/person\/a2a51db1d00f1a7af0204a0f1ddb1566","name":"@sscc","image":{"@type":"ImageObject","inLanguage":"en-US","@id":"https:\/\/secure.gravatar.com\/avatar\/68cfafa5f44617fea54071e215026e0ff06be366c3d54a8425f04fdcb86f8c5f?s=96&d=mm&r=g","url":"https:\/\/secure.gravatar.com\/avatar\/68cfafa5f44617fea54071e215026e0ff06be366c3d54a8425f04fdcb86f8c5f?s=96&d=mm&r=g","contentUrl":"https:\/\/secure.gravatar.com\/avatar\/68cfafa5f44617fea54071e215026e0ff06be366c3d54a8425f04fdcb86f8c5f?s=96&d=mm&r=g","caption":"@sscc"},"url":"https:\/\/www.padreeustaquio.com.br\/en\/author\/sscc\/"}]}},"_links":{"self":[{"href":"https:\/\/www.padreeustaquio.com.br\/en\/wp-json\/wp\/v2\/posts\/10511","targetHints":{"allow":["GET"]}}],"collection":[{"href":"https:\/\/www.padreeustaquio.com.br\/en\/wp-json\/wp\/v2\/posts"}],"about":[{"href":"https:\/\/www.padreeustaquio.com.br\/en\/wp-json\/wp\/v2\/types\/post"}],"author":[{"embeddable":true,"href":"https:\/\/www.padreeustaquio.com.br\/en\/wp-json\/wp\/v2\/users\/2"}],"replies":[{"embeddable":true,"href":"https:\/\/www.padreeustaquio.com.br\/en\/wp-json\/wp\/v2\/comments?post=10511"}],"version-history":[{"count":0,"href":"https:\/\/www.padreeustaquio.com.br\/en\/wp-json\/wp\/v2\/posts\/10511\/revisions"}],"wp:featuredmedia":[{"embeddable":true,"href":"https:\/\/www.padreeustaquio.com.br\/en\/wp-json\/wp\/v2\/media\/10512"}],"wp:attachment":[{"href":"https:\/\/www.padreeustaquio.com.br\/en\/wp-json\/wp\/v2\/media?parent=10511"}],"wp:term":[{"taxonomy":"category","embeddable":true,"href":"https:\/\/www.padreeustaquio.com.br\/en\/wp-json\/wp\/v2\/categories?post=10511"},{"taxonomy":"post_tag","embeddable":true,"href":"https:\/\/www.padreeustaquio.com.br\/en\/wp-json\/wp\/v2\/tags?post=10511"}],"curies":[{"name":"wp","href":"https:\/\/api.w.org\/{rel}","templated":true}]}}