{"id":10506,"date":"2023-06-05T06:43:45","date_gmt":"2023-06-05T09:43:45","guid":{"rendered":"https:\/\/www.padreeustaquio.com.br\/?p=10506"},"modified":"2023-06-04T17:13:46","modified_gmt":"2023-06-04T20:13:46","slug":"deacon-wanderson-alves-will-be-ordained-this-saturday","status":"publish","type":"post","link":"https:\/\/www.padreeustaquio.com.br\/en\/deacon-wanderson-alves-will-be-ordained-this-saturday\/","title":{"rendered":"Deacon Wanderson Alves will be ordained this Saturday."},"content":{"rendered":"<p>Deacon Wanderson de Souza Alves, ss.cc., will be ordained a priest on the morning of next Saturday, June 10th. The Holy Mass with the rite of priestly ordination will begin at 10:00 AM and will be presided over by Dom Paulo Alves Rom\u00e3o, auxiliary bishop of the Archdiocese of S\u00e3o Sebasti\u00e3o do Rio de Janeiro.<\/p>\n<p>The ceremony will be held at the Nossa Senhora Aparecida Parish, where Deacon Wanderson was born and spent his childhood in Rio de Janeiro. The parish is located at Avenida Bacax\u00e1, lote 03, quadra 64, in the Santa Margarida neighborhood, in the city of Rio de Janeiro. The entire celebration can also be followed remotely via the Padre Eust\u00e1quio Channel on YouTube (<a href=\"https:\/\/youtube.com\/live\/jmX5eeMj2ww?feature=share\" target=\"_blank\" rel=\"noreferrer noopener\">FOLLOW HERE<\/a>).<\/p>\n<p>After his ordination, Father Wanderson will celebrate his first Mass at 11:00 AM the following day (June 11th) at the Nossa Senhora do Desterro Parish in Campo Grande, also in Rio de Janeiro. On the same day (June 11th), Wanderson will also celebrate Mass at the Nossa Senhora Aparecida Parish, the location of his ordination, at 6:00 PM.<\/p>\n<p><strong>Deacon Wanderson, SSCC<\/strong><\/p>\n<p>Wanderson de Souza Alves was born in Rio de Janeiro on April 14, 1993. He is the son of Francisco Carlos Alves and Sheila Gama de Souza Alves (deceased). He entered the Congregation in 2012. He completed his novitiate in 2015 in Cerrillos de Curacavi, Chile, and professed his first vows on January 17, 2016, at the Nossa Senhora do Desterro Parish in Campo Grande, Rio de Janeiro. In 2019, he began residing in the religious community of the Sanctuary of Health and Peace in Belo Horizonte, where he served pastorally until 2022.<\/p>\n<p>He made his Perpetual Profession on January 16, 2021, also in Belo Horizonte. He completed his Theology studies in 2021 at the Jesuit Faculty and was ordained a Deacon on August 29, 2022. Since then, he has been exercising his diaconate in the city of Patroc\u00ednio-MG, at the S\u00e3o Dami\u00e3o de Molokai Parish.<\/p>\n<p>&nbsp;<\/p>","protected":false},"excerpt":{"rendered":"<p>O Di\u00e1cono Wanderson de Souza Alves, ss.cc., ser\u00e1 ordenado presb\u00edtero na manh\u00e3 do pr\u00f3ximo s\u00e1bado, 10 de junho. A Santa Missa com o rito da ordena\u00e7\u00e3o sacerdotal acontece come\u00e7a \u00e0s 1oh e ser\u00e1 presidida por Dom Paulo Alves Rom\u00e3o, bispo auxiliar da Arquidiocese de S\u00e3o Sebasti\u00e3o do Rio de Janeiro. A Cerim\u00f4nia ser\u00e1 realizada na Par\u00f3quia Nossa Senhora Aparecida, local onde o Di\u00e1cono Wanderson nasceu e passou sua inf\u00e2ncia na cidade carioca. A par\u00f3quia fica na Avenida Bacax\u00e1, lote 03, quadra 64, no bairro de Santa Margarida, na capital do Rio de Janeiro. Toda a celebra\u00e7\u00e3o poder\u00e1 ser acompanhada tamb\u00e9m [&hellip;]<\/p>\n","protected":false},"author":2,"featured_media":10507,"comment_status":"open","ping_status":"closed","sticky":false,"template":"","format":"standard","meta":{"_acf_changed":false,"footnotes":""},"categories":[611],"tags":[],"class_list":["post-10506","post","type-post","status-publish","format-standard","has-post-thumbnail","hentry","category-noticias"],"acf":[],"yoast_head":"<!-- This site is optimized with the Yoast SEO plugin v27.2 - https:\/\/yoast.com\/product\/yoast-seo-wordpress\/ -->\n<title>Di\u00e1cono Wanderson Alves ser\u00e1 ordenado neste s\u00e1bado<\/title>\n<meta name=\"description\" content=\"O Di\u00e1cono Wanderson de Souza Alves, ss.cc., ser\u00e1 ordenado presb\u00edtero na manh\u00e3 do pr\u00f3ximo s\u00e1bado, 10 de junho. A Santa Missa com o rito da ordena\u00e7\u00e3o sacerdotal acontece come\u00e7a \u00e0s 1oh e ser\u00e1 presidida por Dom Paulo Alves Rom\u00e3o, bispo auxiliar da Arquidiocese de S\u00e3o Sebasti\u00e3o do Rio de Janeiro.\" \/>\n<meta name=\"robots\" content=\"index, follow, max-snippet:-1, max-image-preview:large, max-video-preview:-1\" \/>\n<link rel=\"canonical\" href=\"https:\/\/www.padreeustaquio.com.br\/en\/deacon-wanderson-alves-will-be-ordained-this-saturday\/\" \/>\n<meta property=\"og:locale\" content=\"en_US\" \/>\n<meta property=\"og:type\" content=\"article\" \/>\n<meta property=\"og:title\" content=\"Di\u00e1cono Wanderson Alves ser\u00e1 ordenado neste s\u00e1bado\" \/>\n<meta property=\"og:description\" content=\"O Di\u00e1cono Wanderson de Souza Alves, ss.cc., ser\u00e1 ordenado presb\u00edtero na manh\u00e3 do pr\u00f3ximo s\u00e1bado, 10 de junho. A Santa Missa com o rito da ordena\u00e7\u00e3o sacerdotal acontece come\u00e7a \u00e0s 1oh e ser\u00e1 presidida por Dom Paulo Alves Rom\u00e3o, bispo auxiliar da Arquidiocese de S\u00e3o Sebasti\u00e3o do Rio de Janeiro.\" \/>\n<meta property=\"og:url\" content=\"https:\/\/www.padreeustaquio.com.br\/en\/deacon-wanderson-alves-will-be-ordained-this-saturday\/\" \/>\n<meta property=\"og:site_name\" content=\"Padre Eust\u00e1quio\" \/>\n<meta property=\"article:publisher\" content=\"https:\/\/www.facebook.com\/beatopadreeustaquio\/\" \/>\n<meta property=\"article:published_time\" content=\"2023-06-05T09:43:45+00:00\" \/>\n<meta property=\"og:image\" content=\"https:\/\/www.padreeustaquio.com.br\/wp-content\/uploads\/2023\/06\/10-Ordenacao-Wanderson.jpg\" \/>\n\t<meta property=\"og:image:width\" content=\"1920\" \/>\n\t<meta property=\"og:image:height\" content=\"1080\" \/>\n\t<meta property=\"og:image:type\" content=\"image\/jpeg\" \/>\n<meta name=\"author\" content=\"@sscc\" \/>\n<meta name=\"twitter:card\" content=\"summary_large_image\" \/>\n<meta name=\"twitter:creator\" content=\"@beatopeustaquio\" \/>\n<meta name=\"twitter:site\" content=\"@beatopeustaquio\" \/>\n<meta name=\"twitter:label1\" content=\"Written by\" \/>\n\t<meta name=\"twitter:data1\" content=\"@sscc\" \/>\n\t<meta name=\"twitter:label2\" content=\"Est. reading time\" \/>\n\t<meta name=\"twitter:data2\" content=\"2 minutes\" \/>\n<script type=\"application\/ld+json\" class=\"yoast-schema-graph\">{\"@context\":\"https:\/\/schema.org\",\"@graph\":[{\"@type\":\"Article\",\"@id\":\"https:\/\/www.padreeustaquio.com.br\/diacono-wanderson-alves-sera-ordenado-neste-sabado\/#article\",\"isPartOf\":{\"@id\":\"https:\/\/www.padreeustaquio.com.br\/diacono-wanderson-alves-sera-ordenado-neste-sabado\/\"},\"author\":{\"name\":\"@sscc\",\"@id\":\"https:\/\/www.padreeustaquio.com.br\/#\/schema\/person\/a2a51db1d00f1a7af0204a0f1ddb1566\"},\"headline\":\"Di\u00e1cono Wanderson Alves ser\u00e1 ordenado neste s\u00e1bado\",\"datePublished\":\"2023-06-05T09:43:45+00:00\",\"mainEntityOfPage\":{\"@id\":\"https:\/\/www.padreeustaquio.com.br\/diacono-wanderson-alves-sera-ordenado-neste-sabado\/\"},\"wordCount\":336,\"commentCount\":0,\"publisher\":{\"@id\":\"https:\/\/www.padreeustaquio.com.br\/#organization\"},\"image\":{\"@id\":\"https:\/\/www.padreeustaquio.com.br\/diacono-wanderson-alves-sera-ordenado-neste-sabado\/#primaryimage\"},\"thumbnailUrl\":\"https:\/\/www.padreeustaquio.com.br\/wp-content\/uploads\/2023\/06\/10-Ordenacao-Wanderson.jpg\",\"articleSection\":[\"Not\u00edcias\"],\"inLanguage\":\"en-US\",\"potentialAction\":[{\"@type\":\"CommentAction\",\"name\":\"Comment\",\"target\":[\"https:\/\/www.padreeustaquio.com.br\/diacono-wanderson-alves-sera-ordenado-neste-sabado\/#respond\"]}]},{\"@type\":\"WebPage\",\"@id\":\"https:\/\/www.padreeustaquio.com.br\/diacono-wanderson-alves-sera-ordenado-neste-sabado\/\",\"url\":\"https:\/\/www.padreeustaquio.com.br\/diacono-wanderson-alves-sera-ordenado-neste-sabado\/\",\"name\":\"Di\u00e1cono Wanderson Alves ser\u00e1 ordenado neste s\u00e1bado\",\"isPartOf\":{\"@id\":\"https:\/\/www.padreeustaquio.com.br\/#website\"},\"primaryImageOfPage\":{\"@id\":\"https:\/\/www.padreeustaquio.com.br\/diacono-wanderson-alves-sera-ordenado-neste-sabado\/#primaryimage\"},\"image\":{\"@id\":\"https:\/\/www.padreeustaquio.com.br\/diacono-wanderson-alves-sera-ordenado-neste-sabado\/#primaryimage\"},\"thumbnailUrl\":\"https:\/\/www.padreeustaquio.com.br\/wp-content\/uploads\/2023\/06\/10-Ordenacao-Wanderson.jpg\",\"datePublished\":\"2023-06-05T09:43:45+00:00\",\"description\":\"O Di\u00e1cono Wanderson de Souza Alves, ss.cc., ser\u00e1 ordenado presb\u00edtero na manh\u00e3 do pr\u00f3ximo s\u00e1bado, 10 de junho. A Santa Missa com o rito da ordena\u00e7\u00e3o sacerdotal acontece come\u00e7a \u00e0s 1oh e ser\u00e1 presidida por Dom Paulo Alves Rom\u00e3o, bispo auxiliar da Arquidiocese de S\u00e3o Sebasti\u00e3o do Rio de Janeiro.\",\"breadcrumb\":{\"@id\":\"https:\/\/www.padreeustaquio.com.br\/diacono-wanderson-alves-sera-ordenado-neste-sabado\/#breadcrumb\"},\"inLanguage\":\"en-US\",\"potentialAction\":[{\"@type\":\"ReadAction\",\"target\":[\"https:\/\/www.padreeustaquio.com.br\/diacono-wanderson-alves-sera-ordenado-neste-sabado\/\"]}]},{\"@type\":\"ImageObject\",\"inLanguage\":\"en-US\",\"@id\":\"https:\/\/www.padreeustaquio.com.br\/diacono-wanderson-alves-sera-ordenado-neste-sabado\/#primaryimage\",\"url\":\"https:\/\/www.padreeustaquio.com.br\/wp-content\/uploads\/2023\/06\/10-Ordenacao-Wanderson.jpg\",\"contentUrl\":\"https:\/\/www.padreeustaquio.com.br\/wp-content\/uploads\/2023\/06\/10-Ordenacao-Wanderson.jpg\",\"width\":1920,\"height\":1080},{\"@type\":\"BreadcrumbList\",\"@id\":\"https:\/\/www.padreeustaquio.com.br\/diacono-wanderson-alves-sera-ordenado-neste-sabado\/#breadcrumb\",\"itemListElement\":[{\"@type\":\"ListItem\",\"position\":1,\"name\":\"In\u00edcio\",\"item\":\"https:\/\/www.padreeustaquio.com.br\/\"},{\"@type\":\"ListItem\",\"position\":2,\"name\":\"Di\u00e1cono Wanderson Alves ser\u00e1 ordenado neste s\u00e1bado\"}]},{\"@type\":\"WebSite\",\"@id\":\"https:\/\/www.padreeustaquio.com.br\/#website\",\"url\":\"https:\/\/www.padreeustaquio.com.br\/\",\"name\":\"Padre Eust\u00e1quio\",\"description\":\"Sa\u00fade e Paz\",\"publisher\":{\"@id\":\"https:\/\/www.padreeustaquio.com.br\/#organization\"},\"potentialAction\":[{\"@type\":\"SearchAction\",\"target\":{\"@type\":\"EntryPoint\",\"urlTemplate\":\"https:\/\/www.padreeustaquio.com.br\/?s={search_term_string}\"},\"query-input\":{\"@type\":\"PropertyValueSpecification\",\"valueRequired\":true,\"valueName\":\"search_term_string\"}}],\"inLanguage\":\"en-US\"},{\"@type\":\"Organization\",\"@id\":\"https:\/\/www.padreeustaquio.com.br\/#organization\",\"name\":\"Padre Eust\u00e1quio\",\"url\":\"https:\/\/www.padreeustaquio.com.br\/\",\"logo\":{\"@type\":\"ImageObject\",\"inLanguage\":\"en-US\",\"@id\":\"https:\/\/www.padreeustaquio.com.br\/#\/schema\/logo\/image\/\",\"url\":\"https:\/\/www.padreeustaquio.com.br\/wp-content\/uploads\/2019\/08\/marca.png\",\"contentUrl\":\"https:\/\/www.padreeustaquio.com.br\/wp-content\/uploads\/2019\/08\/marca.png\",\"width\":350,\"height\":400,\"caption\":\"Padre Eust\u00e1quio\"},\"image\":{\"@id\":\"https:\/\/www.padreeustaquio.com.br\/#\/schema\/logo\/image\/\"},\"sameAs\":[\"https:\/\/www.facebook.com\/beatopadreeustaquio\/\",\"https:\/\/x.com\/beatopeustaquio\",\"https:\/\/www.instagram.com\/beatopadreeustaquio\/\",\"https:\/\/www.youtube.com\/channel\/UCRhw7vfabnajwLxb1ZXMeIw\"]},{\"@type\":\"Person\",\"@id\":\"https:\/\/www.padreeustaquio.com.br\/#\/schema\/person\/a2a51db1d00f1a7af0204a0f1ddb1566\",\"name\":\"@sscc\",\"image\":{\"@type\":\"ImageObject\",\"inLanguage\":\"en-US\",\"@id\":\"https:\/\/secure.gravatar.com\/avatar\/68cfafa5f44617fea54071e215026e0ff06be366c3d54a8425f04fdcb86f8c5f?s=96&d=mm&r=g\",\"url\":\"https:\/\/secure.gravatar.com\/avatar\/68cfafa5f44617fea54071e215026e0ff06be366c3d54a8425f04fdcb86f8c5f?s=96&d=mm&r=g\",\"contentUrl\":\"https:\/\/secure.gravatar.com\/avatar\/68cfafa5f44617fea54071e215026e0ff06be366c3d54a8425f04fdcb86f8c5f?s=96&d=mm&r=g\",\"caption\":\"@sscc\"},\"url\":\"https:\/\/www.padreeustaquio.com.br\/en\/author\/sscc\/\"}]}<\/script>\n<!-- \/ Yoast SEO plugin. -->","yoast_head_json":{"title":"Deacon Wanderson Alves will be ordained this Saturday.","description":"Deacon Wanderson de Souza Alves, ss.cc., will be ordained a priest on the morning of next Saturday, June 10th. The Holy Mass with the rite of priestly ordination will begin at 10:00 AM and will be presided over by Dom Paulo Alves Rom\u00e3o, auxiliary bishop of the Archdiocese of S\u00e3o Sebasti\u00e3o do Rio de Janeiro.","robots":{"index":"index","follow":"follow","max-snippet":"max-snippet:-1","max-image-preview":"max-image-preview:large","max-video-preview":"max-video-preview:-1"},"canonical":"https:\/\/www.padreeustaquio.com.br\/en\/deacon-wanderson-alves-will-be-ordained-this-saturday\/","og_locale":"en_US","og_type":"article","og_title":"Di\u00e1cono Wanderson Alves ser\u00e1 ordenado neste s\u00e1bado","og_description":"O Di\u00e1cono Wanderson de Souza Alves, ss.cc., ser\u00e1 ordenado presb\u00edtero na manh\u00e3 do pr\u00f3ximo s\u00e1bado, 10 de junho. A Santa Missa com o rito da ordena\u00e7\u00e3o sacerdotal acontece come\u00e7a \u00e0s 1oh e ser\u00e1 presidida por Dom Paulo Alves Rom\u00e3o, bispo auxiliar da Arquidiocese de S\u00e3o Sebasti\u00e3o do Rio de Janeiro.","og_url":"https:\/\/www.padreeustaquio.com.br\/en\/deacon-wanderson-alves-will-be-ordained-this-saturday\/","og_site_name":"Padre Eust\u00e1quio","article_publisher":"https:\/\/www.facebook.com\/beatopadreeustaquio\/","article_published_time":"2023-06-05T09:43:45+00:00","og_image":[{"width":1920,"height":1080,"url":"https:\/\/www.padreeustaquio.com.br\/wp-content\/uploads\/2023\/06\/10-Ordenacao-Wanderson.jpg","type":"image\/jpeg"}],"author":"@sscc","twitter_card":"summary_large_image","twitter_creator":"@beatopeustaquio","twitter_site":"@beatopeustaquio","twitter_misc":{"Written by":"@sscc","Est. reading time":"2 minutes"},"schema":{"@context":"https:\/\/schema.org","@graph":[{"@type":"Article","@id":"https:\/\/www.padreeustaquio.com.br\/diacono-wanderson-alves-sera-ordenado-neste-sabado\/#article","isPartOf":{"@id":"https:\/\/www.padreeustaquio.com.br\/diacono-wanderson-alves-sera-ordenado-neste-sabado\/"},"author":{"name":"@sscc","@id":"https:\/\/www.padreeustaquio.com.br\/#\/schema\/person\/a2a51db1d00f1a7af0204a0f1ddb1566"},"headline":"Di\u00e1cono Wanderson Alves ser\u00e1 ordenado neste s\u00e1bado","datePublished":"2023-06-05T09:43:45+00:00","mainEntityOfPage":{"@id":"https:\/\/www.padreeustaquio.com.br\/diacono-wanderson-alves-sera-ordenado-neste-sabado\/"},"wordCount":336,"commentCount":0,"publisher":{"@id":"https:\/\/www.padreeustaquio.com.br\/#organization"},"image":{"@id":"https:\/\/www.padreeustaquio.com.br\/diacono-wanderson-alves-sera-ordenado-neste-sabado\/#primaryimage"},"thumbnailUrl":"https:\/\/www.padreeustaquio.com.br\/wp-content\/uploads\/2023\/06\/10-Ordenacao-Wanderson.jpg","articleSection":["Not\u00edcias"],"inLanguage":"en-US","potentialAction":[{"@type":"CommentAction","name":"Comment","target":["https:\/\/www.padreeustaquio.com.br\/diacono-wanderson-alves-sera-ordenado-neste-sabado\/#respond"]}]},{"@type":"WebPage","@id":"https:\/\/www.padreeustaquio.com.br\/diacono-wanderson-alves-sera-ordenado-neste-sabado\/","url":"https:\/\/www.padreeustaquio.com.br\/diacono-wanderson-alves-sera-ordenado-neste-sabado\/","name":"Deacon Wanderson Alves will be ordained this Saturday.","isPartOf":{"@id":"https:\/\/www.padreeustaquio.com.br\/#website"},"primaryImageOfPage":{"@id":"https:\/\/www.padreeustaquio.com.br\/diacono-wanderson-alves-sera-ordenado-neste-sabado\/#primaryimage"},"image":{"@id":"https:\/\/www.padreeustaquio.com.br\/diacono-wanderson-alves-sera-ordenado-neste-sabado\/#primaryimage"},"thumbnailUrl":"https:\/\/www.padreeustaquio.com.br\/wp-content\/uploads\/2023\/06\/10-Ordenacao-Wanderson.jpg","datePublished":"2023-06-05T09:43:45+00:00","description":"Deacon Wanderson de Souza Alves, ss.cc., will be ordained a priest on the morning of next Saturday, June 10th. The Holy Mass with the rite of priestly ordination will begin at 10:00 AM and will be presided over by Dom Paulo Alves Rom\u00e3o, auxiliary bishop of the Archdiocese of S\u00e3o Sebasti\u00e3o do Rio de Janeiro.","breadcrumb":{"@id":"https:\/\/www.padreeustaquio.com.br\/diacono-wanderson-alves-sera-ordenado-neste-sabado\/#breadcrumb"},"inLanguage":"en-US","potentialAction":[{"@type":"ReadAction","target":["https:\/\/www.padreeustaquio.com.br\/diacono-wanderson-alves-sera-ordenado-neste-sabado\/"]}]},{"@type":"ImageObject","inLanguage":"en-US","@id":"https:\/\/www.padreeustaquio.com.br\/diacono-wanderson-alves-sera-ordenado-neste-sabado\/#primaryimage","url":"https:\/\/www.padreeustaquio.com.br\/wp-content\/uploads\/2023\/06\/10-Ordenacao-Wanderson.jpg","contentUrl":"https:\/\/www.padreeustaquio.com.br\/wp-content\/uploads\/2023\/06\/10-Ordenacao-Wanderson.jpg","width":1920,"height":1080},{"@type":"BreadcrumbList","@id":"https:\/\/www.padreeustaquio.com.br\/diacono-wanderson-alves-sera-ordenado-neste-sabado\/#breadcrumb","itemListElement":[{"@type":"ListItem","position":1,"name":"In\u00edcio","item":"https:\/\/www.padreeustaquio.com.br\/"},{"@type":"ListItem","position":2,"name":"Di\u00e1cono Wanderson Alves ser\u00e1 ordenado neste s\u00e1bado"}]},{"@type":"WebSite","@id":"https:\/\/www.padreeustaquio.com.br\/#website","url":"https:\/\/www.padreeustaquio.com.br\/","name":"FATHER EUST\u00c1QUIO","description":"Health and Peace","publisher":{"@id":"https:\/\/www.padreeustaquio.com.br\/#organization"},"potentialAction":[{"@type":"SearchAction","target":{"@type":"EntryPoint","urlTemplate":"https:\/\/www.padreeustaquio.com.br\/?s={search_term_string}"},"query-input":{"@type":"PropertyValueSpecification","valueRequired":true,"valueName":"search_term_string"}}],"inLanguage":"en-US"},{"@type":"Organization","@id":"https:\/\/www.padreeustaquio.com.br\/#organization","name":"FATHER EUST\u00c1QUIO","url":"https:\/\/www.padreeustaquio.com.br\/","logo":{"@type":"ImageObject","inLanguage":"en-US","@id":"https:\/\/www.padreeustaquio.com.br\/#\/schema\/logo\/image\/","url":"https:\/\/www.padreeustaquio.com.br\/wp-content\/uploads\/2019\/08\/marca.png","contentUrl":"https:\/\/www.padreeustaquio.com.br\/wp-content\/uploads\/2019\/08\/marca.png","width":350,"height":400,"caption":"Padre Eust\u00e1quio"},"image":{"@id":"https:\/\/www.padreeustaquio.com.br\/#\/schema\/logo\/image\/"},"sameAs":["https:\/\/www.facebook.com\/beatopadreeustaquio\/","https:\/\/x.com\/beatopeustaquio","https:\/\/www.instagram.com\/beatopadreeustaquio\/","https:\/\/www.youtube.com\/channel\/UCRhw7vfabnajwLxb1ZXMeIw"]},{"@type":"Person","@id":"https:\/\/www.padreeustaquio.com.br\/#\/schema\/person\/a2a51db1d00f1a7af0204a0f1ddb1566","name":"@sscc","image":{"@type":"ImageObject","inLanguage":"en-US","@id":"https:\/\/secure.gravatar.com\/avatar\/68cfafa5f44617fea54071e215026e0ff06be366c3d54a8425f04fdcb86f8c5f?s=96&d=mm&r=g","url":"https:\/\/secure.gravatar.com\/avatar\/68cfafa5f44617fea54071e215026e0ff06be366c3d54a8425f04fdcb86f8c5f?s=96&d=mm&r=g","contentUrl":"https:\/\/secure.gravatar.com\/avatar\/68cfafa5f44617fea54071e215026e0ff06be366c3d54a8425f04fdcb86f8c5f?s=96&d=mm&r=g","caption":"@sscc"},"url":"https:\/\/www.padreeustaquio.com.br\/en\/author\/sscc\/"}]}},"_links":{"self":[{"href":"https:\/\/www.padreeustaquio.com.br\/en\/wp-json\/wp\/v2\/posts\/10506","targetHints":{"allow":["GET"]}}],"collection":[{"href":"https:\/\/www.padreeustaquio.com.br\/en\/wp-json\/wp\/v2\/posts"}],"about":[{"href":"https:\/\/www.padreeustaquio.com.br\/en\/wp-json\/wp\/v2\/types\/post"}],"author":[{"embeddable":true,"href":"https:\/\/www.padreeustaquio.com.br\/en\/wp-json\/wp\/v2\/users\/2"}],"replies":[{"embeddable":true,"href":"https:\/\/www.padreeustaquio.com.br\/en\/wp-json\/wp\/v2\/comments?post=10506"}],"version-history":[{"count":0,"href":"https:\/\/www.padreeustaquio.com.br\/en\/wp-json\/wp\/v2\/posts\/10506\/revisions"}],"wp:featuredmedia":[{"embeddable":true,"href":"https:\/\/www.padreeustaquio.com.br\/en\/wp-json\/wp\/v2\/media\/10507"}],"wp:attachment":[{"href":"https:\/\/www.padreeustaquio.com.br\/en\/wp-json\/wp\/v2\/media?parent=10506"}],"wp:term":[{"taxonomy":"category","embeddable":true,"href":"https:\/\/www.padreeustaquio.com.br\/en\/wp-json\/wp\/v2\/categories?post=10506"},{"taxonomy":"post_tag","embeddable":true,"href":"https:\/\/www.padreeustaquio.com.br\/en\/wp-json\/wp\/v2\/tags?post=10506"}],"curies":[{"name":"wp","href":"https:\/\/api.w.org\/{rel}","templated":true}]}}