{"id":10480,"date":"2023-06-01T09:15:46","date_gmt":"2023-06-01T12:15:46","guid":{"rendered":"https:\/\/www.padreeustaquio.com.br\/?p=10480"},"modified":"2023-06-01T09:16:52","modified_gmt":"2023-06-01T12:16:52","slug":"young-people-work-making-sawdust-carpets-for-corpus-christi","status":"publish","type":"post","link":"https:\/\/www.padreeustaquio.com.br\/en\/young-people-work-making-sawdust-carpets-for-corpus-christi\/","title":{"rendered":"Young people work on making sawdust carpets for Corpus Christi."},"content":{"rendered":"<p>The young people active in the Sanctuary of Health and Peace have been meeting at the church to prepare the material that will be used next Thursday, June 8th, when the Church celebrates Corpus Christi Day.<\/p>\n<p>They are receiving sawdust from the community to dye in various colors to create the designs that will make up the carpets on Corpus Christi Day. So, if you know where we can get sawdust or someone who can donate the material, please contact the Parish Office.<\/p>\n<p>If you are available to help dye the material, please call (31) 3462-6557 and tell us about your willingness to help so that we can count on you.<\/p>\n<p>The origin of the Solemnity of the Body and Blood of Christ dates back to the 13th century. This liturgical solemnity was instituted by Pope Urban IV (1262-1264), through the bull &quot;Transiturus,&quot; of August 11, 1264, to be celebrated on the Thursday after the feast of the Holy Trinity, which takes place on the Sunday after Pentecost. Urban IV, before being chosen Pope, was a Canon of Li\u00e8ge (Belgium) and was called James Pantaleon of Troyes, the same one who received the secret of the visions of the nun Juliana of Li\u00e8ge, who requested a feast of the Eucharist in the liturgical calendar.<\/p>\n<p>This solemnity is included in the Church&#039;s liturgical calendar to highlight and emphasize the real presence of the Lord Jesus in the consecrated bread and chalice. After the consecration, it becomes: Jesus in the Sacrament. The story goes that a priest named Peter of Prague, very pious and zealous pastorally, lived anguished by doubts about the real presence of Christ in the consecrated bread. He then decided to go on a pilgrimage to the tomb of the Apostles Peter and Paul in Rome to ask for the gift of faith. While passing through Bolsena (Italy), while celebrating Holy Mass, he was again overcome by doubt. At the moment of consecration, the answer came to him in the form of a miracle: The sacred white host transformed into living flesh, dripping blood, staining the corporal (the white cloth on which the consecrated sacred species are placed), the purificator (the cloth used to clean the chalice), and the altar cloth.<\/p>\n<p>At the request of Pope Urban IV, the miraculous objects were taken to Orvieto in a solemn procession. This was the first procession of the Eucharistic corporal. On August 11, 1264, the Pope issued from Orvieto to the Catholic world the precept of a solemn feast in honor of the Body and Blood of the Lord.<\/p>\n<p>&nbsp;<\/p>\n<p>**with information from cnbb.org<\/p>","protected":false},"excerpt":{"rendered":"<p>Os jovens atuantes no Santu\u00e1rio da Sa\u00fade e da Paz t\u00eam se reunido na igreja para preparar o material que ser\u00e1 usado na pr\u00f3xima quinta-feira, dia 8 de junho, quando a Igreja celebra o Dia de Corpus Christi. Eles est\u00e3o recebendo serragens da comunidade para tingir em v\u00e1rias cores para formar os desenhos que ir\u00e3o compor os tapetes no dia de Corpus Christi. Ent\u00e3o, se voc\u00ea sabe onde podemos arrumar serragem ou de algu\u00e9m que possa doar o material, entre em contato com a Secretaria Paroquial. Se voc\u00ea tem disponibilidade para ajudar a tingir o material ligue para (31) 3462-6557 [&hellip;]<\/p>\n","protected":false},"author":2,"featured_media":10481,"comment_status":"open","ping_status":"closed","sticky":false,"template":"","format":"standard","meta":{"_acf_changed":false,"footnotes":""},"categories":[611],"tags":[],"class_list":["post-10480","post","type-post","status-publish","format-standard","has-post-thumbnail","hentry","category-noticias"],"acf":[],"yoast_head":"<!-- This site is optimized with the Yoast SEO plugin v27.2 - https:\/\/yoast.com\/product\/yoast-seo-wordpress\/ -->\n<title>Juventude trabalha na confec\u00e7\u00e3o de tapetes de serragem para Corpus Christi<\/title>\n<meta name=\"description\" content=\"Os jovens atuantes no Santu\u00e1rio da Sa\u00fade e da Paz t\u00eam se reunido na igreja para preparar o material que ser\u00e1 usado na pr\u00f3xima quinta-feira, dia 8 de junho, quando a Igreja celebra o Dia de Corpus Christi.\" \/>\n<meta name=\"robots\" content=\"index, follow, max-snippet:-1, max-image-preview:large, max-video-preview:-1\" \/>\n<link rel=\"canonical\" href=\"https:\/\/www.padreeustaquio.com.br\/en\/young-people-work-making-sawdust-carpets-for-corpus-christi\/\" \/>\n<meta property=\"og:locale\" content=\"en_US\" \/>\n<meta property=\"og:type\" content=\"article\" \/>\n<meta property=\"og:title\" content=\"Juventude trabalha na confec\u00e7\u00e3o de tapetes de serragem para Corpus Christi\" \/>\n<meta property=\"og:description\" content=\"Os jovens atuantes no Santu\u00e1rio da Sa\u00fade e da Paz t\u00eam se reunido na igreja para preparar o material que ser\u00e1 usado na pr\u00f3xima quinta-feira, dia 8 de junho, quando a Igreja celebra o Dia de Corpus Christi.\" \/>\n<meta property=\"og:url\" content=\"https:\/\/www.padreeustaquio.com.br\/en\/young-people-work-making-sawdust-carpets-for-corpus-christi\/\" \/>\n<meta property=\"og:site_name\" content=\"Padre Eust\u00e1quio\" \/>\n<meta property=\"article:publisher\" content=\"https:\/\/www.facebook.com\/beatopadreeustaquio\/\" \/>\n<meta property=\"article:published_time\" content=\"2023-06-01T12:15:46+00:00\" \/>\n<meta property=\"article:modified_time\" content=\"2023-06-01T12:16:52+00:00\" \/>\n<meta property=\"og:image\" content=\"https:\/\/www.padreeustaquio.com.br\/wp-content\/uploads\/2023\/05\/WhatsApp-Image-2023-05-27-at-09.51.09-e1685476323586.jpeg\" \/>\n\t<meta property=\"og:image:width\" content=\"900\" \/>\n\t<meta property=\"og:image:height\" content=\"528\" \/>\n\t<meta property=\"og:image:type\" content=\"image\/jpeg\" \/>\n<meta name=\"author\" content=\"@sscc\" \/>\n<meta name=\"twitter:card\" content=\"summary_large_image\" \/>\n<meta name=\"twitter:creator\" content=\"@beatopeustaquio\" \/>\n<meta name=\"twitter:site\" content=\"@beatopeustaquio\" \/>\n<meta name=\"twitter:label1\" content=\"Written by\" \/>\n\t<meta name=\"twitter:data1\" content=\"@sscc\" \/>\n\t<meta name=\"twitter:label2\" content=\"Est. reading time\" \/>\n\t<meta name=\"twitter:data2\" content=\"3 minutes\" \/>\n<script type=\"application\/ld+json\" class=\"yoast-schema-graph\">{\"@context\":\"https:\/\/schema.org\",\"@graph\":[{\"@type\":\"Article\",\"@id\":\"https:\/\/www.padreeustaquio.com.br\/juventude-trabalha-na-confeccao-de-tapetes-de-serragem-para-corpus-christi\/#article\",\"isPartOf\":{\"@id\":\"https:\/\/www.padreeustaquio.com.br\/juventude-trabalha-na-confeccao-de-tapetes-de-serragem-para-corpus-christi\/\"},\"author\":{\"name\":\"@sscc\",\"@id\":\"https:\/\/www.padreeustaquio.com.br\/#\/schema\/person\/a2a51db1d00f1a7af0204a0f1ddb1566\"},\"headline\":\"Juventude trabalha na confec\u00e7\u00e3o de tapetes de serragem para Corpus Christi\",\"datePublished\":\"2023-06-01T12:15:46+00:00\",\"dateModified\":\"2023-06-01T12:16:52+00:00\",\"mainEntityOfPage\":{\"@id\":\"https:\/\/www.padreeustaquio.com.br\/juventude-trabalha-na-confeccao-de-tapetes-de-serragem-para-corpus-christi\/\"},\"wordCount\":460,\"commentCount\":0,\"publisher\":{\"@id\":\"https:\/\/www.padreeustaquio.com.br\/#organization\"},\"image\":{\"@id\":\"https:\/\/www.padreeustaquio.com.br\/juventude-trabalha-na-confeccao-de-tapetes-de-serragem-para-corpus-christi\/#primaryimage\"},\"thumbnailUrl\":\"https:\/\/www.padreeustaquio.com.br\/wp-content\/uploads\/2023\/05\/WhatsApp-Image-2023-05-27-at-09.51.09-e1685476323586.jpeg\",\"articleSection\":[\"Not\u00edcias\"],\"inLanguage\":\"en-US\",\"potentialAction\":[{\"@type\":\"CommentAction\",\"name\":\"Comment\",\"target\":[\"https:\/\/www.padreeustaquio.com.br\/juventude-trabalha-na-confeccao-de-tapetes-de-serragem-para-corpus-christi\/#respond\"]}]},{\"@type\":\"WebPage\",\"@id\":\"https:\/\/www.padreeustaquio.com.br\/juventude-trabalha-na-confeccao-de-tapetes-de-serragem-para-corpus-christi\/\",\"url\":\"https:\/\/www.padreeustaquio.com.br\/juventude-trabalha-na-confeccao-de-tapetes-de-serragem-para-corpus-christi\/\",\"name\":\"Juventude trabalha na confec\u00e7\u00e3o de tapetes de serragem para Corpus Christi\",\"isPartOf\":{\"@id\":\"https:\/\/www.padreeustaquio.com.br\/#website\"},\"primaryImageOfPage\":{\"@id\":\"https:\/\/www.padreeustaquio.com.br\/juventude-trabalha-na-confeccao-de-tapetes-de-serragem-para-corpus-christi\/#primaryimage\"},\"image\":{\"@id\":\"https:\/\/www.padreeustaquio.com.br\/juventude-trabalha-na-confeccao-de-tapetes-de-serragem-para-corpus-christi\/#primaryimage\"},\"thumbnailUrl\":\"https:\/\/www.padreeustaquio.com.br\/wp-content\/uploads\/2023\/05\/WhatsApp-Image-2023-05-27-at-09.51.09-e1685476323586.jpeg\",\"datePublished\":\"2023-06-01T12:15:46+00:00\",\"dateModified\":\"2023-06-01T12:16:52+00:00\",\"description\":\"Os jovens atuantes no Santu\u00e1rio da Sa\u00fade e da Paz t\u00eam se reunido na igreja para preparar o material que ser\u00e1 usado na pr\u00f3xima quinta-feira, dia 8 de junho, quando a Igreja celebra o Dia de Corpus Christi.\",\"breadcrumb\":{\"@id\":\"https:\/\/www.padreeustaquio.com.br\/juventude-trabalha-na-confeccao-de-tapetes-de-serragem-para-corpus-christi\/#breadcrumb\"},\"inLanguage\":\"en-US\",\"potentialAction\":[{\"@type\":\"ReadAction\",\"target\":[\"https:\/\/www.padreeustaquio.com.br\/juventude-trabalha-na-confeccao-de-tapetes-de-serragem-para-corpus-christi\/\"]}]},{\"@type\":\"ImageObject\",\"inLanguage\":\"en-US\",\"@id\":\"https:\/\/www.padreeustaquio.com.br\/juventude-trabalha-na-confeccao-de-tapetes-de-serragem-para-corpus-christi\/#primaryimage\",\"url\":\"https:\/\/www.padreeustaquio.com.br\/wp-content\/uploads\/2023\/05\/WhatsApp-Image-2023-05-27-at-09.51.09-e1685476323586.jpeg\",\"contentUrl\":\"https:\/\/www.padreeustaquio.com.br\/wp-content\/uploads\/2023\/05\/WhatsApp-Image-2023-05-27-at-09.51.09-e1685476323586.jpeg\",\"width\":900,\"height\":528},{\"@type\":\"BreadcrumbList\",\"@id\":\"https:\/\/www.padreeustaquio.com.br\/juventude-trabalha-na-confeccao-de-tapetes-de-serragem-para-corpus-christi\/#breadcrumb\",\"itemListElement\":[{\"@type\":\"ListItem\",\"position\":1,\"name\":\"In\u00edcio\",\"item\":\"https:\/\/www.padreeustaquio.com.br\/\"},{\"@type\":\"ListItem\",\"position\":2,\"name\":\"Juventude trabalha na confec\u00e7\u00e3o de tapetes de serragem para Corpus Christi\"}]},{\"@type\":\"WebSite\",\"@id\":\"https:\/\/www.padreeustaquio.com.br\/#website\",\"url\":\"https:\/\/www.padreeustaquio.com.br\/\",\"name\":\"Padre Eust\u00e1quio\",\"description\":\"Sa\u00fade e Paz\",\"publisher\":{\"@id\":\"https:\/\/www.padreeustaquio.com.br\/#organization\"},\"potentialAction\":[{\"@type\":\"SearchAction\",\"target\":{\"@type\":\"EntryPoint\",\"urlTemplate\":\"https:\/\/www.padreeustaquio.com.br\/?s={search_term_string}\"},\"query-input\":{\"@type\":\"PropertyValueSpecification\",\"valueRequired\":true,\"valueName\":\"search_term_string\"}}],\"inLanguage\":\"en-US\"},{\"@type\":\"Organization\",\"@id\":\"https:\/\/www.padreeustaquio.com.br\/#organization\",\"name\":\"Padre Eust\u00e1quio\",\"url\":\"https:\/\/www.padreeustaquio.com.br\/\",\"logo\":{\"@type\":\"ImageObject\",\"inLanguage\":\"en-US\",\"@id\":\"https:\/\/www.padreeustaquio.com.br\/#\/schema\/logo\/image\/\",\"url\":\"https:\/\/www.padreeustaquio.com.br\/wp-content\/uploads\/2019\/08\/marca.png\",\"contentUrl\":\"https:\/\/www.padreeustaquio.com.br\/wp-content\/uploads\/2019\/08\/marca.png\",\"width\":350,\"height\":400,\"caption\":\"Padre Eust\u00e1quio\"},\"image\":{\"@id\":\"https:\/\/www.padreeustaquio.com.br\/#\/schema\/logo\/image\/\"},\"sameAs\":[\"https:\/\/www.facebook.com\/beatopadreeustaquio\/\",\"https:\/\/x.com\/beatopeustaquio\",\"https:\/\/www.instagram.com\/beatopadreeustaquio\/\",\"https:\/\/www.youtube.com\/channel\/UCRhw7vfabnajwLxb1ZXMeIw\"]},{\"@type\":\"Person\",\"@id\":\"https:\/\/www.padreeustaquio.com.br\/#\/schema\/person\/a2a51db1d00f1a7af0204a0f1ddb1566\",\"name\":\"@sscc\",\"image\":{\"@type\":\"ImageObject\",\"inLanguage\":\"en-US\",\"@id\":\"https:\/\/secure.gravatar.com\/avatar\/68cfafa5f44617fea54071e215026e0ff06be366c3d54a8425f04fdcb86f8c5f?s=96&d=mm&r=g\",\"url\":\"https:\/\/secure.gravatar.com\/avatar\/68cfafa5f44617fea54071e215026e0ff06be366c3d54a8425f04fdcb86f8c5f?s=96&d=mm&r=g\",\"contentUrl\":\"https:\/\/secure.gravatar.com\/avatar\/68cfafa5f44617fea54071e215026e0ff06be366c3d54a8425f04fdcb86f8c5f?s=96&d=mm&r=g\",\"caption\":\"@sscc\"},\"url\":\"https:\/\/www.padreeustaquio.com.br\/en\/author\/sscc\/\"}]}<\/script>\n<!-- \/ Yoast SEO plugin. -->","yoast_head_json":{"title":"Young people work on making sawdust carpets for Corpus Christi.","description":"The young people active in the Sanctuary of Health and Peace have been meeting at the church to prepare the material that will be used next Thursday, June 8th, when the Church celebrates Corpus Christi Day.","robots":{"index":"index","follow":"follow","max-snippet":"max-snippet:-1","max-image-preview":"max-image-preview:large","max-video-preview":"max-video-preview:-1"},"canonical":"https:\/\/www.padreeustaquio.com.br\/en\/young-people-work-making-sawdust-carpets-for-corpus-christi\/","og_locale":"en_US","og_type":"article","og_title":"Juventude trabalha na confec\u00e7\u00e3o de tapetes de serragem para Corpus Christi","og_description":"Os jovens atuantes no Santu\u00e1rio da Sa\u00fade e da Paz t\u00eam se reunido na igreja para preparar o material que ser\u00e1 usado na pr\u00f3xima quinta-feira, dia 8 de junho, quando a Igreja celebra o Dia de Corpus Christi.","og_url":"https:\/\/www.padreeustaquio.com.br\/en\/young-people-work-making-sawdust-carpets-for-corpus-christi\/","og_site_name":"Padre Eust\u00e1quio","article_publisher":"https:\/\/www.facebook.com\/beatopadreeustaquio\/","article_published_time":"2023-06-01T12:15:46+00:00","article_modified_time":"2023-06-01T12:16:52+00:00","og_image":[{"width":900,"height":528,"url":"https:\/\/www.padreeustaquio.com.br\/wp-content\/uploads\/2023\/05\/WhatsApp-Image-2023-05-27-at-09.51.09-e1685476323586.jpeg","type":"image\/jpeg"}],"author":"@sscc","twitter_card":"summary_large_image","twitter_creator":"@beatopeustaquio","twitter_site":"@beatopeustaquio","twitter_misc":{"Written by":"@sscc","Est. reading time":"3 minutes"},"schema":{"@context":"https:\/\/schema.org","@graph":[{"@type":"Article","@id":"https:\/\/www.padreeustaquio.com.br\/juventude-trabalha-na-confeccao-de-tapetes-de-serragem-para-corpus-christi\/#article","isPartOf":{"@id":"https:\/\/www.padreeustaquio.com.br\/juventude-trabalha-na-confeccao-de-tapetes-de-serragem-para-corpus-christi\/"},"author":{"name":"@sscc","@id":"https:\/\/www.padreeustaquio.com.br\/#\/schema\/person\/a2a51db1d00f1a7af0204a0f1ddb1566"},"headline":"Juventude trabalha na confec\u00e7\u00e3o de tapetes de serragem para Corpus Christi","datePublished":"2023-06-01T12:15:46+00:00","dateModified":"2023-06-01T12:16:52+00:00","mainEntityOfPage":{"@id":"https:\/\/www.padreeustaquio.com.br\/juventude-trabalha-na-confeccao-de-tapetes-de-serragem-para-corpus-christi\/"},"wordCount":460,"commentCount":0,"publisher":{"@id":"https:\/\/www.padreeustaquio.com.br\/#organization"},"image":{"@id":"https:\/\/www.padreeustaquio.com.br\/juventude-trabalha-na-confeccao-de-tapetes-de-serragem-para-corpus-christi\/#primaryimage"},"thumbnailUrl":"https:\/\/www.padreeustaquio.com.br\/wp-content\/uploads\/2023\/05\/WhatsApp-Image-2023-05-27-at-09.51.09-e1685476323586.jpeg","articleSection":["Not\u00edcias"],"inLanguage":"en-US","potentialAction":[{"@type":"CommentAction","name":"Comment","target":["https:\/\/www.padreeustaquio.com.br\/juventude-trabalha-na-confeccao-de-tapetes-de-serragem-para-corpus-christi\/#respond"]}]},{"@type":"WebPage","@id":"https:\/\/www.padreeustaquio.com.br\/juventude-trabalha-na-confeccao-de-tapetes-de-serragem-para-corpus-christi\/","url":"https:\/\/www.padreeustaquio.com.br\/juventude-trabalha-na-confeccao-de-tapetes-de-serragem-para-corpus-christi\/","name":"Young people work on making sawdust carpets for Corpus Christi.","isPartOf":{"@id":"https:\/\/www.padreeustaquio.com.br\/#website"},"primaryImageOfPage":{"@id":"https:\/\/www.padreeustaquio.com.br\/juventude-trabalha-na-confeccao-de-tapetes-de-serragem-para-corpus-christi\/#primaryimage"},"image":{"@id":"https:\/\/www.padreeustaquio.com.br\/juventude-trabalha-na-confeccao-de-tapetes-de-serragem-para-corpus-christi\/#primaryimage"},"thumbnailUrl":"https:\/\/www.padreeustaquio.com.br\/wp-content\/uploads\/2023\/05\/WhatsApp-Image-2023-05-27-at-09.51.09-e1685476323586.jpeg","datePublished":"2023-06-01T12:15:46+00:00","dateModified":"2023-06-01T12:16:52+00:00","description":"The young people active in the Sanctuary of Health and Peace have been meeting at the church to prepare the material that will be used next Thursday, June 8th, when the Church celebrates Corpus Christi Day.","breadcrumb":{"@id":"https:\/\/www.padreeustaquio.com.br\/juventude-trabalha-na-confeccao-de-tapetes-de-serragem-para-corpus-christi\/#breadcrumb"},"inLanguage":"en-US","potentialAction":[{"@type":"ReadAction","target":["https:\/\/www.padreeustaquio.com.br\/juventude-trabalha-na-confeccao-de-tapetes-de-serragem-para-corpus-christi\/"]}]},{"@type":"ImageObject","inLanguage":"en-US","@id":"https:\/\/www.padreeustaquio.com.br\/juventude-trabalha-na-confeccao-de-tapetes-de-serragem-para-corpus-christi\/#primaryimage","url":"https:\/\/www.padreeustaquio.com.br\/wp-content\/uploads\/2023\/05\/WhatsApp-Image-2023-05-27-at-09.51.09-e1685476323586.jpeg","contentUrl":"https:\/\/www.padreeustaquio.com.br\/wp-content\/uploads\/2023\/05\/WhatsApp-Image-2023-05-27-at-09.51.09-e1685476323586.jpeg","width":900,"height":528},{"@type":"BreadcrumbList","@id":"https:\/\/www.padreeustaquio.com.br\/juventude-trabalha-na-confeccao-de-tapetes-de-serragem-para-corpus-christi\/#breadcrumb","itemListElement":[{"@type":"ListItem","position":1,"name":"In\u00edcio","item":"https:\/\/www.padreeustaquio.com.br\/"},{"@type":"ListItem","position":2,"name":"Juventude trabalha na confec\u00e7\u00e3o de tapetes de serragem para Corpus Christi"}]},{"@type":"WebSite","@id":"https:\/\/www.padreeustaquio.com.br\/#website","url":"https:\/\/www.padreeustaquio.com.br\/","name":"FATHER EUST\u00c1QUIO","description":"Health and Peace","publisher":{"@id":"https:\/\/www.padreeustaquio.com.br\/#organization"},"potentialAction":[{"@type":"SearchAction","target":{"@type":"EntryPoint","urlTemplate":"https:\/\/www.padreeustaquio.com.br\/?s={search_term_string}"},"query-input":{"@type":"PropertyValueSpecification","valueRequired":true,"valueName":"search_term_string"}}],"inLanguage":"en-US"},{"@type":"Organization","@id":"https:\/\/www.padreeustaquio.com.br\/#organization","name":"FATHER EUST\u00c1QUIO","url":"https:\/\/www.padreeustaquio.com.br\/","logo":{"@type":"ImageObject","inLanguage":"en-US","@id":"https:\/\/www.padreeustaquio.com.br\/#\/schema\/logo\/image\/","url":"https:\/\/www.padreeustaquio.com.br\/wp-content\/uploads\/2019\/08\/marca.png","contentUrl":"https:\/\/www.padreeustaquio.com.br\/wp-content\/uploads\/2019\/08\/marca.png","width":350,"height":400,"caption":"Padre Eust\u00e1quio"},"image":{"@id":"https:\/\/www.padreeustaquio.com.br\/#\/schema\/logo\/image\/"},"sameAs":["https:\/\/www.facebook.com\/beatopadreeustaquio\/","https:\/\/x.com\/beatopeustaquio","https:\/\/www.instagram.com\/beatopadreeustaquio\/","https:\/\/www.youtube.com\/channel\/UCRhw7vfabnajwLxb1ZXMeIw"]},{"@type":"Person","@id":"https:\/\/www.padreeustaquio.com.br\/#\/schema\/person\/a2a51db1d00f1a7af0204a0f1ddb1566","name":"@sscc","image":{"@type":"ImageObject","inLanguage":"en-US","@id":"https:\/\/secure.gravatar.com\/avatar\/68cfafa5f44617fea54071e215026e0ff06be366c3d54a8425f04fdcb86f8c5f?s=96&d=mm&r=g","url":"https:\/\/secure.gravatar.com\/avatar\/68cfafa5f44617fea54071e215026e0ff06be366c3d54a8425f04fdcb86f8c5f?s=96&d=mm&r=g","contentUrl":"https:\/\/secure.gravatar.com\/avatar\/68cfafa5f44617fea54071e215026e0ff06be366c3d54a8425f04fdcb86f8c5f?s=96&d=mm&r=g","caption":"@sscc"},"url":"https:\/\/www.padreeustaquio.com.br\/en\/author\/sscc\/"}]}},"_links":{"self":[{"href":"https:\/\/www.padreeustaquio.com.br\/en\/wp-json\/wp\/v2\/posts\/10480","targetHints":{"allow":["GET"]}}],"collection":[{"href":"https:\/\/www.padreeustaquio.com.br\/en\/wp-json\/wp\/v2\/posts"}],"about":[{"href":"https:\/\/www.padreeustaquio.com.br\/en\/wp-json\/wp\/v2\/types\/post"}],"author":[{"embeddable":true,"href":"https:\/\/www.padreeustaquio.com.br\/en\/wp-json\/wp\/v2\/users\/2"}],"replies":[{"embeddable":true,"href":"https:\/\/www.padreeustaquio.com.br\/en\/wp-json\/wp\/v2\/comments?post=10480"}],"version-history":[{"count":0,"href":"https:\/\/www.padreeustaquio.com.br\/en\/wp-json\/wp\/v2\/posts\/10480\/revisions"}],"wp:featuredmedia":[{"embeddable":true,"href":"https:\/\/www.padreeustaquio.com.br\/en\/wp-json\/wp\/v2\/media\/10481"}],"wp:attachment":[{"href":"https:\/\/www.padreeustaquio.com.br\/en\/wp-json\/wp\/v2\/media?parent=10480"}],"wp:term":[{"taxonomy":"category","embeddable":true,"href":"https:\/\/www.padreeustaquio.com.br\/en\/wp-json\/wp\/v2\/categories?post=10480"},{"taxonomy":"post_tag","embeddable":true,"href":"https:\/\/www.padreeustaquio.com.br\/en\/wp-json\/wp\/v2\/tags?post=10480"}],"curies":[{"name":"wp","href":"https:\/\/api.w.org\/{rel}","templated":true}]}}