{"id":10467,"date":"2023-05-29T10:08:40","date_gmt":"2023-05-29T13:08:40","guid":{"rendered":"https:\/\/www.padreeustaquio.com.br\/?p=10467"},"modified":"2023-05-29T10:08:40","modified_gmt":"2023-05-29T13:08:40","slug":"learn-about-the-work-of-the-pastoral-ministry-of-labor-and-fraternity","status":"publish","type":"post","link":"https:\/\/www.padreeustaquio.com.br\/en\/learn-about-the-work-of-the-pastoral-ministry-of-labor-and-fraternity\/","title":{"rendered":"Learn about the work of the Pastoral Ministry of Labor and Fraternity.\u00a0"},"content":{"rendered":"<div>The Pastoral Ministry of Work and Fraternity at the Sanctuary of Health and Peace, Church of Blessed Father Eustace, plays an important role in the community.<\/div>\n<div><\/div>\n<div>The pastoral group, made up of parishioners and volunteer teachers, develops courses throughout the year that allow participants to have a new source of income. In addition, the meetings are ways for members to exchange life experiences.<\/div>\n<div><\/div>\n<div>Currently, the pastoral program offers the following courses: cross-stitch, checkered embroidery, vagonite embroidery, arraiolo embroidery, crochet, knitting, and dyeing.<\/div>\n<div><\/div>\n<div>The meetings always take place on Wednesdays, from 2 pm to 6 pm, in the hall by the ramp and in two other rooms of the parish. The courses always begin on the first Wednesday of January and end on the last Wednesday of November.<\/div>\n<div><\/div>\n<div>In addition to the courses, the pastoral group is always present at the Feast of the Sacred Hearts and the Feast of Blessed Father Eustace. Furthermore, the members of the pastoral group donate milk to the Ladies of Charity.<\/div>\n<div><\/div>","protected":false},"excerpt":{"rendered":"<p>A Pastoral do Trabalho e Fraternidade do Santu\u00e1rio da Sa\u00fade e da Paz, Igreja do Beato Padre Eust\u00e1quio desenvolve um importante papel na comunidade. A pastoral, formada por paroquianas e professoras volunt\u00e1rias, desenvolve o ano inteiro cursos que possibilitam que as participantes tenham um novo meio de renda. Al\u00e9m disso, os encontros s\u00e3o maneiras que as integrantes t\u00eam de trocar experi\u00eancias de vida. Atualmente a pastoral oferece os seguintes cursos:\u00a0 ponto cruz, bordado xadrez, vagonite,\u00a0 arraiolo, croch\u00ea, tric\u00f4 e tintura. Os encontros acontecem sempre \u00e0s quartas-feiras, de 14h \u00e0s 18h, no sal\u00e3o da rampa e em outras duas salas da [&hellip;]<\/p>\n","protected":false},"author":2,"featured_media":10468,"comment_status":"open","ping_status":"closed","sticky":false,"template":"","format":"standard","meta":{"_acf_changed":false,"footnotes":""},"categories":[611],"tags":[],"class_list":["post-10467","post","type-post","status-publish","format-standard","has-post-thumbnail","hentry","category-noticias"],"acf":[],"yoast_head":"<!-- This site is optimized with the Yoast SEO plugin v27.2 - https:\/\/yoast.com\/product\/yoast-seo-wordpress\/ -->\n<title>Conhe\u00e7a o trabalho da Pastoral do Trabalho e Fraternidade\u00a0<\/title>\n<meta name=\"description\" content=\"A Pastoral do Trabalho e Fraternidade do Santu\u00e1rio da Sa\u00fade e da Paz, Igreja do Beato Padre Eust\u00e1quio desenvolve um importante papel na comunidade.\" \/>\n<meta name=\"robots\" content=\"index, follow, max-snippet:-1, max-image-preview:large, max-video-preview:-1\" \/>\n<link rel=\"canonical\" href=\"https:\/\/www.padreeustaquio.com.br\/en\/learn-about-the-work-of-the-pastoral-ministry-of-labor-and-fraternity\/\" \/>\n<meta property=\"og:locale\" content=\"en_US\" \/>\n<meta property=\"og:type\" content=\"article\" \/>\n<meta property=\"og:title\" content=\"Conhe\u00e7a o trabalho da Pastoral do Trabalho e Fraternidade\u00a0\" \/>\n<meta property=\"og:description\" content=\"A Pastoral do Trabalho e Fraternidade do Santu\u00e1rio da Sa\u00fade e da Paz, Igreja do Beato Padre Eust\u00e1quio desenvolve um importante papel na comunidade.\" \/>\n<meta property=\"og:url\" content=\"https:\/\/www.padreeustaquio.com.br\/en\/learn-about-the-work-of-the-pastoral-ministry-of-labor-and-fraternity\/\" \/>\n<meta property=\"og:site_name\" content=\"Padre Eust\u00e1quio\" \/>\n<meta property=\"article:publisher\" content=\"https:\/\/www.facebook.com\/beatopadreeustaquio\/\" \/>\n<meta property=\"article:published_time\" content=\"2023-05-29T13:08:40+00:00\" \/>\n<meta property=\"og:image\" content=\"https:\/\/www.padreeustaquio.com.br\/wp-content\/uploads\/2023\/05\/Pastoral-do-Trabalho-e-Fraternidade-SSCC-e1685365635743.jpeg\" \/>\n\t<meta property=\"og:image:width\" content=\"1040\" \/>\n\t<meta property=\"og:image:height\" content=\"649\" \/>\n\t<meta property=\"og:image:type\" content=\"image\/jpeg\" \/>\n<meta name=\"author\" content=\"@sscc\" \/>\n<meta name=\"twitter:card\" content=\"summary_large_image\" \/>\n<meta name=\"twitter:creator\" content=\"@beatopeustaquio\" \/>\n<meta name=\"twitter:site\" content=\"@beatopeustaquio\" \/>\n<meta name=\"twitter:label1\" content=\"Written by\" \/>\n\t<meta name=\"twitter:data1\" content=\"@sscc\" \/>\n\t<meta name=\"twitter:label2\" content=\"Est. reading time\" \/>\n\t<meta name=\"twitter:data2\" content=\"1 minute\" \/>\n<script type=\"application\/ld+json\" class=\"yoast-schema-graph\">{\"@context\":\"https:\/\/schema.org\",\"@graph\":[{\"@type\":\"Article\",\"@id\":\"https:\/\/www.padreeustaquio.com.br\/conheca-o-trabalho-da-pastoral-do-trabalho-e-fraternidade\/#article\",\"isPartOf\":{\"@id\":\"https:\/\/www.padreeustaquio.com.br\/conheca-o-trabalho-da-pastoral-do-trabalho-e-fraternidade\/\"},\"author\":{\"name\":\"@sscc\",\"@id\":\"https:\/\/www.padreeustaquio.com.br\/#\/schema\/person\/a2a51db1d00f1a7af0204a0f1ddb1566\"},\"headline\":\"Conhe\u00e7a o trabalho da Pastoral do Trabalho e Fraternidade\u00a0\",\"datePublished\":\"2023-05-29T13:08:40+00:00\",\"mainEntityOfPage\":{\"@id\":\"https:\/\/www.padreeustaquio.com.br\/conheca-o-trabalho-da-pastoral-do-trabalho-e-fraternidade\/\"},\"wordCount\":178,\"commentCount\":0,\"publisher\":{\"@id\":\"https:\/\/www.padreeustaquio.com.br\/#organization\"},\"image\":{\"@id\":\"https:\/\/www.padreeustaquio.com.br\/conheca-o-trabalho-da-pastoral-do-trabalho-e-fraternidade\/#primaryimage\"},\"thumbnailUrl\":\"https:\/\/www.padreeustaquio.com.br\/wp-content\/uploads\/2023\/05\/Pastoral-do-Trabalho-e-Fraternidade-SSCC-e1685365635743.jpeg\",\"articleSection\":[\"Not\u00edcias\"],\"inLanguage\":\"en-US\",\"potentialAction\":[{\"@type\":\"CommentAction\",\"name\":\"Comment\",\"target\":[\"https:\/\/www.padreeustaquio.com.br\/conheca-o-trabalho-da-pastoral-do-trabalho-e-fraternidade\/#respond\"]}]},{\"@type\":\"WebPage\",\"@id\":\"https:\/\/www.padreeustaquio.com.br\/conheca-o-trabalho-da-pastoral-do-trabalho-e-fraternidade\/\",\"url\":\"https:\/\/www.padreeustaquio.com.br\/conheca-o-trabalho-da-pastoral-do-trabalho-e-fraternidade\/\",\"name\":\"Conhe\u00e7a o trabalho da Pastoral do Trabalho e Fraternidade\u00a0\",\"isPartOf\":{\"@id\":\"https:\/\/www.padreeustaquio.com.br\/#website\"},\"primaryImageOfPage\":{\"@id\":\"https:\/\/www.padreeustaquio.com.br\/conheca-o-trabalho-da-pastoral-do-trabalho-e-fraternidade\/#primaryimage\"},\"image\":{\"@id\":\"https:\/\/www.padreeustaquio.com.br\/conheca-o-trabalho-da-pastoral-do-trabalho-e-fraternidade\/#primaryimage\"},\"thumbnailUrl\":\"https:\/\/www.padreeustaquio.com.br\/wp-content\/uploads\/2023\/05\/Pastoral-do-Trabalho-e-Fraternidade-SSCC-e1685365635743.jpeg\",\"datePublished\":\"2023-05-29T13:08:40+00:00\",\"description\":\"A Pastoral do Trabalho e Fraternidade do Santu\u00e1rio da Sa\u00fade e da Paz, Igreja do Beato Padre Eust\u00e1quio desenvolve um importante papel na comunidade.\",\"breadcrumb\":{\"@id\":\"https:\/\/www.padreeustaquio.com.br\/conheca-o-trabalho-da-pastoral-do-trabalho-e-fraternidade\/#breadcrumb\"},\"inLanguage\":\"en-US\",\"potentialAction\":[{\"@type\":\"ReadAction\",\"target\":[\"https:\/\/www.padreeustaquio.com.br\/conheca-o-trabalho-da-pastoral-do-trabalho-e-fraternidade\/\"]}]},{\"@type\":\"ImageObject\",\"inLanguage\":\"en-US\",\"@id\":\"https:\/\/www.padreeustaquio.com.br\/conheca-o-trabalho-da-pastoral-do-trabalho-e-fraternidade\/#primaryimage\",\"url\":\"https:\/\/www.padreeustaquio.com.br\/wp-content\/uploads\/2023\/05\/Pastoral-do-Trabalho-e-Fraternidade-SSCC-e1685365635743.jpeg\",\"contentUrl\":\"https:\/\/www.padreeustaquio.com.br\/wp-content\/uploads\/2023\/05\/Pastoral-do-Trabalho-e-Fraternidade-SSCC-e1685365635743.jpeg\",\"width\":1040,\"height\":649},{\"@type\":\"BreadcrumbList\",\"@id\":\"https:\/\/www.padreeustaquio.com.br\/conheca-o-trabalho-da-pastoral-do-trabalho-e-fraternidade\/#breadcrumb\",\"itemListElement\":[{\"@type\":\"ListItem\",\"position\":1,\"name\":\"In\u00edcio\",\"item\":\"https:\/\/www.padreeustaquio.com.br\/\"},{\"@type\":\"ListItem\",\"position\":2,\"name\":\"Conhe\u00e7a o trabalho da Pastoral do Trabalho e Fraternidade\u00a0\"}]},{\"@type\":\"WebSite\",\"@id\":\"https:\/\/www.padreeustaquio.com.br\/#website\",\"url\":\"https:\/\/www.padreeustaquio.com.br\/\",\"name\":\"Padre Eust\u00e1quio\",\"description\":\"Sa\u00fade e Paz\",\"publisher\":{\"@id\":\"https:\/\/www.padreeustaquio.com.br\/#organization\"},\"potentialAction\":[{\"@type\":\"SearchAction\",\"target\":{\"@type\":\"EntryPoint\",\"urlTemplate\":\"https:\/\/www.padreeustaquio.com.br\/?s={search_term_string}\"},\"query-input\":{\"@type\":\"PropertyValueSpecification\",\"valueRequired\":true,\"valueName\":\"search_term_string\"}}],\"inLanguage\":\"en-US\"},{\"@type\":\"Organization\",\"@id\":\"https:\/\/www.padreeustaquio.com.br\/#organization\",\"name\":\"Padre Eust\u00e1quio\",\"url\":\"https:\/\/www.padreeustaquio.com.br\/\",\"logo\":{\"@type\":\"ImageObject\",\"inLanguage\":\"en-US\",\"@id\":\"https:\/\/www.padreeustaquio.com.br\/#\/schema\/logo\/image\/\",\"url\":\"https:\/\/www.padreeustaquio.com.br\/wp-content\/uploads\/2019\/08\/marca.png\",\"contentUrl\":\"https:\/\/www.padreeustaquio.com.br\/wp-content\/uploads\/2019\/08\/marca.png\",\"width\":350,\"height\":400,\"caption\":\"Padre Eust\u00e1quio\"},\"image\":{\"@id\":\"https:\/\/www.padreeustaquio.com.br\/#\/schema\/logo\/image\/\"},\"sameAs\":[\"https:\/\/www.facebook.com\/beatopadreeustaquio\/\",\"https:\/\/x.com\/beatopeustaquio\",\"https:\/\/www.instagram.com\/beatopadreeustaquio\/\",\"https:\/\/www.youtube.com\/channel\/UCRhw7vfabnajwLxb1ZXMeIw\"]},{\"@type\":\"Person\",\"@id\":\"https:\/\/www.padreeustaquio.com.br\/#\/schema\/person\/a2a51db1d00f1a7af0204a0f1ddb1566\",\"name\":\"@sscc\",\"image\":{\"@type\":\"ImageObject\",\"inLanguage\":\"en-US\",\"@id\":\"https:\/\/secure.gravatar.com\/avatar\/68cfafa5f44617fea54071e215026e0ff06be366c3d54a8425f04fdcb86f8c5f?s=96&d=mm&r=g\",\"url\":\"https:\/\/secure.gravatar.com\/avatar\/68cfafa5f44617fea54071e215026e0ff06be366c3d54a8425f04fdcb86f8c5f?s=96&d=mm&r=g\",\"contentUrl\":\"https:\/\/secure.gravatar.com\/avatar\/68cfafa5f44617fea54071e215026e0ff06be366c3d54a8425f04fdcb86f8c5f?s=96&d=mm&r=g\",\"caption\":\"@sscc\"},\"url\":\"https:\/\/www.padreeustaquio.com.br\/en\/author\/sscc\/\"}]}<\/script>\n<!-- \/ Yoast SEO plugin. -->","yoast_head_json":{"title":"Learn about the work of the Pastoral Ministry of Labor and Fraternity.\u00a0","description":"The Pastoral Ministry of Work and Fraternity at the Sanctuary of Health and Peace, Church of Blessed Father Eustace, plays an important role in the community.","robots":{"index":"index","follow":"follow","max-snippet":"max-snippet:-1","max-image-preview":"max-image-preview:large","max-video-preview":"max-video-preview:-1"},"canonical":"https:\/\/www.padreeustaquio.com.br\/en\/learn-about-the-work-of-the-pastoral-ministry-of-labor-and-fraternity\/","og_locale":"en_US","og_type":"article","og_title":"Conhe\u00e7a o trabalho da Pastoral do Trabalho e Fraternidade\u00a0","og_description":"A Pastoral do Trabalho e Fraternidade do Santu\u00e1rio da Sa\u00fade e da Paz, Igreja do Beato Padre Eust\u00e1quio desenvolve um importante papel na comunidade.","og_url":"https:\/\/www.padreeustaquio.com.br\/en\/learn-about-the-work-of-the-pastoral-ministry-of-labor-and-fraternity\/","og_site_name":"Padre Eust\u00e1quio","article_publisher":"https:\/\/www.facebook.com\/beatopadreeustaquio\/","article_published_time":"2023-05-29T13:08:40+00:00","og_image":[{"width":1040,"height":649,"url":"https:\/\/www.padreeustaquio.com.br\/wp-content\/uploads\/2023\/05\/Pastoral-do-Trabalho-e-Fraternidade-SSCC-e1685365635743.jpeg","type":"image\/jpeg"}],"author":"@sscc","twitter_card":"summary_large_image","twitter_creator":"@beatopeustaquio","twitter_site":"@beatopeustaquio","twitter_misc":{"Written by":"@sscc","Est. reading time":"1 minute"},"schema":{"@context":"https:\/\/schema.org","@graph":[{"@type":"Article","@id":"https:\/\/www.padreeustaquio.com.br\/conheca-o-trabalho-da-pastoral-do-trabalho-e-fraternidade\/#article","isPartOf":{"@id":"https:\/\/www.padreeustaquio.com.br\/conheca-o-trabalho-da-pastoral-do-trabalho-e-fraternidade\/"},"author":{"name":"@sscc","@id":"https:\/\/www.padreeustaquio.com.br\/#\/schema\/person\/a2a51db1d00f1a7af0204a0f1ddb1566"},"headline":"Conhe\u00e7a o trabalho da Pastoral do Trabalho e Fraternidade\u00a0","datePublished":"2023-05-29T13:08:40+00:00","mainEntityOfPage":{"@id":"https:\/\/www.padreeustaquio.com.br\/conheca-o-trabalho-da-pastoral-do-trabalho-e-fraternidade\/"},"wordCount":178,"commentCount":0,"publisher":{"@id":"https:\/\/www.padreeustaquio.com.br\/#organization"},"image":{"@id":"https:\/\/www.padreeustaquio.com.br\/conheca-o-trabalho-da-pastoral-do-trabalho-e-fraternidade\/#primaryimage"},"thumbnailUrl":"https:\/\/www.padreeustaquio.com.br\/wp-content\/uploads\/2023\/05\/Pastoral-do-Trabalho-e-Fraternidade-SSCC-e1685365635743.jpeg","articleSection":["Not\u00edcias"],"inLanguage":"en-US","potentialAction":[{"@type":"CommentAction","name":"Comment","target":["https:\/\/www.padreeustaquio.com.br\/conheca-o-trabalho-da-pastoral-do-trabalho-e-fraternidade\/#respond"]}]},{"@type":"WebPage","@id":"https:\/\/www.padreeustaquio.com.br\/conheca-o-trabalho-da-pastoral-do-trabalho-e-fraternidade\/","url":"https:\/\/www.padreeustaquio.com.br\/conheca-o-trabalho-da-pastoral-do-trabalho-e-fraternidade\/","name":"Learn about the work of the Pastoral Ministry of Labor and Fraternity.\u00a0","isPartOf":{"@id":"https:\/\/www.padreeustaquio.com.br\/#website"},"primaryImageOfPage":{"@id":"https:\/\/www.padreeustaquio.com.br\/conheca-o-trabalho-da-pastoral-do-trabalho-e-fraternidade\/#primaryimage"},"image":{"@id":"https:\/\/www.padreeustaquio.com.br\/conheca-o-trabalho-da-pastoral-do-trabalho-e-fraternidade\/#primaryimage"},"thumbnailUrl":"https:\/\/www.padreeustaquio.com.br\/wp-content\/uploads\/2023\/05\/Pastoral-do-Trabalho-e-Fraternidade-SSCC-e1685365635743.jpeg","datePublished":"2023-05-29T13:08:40+00:00","description":"The Pastoral Ministry of Work and Fraternity at the Sanctuary of Health and Peace, Church of Blessed Father Eustace, plays an important role in the community.","breadcrumb":{"@id":"https:\/\/www.padreeustaquio.com.br\/conheca-o-trabalho-da-pastoral-do-trabalho-e-fraternidade\/#breadcrumb"},"inLanguage":"en-US","potentialAction":[{"@type":"ReadAction","target":["https:\/\/www.padreeustaquio.com.br\/conheca-o-trabalho-da-pastoral-do-trabalho-e-fraternidade\/"]}]},{"@type":"ImageObject","inLanguage":"en-US","@id":"https:\/\/www.padreeustaquio.com.br\/conheca-o-trabalho-da-pastoral-do-trabalho-e-fraternidade\/#primaryimage","url":"https:\/\/www.padreeustaquio.com.br\/wp-content\/uploads\/2023\/05\/Pastoral-do-Trabalho-e-Fraternidade-SSCC-e1685365635743.jpeg","contentUrl":"https:\/\/www.padreeustaquio.com.br\/wp-content\/uploads\/2023\/05\/Pastoral-do-Trabalho-e-Fraternidade-SSCC-e1685365635743.jpeg","width":1040,"height":649},{"@type":"BreadcrumbList","@id":"https:\/\/www.padreeustaquio.com.br\/conheca-o-trabalho-da-pastoral-do-trabalho-e-fraternidade\/#breadcrumb","itemListElement":[{"@type":"ListItem","position":1,"name":"In\u00edcio","item":"https:\/\/www.padreeustaquio.com.br\/"},{"@type":"ListItem","position":2,"name":"Conhe\u00e7a o trabalho da Pastoral do Trabalho e Fraternidade\u00a0"}]},{"@type":"WebSite","@id":"https:\/\/www.padreeustaquio.com.br\/#website","url":"https:\/\/www.padreeustaquio.com.br\/","name":"FATHER EUST\u00c1QUIO","description":"Health and Peace","publisher":{"@id":"https:\/\/www.padreeustaquio.com.br\/#organization"},"potentialAction":[{"@type":"SearchAction","target":{"@type":"EntryPoint","urlTemplate":"https:\/\/www.padreeustaquio.com.br\/?s={search_term_string}"},"query-input":{"@type":"PropertyValueSpecification","valueRequired":true,"valueName":"search_term_string"}}],"inLanguage":"en-US"},{"@type":"Organization","@id":"https:\/\/www.padreeustaquio.com.br\/#organization","name":"FATHER EUST\u00c1QUIO","url":"https:\/\/www.padreeustaquio.com.br\/","logo":{"@type":"ImageObject","inLanguage":"en-US","@id":"https:\/\/www.padreeustaquio.com.br\/#\/schema\/logo\/image\/","url":"https:\/\/www.padreeustaquio.com.br\/wp-content\/uploads\/2019\/08\/marca.png","contentUrl":"https:\/\/www.padreeustaquio.com.br\/wp-content\/uploads\/2019\/08\/marca.png","width":350,"height":400,"caption":"Padre Eust\u00e1quio"},"image":{"@id":"https:\/\/www.padreeustaquio.com.br\/#\/schema\/logo\/image\/"},"sameAs":["https:\/\/www.facebook.com\/beatopadreeustaquio\/","https:\/\/x.com\/beatopeustaquio","https:\/\/www.instagram.com\/beatopadreeustaquio\/","https:\/\/www.youtube.com\/channel\/UCRhw7vfabnajwLxb1ZXMeIw"]},{"@type":"Person","@id":"https:\/\/www.padreeustaquio.com.br\/#\/schema\/person\/a2a51db1d00f1a7af0204a0f1ddb1566","name":"@sscc","image":{"@type":"ImageObject","inLanguage":"en-US","@id":"https:\/\/secure.gravatar.com\/avatar\/68cfafa5f44617fea54071e215026e0ff06be366c3d54a8425f04fdcb86f8c5f?s=96&d=mm&r=g","url":"https:\/\/secure.gravatar.com\/avatar\/68cfafa5f44617fea54071e215026e0ff06be366c3d54a8425f04fdcb86f8c5f?s=96&d=mm&r=g","contentUrl":"https:\/\/secure.gravatar.com\/avatar\/68cfafa5f44617fea54071e215026e0ff06be366c3d54a8425f04fdcb86f8c5f?s=96&d=mm&r=g","caption":"@sscc"},"url":"https:\/\/www.padreeustaquio.com.br\/en\/author\/sscc\/"}]}},"_links":{"self":[{"href":"https:\/\/www.padreeustaquio.com.br\/en\/wp-json\/wp\/v2\/posts\/10467","targetHints":{"allow":["GET"]}}],"collection":[{"href":"https:\/\/www.padreeustaquio.com.br\/en\/wp-json\/wp\/v2\/posts"}],"about":[{"href":"https:\/\/www.padreeustaquio.com.br\/en\/wp-json\/wp\/v2\/types\/post"}],"author":[{"embeddable":true,"href":"https:\/\/www.padreeustaquio.com.br\/en\/wp-json\/wp\/v2\/users\/2"}],"replies":[{"embeddable":true,"href":"https:\/\/www.padreeustaquio.com.br\/en\/wp-json\/wp\/v2\/comments?post=10467"}],"version-history":[{"count":0,"href":"https:\/\/www.padreeustaquio.com.br\/en\/wp-json\/wp\/v2\/posts\/10467\/revisions"}],"wp:featuredmedia":[{"embeddable":true,"href":"https:\/\/www.padreeustaquio.com.br\/en\/wp-json\/wp\/v2\/media\/10468"}],"wp:attachment":[{"href":"https:\/\/www.padreeustaquio.com.br\/en\/wp-json\/wp\/v2\/media?parent=10467"}],"wp:term":[{"taxonomy":"category","embeddable":true,"href":"https:\/\/www.padreeustaquio.com.br\/en\/wp-json\/wp\/v2\/categories?post=10467"},{"taxonomy":"post_tag","embeddable":true,"href":"https:\/\/www.padreeustaquio.com.br\/en\/wp-json\/wp\/v2\/tags?post=10467"}],"curies":[{"name":"wp","href":"https:\/\/api.w.org\/{rel}","templated":true}]}}