{"id":10452,"date":"2023-05-25T06:02:10","date_gmt":"2023-05-25T09:02:10","guid":{"rendered":"https:\/\/www.padreeustaquio.com.br\/?p=10452"},"modified":"2023-05-24T16:11:54","modified_gmt":"2023-05-24T19:11:54","slug":"brazilian-mother-teresa-of-the-heart-of-mary-is-declared-venerable","status":"publish","type":"post","link":"https:\/\/www.padreeustaquio.com.br\/en\/brazilian-mother-teresa-of-the-heart-of-mary-is-declared-venerable\/","title":{"rendered":"Brazilian Mother Teresa of the Heart of Mary is declared venerable."},"content":{"rendered":"<div>Brazilian Carmelite nun Mother Teresa Margaret of the Heart of Mary was declared venerable last Saturday, May 20th, by the Holy See.<\/div>\n<div><\/div>\n<div>Mother Teresa Margaret of the Heart of Mary was born on December 24, 1915, in Borda da Mata (MG). Her baptismal name was Maria Lu\u00edza.<\/div>\n<div><\/div>\n<div>According to the biography published on the beatification website, she felt &quot;a first touch of the Lord in her heart for the cloistered life of Carmel&quot; during a spiritual retreat. Later, she felt the vocational calling again during a visit to the Blessed Sacrament chapel in the old basilica of Aparecida (SP). Confirmation came with the reading of the Memoirs of Blessed Elisabeth of the Trinity.<\/div>\n<div><\/div>\n<div>She entered the Carmelite convent of Mogi das Cruzes on May 29, 1937. Upon receiving the novice&#039;s habit, she adopted the name Teresa Margaret of the Heart of Mary. Life at the Mogi das Cruzes Carmelite convent was characterized by great rigor, penance, silence, and work.<\/div>\n<div><\/div>\n<div>In 1952, the community moved to a new Carmelite monastery built in Aparecida. Some time later, bishops from other places asked the Carmelite monastery in Aparecida to found a new Carmelite monastery in their dioceses.<\/div>\n<div><\/div>\n<div>Sister Teresa Margaret of the Heart of Mary was chosen to found the Carmelite convent in Tr\u00eas Pontas, in the diocese of Campanha (MG), along with seven other sisters. They arrived in Tr\u00eas Pontas to begin monastic life in the new monastery. The nun served as prioress, sub-prioress, and mistress of novices.<\/div>\n<div><\/div>\n<div>The monastery increasingly became a point of reference for the faithful in the region. Many sought out Mother Teresa for advice, spiritual guidance, and help. Soon, as a sign of veneration and affection, people began to call her &quot;Our Mother.&quot;.<\/div>\n<div><\/div>\n<div>Already advanced in age and with failing health, she always struggled to fulfill all her Carmelite commitments. An increasing number of people sought her out for advice and spiritual direction. Her weakness grew, and the first symptoms of the illness that led her to a slow ordeal of suffering until her death manifested themselves.<\/div>\n<div><\/div>\n<div>Mother Teresa Margaret of the Heart of Mary died on November 14, 2005, surrounded in her bed by priest friends and the community. A large number of people attended her funeral to say goodbye to the nun.<\/div>\n<div><\/div>\n<div>Due to her reputation for holiness and the graces obtained through her intercession, the Bishop of Diamantina, Dom Diamantino Prata de Carvalho, in agreement with the community of the Carmelite convent of S\u00e3o Jos\u00e9, requested the opening of the process for the beatification of the nun. The process was opened in March 2012.<\/div>\n<div><\/div>","protected":false},"excerpt":{"rendered":"<p>A carmelita brasileira madre Tereza Margarida do Cora\u00e7\u00e3o de Maria foi declarada vener\u00e1vel no \u00faltimo s\u00e1bado, 20 de maio, pela Santa S\u00e9. Madre Tereza Margarida do Cora\u00e7\u00e3o de Maria nasceu em 24 de dezembro de 1915, em Borda da Mata (MG). Seu nome de batismo era Maria Lu\u00edza. Segundo a biografia publicada pelo site da beatifica\u00e7\u00e3o, ela sentiu \u201cum primeiro toque do Senhor no seu cora\u00e7\u00e3o para a vida de clausura do Carmelo\u201d durante um retiro espiritual. Mais tarde, sentiu novamente o chamado vocacional em uma visita \u00e0 capela do Sant\u00edssimo na bas\u00edlica velha de Aparecida (SP). A confirma\u00e7\u00e3o veio [&hellip;]<\/p>\n","protected":false},"author":2,"featured_media":10453,"comment_status":"open","ping_status":"closed","sticky":false,"template":"","format":"standard","meta":{"_acf_changed":false,"footnotes":""},"categories":[611],"tags":[],"class_list":["post-10452","post","type-post","status-publish","format-standard","has-post-thumbnail","hentry","category-noticias"],"acf":[],"yoast_head":"<!-- This site is optimized with the Yoast SEO plugin v27.2 - https:\/\/yoast.com\/product\/yoast-seo-wordpress\/ -->\n<title>Brasileira madre Tereza do Cora\u00e7\u00e3o de Maria \u00e9 declarada vener\u00e1vel<\/title>\n<meta name=\"description\" content=\"A carmelita brasileira madre Tereza Margarida do Cora\u00e7\u00e3o de Maria foi declarada vener\u00e1vel no \u00faltimo s\u00e1bado, 20 de maio, pela Santa S\u00e9.\u00a0Madre Tereza Margarida do Cora\u00e7\u00e3o de Maria nasceu em 24 de dezembro de 1915, em Borda da Mata (MG). Seu nome de batismo era Maria Lu\u00edza.\" \/>\n<meta name=\"robots\" content=\"index, follow, max-snippet:-1, max-image-preview:large, max-video-preview:-1\" \/>\n<link rel=\"canonical\" href=\"https:\/\/www.padreeustaquio.com.br\/en\/brazilian-mother-teresa-of-the-heart-of-mary-is-declared-venerable\/\" \/>\n<meta property=\"og:locale\" content=\"en_US\" \/>\n<meta property=\"og:type\" content=\"article\" \/>\n<meta property=\"og:title\" content=\"Brasileira madre Tereza do Cora\u00e7\u00e3o de Maria \u00e9 declarada vener\u00e1vel\" \/>\n<meta property=\"og:description\" content=\"A carmelita brasileira madre Tereza Margarida do Cora\u00e7\u00e3o de Maria foi declarada vener\u00e1vel no \u00faltimo s\u00e1bado, 20 de maio, pela Santa S\u00e9.\u00a0Madre Tereza Margarida do Cora\u00e7\u00e3o de Maria nasceu em 24 de dezembro de 1915, em Borda da Mata (MG). Seu nome de batismo era Maria Lu\u00edza.\" \/>\n<meta property=\"og:url\" content=\"https:\/\/www.padreeustaquio.com.br\/en\/brazilian-mother-teresa-of-the-heart-of-mary-is-declared-venerable\/\" \/>\n<meta property=\"og:site_name\" content=\"Padre Eust\u00e1quio\" \/>\n<meta property=\"article:publisher\" content=\"https:\/\/www.facebook.com\/beatopadreeustaquio\/\" \/>\n<meta property=\"article:published_time\" content=\"2023-05-25T09:02:10+00:00\" \/>\n<meta property=\"og:image\" content=\"https:\/\/www.padreeustaquio.com.br\/wp-content\/uploads\/2023\/05\/madre-tereza-do-coracao-de-maria.jpeg\" \/>\n\t<meta property=\"og:image:width\" content=\"1200\" \/>\n\t<meta property=\"og:image:height\" content=\"841\" \/>\n\t<meta property=\"og:image:type\" content=\"image\/jpeg\" \/>\n<meta name=\"author\" content=\"@sscc\" \/>\n<meta name=\"twitter:card\" content=\"summary_large_image\" \/>\n<meta name=\"twitter:creator\" content=\"@beatopeustaquio\" \/>\n<meta name=\"twitter:site\" content=\"@beatopeustaquio\" \/>\n<meta name=\"twitter:label1\" content=\"Written by\" \/>\n\t<meta name=\"twitter:data1\" content=\"@sscc\" \/>\n\t<meta name=\"twitter:label2\" content=\"Est. reading time\" \/>\n\t<meta name=\"twitter:data2\" content=\"3 minutes\" \/>\n<script type=\"application\/ld+json\" class=\"yoast-schema-graph\">{\"@context\":\"https:\/\/schema.org\",\"@graph\":[{\"@type\":\"Article\",\"@id\":\"https:\/\/www.padreeustaquio.com.br\/brasileira-madre-tereza-do-coracao-de-maria-e-declarada-veneravel\/#article\",\"isPartOf\":{\"@id\":\"https:\/\/www.padreeustaquio.com.br\/brasileira-madre-tereza-do-coracao-de-maria-e-declarada-veneravel\/\"},\"author\":{\"name\":\"@sscc\",\"@id\":\"https:\/\/www.padreeustaquio.com.br\/#\/schema\/person\/a2a51db1d00f1a7af0204a0f1ddb1566\"},\"headline\":\"Brasileira madre Tereza do Cora\u00e7\u00e3o de Maria \u00e9 declarada vener\u00e1vel\",\"datePublished\":\"2023-05-25T09:02:10+00:00\",\"mainEntityOfPage\":{\"@id\":\"https:\/\/www.padreeustaquio.com.br\/brasileira-madre-tereza-do-coracao-de-maria-e-declarada-veneravel\/\"},\"wordCount\":465,\"commentCount\":0,\"publisher\":{\"@id\":\"https:\/\/www.padreeustaquio.com.br\/#organization\"},\"image\":{\"@id\":\"https:\/\/www.padreeustaquio.com.br\/brasileira-madre-tereza-do-coracao-de-maria-e-declarada-veneravel\/#primaryimage\"},\"thumbnailUrl\":\"https:\/\/www.padreeustaquio.com.br\/wp-content\/uploads\/2023\/05\/madre-tereza-do-coracao-de-maria.jpeg\",\"articleSection\":[\"Not\u00edcias\"],\"inLanguage\":\"en-US\",\"potentialAction\":[{\"@type\":\"CommentAction\",\"name\":\"Comment\",\"target\":[\"https:\/\/www.padreeustaquio.com.br\/brasileira-madre-tereza-do-coracao-de-maria-e-declarada-veneravel\/#respond\"]}]},{\"@type\":\"WebPage\",\"@id\":\"https:\/\/www.padreeustaquio.com.br\/brasileira-madre-tereza-do-coracao-de-maria-e-declarada-veneravel\/\",\"url\":\"https:\/\/www.padreeustaquio.com.br\/brasileira-madre-tereza-do-coracao-de-maria-e-declarada-veneravel\/\",\"name\":\"Brasileira madre Tereza do Cora\u00e7\u00e3o de Maria \u00e9 declarada vener\u00e1vel\",\"isPartOf\":{\"@id\":\"https:\/\/www.padreeustaquio.com.br\/#website\"},\"primaryImageOfPage\":{\"@id\":\"https:\/\/www.padreeustaquio.com.br\/brasileira-madre-tereza-do-coracao-de-maria-e-declarada-veneravel\/#primaryimage\"},\"image\":{\"@id\":\"https:\/\/www.padreeustaquio.com.br\/brasileira-madre-tereza-do-coracao-de-maria-e-declarada-veneravel\/#primaryimage\"},\"thumbnailUrl\":\"https:\/\/www.padreeustaquio.com.br\/wp-content\/uploads\/2023\/05\/madre-tereza-do-coracao-de-maria.jpeg\",\"datePublished\":\"2023-05-25T09:02:10+00:00\",\"description\":\"A carmelita brasileira madre Tereza Margarida do Cora\u00e7\u00e3o de Maria foi declarada vener\u00e1vel no \u00faltimo s\u00e1bado, 20 de maio, pela Santa S\u00e9.\u00a0Madre Tereza Margarida do Cora\u00e7\u00e3o de Maria nasceu em 24 de dezembro de 1915, em Borda da Mata (MG). Seu nome de batismo era Maria Lu\u00edza.\",\"breadcrumb\":{\"@id\":\"https:\/\/www.padreeustaquio.com.br\/brasileira-madre-tereza-do-coracao-de-maria-e-declarada-veneravel\/#breadcrumb\"},\"inLanguage\":\"en-US\",\"potentialAction\":[{\"@type\":\"ReadAction\",\"target\":[\"https:\/\/www.padreeustaquio.com.br\/brasileira-madre-tereza-do-coracao-de-maria-e-declarada-veneravel\/\"]}]},{\"@type\":\"ImageObject\",\"inLanguage\":\"en-US\",\"@id\":\"https:\/\/www.padreeustaquio.com.br\/brasileira-madre-tereza-do-coracao-de-maria-e-declarada-veneravel\/#primaryimage\",\"url\":\"https:\/\/www.padreeustaquio.com.br\/wp-content\/uploads\/2023\/05\/madre-tereza-do-coracao-de-maria.jpeg\",\"contentUrl\":\"https:\/\/www.padreeustaquio.com.br\/wp-content\/uploads\/2023\/05\/madre-tereza-do-coracao-de-maria.jpeg\",\"width\":1200,\"height\":841},{\"@type\":\"BreadcrumbList\",\"@id\":\"https:\/\/www.padreeustaquio.com.br\/brasileira-madre-tereza-do-coracao-de-maria-e-declarada-veneravel\/#breadcrumb\",\"itemListElement\":[{\"@type\":\"ListItem\",\"position\":1,\"name\":\"In\u00edcio\",\"item\":\"https:\/\/www.padreeustaquio.com.br\/\"},{\"@type\":\"ListItem\",\"position\":2,\"name\":\"Brasileira madre Tereza do Cora\u00e7\u00e3o de Maria \u00e9 declarada vener\u00e1vel\"}]},{\"@type\":\"WebSite\",\"@id\":\"https:\/\/www.padreeustaquio.com.br\/#website\",\"url\":\"https:\/\/www.padreeustaquio.com.br\/\",\"name\":\"Padre Eust\u00e1quio\",\"description\":\"Sa\u00fade e Paz\",\"publisher\":{\"@id\":\"https:\/\/www.padreeustaquio.com.br\/#organization\"},\"potentialAction\":[{\"@type\":\"SearchAction\",\"target\":{\"@type\":\"EntryPoint\",\"urlTemplate\":\"https:\/\/www.padreeustaquio.com.br\/?s={search_term_string}\"},\"query-input\":{\"@type\":\"PropertyValueSpecification\",\"valueRequired\":true,\"valueName\":\"search_term_string\"}}],\"inLanguage\":\"en-US\"},{\"@type\":\"Organization\",\"@id\":\"https:\/\/www.padreeustaquio.com.br\/#organization\",\"name\":\"Padre Eust\u00e1quio\",\"url\":\"https:\/\/www.padreeustaquio.com.br\/\",\"logo\":{\"@type\":\"ImageObject\",\"inLanguage\":\"en-US\",\"@id\":\"https:\/\/www.padreeustaquio.com.br\/#\/schema\/logo\/image\/\",\"url\":\"https:\/\/www.padreeustaquio.com.br\/wp-content\/uploads\/2019\/08\/marca.png\",\"contentUrl\":\"https:\/\/www.padreeustaquio.com.br\/wp-content\/uploads\/2019\/08\/marca.png\",\"width\":350,\"height\":400,\"caption\":\"Padre Eust\u00e1quio\"},\"image\":{\"@id\":\"https:\/\/www.padreeustaquio.com.br\/#\/schema\/logo\/image\/\"},\"sameAs\":[\"https:\/\/www.facebook.com\/beatopadreeustaquio\/\",\"https:\/\/x.com\/beatopeustaquio\",\"https:\/\/www.instagram.com\/beatopadreeustaquio\/\",\"https:\/\/www.youtube.com\/channel\/UCRhw7vfabnajwLxb1ZXMeIw\"]},{\"@type\":\"Person\",\"@id\":\"https:\/\/www.padreeustaquio.com.br\/#\/schema\/person\/a2a51db1d00f1a7af0204a0f1ddb1566\",\"name\":\"@sscc\",\"image\":{\"@type\":\"ImageObject\",\"inLanguage\":\"en-US\",\"@id\":\"https:\/\/secure.gravatar.com\/avatar\/68cfafa5f44617fea54071e215026e0ff06be366c3d54a8425f04fdcb86f8c5f?s=96&d=mm&r=g\",\"url\":\"https:\/\/secure.gravatar.com\/avatar\/68cfafa5f44617fea54071e215026e0ff06be366c3d54a8425f04fdcb86f8c5f?s=96&d=mm&r=g\",\"contentUrl\":\"https:\/\/secure.gravatar.com\/avatar\/68cfafa5f44617fea54071e215026e0ff06be366c3d54a8425f04fdcb86f8c5f?s=96&d=mm&r=g\",\"caption\":\"@sscc\"},\"url\":\"https:\/\/www.padreeustaquio.com.br\/en\/author\/sscc\/\"}]}<\/script>\n<!-- \/ Yoast SEO plugin. -->","yoast_head_json":{"title":"Brazilian Mother Teresa of the Heart of Mary is declared venerable.","description":"Brazilian Carmelite nun Mother Teresa Margaret of the Heart of Mary was declared venerable last Saturday, May 20th, by the Holy See. Mother Teresa Margaret of the Heart of Mary was born on December 24, 1915, in Borda da Mata (MG). Her baptismal name was Maria Luisa.","robots":{"index":"index","follow":"follow","max-snippet":"max-snippet:-1","max-image-preview":"max-image-preview:large","max-video-preview":"max-video-preview:-1"},"canonical":"https:\/\/www.padreeustaquio.com.br\/en\/brazilian-mother-teresa-of-the-heart-of-mary-is-declared-venerable\/","og_locale":"en_US","og_type":"article","og_title":"Brasileira madre Tereza do Cora\u00e7\u00e3o de Maria \u00e9 declarada vener\u00e1vel","og_description":"A carmelita brasileira madre Tereza Margarida do Cora\u00e7\u00e3o de Maria foi declarada vener\u00e1vel no \u00faltimo s\u00e1bado, 20 de maio, pela Santa S\u00e9.\u00a0Madre Tereza Margarida do Cora\u00e7\u00e3o de Maria nasceu em 24 de dezembro de 1915, em Borda da Mata (MG). Seu nome de batismo era Maria Lu\u00edza.","og_url":"https:\/\/www.padreeustaquio.com.br\/en\/brazilian-mother-teresa-of-the-heart-of-mary-is-declared-venerable\/","og_site_name":"Padre Eust\u00e1quio","article_publisher":"https:\/\/www.facebook.com\/beatopadreeustaquio\/","article_published_time":"2023-05-25T09:02:10+00:00","og_image":[{"width":1200,"height":841,"url":"https:\/\/www.padreeustaquio.com.br\/wp-content\/uploads\/2023\/05\/madre-tereza-do-coracao-de-maria.jpeg","type":"image\/jpeg"}],"author":"@sscc","twitter_card":"summary_large_image","twitter_creator":"@beatopeustaquio","twitter_site":"@beatopeustaquio","twitter_misc":{"Written by":"@sscc","Est. reading time":"3 minutes"},"schema":{"@context":"https:\/\/schema.org","@graph":[{"@type":"Article","@id":"https:\/\/www.padreeustaquio.com.br\/brasileira-madre-tereza-do-coracao-de-maria-e-declarada-veneravel\/#article","isPartOf":{"@id":"https:\/\/www.padreeustaquio.com.br\/brasileira-madre-tereza-do-coracao-de-maria-e-declarada-veneravel\/"},"author":{"name":"@sscc","@id":"https:\/\/www.padreeustaquio.com.br\/#\/schema\/person\/a2a51db1d00f1a7af0204a0f1ddb1566"},"headline":"Brasileira madre Tereza do Cora\u00e7\u00e3o de Maria \u00e9 declarada vener\u00e1vel","datePublished":"2023-05-25T09:02:10+00:00","mainEntityOfPage":{"@id":"https:\/\/www.padreeustaquio.com.br\/brasileira-madre-tereza-do-coracao-de-maria-e-declarada-veneravel\/"},"wordCount":465,"commentCount":0,"publisher":{"@id":"https:\/\/www.padreeustaquio.com.br\/#organization"},"image":{"@id":"https:\/\/www.padreeustaquio.com.br\/brasileira-madre-tereza-do-coracao-de-maria-e-declarada-veneravel\/#primaryimage"},"thumbnailUrl":"https:\/\/www.padreeustaquio.com.br\/wp-content\/uploads\/2023\/05\/madre-tereza-do-coracao-de-maria.jpeg","articleSection":["Not\u00edcias"],"inLanguage":"en-US","potentialAction":[{"@type":"CommentAction","name":"Comment","target":["https:\/\/www.padreeustaquio.com.br\/brasileira-madre-tereza-do-coracao-de-maria-e-declarada-veneravel\/#respond"]}]},{"@type":"WebPage","@id":"https:\/\/www.padreeustaquio.com.br\/brasileira-madre-tereza-do-coracao-de-maria-e-declarada-veneravel\/","url":"https:\/\/www.padreeustaquio.com.br\/brasileira-madre-tereza-do-coracao-de-maria-e-declarada-veneravel\/","name":"Brazilian Mother Teresa of the Heart of Mary is declared venerable.","isPartOf":{"@id":"https:\/\/www.padreeustaquio.com.br\/#website"},"primaryImageOfPage":{"@id":"https:\/\/www.padreeustaquio.com.br\/brasileira-madre-tereza-do-coracao-de-maria-e-declarada-veneravel\/#primaryimage"},"image":{"@id":"https:\/\/www.padreeustaquio.com.br\/brasileira-madre-tereza-do-coracao-de-maria-e-declarada-veneravel\/#primaryimage"},"thumbnailUrl":"https:\/\/www.padreeustaquio.com.br\/wp-content\/uploads\/2023\/05\/madre-tereza-do-coracao-de-maria.jpeg","datePublished":"2023-05-25T09:02:10+00:00","description":"Brazilian Carmelite nun Mother Teresa Margaret of the Heart of Mary was declared venerable last Saturday, May 20th, by the Holy See. Mother Teresa Margaret of the Heart of Mary was born on December 24, 1915, in Borda da Mata (MG). Her baptismal name was Maria Luisa.","breadcrumb":{"@id":"https:\/\/www.padreeustaquio.com.br\/brasileira-madre-tereza-do-coracao-de-maria-e-declarada-veneravel\/#breadcrumb"},"inLanguage":"en-US","potentialAction":[{"@type":"ReadAction","target":["https:\/\/www.padreeustaquio.com.br\/brasileira-madre-tereza-do-coracao-de-maria-e-declarada-veneravel\/"]}]},{"@type":"ImageObject","inLanguage":"en-US","@id":"https:\/\/www.padreeustaquio.com.br\/brasileira-madre-tereza-do-coracao-de-maria-e-declarada-veneravel\/#primaryimage","url":"https:\/\/www.padreeustaquio.com.br\/wp-content\/uploads\/2023\/05\/madre-tereza-do-coracao-de-maria.jpeg","contentUrl":"https:\/\/www.padreeustaquio.com.br\/wp-content\/uploads\/2023\/05\/madre-tereza-do-coracao-de-maria.jpeg","width":1200,"height":841},{"@type":"BreadcrumbList","@id":"https:\/\/www.padreeustaquio.com.br\/brasileira-madre-tereza-do-coracao-de-maria-e-declarada-veneravel\/#breadcrumb","itemListElement":[{"@type":"ListItem","position":1,"name":"In\u00edcio","item":"https:\/\/www.padreeustaquio.com.br\/"},{"@type":"ListItem","position":2,"name":"Brasileira madre Tereza do Cora\u00e7\u00e3o de Maria \u00e9 declarada vener\u00e1vel"}]},{"@type":"WebSite","@id":"https:\/\/www.padreeustaquio.com.br\/#website","url":"https:\/\/www.padreeustaquio.com.br\/","name":"FATHER EUST\u00c1QUIO","description":"Health and Peace","publisher":{"@id":"https:\/\/www.padreeustaquio.com.br\/#organization"},"potentialAction":[{"@type":"SearchAction","target":{"@type":"EntryPoint","urlTemplate":"https:\/\/www.padreeustaquio.com.br\/?s={search_term_string}"},"query-input":{"@type":"PropertyValueSpecification","valueRequired":true,"valueName":"search_term_string"}}],"inLanguage":"en-US"},{"@type":"Organization","@id":"https:\/\/www.padreeustaquio.com.br\/#organization","name":"FATHER EUST\u00c1QUIO","url":"https:\/\/www.padreeustaquio.com.br\/","logo":{"@type":"ImageObject","inLanguage":"en-US","@id":"https:\/\/www.padreeustaquio.com.br\/#\/schema\/logo\/image\/","url":"https:\/\/www.padreeustaquio.com.br\/wp-content\/uploads\/2019\/08\/marca.png","contentUrl":"https:\/\/www.padreeustaquio.com.br\/wp-content\/uploads\/2019\/08\/marca.png","width":350,"height":400,"caption":"Padre Eust\u00e1quio"},"image":{"@id":"https:\/\/www.padreeustaquio.com.br\/#\/schema\/logo\/image\/"},"sameAs":["https:\/\/www.facebook.com\/beatopadreeustaquio\/","https:\/\/x.com\/beatopeustaquio","https:\/\/www.instagram.com\/beatopadreeustaquio\/","https:\/\/www.youtube.com\/channel\/UCRhw7vfabnajwLxb1ZXMeIw"]},{"@type":"Person","@id":"https:\/\/www.padreeustaquio.com.br\/#\/schema\/person\/a2a51db1d00f1a7af0204a0f1ddb1566","name":"@sscc","image":{"@type":"ImageObject","inLanguage":"en-US","@id":"https:\/\/secure.gravatar.com\/avatar\/68cfafa5f44617fea54071e215026e0ff06be366c3d54a8425f04fdcb86f8c5f?s=96&d=mm&r=g","url":"https:\/\/secure.gravatar.com\/avatar\/68cfafa5f44617fea54071e215026e0ff06be366c3d54a8425f04fdcb86f8c5f?s=96&d=mm&r=g","contentUrl":"https:\/\/secure.gravatar.com\/avatar\/68cfafa5f44617fea54071e215026e0ff06be366c3d54a8425f04fdcb86f8c5f?s=96&d=mm&r=g","caption":"@sscc"},"url":"https:\/\/www.padreeustaquio.com.br\/en\/author\/sscc\/"}]}},"_links":{"self":[{"href":"https:\/\/www.padreeustaquio.com.br\/en\/wp-json\/wp\/v2\/posts\/10452","targetHints":{"allow":["GET"]}}],"collection":[{"href":"https:\/\/www.padreeustaquio.com.br\/en\/wp-json\/wp\/v2\/posts"}],"about":[{"href":"https:\/\/www.padreeustaquio.com.br\/en\/wp-json\/wp\/v2\/types\/post"}],"author":[{"embeddable":true,"href":"https:\/\/www.padreeustaquio.com.br\/en\/wp-json\/wp\/v2\/users\/2"}],"replies":[{"embeddable":true,"href":"https:\/\/www.padreeustaquio.com.br\/en\/wp-json\/wp\/v2\/comments?post=10452"}],"version-history":[{"count":0,"href":"https:\/\/www.padreeustaquio.com.br\/en\/wp-json\/wp\/v2\/posts\/10452\/revisions"}],"wp:featuredmedia":[{"embeddable":true,"href":"https:\/\/www.padreeustaquio.com.br\/en\/wp-json\/wp\/v2\/media\/10453"}],"wp:attachment":[{"href":"https:\/\/www.padreeustaquio.com.br\/en\/wp-json\/wp\/v2\/media?parent=10452"}],"wp:term":[{"taxonomy":"category","embeddable":true,"href":"https:\/\/www.padreeustaquio.com.br\/en\/wp-json\/wp\/v2\/categories?post=10452"},{"taxonomy":"post_tag","embeddable":true,"href":"https:\/\/www.padreeustaquio.com.br\/en\/wp-json\/wp\/v2\/tags?post=10452"}],"curies":[{"name":"wp","href":"https:\/\/api.w.org\/{rel}","templated":true}]}}