{"id":10449,"date":"2023-05-24T08:59:45","date_gmt":"2023-05-24T11:59:45","guid":{"rendered":"https:\/\/www.padreeustaquio.com.br\/?p=10449"},"modified":"2023-05-24T09:27:46","modified_gmt":"2023-05-24T12:27:46","slug":"the-pentecost-solemnity-will-have-a-special-program-at-the-sanctuary","status":"publish","type":"post","link":"https:\/\/www.padreeustaquio.com.br\/en\/the-pentecost-solemnity-will-have-a-special-program-at-the-sanctuary\/","title":{"rendered":"The Solemnity of Pentecost will have a special program at the Sanctuary."},"content":{"rendered":"<p>Next Sunday, May 28th, the Church celebrates Pentecost. This solemnity is<strong>\u00a0<\/strong>Celebrated fifty days after Easter. A Christian festival that originates from the liturgy of the Jews who celebrated the harvest festival. It was also called the Feast of Weeks, as it took place seven weeks after Passover.<\/p>\n<p>For Christians, the celebration of Pentecost is marked by the narrative in the book of Acts of the Apostles, chapter 2, the moment when Christ&#039;s apostles receive the Holy Spirit. <em>\u201c&quot;When the day of Pentecost came, they were all together in one place. Suddenly a sound like the blowing of a violent wind came from heaven and filled the whole house where they were sitting. They saw what seemed to be tongues of fire that separated and came to rest on each of them. All of them were filled with the Holy Spirit and began to speak in other tongues as the Spirit enabled them.&quot; (Acts 2:1-4).<\/em><\/p>\n<p>At the Archdiocesan Sanctuary of Health and Peace, Pentecost Sunday and the eve of Pentecost will be marked by special celebrations.<\/p>\n<p><strong>Saturday<\/strong>, On the 27th, there will be a <strong>Holy Mass of the Vigil at 5 PM<\/strong> which will be broadcast on our Padre Eust\u00e1quio Channel and, a little later, at <strong>8:30 PM a moment of Vigil<\/strong> inside the church.<\/p>\n<p>Already <strong>Sunday<\/strong>, to the <strong>Eucharistic Celebrations<\/strong> with the liturgy of the Solemnity taking place at <strong>7am, 8:30am, 10am, 5pm and 7pm<\/strong>. The 10 AM and 7 PM masses will be streamed on the Padre Eust\u00e1quio YouTube channel.<\/p>\n<p>Come pray with us, bring your friends and family to participate in this important celebration of the Catholic Christian faith!<\/p>\n<p>&nbsp;<\/p>","protected":false},"excerpt":{"rendered":"<p>No pr\u00f3ximo domingo, 28 de maio, a Igreja celebra o dia de Pentecostes. Esta solenidade \u00e9\u00a0celebrada cinquenta dias depois da P\u00e1scoa.\u00a0 Uma festa crist\u00e3 que tem origem na liturgia dos judeus que celebravam a festa das colheitas. Era tamb\u00e9m chamada festa das semanas, pois ela acontecia sete semanas depois da P\u00e1scoa. Para os crist\u00e3os, a comemora\u00e7\u00e3o do Pentecostes \u00e9 marcada pela narrativa no livro dos Atos dos Ap\u00f3stolos cap\u00edtulo 2, momento em que os ap\u00f3stolos de Cristo recebem o Esp\u00edrito Santo. \u201cChegando o dia de Pentecostes, estavam todos reunidos no mesmo lugar. De repente, veio do c\u00e9u um ru\u00eddo, como [&hellip;]<\/p>\n","protected":false},"author":2,"featured_media":10450,"comment_status":"open","ping_status":"closed","sticky":false,"template":"","format":"standard","meta":{"_acf_changed":false,"footnotes":""},"categories":[611],"tags":[],"class_list":["post-10449","post","type-post","status-publish","format-standard","has-post-thumbnail","hentry","category-noticias"],"acf":[],"yoast_head":"<!-- This site is optimized with the Yoast SEO plugin v27.2 - https:\/\/yoast.com\/product\/yoast-seo-wordpress\/ -->\n<title>Solenidade de Pentecostes ter\u00e1 programa\u00e7\u00e3o especial no Santu\u00e1rio<\/title>\n<meta name=\"description\" content=\"No Santu\u00e1rio Arquidiocesano da Sa\u00fade e da Paz, o dia de Pentecostes e a v\u00e9spera ser\u00e3o marcados por celebra\u00e7\u00f5es especiais. S\u00e1bado, dia 27, haver\u00e1 a Santa Missa da Vig\u00edlia \u00e0s 17h transmitida pelo Canal Padre Eust\u00e1quio e, \u00e0s 20h30 um momento de Vig\u00edlia dentro da igreja. No Domingo, as Celebra\u00e7\u00f5es Eucar\u00edsticas com a liturgia da Solenidade acontecem \u00e0s 7h, 8h30, 10h, 17h e 19h.\" \/>\n<meta name=\"robots\" content=\"index, follow, max-snippet:-1, max-image-preview:large, max-video-preview:-1\" \/>\n<link rel=\"canonical\" href=\"https:\/\/www.padreeustaquio.com.br\/en\/the-pentecost-solemnity-will-have-a-special-program-at-the-sanctuary\/\" \/>\n<meta property=\"og:locale\" content=\"en_US\" \/>\n<meta property=\"og:type\" content=\"article\" \/>\n<meta property=\"og:title\" content=\"Solenidade de Pentecostes ter\u00e1 programa\u00e7\u00e3o especial no Santu\u00e1rio\" \/>\n<meta property=\"og:description\" content=\"No Santu\u00e1rio Arquidiocesano da Sa\u00fade e da Paz, o dia de Pentecostes e a v\u00e9spera ser\u00e3o marcados por celebra\u00e7\u00f5es especiais. S\u00e1bado, dia 27, haver\u00e1 a Santa Missa da Vig\u00edlia \u00e0s 17h transmitida pelo Canal Padre Eust\u00e1quio e, \u00e0s 20h30 um momento de Vig\u00edlia dentro da igreja. No Domingo, as Celebra\u00e7\u00f5es Eucar\u00edsticas com a liturgia da Solenidade acontecem \u00e0s 7h, 8h30, 10h, 17h e 19h.\" \/>\n<meta property=\"og:url\" content=\"https:\/\/www.padreeustaquio.com.br\/en\/the-pentecost-solemnity-will-have-a-special-program-at-the-sanctuary\/\" \/>\n<meta property=\"og:site_name\" content=\"Padre Eust\u00e1quio\" \/>\n<meta property=\"article:publisher\" content=\"https:\/\/www.facebook.com\/beatopadreeustaquio\/\" \/>\n<meta property=\"article:published_time\" content=\"2023-05-24T11:59:45+00:00\" \/>\n<meta property=\"article:modified_time\" content=\"2023-05-24T12:27:46+00:00\" \/>\n<meta property=\"og:image\" content=\"https:\/\/www.padreeustaquio.com.br\/wp-content\/uploads\/2023\/05\/Espirito-Santo-Pentecostes.webp\" \/>\n\t<meta property=\"og:image:width\" content=\"1229\" \/>\n\t<meta property=\"og:image:height\" content=\"882\" \/>\n\t<meta property=\"og:image:type\" content=\"image\/webp\" \/>\n<meta name=\"author\" content=\"@sscc\" \/>\n<meta name=\"twitter:card\" content=\"summary_large_image\" \/>\n<meta name=\"twitter:creator\" content=\"@beatopeustaquio\" \/>\n<meta name=\"twitter:site\" content=\"@beatopeustaquio\" \/>\n<meta name=\"twitter:label1\" content=\"Written by\" \/>\n\t<meta name=\"twitter:data1\" content=\"@sscc\" \/>\n\t<meta name=\"twitter:label2\" content=\"Est. reading time\" \/>\n\t<meta name=\"twitter:data2\" content=\"2 minutes\" \/>\n<script type=\"application\/ld+json\" class=\"yoast-schema-graph\">{\"@context\":\"https:\/\/schema.org\",\"@graph\":[{\"@type\":\"Article\",\"@id\":\"https:\/\/www.padreeustaquio.com.br\/solenidade-de-pentecostes-tera-programacao-especial-no-santuario\/#article\",\"isPartOf\":{\"@id\":\"https:\/\/www.padreeustaquio.com.br\/solenidade-de-pentecostes-tera-programacao-especial-no-santuario\/\"},\"author\":{\"name\":\"@sscc\",\"@id\":\"https:\/\/www.padreeustaquio.com.br\/#\/schema\/person\/a2a51db1d00f1a7af0204a0f1ddb1566\"},\"headline\":\"Solenidade de Pentecostes ter\u00e1 programa\u00e7\u00e3o especial no Santu\u00e1rio\",\"datePublished\":\"2023-05-24T11:59:45+00:00\",\"dateModified\":\"2023-05-24T12:27:46+00:00\",\"mainEntityOfPage\":{\"@id\":\"https:\/\/www.padreeustaquio.com.br\/solenidade-de-pentecostes-tera-programacao-especial-no-santuario\/\"},\"wordCount\":299,\"commentCount\":0,\"publisher\":{\"@id\":\"https:\/\/www.padreeustaquio.com.br\/#organization\"},\"image\":{\"@id\":\"https:\/\/www.padreeustaquio.com.br\/solenidade-de-pentecostes-tera-programacao-especial-no-santuario\/#primaryimage\"},\"thumbnailUrl\":\"https:\/\/www.padreeustaquio.com.br\/wp-content\/uploads\/2023\/05\/Espirito-Santo-Pentecostes.webp\",\"articleSection\":[\"Not\u00edcias\"],\"inLanguage\":\"en-US\",\"potentialAction\":[{\"@type\":\"CommentAction\",\"name\":\"Comment\",\"target\":[\"https:\/\/www.padreeustaquio.com.br\/solenidade-de-pentecostes-tera-programacao-especial-no-santuario\/#respond\"]}]},{\"@type\":\"WebPage\",\"@id\":\"https:\/\/www.padreeustaquio.com.br\/solenidade-de-pentecostes-tera-programacao-especial-no-santuario\/\",\"url\":\"https:\/\/www.padreeustaquio.com.br\/solenidade-de-pentecostes-tera-programacao-especial-no-santuario\/\",\"name\":\"Solenidade de Pentecostes ter\u00e1 programa\u00e7\u00e3o especial no Santu\u00e1rio\",\"isPartOf\":{\"@id\":\"https:\/\/www.padreeustaquio.com.br\/#website\"},\"primaryImageOfPage\":{\"@id\":\"https:\/\/www.padreeustaquio.com.br\/solenidade-de-pentecostes-tera-programacao-especial-no-santuario\/#primaryimage\"},\"image\":{\"@id\":\"https:\/\/www.padreeustaquio.com.br\/solenidade-de-pentecostes-tera-programacao-especial-no-santuario\/#primaryimage\"},\"thumbnailUrl\":\"https:\/\/www.padreeustaquio.com.br\/wp-content\/uploads\/2023\/05\/Espirito-Santo-Pentecostes.webp\",\"datePublished\":\"2023-05-24T11:59:45+00:00\",\"dateModified\":\"2023-05-24T12:27:46+00:00\",\"description\":\"No Santu\u00e1rio Arquidiocesano da Sa\u00fade e da Paz, o dia de Pentecostes e a v\u00e9spera ser\u00e3o marcados por celebra\u00e7\u00f5es especiais. S\u00e1bado, dia 27, haver\u00e1 a Santa Missa da Vig\u00edlia \u00e0s 17h transmitida pelo Canal Padre Eust\u00e1quio e, \u00e0s 20h30 um momento de Vig\u00edlia dentro da igreja. No Domingo, as Celebra\u00e7\u00f5es Eucar\u00edsticas com a liturgia da Solenidade acontecem \u00e0s 7h, 8h30, 10h, 17h e 19h.\",\"breadcrumb\":{\"@id\":\"https:\/\/www.padreeustaquio.com.br\/solenidade-de-pentecostes-tera-programacao-especial-no-santuario\/#breadcrumb\"},\"inLanguage\":\"en-US\",\"potentialAction\":[{\"@type\":\"ReadAction\",\"target\":[\"https:\/\/www.padreeustaquio.com.br\/solenidade-de-pentecostes-tera-programacao-especial-no-santuario\/\"]}]},{\"@type\":\"ImageObject\",\"inLanguage\":\"en-US\",\"@id\":\"https:\/\/www.padreeustaquio.com.br\/solenidade-de-pentecostes-tera-programacao-especial-no-santuario\/#primaryimage\",\"url\":\"https:\/\/www.padreeustaquio.com.br\/wp-content\/uploads\/2023\/05\/Espirito-Santo-Pentecostes.webp\",\"contentUrl\":\"https:\/\/www.padreeustaquio.com.br\/wp-content\/uploads\/2023\/05\/Espirito-Santo-Pentecostes.webp\",\"width\":1229,\"height\":882},{\"@type\":\"BreadcrumbList\",\"@id\":\"https:\/\/www.padreeustaquio.com.br\/solenidade-de-pentecostes-tera-programacao-especial-no-santuario\/#breadcrumb\",\"itemListElement\":[{\"@type\":\"ListItem\",\"position\":1,\"name\":\"In\u00edcio\",\"item\":\"https:\/\/www.padreeustaquio.com.br\/\"},{\"@type\":\"ListItem\",\"position\":2,\"name\":\"Solenidade de Pentecostes ter\u00e1 programa\u00e7\u00e3o especial no Santu\u00e1rio\"}]},{\"@type\":\"WebSite\",\"@id\":\"https:\/\/www.padreeustaquio.com.br\/#website\",\"url\":\"https:\/\/www.padreeustaquio.com.br\/\",\"name\":\"Padre Eust\u00e1quio\",\"description\":\"Sa\u00fade e Paz\",\"publisher\":{\"@id\":\"https:\/\/www.padreeustaquio.com.br\/#organization\"},\"potentialAction\":[{\"@type\":\"SearchAction\",\"target\":{\"@type\":\"EntryPoint\",\"urlTemplate\":\"https:\/\/www.padreeustaquio.com.br\/?s={search_term_string}\"},\"query-input\":{\"@type\":\"PropertyValueSpecification\",\"valueRequired\":true,\"valueName\":\"search_term_string\"}}],\"inLanguage\":\"en-US\"},{\"@type\":\"Organization\",\"@id\":\"https:\/\/www.padreeustaquio.com.br\/#organization\",\"name\":\"Padre Eust\u00e1quio\",\"url\":\"https:\/\/www.padreeustaquio.com.br\/\",\"logo\":{\"@type\":\"ImageObject\",\"inLanguage\":\"en-US\",\"@id\":\"https:\/\/www.padreeustaquio.com.br\/#\/schema\/logo\/image\/\",\"url\":\"https:\/\/www.padreeustaquio.com.br\/wp-content\/uploads\/2019\/08\/marca.png\",\"contentUrl\":\"https:\/\/www.padreeustaquio.com.br\/wp-content\/uploads\/2019\/08\/marca.png\",\"width\":350,\"height\":400,\"caption\":\"Padre Eust\u00e1quio\"},\"image\":{\"@id\":\"https:\/\/www.padreeustaquio.com.br\/#\/schema\/logo\/image\/\"},\"sameAs\":[\"https:\/\/www.facebook.com\/beatopadreeustaquio\/\",\"https:\/\/x.com\/beatopeustaquio\",\"https:\/\/www.instagram.com\/beatopadreeustaquio\/\",\"https:\/\/www.youtube.com\/channel\/UCRhw7vfabnajwLxb1ZXMeIw\"]},{\"@type\":\"Person\",\"@id\":\"https:\/\/www.padreeustaquio.com.br\/#\/schema\/person\/a2a51db1d00f1a7af0204a0f1ddb1566\",\"name\":\"@sscc\",\"image\":{\"@type\":\"ImageObject\",\"inLanguage\":\"en-US\",\"@id\":\"https:\/\/secure.gravatar.com\/avatar\/68cfafa5f44617fea54071e215026e0ff06be366c3d54a8425f04fdcb86f8c5f?s=96&d=mm&r=g\",\"url\":\"https:\/\/secure.gravatar.com\/avatar\/68cfafa5f44617fea54071e215026e0ff06be366c3d54a8425f04fdcb86f8c5f?s=96&d=mm&r=g\",\"contentUrl\":\"https:\/\/secure.gravatar.com\/avatar\/68cfafa5f44617fea54071e215026e0ff06be366c3d54a8425f04fdcb86f8c5f?s=96&d=mm&r=g\",\"caption\":\"@sscc\"},\"url\":\"https:\/\/www.padreeustaquio.com.br\/en\/author\/sscc\/\"}]}<\/script>\n<!-- \/ Yoast SEO plugin. -->","yoast_head_json":{"title":"The Solemnity of Pentecost will have a special program at the Sanctuary.","description":"At the Archdiocesan Sanctuary of Health and Peace, Pentecost Sunday and its eve will be marked by special celebrations. On Saturday the 27th, there will be a Vigil Mass at 5 pm broadcast on the Padre Eust\u00e1quio Channel, and at 8:30 pm a Vigil will be held inside the church. On Sunday, Eucharistic Celebrations with the liturgy of the Solemnity will take place at 7 am, 8:30 am, 10 am, 5 pm and 7 pm.","robots":{"index":"index","follow":"follow","max-snippet":"max-snippet:-1","max-image-preview":"max-image-preview:large","max-video-preview":"max-video-preview:-1"},"canonical":"https:\/\/www.padreeustaquio.com.br\/en\/the-pentecost-solemnity-will-have-a-special-program-at-the-sanctuary\/","og_locale":"en_US","og_type":"article","og_title":"Solenidade de Pentecostes ter\u00e1 programa\u00e7\u00e3o especial no Santu\u00e1rio","og_description":"No Santu\u00e1rio Arquidiocesano da Sa\u00fade e da Paz, o dia de Pentecostes e a v\u00e9spera ser\u00e3o marcados por celebra\u00e7\u00f5es especiais. S\u00e1bado, dia 27, haver\u00e1 a Santa Missa da Vig\u00edlia \u00e0s 17h transmitida pelo Canal Padre Eust\u00e1quio e, \u00e0s 20h30 um momento de Vig\u00edlia dentro da igreja. No Domingo, as Celebra\u00e7\u00f5es Eucar\u00edsticas com a liturgia da Solenidade acontecem \u00e0s 7h, 8h30, 10h, 17h e 19h.","og_url":"https:\/\/www.padreeustaquio.com.br\/en\/the-pentecost-solemnity-will-have-a-special-program-at-the-sanctuary\/","og_site_name":"Padre Eust\u00e1quio","article_publisher":"https:\/\/www.facebook.com\/beatopadreeustaquio\/","article_published_time":"2023-05-24T11:59:45+00:00","article_modified_time":"2023-05-24T12:27:46+00:00","og_image":[{"width":1229,"height":882,"url":"https:\/\/www.padreeustaquio.com.br\/wp-content\/uploads\/2023\/05\/Espirito-Santo-Pentecostes.webp","type":"image\/webp"}],"author":"@sscc","twitter_card":"summary_large_image","twitter_creator":"@beatopeustaquio","twitter_site":"@beatopeustaquio","twitter_misc":{"Written by":"@sscc","Est. reading time":"2 minutes"},"schema":{"@context":"https:\/\/schema.org","@graph":[{"@type":"Article","@id":"https:\/\/www.padreeustaquio.com.br\/solenidade-de-pentecostes-tera-programacao-especial-no-santuario\/#article","isPartOf":{"@id":"https:\/\/www.padreeustaquio.com.br\/solenidade-de-pentecostes-tera-programacao-especial-no-santuario\/"},"author":{"name":"@sscc","@id":"https:\/\/www.padreeustaquio.com.br\/#\/schema\/person\/a2a51db1d00f1a7af0204a0f1ddb1566"},"headline":"Solenidade de Pentecostes ter\u00e1 programa\u00e7\u00e3o especial no Santu\u00e1rio","datePublished":"2023-05-24T11:59:45+00:00","dateModified":"2023-05-24T12:27:46+00:00","mainEntityOfPage":{"@id":"https:\/\/www.padreeustaquio.com.br\/solenidade-de-pentecostes-tera-programacao-especial-no-santuario\/"},"wordCount":299,"commentCount":0,"publisher":{"@id":"https:\/\/www.padreeustaquio.com.br\/#organization"},"image":{"@id":"https:\/\/www.padreeustaquio.com.br\/solenidade-de-pentecostes-tera-programacao-especial-no-santuario\/#primaryimage"},"thumbnailUrl":"https:\/\/www.padreeustaquio.com.br\/wp-content\/uploads\/2023\/05\/Espirito-Santo-Pentecostes.webp","articleSection":["Not\u00edcias"],"inLanguage":"en-US","potentialAction":[{"@type":"CommentAction","name":"Comment","target":["https:\/\/www.padreeustaquio.com.br\/solenidade-de-pentecostes-tera-programacao-especial-no-santuario\/#respond"]}]},{"@type":"WebPage","@id":"https:\/\/www.padreeustaquio.com.br\/solenidade-de-pentecostes-tera-programacao-especial-no-santuario\/","url":"https:\/\/www.padreeustaquio.com.br\/solenidade-de-pentecostes-tera-programacao-especial-no-santuario\/","name":"The Solemnity of Pentecost will have a special program at the Sanctuary.","isPartOf":{"@id":"https:\/\/www.padreeustaquio.com.br\/#website"},"primaryImageOfPage":{"@id":"https:\/\/www.padreeustaquio.com.br\/solenidade-de-pentecostes-tera-programacao-especial-no-santuario\/#primaryimage"},"image":{"@id":"https:\/\/www.padreeustaquio.com.br\/solenidade-de-pentecostes-tera-programacao-especial-no-santuario\/#primaryimage"},"thumbnailUrl":"https:\/\/www.padreeustaquio.com.br\/wp-content\/uploads\/2023\/05\/Espirito-Santo-Pentecostes.webp","datePublished":"2023-05-24T11:59:45+00:00","dateModified":"2023-05-24T12:27:46+00:00","description":"At the Archdiocesan Sanctuary of Health and Peace, Pentecost Sunday and its eve will be marked by special celebrations. On Saturday the 27th, there will be a Vigil Mass at 5 pm broadcast on the Padre Eust\u00e1quio Channel, and at 8:30 pm a Vigil will be held inside the church. On Sunday, Eucharistic Celebrations with the liturgy of the Solemnity will take place at 7 am, 8:30 am, 10 am, 5 pm and 7 pm.","breadcrumb":{"@id":"https:\/\/www.padreeustaquio.com.br\/solenidade-de-pentecostes-tera-programacao-especial-no-santuario\/#breadcrumb"},"inLanguage":"en-US","potentialAction":[{"@type":"ReadAction","target":["https:\/\/www.padreeustaquio.com.br\/solenidade-de-pentecostes-tera-programacao-especial-no-santuario\/"]}]},{"@type":"ImageObject","inLanguage":"en-US","@id":"https:\/\/www.padreeustaquio.com.br\/solenidade-de-pentecostes-tera-programacao-especial-no-santuario\/#primaryimage","url":"https:\/\/www.padreeustaquio.com.br\/wp-content\/uploads\/2023\/05\/Espirito-Santo-Pentecostes.webp","contentUrl":"https:\/\/www.padreeustaquio.com.br\/wp-content\/uploads\/2023\/05\/Espirito-Santo-Pentecostes.webp","width":1229,"height":882},{"@type":"BreadcrumbList","@id":"https:\/\/www.padreeustaquio.com.br\/solenidade-de-pentecostes-tera-programacao-especial-no-santuario\/#breadcrumb","itemListElement":[{"@type":"ListItem","position":1,"name":"In\u00edcio","item":"https:\/\/www.padreeustaquio.com.br\/"},{"@type":"ListItem","position":2,"name":"Solenidade de Pentecostes ter\u00e1 programa\u00e7\u00e3o especial no Santu\u00e1rio"}]},{"@type":"WebSite","@id":"https:\/\/www.padreeustaquio.com.br\/#website","url":"https:\/\/www.padreeustaquio.com.br\/","name":"FATHER EUST\u00c1QUIO","description":"Health and Peace","publisher":{"@id":"https:\/\/www.padreeustaquio.com.br\/#organization"},"potentialAction":[{"@type":"SearchAction","target":{"@type":"EntryPoint","urlTemplate":"https:\/\/www.padreeustaquio.com.br\/?s={search_term_string}"},"query-input":{"@type":"PropertyValueSpecification","valueRequired":true,"valueName":"search_term_string"}}],"inLanguage":"en-US"},{"@type":"Organization","@id":"https:\/\/www.padreeustaquio.com.br\/#organization","name":"FATHER EUST\u00c1QUIO","url":"https:\/\/www.padreeustaquio.com.br\/","logo":{"@type":"ImageObject","inLanguage":"en-US","@id":"https:\/\/www.padreeustaquio.com.br\/#\/schema\/logo\/image\/","url":"https:\/\/www.padreeustaquio.com.br\/wp-content\/uploads\/2019\/08\/marca.png","contentUrl":"https:\/\/www.padreeustaquio.com.br\/wp-content\/uploads\/2019\/08\/marca.png","width":350,"height":400,"caption":"Padre Eust\u00e1quio"},"image":{"@id":"https:\/\/www.padreeustaquio.com.br\/#\/schema\/logo\/image\/"},"sameAs":["https:\/\/www.facebook.com\/beatopadreeustaquio\/","https:\/\/x.com\/beatopeustaquio","https:\/\/www.instagram.com\/beatopadreeustaquio\/","https:\/\/www.youtube.com\/channel\/UCRhw7vfabnajwLxb1ZXMeIw"]},{"@type":"Person","@id":"https:\/\/www.padreeustaquio.com.br\/#\/schema\/person\/a2a51db1d00f1a7af0204a0f1ddb1566","name":"@sscc","image":{"@type":"ImageObject","inLanguage":"en-US","@id":"https:\/\/secure.gravatar.com\/avatar\/68cfafa5f44617fea54071e215026e0ff06be366c3d54a8425f04fdcb86f8c5f?s=96&d=mm&r=g","url":"https:\/\/secure.gravatar.com\/avatar\/68cfafa5f44617fea54071e215026e0ff06be366c3d54a8425f04fdcb86f8c5f?s=96&d=mm&r=g","contentUrl":"https:\/\/secure.gravatar.com\/avatar\/68cfafa5f44617fea54071e215026e0ff06be366c3d54a8425f04fdcb86f8c5f?s=96&d=mm&r=g","caption":"@sscc"},"url":"https:\/\/www.padreeustaquio.com.br\/en\/author\/sscc\/"}]}},"_links":{"self":[{"href":"https:\/\/www.padreeustaquio.com.br\/en\/wp-json\/wp\/v2\/posts\/10449","targetHints":{"allow":["GET"]}}],"collection":[{"href":"https:\/\/www.padreeustaquio.com.br\/en\/wp-json\/wp\/v2\/posts"}],"about":[{"href":"https:\/\/www.padreeustaquio.com.br\/en\/wp-json\/wp\/v2\/types\/post"}],"author":[{"embeddable":true,"href":"https:\/\/www.padreeustaquio.com.br\/en\/wp-json\/wp\/v2\/users\/2"}],"replies":[{"embeddable":true,"href":"https:\/\/www.padreeustaquio.com.br\/en\/wp-json\/wp\/v2\/comments?post=10449"}],"version-history":[{"count":0,"href":"https:\/\/www.padreeustaquio.com.br\/en\/wp-json\/wp\/v2\/posts\/10449\/revisions"}],"wp:featuredmedia":[{"embeddable":true,"href":"https:\/\/www.padreeustaquio.com.br\/en\/wp-json\/wp\/v2\/media\/10450"}],"wp:attachment":[{"href":"https:\/\/www.padreeustaquio.com.br\/en\/wp-json\/wp\/v2\/media?parent=10449"}],"wp:term":[{"taxonomy":"category","embeddable":true,"href":"https:\/\/www.padreeustaquio.com.br\/en\/wp-json\/wp\/v2\/categories?post=10449"},{"taxonomy":"post_tag","embeddable":true,"href":"https:\/\/www.padreeustaquio.com.br\/en\/wp-json\/wp\/v2\/tags?post=10449"}],"curies":[{"name":"wp","href":"https:\/\/api.w.org\/{rel}","templated":true}]}}