{"id":10444,"date":"2023-05-23T11:35:03","date_gmt":"2023-05-23T14:35:03","guid":{"rendered":"https:\/\/www.padreeustaquio.com.br\/?p=10444"},"modified":"2023-05-23T11:37:06","modified_gmt":"2023-05-23T14:37:06","slug":"vatican-declares-brazilian-surfer-guido-schaffer-venerable","status":"publish","type":"post","link":"https:\/\/www.padreeustaquio.com.br\/en\/vatican-declares-brazilian-surfer-guido-schaffer-venerable\/","title":{"rendered":"Vatican declares Brazilian surfer Guido Sch\u00e4ffer venerable."},"content":{"rendered":"<p>Last Saturday, May 20th, the Vatican recognized the heroic virtues of Guido Sch\u00e4ffer and, through a decree from the Dicastery for the Causes of Saints, declared him venerable. This is another step in Guido&#039;s beatification process.<\/p>\n<p>The doctor, seminarian, and surfer was synonymous with caring for others. Throughout his life, he dedicated himself to his service as a doctor and his mission to evangelize the poor and marginalized in the favelas of Rio de Janeiro.<\/p>\n<p>On social media dedicated to Guido, the Vatican&#039;s announcement was shared with joy.<\/p>\n<p><em>\u201cThis Saturday, May 20, 2023, we received the happy news of the recognition of the heroic virtues of the Servant of God Guido Vidal Fran\u00e7a Sch\u00e4ffer, through the Promulgation of the Decree of the Dicastery for the Causes of Saints. We have overcome a very important stage in the cause of beatification; with this decree, Guido receives the title of Venerable.\u201d.<\/em><\/p>\n<p><strong>Learn more about Guido Sch\u00e4ffer<\/strong><\/p>\n<p><img fetchpriority=\"high\" decoding=\"async\" class=\"size-medium wp-image-10446 alignleft\" src=\"https:\/\/www.padreeustaquio.com.br\/wp-content\/uploads\/2023\/05\/Guido-seminarista-300x169.jpeg\" alt=\"\" width=\"300\" height=\"169\" srcset=\"https:\/\/www.padreeustaquio.com.br\/wp-content\/uploads\/2023\/05\/Guido-seminarista-300x169.jpeg 300w, https:\/\/www.padreeustaquio.com.br\/wp-content\/uploads\/2023\/05\/Guido-seminarista-1024x576.jpeg 1024w, https:\/\/www.padreeustaquio.com.br\/wp-content\/uploads\/2023\/05\/Guido-seminarista-768x432.jpeg 768w, https:\/\/www.padreeustaquio.com.br\/wp-content\/uploads\/2023\/05\/Guido-seminarista-400x225.jpeg 400w, https:\/\/www.padreeustaquio.com.br\/wp-content\/uploads\/2023\/05\/Guido-seminarista-600x338.jpeg 600w, https:\/\/www.padreeustaquio.com.br\/wp-content\/uploads\/2023\/05\/Guido-seminarista-800x450.jpeg 800w, https:\/\/www.padreeustaquio.com.br\/wp-content\/uploads\/2023\/05\/Guido-seminarista-1200x675.jpeg 1200w, https:\/\/www.padreeustaquio.com.br\/wp-content\/uploads\/2023\/05\/Guido-seminarista.jpeg 1280w\" sizes=\"(max-width: 300px) 100vw, 300px\" \/>A doctor, surfer, seminarian, and a son deeply devoted to God, Guido, as a physician, helped needy people assisted by the Missionary Sisters of Charity. And after reading the book &quot;The Brother of Assisi,&quot; he felt in his heart that it was time to leave everything behind to follow his calling to the priesthood.<\/p>\n<p>He founded several prayer groups and was a tireless preacher of the Word of God. He had the gift of inspiring people with his great love for Jesus, the Virgin Mary, and the Holy Church. He led young people to conversion through his life testimony and his pursuit of holiness.<\/p>\n<p>Originally from Volta Redonda, Guido lived in Rio de Janeiro until 2009, when an accident at Recreio Beach killed him at the age of 34. He was surfing at his usual spot, but that day, a loose surfboard in the water struck the back of his neck, causing a contusion that made him faint and drown.<\/p>\n<p>&nbsp;<\/p>\n<p><strong>*With information from A12.com<\/strong><\/p>","protected":false},"excerpt":{"rendered":"<p>No \u00faltimo s\u00e1bado, 20 de maio, o Vaticano reconheceu as virtudes heroicas de Guido Sch\u00e4ffer e por meio do Decreto do Dicast\u00e9rio das Causas dos Santos o tornou vener\u00e1vel. Essa \u00e9 mais uma etapa no processo de beatifica\u00e7\u00e3o de Guido. O m\u00e9dico, seminarista e surfista era sin\u00f4nimo de cuidado com o pr\u00f3ximo. Em vida se dedicou ao seu servi\u00e7o como m\u00e9dico e sua miss\u00e3o de evangelizar os pobres e marginalizados nas favelas do Rio de Janeiro. Nas redes sociais dedicada a Guido, foi compartilhado com alegria o an\u00fancio do Vaticano. \u201cNeste s\u00e1bado, 20\/05\/2023, recebemos a feliz not\u00edcia do reconhecimento das [&hellip;]<\/p>\n","protected":false},"author":2,"featured_media":10445,"comment_status":"open","ping_status":"closed","sticky":false,"template":"","format":"standard","meta":{"_acf_changed":false,"footnotes":""},"categories":[611],"tags":[],"class_list":["post-10444","post","type-post","status-publish","format-standard","has-post-thumbnail","hentry","category-noticias"],"acf":[],"yoast_head":"<!-- This site is optimized with the Yoast SEO plugin v27.2 - https:\/\/yoast.com\/product\/yoast-seo-wordpress\/ -->\n<title>Vaticano declara vener\u00e1vel surfista brasileiro Guido Sch\u00e4ffer<\/title>\n<meta name=\"description\" content=\"No \u00faltimo s\u00e1bado, 20 de maio, o Vaticano reconheceu as virtudes heroicas de Guido Sch\u00e4ffer e por meio do Decreto do Dicast\u00e9rio das Causas dos Santos o tornou vener\u00e1vel. Essa \u00e9 mais uma etapa no processo de beatifica\u00e7\u00e3o de Guido.\" \/>\n<meta name=\"robots\" content=\"index, follow, max-snippet:-1, max-image-preview:large, max-video-preview:-1\" \/>\n<link rel=\"canonical\" href=\"https:\/\/www.padreeustaquio.com.br\/en\/vatican-declares-brazilian-surfer-guido-schaffer-venerable\/\" \/>\n<meta property=\"og:locale\" content=\"en_US\" \/>\n<meta property=\"og:type\" content=\"article\" \/>\n<meta property=\"og:title\" content=\"Vaticano declara vener\u00e1vel surfista brasileiro Guido Sch\u00e4ffer\" \/>\n<meta property=\"og:description\" content=\"No \u00faltimo s\u00e1bado, 20 de maio, o Vaticano reconheceu as virtudes heroicas de Guido Sch\u00e4ffer e por meio do Decreto do Dicast\u00e9rio das Causas dos Santos o tornou vener\u00e1vel. Essa \u00e9 mais uma etapa no processo de beatifica\u00e7\u00e3o de Guido.\" \/>\n<meta property=\"og:url\" content=\"https:\/\/www.padreeustaquio.com.br\/en\/vatican-declares-brazilian-surfer-guido-schaffer-venerable\/\" \/>\n<meta property=\"og:site_name\" content=\"Padre Eust\u00e1quio\" \/>\n<meta property=\"article:publisher\" content=\"https:\/\/www.facebook.com\/beatopadreeustaquio\/\" \/>\n<meta property=\"article:published_time\" content=\"2023-05-23T14:35:03+00:00\" \/>\n<meta property=\"article:modified_time\" content=\"2023-05-23T14:37:06+00:00\" \/>\n<meta property=\"og:image\" content=\"https:\/\/www.padreeustaquio.com.br\/wp-content\/uploads\/2023\/05\/Guido-Schaffer-e1684852616706.jpeg\" \/>\n\t<meta property=\"og:image:width\" content=\"1500\" \/>\n\t<meta property=\"og:image:height\" content=\"750\" \/>\n\t<meta property=\"og:image:type\" content=\"image\/jpeg\" \/>\n<meta name=\"author\" content=\"@sscc\" \/>\n<meta name=\"twitter:card\" content=\"summary_large_image\" \/>\n<meta name=\"twitter:creator\" content=\"@beatopeustaquio\" \/>\n<meta name=\"twitter:site\" content=\"@beatopeustaquio\" \/>\n<meta name=\"twitter:label1\" content=\"Written by\" \/>\n\t<meta name=\"twitter:data1\" content=\"@sscc\" \/>\n\t<meta name=\"twitter:label2\" content=\"Est. reading time\" \/>\n\t<meta name=\"twitter:data2\" content=\"2 minutes\" \/>\n<script type=\"application\/ld+json\" class=\"yoast-schema-graph\">{\"@context\":\"https:\/\/schema.org\",\"@graph\":[{\"@type\":\"Article\",\"@id\":\"https:\/\/www.padreeustaquio.com.br\/vaticano-declara-veneravel-surfista-brasileiro-guido-schaffer\/#article\",\"isPartOf\":{\"@id\":\"https:\/\/www.padreeustaquio.com.br\/vaticano-declara-veneravel-surfista-brasileiro-guido-schaffer\/\"},\"author\":{\"name\":\"@sscc\",\"@id\":\"https:\/\/www.padreeustaquio.com.br\/#\/schema\/person\/a2a51db1d00f1a7af0204a0f1ddb1566\"},\"headline\":\"Vaticano declara vener\u00e1vel surfista brasileiro Guido Sch\u00e4ffer\",\"datePublished\":\"2023-05-23T14:35:03+00:00\",\"dateModified\":\"2023-05-23T14:37:06+00:00\",\"mainEntityOfPage\":{\"@id\":\"https:\/\/www.padreeustaquio.com.br\/vaticano-declara-veneravel-surfista-brasileiro-guido-schaffer\/\"},\"wordCount\":345,\"commentCount\":0,\"publisher\":{\"@id\":\"https:\/\/www.padreeustaquio.com.br\/#organization\"},\"image\":{\"@id\":\"https:\/\/www.padreeustaquio.com.br\/vaticano-declara-veneravel-surfista-brasileiro-guido-schaffer\/#primaryimage\"},\"thumbnailUrl\":\"https:\/\/www.padreeustaquio.com.br\/wp-content\/uploads\/2023\/05\/Guido-Schaffer-e1684852616706.jpeg\",\"articleSection\":[\"Not\u00edcias\"],\"inLanguage\":\"en-US\",\"potentialAction\":[{\"@type\":\"CommentAction\",\"name\":\"Comment\",\"target\":[\"https:\/\/www.padreeustaquio.com.br\/vaticano-declara-veneravel-surfista-brasileiro-guido-schaffer\/#respond\"]}]},{\"@type\":\"WebPage\",\"@id\":\"https:\/\/www.padreeustaquio.com.br\/vaticano-declara-veneravel-surfista-brasileiro-guido-schaffer\/\",\"url\":\"https:\/\/www.padreeustaquio.com.br\/vaticano-declara-veneravel-surfista-brasileiro-guido-schaffer\/\",\"name\":\"Vaticano declara vener\u00e1vel surfista brasileiro Guido Sch\u00e4ffer\",\"isPartOf\":{\"@id\":\"https:\/\/www.padreeustaquio.com.br\/#website\"},\"primaryImageOfPage\":{\"@id\":\"https:\/\/www.padreeustaquio.com.br\/vaticano-declara-veneravel-surfista-brasileiro-guido-schaffer\/#primaryimage\"},\"image\":{\"@id\":\"https:\/\/www.padreeustaquio.com.br\/vaticano-declara-veneravel-surfista-brasileiro-guido-schaffer\/#primaryimage\"},\"thumbnailUrl\":\"https:\/\/www.padreeustaquio.com.br\/wp-content\/uploads\/2023\/05\/Guido-Schaffer-e1684852616706.jpeg\",\"datePublished\":\"2023-05-23T14:35:03+00:00\",\"dateModified\":\"2023-05-23T14:37:06+00:00\",\"description\":\"No \u00faltimo s\u00e1bado, 20 de maio, o Vaticano reconheceu as virtudes heroicas de Guido Sch\u00e4ffer e por meio do Decreto do Dicast\u00e9rio das Causas dos Santos o tornou vener\u00e1vel. Essa \u00e9 mais uma etapa no processo de beatifica\u00e7\u00e3o de Guido.\",\"breadcrumb\":{\"@id\":\"https:\/\/www.padreeustaquio.com.br\/vaticano-declara-veneravel-surfista-brasileiro-guido-schaffer\/#breadcrumb\"},\"inLanguage\":\"en-US\",\"potentialAction\":[{\"@type\":\"ReadAction\",\"target\":[\"https:\/\/www.padreeustaquio.com.br\/vaticano-declara-veneravel-surfista-brasileiro-guido-schaffer\/\"]}]},{\"@type\":\"ImageObject\",\"inLanguage\":\"en-US\",\"@id\":\"https:\/\/www.padreeustaquio.com.br\/vaticano-declara-veneravel-surfista-brasileiro-guido-schaffer\/#primaryimage\",\"url\":\"https:\/\/www.padreeustaquio.com.br\/wp-content\/uploads\/2023\/05\/Guido-Schaffer-e1684852616706.jpeg\",\"contentUrl\":\"https:\/\/www.padreeustaquio.com.br\/wp-content\/uploads\/2023\/05\/Guido-Schaffer-e1684852616706.jpeg\",\"width\":1500,\"height\":750},{\"@type\":\"BreadcrumbList\",\"@id\":\"https:\/\/www.padreeustaquio.com.br\/vaticano-declara-veneravel-surfista-brasileiro-guido-schaffer\/#breadcrumb\",\"itemListElement\":[{\"@type\":\"ListItem\",\"position\":1,\"name\":\"In\u00edcio\",\"item\":\"https:\/\/www.padreeustaquio.com.br\/\"},{\"@type\":\"ListItem\",\"position\":2,\"name\":\"Vaticano declara vener\u00e1vel surfista brasileiro Guido Sch\u00e4ffer\"}]},{\"@type\":\"WebSite\",\"@id\":\"https:\/\/www.padreeustaquio.com.br\/#website\",\"url\":\"https:\/\/www.padreeustaquio.com.br\/\",\"name\":\"Padre Eust\u00e1quio\",\"description\":\"Sa\u00fade e Paz\",\"publisher\":{\"@id\":\"https:\/\/www.padreeustaquio.com.br\/#organization\"},\"potentialAction\":[{\"@type\":\"SearchAction\",\"target\":{\"@type\":\"EntryPoint\",\"urlTemplate\":\"https:\/\/www.padreeustaquio.com.br\/?s={search_term_string}\"},\"query-input\":{\"@type\":\"PropertyValueSpecification\",\"valueRequired\":true,\"valueName\":\"search_term_string\"}}],\"inLanguage\":\"en-US\"},{\"@type\":\"Organization\",\"@id\":\"https:\/\/www.padreeustaquio.com.br\/#organization\",\"name\":\"Padre Eust\u00e1quio\",\"url\":\"https:\/\/www.padreeustaquio.com.br\/\",\"logo\":{\"@type\":\"ImageObject\",\"inLanguage\":\"en-US\",\"@id\":\"https:\/\/www.padreeustaquio.com.br\/#\/schema\/logo\/image\/\",\"url\":\"https:\/\/www.padreeustaquio.com.br\/wp-content\/uploads\/2019\/08\/marca.png\",\"contentUrl\":\"https:\/\/www.padreeustaquio.com.br\/wp-content\/uploads\/2019\/08\/marca.png\",\"width\":350,\"height\":400,\"caption\":\"Padre Eust\u00e1quio\"},\"image\":{\"@id\":\"https:\/\/www.padreeustaquio.com.br\/#\/schema\/logo\/image\/\"},\"sameAs\":[\"https:\/\/www.facebook.com\/beatopadreeustaquio\/\",\"https:\/\/x.com\/beatopeustaquio\",\"https:\/\/www.instagram.com\/beatopadreeustaquio\/\",\"https:\/\/www.youtube.com\/channel\/UCRhw7vfabnajwLxb1ZXMeIw\"]},{\"@type\":\"Person\",\"@id\":\"https:\/\/www.padreeustaquio.com.br\/#\/schema\/person\/a2a51db1d00f1a7af0204a0f1ddb1566\",\"name\":\"@sscc\",\"image\":{\"@type\":\"ImageObject\",\"inLanguage\":\"en-US\",\"@id\":\"https:\/\/secure.gravatar.com\/avatar\/68cfafa5f44617fea54071e215026e0ff06be366c3d54a8425f04fdcb86f8c5f?s=96&d=mm&r=g\",\"url\":\"https:\/\/secure.gravatar.com\/avatar\/68cfafa5f44617fea54071e215026e0ff06be366c3d54a8425f04fdcb86f8c5f?s=96&d=mm&r=g\",\"contentUrl\":\"https:\/\/secure.gravatar.com\/avatar\/68cfafa5f44617fea54071e215026e0ff06be366c3d54a8425f04fdcb86f8c5f?s=96&d=mm&r=g\",\"caption\":\"@sscc\"},\"url\":\"https:\/\/www.padreeustaquio.com.br\/en\/author\/sscc\/\"}]}<\/script>\n<!-- \/ Yoast SEO plugin. -->","yoast_head_json":{"title":"Vatican declares Brazilian surfer Guido Sch\u00e4ffer venerable.","description":"Last Saturday, May 20th, the Vatican recognized the heroic virtues of Guido Sch\u00e4ffer and, through a decree from the Dicastery for the Causes of Saints, declared him venerable. This is another step in Guido&#039;s beatification process.","robots":{"index":"index","follow":"follow","max-snippet":"max-snippet:-1","max-image-preview":"max-image-preview:large","max-video-preview":"max-video-preview:-1"},"canonical":"https:\/\/www.padreeustaquio.com.br\/en\/vatican-declares-brazilian-surfer-guido-schaffer-venerable\/","og_locale":"en_US","og_type":"article","og_title":"Vaticano declara vener\u00e1vel surfista brasileiro Guido Sch\u00e4ffer","og_description":"No \u00faltimo s\u00e1bado, 20 de maio, o Vaticano reconheceu as virtudes heroicas de Guido Sch\u00e4ffer e por meio do Decreto do Dicast\u00e9rio das Causas dos Santos o tornou vener\u00e1vel. Essa \u00e9 mais uma etapa no processo de beatifica\u00e7\u00e3o de Guido.","og_url":"https:\/\/www.padreeustaquio.com.br\/en\/vatican-declares-brazilian-surfer-guido-schaffer-venerable\/","og_site_name":"Padre Eust\u00e1quio","article_publisher":"https:\/\/www.facebook.com\/beatopadreeustaquio\/","article_published_time":"2023-05-23T14:35:03+00:00","article_modified_time":"2023-05-23T14:37:06+00:00","og_image":[{"width":1500,"height":750,"url":"https:\/\/www.padreeustaquio.com.br\/wp-content\/uploads\/2023\/05\/Guido-Schaffer-e1684852616706.jpeg","type":"image\/jpeg"}],"author":"@sscc","twitter_card":"summary_large_image","twitter_creator":"@beatopeustaquio","twitter_site":"@beatopeustaquio","twitter_misc":{"Written by":"@sscc","Est. reading time":"2 minutes"},"schema":{"@context":"https:\/\/schema.org","@graph":[{"@type":"Article","@id":"https:\/\/www.padreeustaquio.com.br\/vaticano-declara-veneravel-surfista-brasileiro-guido-schaffer\/#article","isPartOf":{"@id":"https:\/\/www.padreeustaquio.com.br\/vaticano-declara-veneravel-surfista-brasileiro-guido-schaffer\/"},"author":{"name":"@sscc","@id":"https:\/\/www.padreeustaquio.com.br\/#\/schema\/person\/a2a51db1d00f1a7af0204a0f1ddb1566"},"headline":"Vaticano declara vener\u00e1vel surfista brasileiro Guido Sch\u00e4ffer","datePublished":"2023-05-23T14:35:03+00:00","dateModified":"2023-05-23T14:37:06+00:00","mainEntityOfPage":{"@id":"https:\/\/www.padreeustaquio.com.br\/vaticano-declara-veneravel-surfista-brasileiro-guido-schaffer\/"},"wordCount":345,"commentCount":0,"publisher":{"@id":"https:\/\/www.padreeustaquio.com.br\/#organization"},"image":{"@id":"https:\/\/www.padreeustaquio.com.br\/vaticano-declara-veneravel-surfista-brasileiro-guido-schaffer\/#primaryimage"},"thumbnailUrl":"https:\/\/www.padreeustaquio.com.br\/wp-content\/uploads\/2023\/05\/Guido-Schaffer-e1684852616706.jpeg","articleSection":["Not\u00edcias"],"inLanguage":"en-US","potentialAction":[{"@type":"CommentAction","name":"Comment","target":["https:\/\/www.padreeustaquio.com.br\/vaticano-declara-veneravel-surfista-brasileiro-guido-schaffer\/#respond"]}]},{"@type":"WebPage","@id":"https:\/\/www.padreeustaquio.com.br\/vaticano-declara-veneravel-surfista-brasileiro-guido-schaffer\/","url":"https:\/\/www.padreeustaquio.com.br\/vaticano-declara-veneravel-surfista-brasileiro-guido-schaffer\/","name":"Vatican declares Brazilian surfer Guido Sch\u00e4ffer venerable.","isPartOf":{"@id":"https:\/\/www.padreeustaquio.com.br\/#website"},"primaryImageOfPage":{"@id":"https:\/\/www.padreeustaquio.com.br\/vaticano-declara-veneravel-surfista-brasileiro-guido-schaffer\/#primaryimage"},"image":{"@id":"https:\/\/www.padreeustaquio.com.br\/vaticano-declara-veneravel-surfista-brasileiro-guido-schaffer\/#primaryimage"},"thumbnailUrl":"https:\/\/www.padreeustaquio.com.br\/wp-content\/uploads\/2023\/05\/Guido-Schaffer-e1684852616706.jpeg","datePublished":"2023-05-23T14:35:03+00:00","dateModified":"2023-05-23T14:37:06+00:00","description":"Last Saturday, May 20th, the Vatican recognized the heroic virtues of Guido Sch\u00e4ffer and, through a decree from the Dicastery for the Causes of Saints, declared him venerable. This is another step in Guido&#039;s beatification process.","breadcrumb":{"@id":"https:\/\/www.padreeustaquio.com.br\/vaticano-declara-veneravel-surfista-brasileiro-guido-schaffer\/#breadcrumb"},"inLanguage":"en-US","potentialAction":[{"@type":"ReadAction","target":["https:\/\/www.padreeustaquio.com.br\/vaticano-declara-veneravel-surfista-brasileiro-guido-schaffer\/"]}]},{"@type":"ImageObject","inLanguage":"en-US","@id":"https:\/\/www.padreeustaquio.com.br\/vaticano-declara-veneravel-surfista-brasileiro-guido-schaffer\/#primaryimage","url":"https:\/\/www.padreeustaquio.com.br\/wp-content\/uploads\/2023\/05\/Guido-Schaffer-e1684852616706.jpeg","contentUrl":"https:\/\/www.padreeustaquio.com.br\/wp-content\/uploads\/2023\/05\/Guido-Schaffer-e1684852616706.jpeg","width":1500,"height":750},{"@type":"BreadcrumbList","@id":"https:\/\/www.padreeustaquio.com.br\/vaticano-declara-veneravel-surfista-brasileiro-guido-schaffer\/#breadcrumb","itemListElement":[{"@type":"ListItem","position":1,"name":"In\u00edcio","item":"https:\/\/www.padreeustaquio.com.br\/"},{"@type":"ListItem","position":2,"name":"Vaticano declara vener\u00e1vel surfista brasileiro Guido Sch\u00e4ffer"}]},{"@type":"WebSite","@id":"https:\/\/www.padreeustaquio.com.br\/#website","url":"https:\/\/www.padreeustaquio.com.br\/","name":"FATHER EUST\u00c1QUIO","description":"Health and Peace","publisher":{"@id":"https:\/\/www.padreeustaquio.com.br\/#organization"},"potentialAction":[{"@type":"SearchAction","target":{"@type":"EntryPoint","urlTemplate":"https:\/\/www.padreeustaquio.com.br\/?s={search_term_string}"},"query-input":{"@type":"PropertyValueSpecification","valueRequired":true,"valueName":"search_term_string"}}],"inLanguage":"en-US"},{"@type":"Organization","@id":"https:\/\/www.padreeustaquio.com.br\/#organization","name":"FATHER EUST\u00c1QUIO","url":"https:\/\/www.padreeustaquio.com.br\/","logo":{"@type":"ImageObject","inLanguage":"en-US","@id":"https:\/\/www.padreeustaquio.com.br\/#\/schema\/logo\/image\/","url":"https:\/\/www.padreeustaquio.com.br\/wp-content\/uploads\/2019\/08\/marca.png","contentUrl":"https:\/\/www.padreeustaquio.com.br\/wp-content\/uploads\/2019\/08\/marca.png","width":350,"height":400,"caption":"Padre Eust\u00e1quio"},"image":{"@id":"https:\/\/www.padreeustaquio.com.br\/#\/schema\/logo\/image\/"},"sameAs":["https:\/\/www.facebook.com\/beatopadreeustaquio\/","https:\/\/x.com\/beatopeustaquio","https:\/\/www.instagram.com\/beatopadreeustaquio\/","https:\/\/www.youtube.com\/channel\/UCRhw7vfabnajwLxb1ZXMeIw"]},{"@type":"Person","@id":"https:\/\/www.padreeustaquio.com.br\/#\/schema\/person\/a2a51db1d00f1a7af0204a0f1ddb1566","name":"@sscc","image":{"@type":"ImageObject","inLanguage":"en-US","@id":"https:\/\/secure.gravatar.com\/avatar\/68cfafa5f44617fea54071e215026e0ff06be366c3d54a8425f04fdcb86f8c5f?s=96&d=mm&r=g","url":"https:\/\/secure.gravatar.com\/avatar\/68cfafa5f44617fea54071e215026e0ff06be366c3d54a8425f04fdcb86f8c5f?s=96&d=mm&r=g","contentUrl":"https:\/\/secure.gravatar.com\/avatar\/68cfafa5f44617fea54071e215026e0ff06be366c3d54a8425f04fdcb86f8c5f?s=96&d=mm&r=g","caption":"@sscc"},"url":"https:\/\/www.padreeustaquio.com.br\/en\/author\/sscc\/"}]}},"_links":{"self":[{"href":"https:\/\/www.padreeustaquio.com.br\/en\/wp-json\/wp\/v2\/posts\/10444","targetHints":{"allow":["GET"]}}],"collection":[{"href":"https:\/\/www.padreeustaquio.com.br\/en\/wp-json\/wp\/v2\/posts"}],"about":[{"href":"https:\/\/www.padreeustaquio.com.br\/en\/wp-json\/wp\/v2\/types\/post"}],"author":[{"embeddable":true,"href":"https:\/\/www.padreeustaquio.com.br\/en\/wp-json\/wp\/v2\/users\/2"}],"replies":[{"embeddable":true,"href":"https:\/\/www.padreeustaquio.com.br\/en\/wp-json\/wp\/v2\/comments?post=10444"}],"version-history":[{"count":0,"href":"https:\/\/www.padreeustaquio.com.br\/en\/wp-json\/wp\/v2\/posts\/10444\/revisions"}],"wp:featuredmedia":[{"embeddable":true,"href":"https:\/\/www.padreeustaquio.com.br\/en\/wp-json\/wp\/v2\/media\/10445"}],"wp:attachment":[{"href":"https:\/\/www.padreeustaquio.com.br\/en\/wp-json\/wp\/v2\/media?parent=10444"}],"wp:term":[{"taxonomy":"category","embeddable":true,"href":"https:\/\/www.padreeustaquio.com.br\/en\/wp-json\/wp\/v2\/categories?post=10444"},{"taxonomy":"post_tag","embeddable":true,"href":"https:\/\/www.padreeustaquio.com.br\/en\/wp-json\/wp\/v2\/tags?post=10444"}],"curies":[{"name":"wp","href":"https:\/\/api.w.org\/{rel}","templated":true}]}}