{"id":10402,"date":"2023-05-19T06:53:00","date_gmt":"2023-05-19T09:53:00","guid":{"rendered":"https:\/\/www.padreeustaquio.com.br\/?p=10402"},"modified":"2023-05-16T11:17:45","modified_gmt":"2023-05-16T14:17:45","slug":"postulator-general-receives-replica-of-statue-from-father-eustaces-church","status":"publish","type":"post","link":"https:\/\/www.padreeustaquio.com.br\/en\/postulator-general-receives-replica-of-statue-from-father-eustaces-church\/","title":{"rendered":"Postulator General receives replica of statue from the Church of Father Eustace"},"content":{"rendered":"<p>The Postulator General for the Causes of Beatification and Canonization of the Congregation of the Sacred Hearts, Father Andrzej Lukawski, SSCC, received a replica of the statue that is in the gardens of the Padre Eust\u00e1quio Memorial in Belo Horizonte, Minas Gerais. The postulator also recorded a message for the Padre Eust\u00e1quio Channel.<\/p>\n\n\n\n<p>The gift was given by the vice-postulator, responsible for the Cause of Canonization of Father Eust\u00e1quio in Brazil, Father Vin\u00edcius Maciel, SSCC. The image was presented during a meeting between the two in Rome, a little over two weeks ago.<\/p>\n\n\n\n<p>Father Andrzej is Polish and holds one of the most important positions within the Congregation. The postulator was pleased to receive the image and said it will become part of his personal collection. <\/p>\n\n\n\n<p>The image is a perfect replica of the statue located in the Padre Eust\u00e1quio Memorial, inaugurated in 2009. It was created by the S\u00e3o Paulo artist Edu Santos. The work was commissioned by Jam van den Boomen, Padre Eust\u00e1quio&#039;s nephew, to the Brazilian artist. For Edu, this was the first large-scale work he created, and according to him, since then, Padre Eust\u00e1quio has been blessing his work because it has opened many doors for him. <\/p>\n\n\n\n<p>Read more about the statues of Father Eust\u00e1quio, made by Edu Santos., <a href=\"https:\/\/www.padreeustaquio.com.br\/en\/a-sculptor-from-sao-paulo-completes-a-statue-of-father-eustaquio-that-will-be-sent-to-the-netherlands\/\" target=\"_blank\" rel=\"noreferrer noopener\">Click here.<\/a><\/p>\n\n\n\n<p><\/p>\n\n\n\n<p>  <\/p>","protected":false},"excerpt":{"rendered":"<p>O Postulador-Geral das Causas de Beatifica\u00e7\u00e3o e Canoniza\u00e7\u00e3o da Congrega\u00e7\u00e3o dos Sagrados Cora\u00e7\u00f5es, o Padre Andrzej Lukawski, SSCC recebeu uma r\u00e9plica da est\u00e1tua que est\u00e1 nos jardins do Memorial Padre Eust\u00e1quio, em Belo Horizonte-MG. O postualdor tamb\u00e9m gravou uma mensagem para o Canal Padre Eust\u00e1quio. O presente foi dado pelo vice-postulador, respons\u00e1vel pela Causa de Canoniza\u00e7\u00e3o de Padre Eust\u00e1quio no Brasil, o Padre Vin\u00edcius Maciel, SSCC. A imagem foi entregue durante um encontro entre os dois em Roma, h\u00e1 pouco mais de duas semanas. Padre Andrzej \u00e9 polon\u00eas e ocupa um dos cargos mais importantes dentro da Congrega\u00e7\u00e3o. O postulador [&hellip;]<\/p>\n","protected":false},"author":2,"featured_media":10403,"comment_status":"open","ping_status":"closed","sticky":false,"template":"","format":"standard","meta":{"_acf_changed":false,"footnotes":""},"categories":[611],"tags":[],"class_list":["post-10402","post","type-post","status-publish","format-standard","has-post-thumbnail","hentry","category-noticias"],"acf":[],"yoast_head":"<!-- This site is optimized with the Yoast SEO plugin v27.2 - https:\/\/yoast.com\/product\/yoast-seo-wordpress\/ -->\n<title>Postulador-Geral recebe r\u00e9plica de est\u00e1tua da Igreja do Padre Eust\u00e1quio<\/title>\n<meta name=\"description\" content=\"O Postulador-Geral das Causas de Beatifica\u00e7\u00e3o e Canoniza\u00e7\u00e3o da Congrega\u00e7\u00e3o dos Sagrados Cora\u00e7\u00f5es, o Padre Andrzej Lukawski, SSCC recebeu uma r\u00e9plica da est\u00e1tua que est\u00e1 nos jardins do Memorial Padre Eust\u00e1quio, em Belo Horizonte-MG. O postualdor tamb\u00e9m gravou uma mensagem para o Canal Padre Eust\u00e1quio.\" \/>\n<meta name=\"robots\" content=\"index, follow, max-snippet:-1, max-image-preview:large, max-video-preview:-1\" \/>\n<link rel=\"canonical\" href=\"https:\/\/www.padreeustaquio.com.br\/en\/postulator-general-receives-replica-of-statue-from-father-eustaces-church\/\" \/>\n<meta property=\"og:locale\" content=\"en_US\" \/>\n<meta property=\"og:type\" content=\"article\" \/>\n<meta property=\"og:title\" content=\"Postulador-Geral recebe r\u00e9plica de est\u00e1tua da Igreja do Padre Eust\u00e1quio\" \/>\n<meta property=\"og:description\" content=\"O Postulador-Geral das Causas de Beatifica\u00e7\u00e3o e Canoniza\u00e7\u00e3o da Congrega\u00e7\u00e3o dos Sagrados Cora\u00e7\u00f5es, o Padre Andrzej Lukawski, SSCC recebeu uma r\u00e9plica da est\u00e1tua que est\u00e1 nos jardins do Memorial Padre Eust\u00e1quio, em Belo Horizonte-MG. O postualdor tamb\u00e9m gravou uma mensagem para o Canal Padre Eust\u00e1quio.\" \/>\n<meta property=\"og:url\" content=\"https:\/\/www.padreeustaquio.com.br\/en\/postulator-general-receives-replica-of-statue-from-father-eustaces-church\/\" \/>\n<meta property=\"og:site_name\" content=\"Padre Eust\u00e1quio\" \/>\n<meta property=\"article:publisher\" content=\"https:\/\/www.facebook.com\/beatopadreeustaquio\/\" \/>\n<meta property=\"article:published_time\" content=\"2023-05-19T09:53:00+00:00\" \/>\n<meta property=\"og:image\" content=\"https:\/\/www.padreeustaquio.com.br\/wp-content\/uploads\/2023\/05\/estatua-a-padre-andrzej-e1684246608897.jpeg\" \/>\n\t<meta property=\"og:image:width\" content=\"1600\" \/>\n\t<meta property=\"og:image:height\" content=\"900\" \/>\n\t<meta property=\"og:image:type\" content=\"image\/jpeg\" \/>\n<meta name=\"author\" content=\"@sscc\" \/>\n<meta name=\"twitter:card\" content=\"summary_large_image\" \/>\n<meta name=\"twitter:creator\" content=\"@beatopeustaquio\" \/>\n<meta name=\"twitter:site\" content=\"@beatopeustaquio\" \/>\n<meta name=\"twitter:label1\" content=\"Written by\" \/>\n\t<meta name=\"twitter:data1\" content=\"@sscc\" \/>\n\t<meta name=\"twitter:label2\" content=\"Est. reading time\" \/>\n\t<meta name=\"twitter:data2\" content=\"2 minutes\" \/>\n<script type=\"application\/ld+json\" class=\"yoast-schema-graph\">{\"@context\":\"https:\/\/schema.org\",\"@graph\":[{\"@type\":\"Article\",\"@id\":\"https:\/\/www.padreeustaquio.com.br\/postulador-geral-recebe-replica-de-estatua-da-igreja-do-padre-eustaquio\/#article\",\"isPartOf\":{\"@id\":\"https:\/\/www.padreeustaquio.com.br\/postulador-geral-recebe-replica-de-estatua-da-igreja-do-padre-eustaquio\/\"},\"author\":{\"name\":\"@sscc\",\"@id\":\"https:\/\/www.padreeustaquio.com.br\/#\/schema\/person\/a2a51db1d00f1a7af0204a0f1ddb1566\"},\"headline\":\"Postulador-Geral recebe r\u00e9plica de est\u00e1tua da Igreja do Padre Eust\u00e1quio\",\"datePublished\":\"2023-05-19T09:53:00+00:00\",\"mainEntityOfPage\":{\"@id\":\"https:\/\/www.padreeustaquio.com.br\/postulador-geral-recebe-replica-de-estatua-da-igreja-do-padre-eustaquio\/\"},\"wordCount\":238,\"commentCount\":0,\"publisher\":{\"@id\":\"https:\/\/www.padreeustaquio.com.br\/#organization\"},\"image\":{\"@id\":\"https:\/\/www.padreeustaquio.com.br\/postulador-geral-recebe-replica-de-estatua-da-igreja-do-padre-eustaquio\/#primaryimage\"},\"thumbnailUrl\":\"https:\/\/www.padreeustaquio.com.br\/wp-content\/uploads\/2023\/05\/estatua-a-padre-andrzej-e1684246608897.jpeg\",\"articleSection\":[\"Not\u00edcias\"],\"inLanguage\":\"en-US\",\"potentialAction\":[{\"@type\":\"CommentAction\",\"name\":\"Comment\",\"target\":[\"https:\/\/www.padreeustaquio.com.br\/postulador-geral-recebe-replica-de-estatua-da-igreja-do-padre-eustaquio\/#respond\"]}]},{\"@type\":\"WebPage\",\"@id\":\"https:\/\/www.padreeustaquio.com.br\/postulador-geral-recebe-replica-de-estatua-da-igreja-do-padre-eustaquio\/\",\"url\":\"https:\/\/www.padreeustaquio.com.br\/postulador-geral-recebe-replica-de-estatua-da-igreja-do-padre-eustaquio\/\",\"name\":\"Postulador-Geral recebe r\u00e9plica de est\u00e1tua da Igreja do Padre Eust\u00e1quio\",\"isPartOf\":{\"@id\":\"https:\/\/www.padreeustaquio.com.br\/#website\"},\"primaryImageOfPage\":{\"@id\":\"https:\/\/www.padreeustaquio.com.br\/postulador-geral-recebe-replica-de-estatua-da-igreja-do-padre-eustaquio\/#primaryimage\"},\"image\":{\"@id\":\"https:\/\/www.padreeustaquio.com.br\/postulador-geral-recebe-replica-de-estatua-da-igreja-do-padre-eustaquio\/#primaryimage\"},\"thumbnailUrl\":\"https:\/\/www.padreeustaquio.com.br\/wp-content\/uploads\/2023\/05\/estatua-a-padre-andrzej-e1684246608897.jpeg\",\"datePublished\":\"2023-05-19T09:53:00+00:00\",\"description\":\"O Postulador-Geral das Causas de Beatifica\u00e7\u00e3o e Canoniza\u00e7\u00e3o da Congrega\u00e7\u00e3o dos Sagrados Cora\u00e7\u00f5es, o Padre Andrzej Lukawski, SSCC recebeu uma r\u00e9plica da est\u00e1tua que est\u00e1 nos jardins do Memorial Padre Eust\u00e1quio, em Belo Horizonte-MG. O postualdor tamb\u00e9m gravou uma mensagem para o Canal Padre Eust\u00e1quio.\",\"breadcrumb\":{\"@id\":\"https:\/\/www.padreeustaquio.com.br\/postulador-geral-recebe-replica-de-estatua-da-igreja-do-padre-eustaquio\/#breadcrumb\"},\"inLanguage\":\"en-US\",\"potentialAction\":[{\"@type\":\"ReadAction\",\"target\":[\"https:\/\/www.padreeustaquio.com.br\/postulador-geral-recebe-replica-de-estatua-da-igreja-do-padre-eustaquio\/\"]}]},{\"@type\":\"ImageObject\",\"inLanguage\":\"en-US\",\"@id\":\"https:\/\/www.padreeustaquio.com.br\/postulador-geral-recebe-replica-de-estatua-da-igreja-do-padre-eustaquio\/#primaryimage\",\"url\":\"https:\/\/www.padreeustaquio.com.br\/wp-content\/uploads\/2023\/05\/estatua-a-padre-andrzej-e1684246608897.jpeg\",\"contentUrl\":\"https:\/\/www.padreeustaquio.com.br\/wp-content\/uploads\/2023\/05\/estatua-a-padre-andrzej-e1684246608897.jpeg\",\"width\":1600,\"height\":900},{\"@type\":\"BreadcrumbList\",\"@id\":\"https:\/\/www.padreeustaquio.com.br\/postulador-geral-recebe-replica-de-estatua-da-igreja-do-padre-eustaquio\/#breadcrumb\",\"itemListElement\":[{\"@type\":\"ListItem\",\"position\":1,\"name\":\"In\u00edcio\",\"item\":\"https:\/\/www.padreeustaquio.com.br\/\"},{\"@type\":\"ListItem\",\"position\":2,\"name\":\"Postulador-Geral recebe r\u00e9plica de est\u00e1tua da Igreja do Padre Eust\u00e1quio\"}]},{\"@type\":\"WebSite\",\"@id\":\"https:\/\/www.padreeustaquio.com.br\/#website\",\"url\":\"https:\/\/www.padreeustaquio.com.br\/\",\"name\":\"Padre Eust\u00e1quio\",\"description\":\"Sa\u00fade e Paz\",\"publisher\":{\"@id\":\"https:\/\/www.padreeustaquio.com.br\/#organization\"},\"potentialAction\":[{\"@type\":\"SearchAction\",\"target\":{\"@type\":\"EntryPoint\",\"urlTemplate\":\"https:\/\/www.padreeustaquio.com.br\/?s={search_term_string}\"},\"query-input\":{\"@type\":\"PropertyValueSpecification\",\"valueRequired\":true,\"valueName\":\"search_term_string\"}}],\"inLanguage\":\"en-US\"},{\"@type\":\"Organization\",\"@id\":\"https:\/\/www.padreeustaquio.com.br\/#organization\",\"name\":\"Padre Eust\u00e1quio\",\"url\":\"https:\/\/www.padreeustaquio.com.br\/\",\"logo\":{\"@type\":\"ImageObject\",\"inLanguage\":\"en-US\",\"@id\":\"https:\/\/www.padreeustaquio.com.br\/#\/schema\/logo\/image\/\",\"url\":\"https:\/\/www.padreeustaquio.com.br\/wp-content\/uploads\/2019\/08\/marca.png\",\"contentUrl\":\"https:\/\/www.padreeustaquio.com.br\/wp-content\/uploads\/2019\/08\/marca.png\",\"width\":350,\"height\":400,\"caption\":\"Padre Eust\u00e1quio\"},\"image\":{\"@id\":\"https:\/\/www.padreeustaquio.com.br\/#\/schema\/logo\/image\/\"},\"sameAs\":[\"https:\/\/www.facebook.com\/beatopadreeustaquio\/\",\"https:\/\/x.com\/beatopeustaquio\",\"https:\/\/www.instagram.com\/beatopadreeustaquio\/\",\"https:\/\/www.youtube.com\/channel\/UCRhw7vfabnajwLxb1ZXMeIw\"]},{\"@type\":\"Person\",\"@id\":\"https:\/\/www.padreeustaquio.com.br\/#\/schema\/person\/a2a51db1d00f1a7af0204a0f1ddb1566\",\"name\":\"@sscc\",\"image\":{\"@type\":\"ImageObject\",\"inLanguage\":\"en-US\",\"@id\":\"https:\/\/secure.gravatar.com\/avatar\/68cfafa5f44617fea54071e215026e0ff06be366c3d54a8425f04fdcb86f8c5f?s=96&d=mm&r=g\",\"url\":\"https:\/\/secure.gravatar.com\/avatar\/68cfafa5f44617fea54071e215026e0ff06be366c3d54a8425f04fdcb86f8c5f?s=96&d=mm&r=g\",\"contentUrl\":\"https:\/\/secure.gravatar.com\/avatar\/68cfafa5f44617fea54071e215026e0ff06be366c3d54a8425f04fdcb86f8c5f?s=96&d=mm&r=g\",\"caption\":\"@sscc\"},\"url\":\"https:\/\/www.padreeustaquio.com.br\/en\/author\/sscc\/\"}]}<\/script>\n<!-- \/ Yoast SEO plugin. -->","yoast_head_json":{"title":"Postulator General receives replica of statue from the Church of Father Eustace","description":"The Postulator General for the Causes of Beatification and Canonization of the Congregation of the Sacred Hearts, Father Andrzej Lukawski, SSCC, received a replica of the statue that is in the gardens of the Padre Eust\u00e1quio Memorial in Belo Horizonte, Minas Gerais. The postulator also recorded a message for the Padre Eust\u00e1quio Channel.","robots":{"index":"index","follow":"follow","max-snippet":"max-snippet:-1","max-image-preview":"max-image-preview:large","max-video-preview":"max-video-preview:-1"},"canonical":"https:\/\/www.padreeustaquio.com.br\/en\/postulator-general-receives-replica-of-statue-from-father-eustaces-church\/","og_locale":"en_US","og_type":"article","og_title":"Postulador-Geral recebe r\u00e9plica de est\u00e1tua da Igreja do Padre Eust\u00e1quio","og_description":"O Postulador-Geral das Causas de Beatifica\u00e7\u00e3o e Canoniza\u00e7\u00e3o da Congrega\u00e7\u00e3o dos Sagrados Cora\u00e7\u00f5es, o Padre Andrzej Lukawski, SSCC recebeu uma r\u00e9plica da est\u00e1tua que est\u00e1 nos jardins do Memorial Padre Eust\u00e1quio, em Belo Horizonte-MG. O postualdor tamb\u00e9m gravou uma mensagem para o Canal Padre Eust\u00e1quio.","og_url":"https:\/\/www.padreeustaquio.com.br\/en\/postulator-general-receives-replica-of-statue-from-father-eustaces-church\/","og_site_name":"Padre Eust\u00e1quio","article_publisher":"https:\/\/www.facebook.com\/beatopadreeustaquio\/","article_published_time":"2023-05-19T09:53:00+00:00","og_image":[{"width":1600,"height":900,"url":"https:\/\/www.padreeustaquio.com.br\/wp-content\/uploads\/2023\/05\/estatua-a-padre-andrzej-e1684246608897.jpeg","type":"image\/jpeg"}],"author":"@sscc","twitter_card":"summary_large_image","twitter_creator":"@beatopeustaquio","twitter_site":"@beatopeustaquio","twitter_misc":{"Written by":"@sscc","Est. reading time":"2 minutes"},"schema":{"@context":"https:\/\/schema.org","@graph":[{"@type":"Article","@id":"https:\/\/www.padreeustaquio.com.br\/postulador-geral-recebe-replica-de-estatua-da-igreja-do-padre-eustaquio\/#article","isPartOf":{"@id":"https:\/\/www.padreeustaquio.com.br\/postulador-geral-recebe-replica-de-estatua-da-igreja-do-padre-eustaquio\/"},"author":{"name":"@sscc","@id":"https:\/\/www.padreeustaquio.com.br\/#\/schema\/person\/a2a51db1d00f1a7af0204a0f1ddb1566"},"headline":"Postulador-Geral recebe r\u00e9plica de est\u00e1tua da Igreja do Padre Eust\u00e1quio","datePublished":"2023-05-19T09:53:00+00:00","mainEntityOfPage":{"@id":"https:\/\/www.padreeustaquio.com.br\/postulador-geral-recebe-replica-de-estatua-da-igreja-do-padre-eustaquio\/"},"wordCount":238,"commentCount":0,"publisher":{"@id":"https:\/\/www.padreeustaquio.com.br\/#organization"},"image":{"@id":"https:\/\/www.padreeustaquio.com.br\/postulador-geral-recebe-replica-de-estatua-da-igreja-do-padre-eustaquio\/#primaryimage"},"thumbnailUrl":"https:\/\/www.padreeustaquio.com.br\/wp-content\/uploads\/2023\/05\/estatua-a-padre-andrzej-e1684246608897.jpeg","articleSection":["Not\u00edcias"],"inLanguage":"en-US","potentialAction":[{"@type":"CommentAction","name":"Comment","target":["https:\/\/www.padreeustaquio.com.br\/postulador-geral-recebe-replica-de-estatua-da-igreja-do-padre-eustaquio\/#respond"]}]},{"@type":"WebPage","@id":"https:\/\/www.padreeustaquio.com.br\/postulador-geral-recebe-replica-de-estatua-da-igreja-do-padre-eustaquio\/","url":"https:\/\/www.padreeustaquio.com.br\/postulador-geral-recebe-replica-de-estatua-da-igreja-do-padre-eustaquio\/","name":"Postulator General receives replica of statue from the Church of Father Eustace","isPartOf":{"@id":"https:\/\/www.padreeustaquio.com.br\/#website"},"primaryImageOfPage":{"@id":"https:\/\/www.padreeustaquio.com.br\/postulador-geral-recebe-replica-de-estatua-da-igreja-do-padre-eustaquio\/#primaryimage"},"image":{"@id":"https:\/\/www.padreeustaquio.com.br\/postulador-geral-recebe-replica-de-estatua-da-igreja-do-padre-eustaquio\/#primaryimage"},"thumbnailUrl":"https:\/\/www.padreeustaquio.com.br\/wp-content\/uploads\/2023\/05\/estatua-a-padre-andrzej-e1684246608897.jpeg","datePublished":"2023-05-19T09:53:00+00:00","description":"The Postulator General for the Causes of Beatification and Canonization of the Congregation of the Sacred Hearts, Father Andrzej Lukawski, SSCC, received a replica of the statue that is in the gardens of the Padre Eust\u00e1quio Memorial in Belo Horizonte, Minas Gerais. The postulator also recorded a message for the Padre Eust\u00e1quio Channel.","breadcrumb":{"@id":"https:\/\/www.padreeustaquio.com.br\/postulador-geral-recebe-replica-de-estatua-da-igreja-do-padre-eustaquio\/#breadcrumb"},"inLanguage":"en-US","potentialAction":[{"@type":"ReadAction","target":["https:\/\/www.padreeustaquio.com.br\/postulador-geral-recebe-replica-de-estatua-da-igreja-do-padre-eustaquio\/"]}]},{"@type":"ImageObject","inLanguage":"en-US","@id":"https:\/\/www.padreeustaquio.com.br\/postulador-geral-recebe-replica-de-estatua-da-igreja-do-padre-eustaquio\/#primaryimage","url":"https:\/\/www.padreeustaquio.com.br\/wp-content\/uploads\/2023\/05\/estatua-a-padre-andrzej-e1684246608897.jpeg","contentUrl":"https:\/\/www.padreeustaquio.com.br\/wp-content\/uploads\/2023\/05\/estatua-a-padre-andrzej-e1684246608897.jpeg","width":1600,"height":900},{"@type":"BreadcrumbList","@id":"https:\/\/www.padreeustaquio.com.br\/postulador-geral-recebe-replica-de-estatua-da-igreja-do-padre-eustaquio\/#breadcrumb","itemListElement":[{"@type":"ListItem","position":1,"name":"In\u00edcio","item":"https:\/\/www.padreeustaquio.com.br\/"},{"@type":"ListItem","position":2,"name":"Postulador-Geral recebe r\u00e9plica de est\u00e1tua da Igreja do Padre Eust\u00e1quio"}]},{"@type":"WebSite","@id":"https:\/\/www.padreeustaquio.com.br\/#website","url":"https:\/\/www.padreeustaquio.com.br\/","name":"FATHER EUST\u00c1QUIO","description":"Health and Peace","publisher":{"@id":"https:\/\/www.padreeustaquio.com.br\/#organization"},"potentialAction":[{"@type":"SearchAction","target":{"@type":"EntryPoint","urlTemplate":"https:\/\/www.padreeustaquio.com.br\/?s={search_term_string}"},"query-input":{"@type":"PropertyValueSpecification","valueRequired":true,"valueName":"search_term_string"}}],"inLanguage":"en-US"},{"@type":"Organization","@id":"https:\/\/www.padreeustaquio.com.br\/#organization","name":"FATHER EUST\u00c1QUIO","url":"https:\/\/www.padreeustaquio.com.br\/","logo":{"@type":"ImageObject","inLanguage":"en-US","@id":"https:\/\/www.padreeustaquio.com.br\/#\/schema\/logo\/image\/","url":"https:\/\/www.padreeustaquio.com.br\/wp-content\/uploads\/2019\/08\/marca.png","contentUrl":"https:\/\/www.padreeustaquio.com.br\/wp-content\/uploads\/2019\/08\/marca.png","width":350,"height":400,"caption":"Padre Eust\u00e1quio"},"image":{"@id":"https:\/\/www.padreeustaquio.com.br\/#\/schema\/logo\/image\/"},"sameAs":["https:\/\/www.facebook.com\/beatopadreeustaquio\/","https:\/\/x.com\/beatopeustaquio","https:\/\/www.instagram.com\/beatopadreeustaquio\/","https:\/\/www.youtube.com\/channel\/UCRhw7vfabnajwLxb1ZXMeIw"]},{"@type":"Person","@id":"https:\/\/www.padreeustaquio.com.br\/#\/schema\/person\/a2a51db1d00f1a7af0204a0f1ddb1566","name":"@sscc","image":{"@type":"ImageObject","inLanguage":"en-US","@id":"https:\/\/secure.gravatar.com\/avatar\/68cfafa5f44617fea54071e215026e0ff06be366c3d54a8425f04fdcb86f8c5f?s=96&d=mm&r=g","url":"https:\/\/secure.gravatar.com\/avatar\/68cfafa5f44617fea54071e215026e0ff06be366c3d54a8425f04fdcb86f8c5f?s=96&d=mm&r=g","contentUrl":"https:\/\/secure.gravatar.com\/avatar\/68cfafa5f44617fea54071e215026e0ff06be366c3d54a8425f04fdcb86f8c5f?s=96&d=mm&r=g","caption":"@sscc"},"url":"https:\/\/www.padreeustaquio.com.br\/en\/author\/sscc\/"}]}},"_links":{"self":[{"href":"https:\/\/www.padreeustaquio.com.br\/en\/wp-json\/wp\/v2\/posts\/10402","targetHints":{"allow":["GET"]}}],"collection":[{"href":"https:\/\/www.padreeustaquio.com.br\/en\/wp-json\/wp\/v2\/posts"}],"about":[{"href":"https:\/\/www.padreeustaquio.com.br\/en\/wp-json\/wp\/v2\/types\/post"}],"author":[{"embeddable":true,"href":"https:\/\/www.padreeustaquio.com.br\/en\/wp-json\/wp\/v2\/users\/2"}],"replies":[{"embeddable":true,"href":"https:\/\/www.padreeustaquio.com.br\/en\/wp-json\/wp\/v2\/comments?post=10402"}],"version-history":[{"count":0,"href":"https:\/\/www.padreeustaquio.com.br\/en\/wp-json\/wp\/v2\/posts\/10402\/revisions"}],"wp:featuredmedia":[{"embeddable":true,"href":"https:\/\/www.padreeustaquio.com.br\/en\/wp-json\/wp\/v2\/media\/10403"}],"wp:attachment":[{"href":"https:\/\/www.padreeustaquio.com.br\/en\/wp-json\/wp\/v2\/media?parent=10402"}],"wp:term":[{"taxonomy":"category","embeddable":true,"href":"https:\/\/www.padreeustaquio.com.br\/en\/wp-json\/wp\/v2\/categories?post=10402"},{"taxonomy":"post_tag","embeddable":true,"href":"https:\/\/www.padreeustaquio.com.br\/en\/wp-json\/wp\/v2\/tags?post=10402"}],"curies":[{"name":"wp","href":"https:\/\/api.w.org\/{rel}","templated":true}]}}