{"id":10396,"date":"2023-05-17T08:32:00","date_gmt":"2023-05-17T11:32:00","guid":{"rendered":"https:\/\/www.padreeustaquio.com.br\/?p=10396"},"modified":"2023-05-16T10:39:05","modified_gmt":"2023-05-16T13:39:05","slug":"in-the-words-of-the-blessed-one-we-are-called-to-serve-god-and-our-neighbor","status":"publish","type":"post","link":"https:\/\/www.padreeustaquio.com.br\/en\/in-the-words-of-the-blessed-one-we-are-called-to-serve-god-and-our-neighbor\/","title":{"rendered":"Words from the Blessed One: we are called to serve God and our neighbor."},"content":{"rendered":"<p>God calls us at every moment. He wants to see us participating in His work, serving and being active workers here on earth.<\/p>\n\n\n\n<p>Father Eust\u00e1quio always lived this calling from God intensely, dedicating himself entirely to service to the Church and his neighbor. On this subject, he wrote the following text:<\/p>\n\n\n\n<p><em>\u201c&quot;We not only owe service to the Lord our God, but we can always serve in some way, even in the most obscure ways of all.&quot;.<\/em><\/p>\n\n\n\n<p><em>Yes, dear brothers, the harvest is plentiful, there is room and more than enough work for everyone, and it depends only on our good will and zeal to accomplish anything, even the humblest and simplest task, in favor of God&#039;s holy cause.<\/em><\/p>\n\n\n\n<p><em>Nothing is more dignified, honorable, or just than for all of us, without exception, to be active and contented workers in the service of the Lord&#039;s glory and the good of our neighbor, which is within our reach and power, for absolutely nothing, within or outside of ourselves, can ever prevent us from doing so if we truly wish to dedicate our humble efforts to the highest and principal of all human obligations.<\/em><\/p>\n\n\n\n<p><em>Indeed, who among us can consider ourselves exempt from this first and most excellent duty, the fulfillment of which will also result in the salvation of our own soul, which is the greatest personal good of man?<\/em><\/p>\n\n\n\n<p><em>So, the two main subjects for man in this world are addressed: the obligation to serve God, first and foremost, and, secondly, to save his own soul or that of his neighbor, with the added advantage that, given to these noble tasks, man enjoys the greatest inner good and is, so to speak, free from external evils, because no defense is as powerful as the armor of virtue founded on God, Our Lord.<\/em><\/p>\n\n\n\n<p><em>The Divine Master already stated it in the Holy Gospel: &quot;Only one thing is necessary, because in fact, all the others, for which men toil and are so hostile, add absolutely no new value to man, but, on the contrary, tend to disfigure him, making him possessed and not a possessor, so great and serious are the risks and snares of riches, positions, and human vanities.&quot;\u201c<\/em><\/p>\n\n\n\n<p><\/p>\n\n\n\n<p><strong>Text taken from the Sacred Hearts Parish Bulletin, dated 1950\/1952.<\/strong><\/p>","protected":false},"excerpt":{"rendered":"<p>Deus nos chama a todo momento. Ele quer nos ver fazendo parte das obras Dele, servindo e sendo oper\u00e1rios ativos aqui na terra. Padre Eust\u00e1quio sempre viveu com intensidade esse chamado de Deus, se entregando inteiramente ao servi\u00e7o \u00e0 Igreja e ao pr\u00f3ximo. Sobre esse tema, ele escreveu o seguinte texto: \u201cAo Senhor Nosso Deus, n\u00e3o s\u00f3 devemos, mas, sempre podemos de algum modo, servir, ainda que pela forma mais ignorada de todas. Sim, caros irm\u00e3os, a messe \u00e9 grande, h\u00e1 lugar e servi\u00e7o demais para todos, dependendo apenas de nossa boa vontade e zelo realizar qualquer coisa, at\u00e9 a [&hellip;]<\/p>\n","protected":false},"author":2,"featured_media":10397,"comment_status":"open","ping_status":"closed","sticky":false,"template":"","format":"standard","meta":{"_acf_changed":false,"footnotes":""},"categories":[611],"tags":[],"class_list":["post-10396","post","type-post","status-publish","format-standard","has-post-thumbnail","hentry","category-noticias"],"acf":[],"yoast_head":"<!-- This site is optimized with the Yoast SEO plugin v27.2 - https:\/\/yoast.com\/product\/yoast-seo-wordpress\/ -->\n<title>Palavra do Beato: somos chamados a servir a Deus e ao pr\u00f3ximo<\/title>\n<meta name=\"description\" content=\"Deus nos chama a todo momento. Ele quer nos ver fazendo parte das obras Dele, servindo e sendo oper\u00e1rios ativos aqui na terra.Padre Eust\u00e1quio sempre viveu com intensidade esse chamado de Deus, se entregando inteiramente ao servi\u00e7o \u00e0 Igreja e ao pr\u00f3ximo. Sobre esse tema, ele escreveu o seguinte texto:\" \/>\n<meta name=\"robots\" content=\"index, follow, max-snippet:-1, max-image-preview:large, max-video-preview:-1\" \/>\n<link rel=\"canonical\" href=\"https:\/\/www.padreeustaquio.com.br\/en\/in-the-words-of-the-blessed-one-we-are-called-to-serve-god-and-our-neighbor\/\" \/>\n<meta property=\"og:locale\" content=\"en_US\" \/>\n<meta property=\"og:type\" content=\"article\" \/>\n<meta property=\"og:title\" content=\"Palavra do Beato: somos chamados a servir a Deus e ao pr\u00f3ximo\" \/>\n<meta property=\"og:description\" content=\"Deus nos chama a todo momento. Ele quer nos ver fazendo parte das obras Dele, servindo e sendo oper\u00e1rios ativos aqui na terra.Padre Eust\u00e1quio sempre viveu com intensidade esse chamado de Deus, se entregando inteiramente ao servi\u00e7o \u00e0 Igreja e ao pr\u00f3ximo. Sobre esse tema, ele escreveu o seguinte texto:\" \/>\n<meta property=\"og:url\" content=\"https:\/\/www.padreeustaquio.com.br\/en\/in-the-words-of-the-blessed-one-we-are-called-to-serve-god-and-our-neighbor\/\" \/>\n<meta property=\"og:site_name\" content=\"Padre Eust\u00e1quio\" \/>\n<meta property=\"article:publisher\" content=\"https:\/\/www.facebook.com\/beatopadreeustaquio\/\" \/>\n<meta property=\"article:published_time\" content=\"2023-05-17T11:32:00+00:00\" \/>\n<meta property=\"og:image\" content=\"https:\/\/www.padreeustaquio.com.br\/wp-content\/uploads\/2023\/05\/WhatsApp-Image-2023-05-03-at-17.27.40.jpeg\" \/>\n\t<meta property=\"og:image:width\" content=\"1600\" \/>\n\t<meta property=\"og:image:height\" content=\"1105\" \/>\n\t<meta property=\"og:image:type\" content=\"image\/jpeg\" \/>\n<meta name=\"author\" content=\"@sscc\" \/>\n<meta name=\"twitter:card\" content=\"summary_large_image\" \/>\n<meta name=\"twitter:creator\" content=\"@beatopeustaquio\" \/>\n<meta name=\"twitter:site\" content=\"@beatopeustaquio\" \/>\n<meta name=\"twitter:label1\" content=\"Written by\" \/>\n\t<meta name=\"twitter:data1\" content=\"@sscc\" \/>\n\t<meta name=\"twitter:label2\" content=\"Est. reading time\" \/>\n\t<meta name=\"twitter:data2\" content=\"3 minutes\" \/>\n<script type=\"application\/ld+json\" class=\"yoast-schema-graph\">{\"@context\":\"https:\/\/schema.org\",\"@graph\":[{\"@type\":\"Article\",\"@id\":\"https:\/\/www.padreeustaquio.com.br\/palavra-do-beato-somos-chamados-a-servir-a-deus-e-ao-proximo\/#article\",\"isPartOf\":{\"@id\":\"https:\/\/www.padreeustaquio.com.br\/palavra-do-beato-somos-chamados-a-servir-a-deus-e-ao-proximo\/\"},\"author\":{\"name\":\"@sscc\",\"@id\":\"https:\/\/www.padreeustaquio.com.br\/#\/schema\/person\/a2a51db1d00f1a7af0204a0f1ddb1566\"},\"headline\":\"Palavra do Beato: somos chamados a servir a Deus e ao pr\u00f3ximo\",\"datePublished\":\"2023-05-17T11:32:00+00:00\",\"mainEntityOfPage\":{\"@id\":\"https:\/\/www.padreeustaquio.com.br\/palavra-do-beato-somos-chamados-a-servir-a-deus-e-ao-proximo\/\"},\"wordCount\":406,\"commentCount\":0,\"publisher\":{\"@id\":\"https:\/\/www.padreeustaquio.com.br\/#organization\"},\"image\":{\"@id\":\"https:\/\/www.padreeustaquio.com.br\/palavra-do-beato-somos-chamados-a-servir-a-deus-e-ao-proximo\/#primaryimage\"},\"thumbnailUrl\":\"https:\/\/www.padreeustaquio.com.br\/wp-content\/uploads\/2023\/05\/WhatsApp-Image-2023-05-03-at-17.27.40.jpeg\",\"articleSection\":[\"Not\u00edcias\"],\"inLanguage\":\"en-US\",\"potentialAction\":[{\"@type\":\"CommentAction\",\"name\":\"Comment\",\"target\":[\"https:\/\/www.padreeustaquio.com.br\/palavra-do-beato-somos-chamados-a-servir-a-deus-e-ao-proximo\/#respond\"]}]},{\"@type\":\"WebPage\",\"@id\":\"https:\/\/www.padreeustaquio.com.br\/palavra-do-beato-somos-chamados-a-servir-a-deus-e-ao-proximo\/\",\"url\":\"https:\/\/www.padreeustaquio.com.br\/palavra-do-beato-somos-chamados-a-servir-a-deus-e-ao-proximo\/\",\"name\":\"Palavra do Beato: somos chamados a servir a Deus e ao pr\u00f3ximo\",\"isPartOf\":{\"@id\":\"https:\/\/www.padreeustaquio.com.br\/#website\"},\"primaryImageOfPage\":{\"@id\":\"https:\/\/www.padreeustaquio.com.br\/palavra-do-beato-somos-chamados-a-servir-a-deus-e-ao-proximo\/#primaryimage\"},\"image\":{\"@id\":\"https:\/\/www.padreeustaquio.com.br\/palavra-do-beato-somos-chamados-a-servir-a-deus-e-ao-proximo\/#primaryimage\"},\"thumbnailUrl\":\"https:\/\/www.padreeustaquio.com.br\/wp-content\/uploads\/2023\/05\/WhatsApp-Image-2023-05-03-at-17.27.40.jpeg\",\"datePublished\":\"2023-05-17T11:32:00+00:00\",\"description\":\"Deus nos chama a todo momento. Ele quer nos ver fazendo parte das obras Dele, servindo e sendo oper\u00e1rios ativos aqui na terra.Padre Eust\u00e1quio sempre viveu com intensidade esse chamado de Deus, se entregando inteiramente ao servi\u00e7o \u00e0 Igreja e ao pr\u00f3ximo. Sobre esse tema, ele escreveu o seguinte texto:\",\"breadcrumb\":{\"@id\":\"https:\/\/www.padreeustaquio.com.br\/palavra-do-beato-somos-chamados-a-servir-a-deus-e-ao-proximo\/#breadcrumb\"},\"inLanguage\":\"en-US\",\"potentialAction\":[{\"@type\":\"ReadAction\",\"target\":[\"https:\/\/www.padreeustaquio.com.br\/palavra-do-beato-somos-chamados-a-servir-a-deus-e-ao-proximo\/\"]}]},{\"@type\":\"ImageObject\",\"inLanguage\":\"en-US\",\"@id\":\"https:\/\/www.padreeustaquio.com.br\/palavra-do-beato-somos-chamados-a-servir-a-deus-e-ao-proximo\/#primaryimage\",\"url\":\"https:\/\/www.padreeustaquio.com.br\/wp-content\/uploads\/2023\/05\/WhatsApp-Image-2023-05-03-at-17.27.40.jpeg\",\"contentUrl\":\"https:\/\/www.padreeustaquio.com.br\/wp-content\/uploads\/2023\/05\/WhatsApp-Image-2023-05-03-at-17.27.40.jpeg\",\"width\":1600,\"height\":1105},{\"@type\":\"BreadcrumbList\",\"@id\":\"https:\/\/www.padreeustaquio.com.br\/palavra-do-beato-somos-chamados-a-servir-a-deus-e-ao-proximo\/#breadcrumb\",\"itemListElement\":[{\"@type\":\"ListItem\",\"position\":1,\"name\":\"In\u00edcio\",\"item\":\"https:\/\/www.padreeustaquio.com.br\/\"},{\"@type\":\"ListItem\",\"position\":2,\"name\":\"Palavra do Beato: somos chamados a servir a Deus e ao pr\u00f3ximo\"}]},{\"@type\":\"WebSite\",\"@id\":\"https:\/\/www.padreeustaquio.com.br\/#website\",\"url\":\"https:\/\/www.padreeustaquio.com.br\/\",\"name\":\"Padre Eust\u00e1quio\",\"description\":\"Sa\u00fade e Paz\",\"publisher\":{\"@id\":\"https:\/\/www.padreeustaquio.com.br\/#organization\"},\"potentialAction\":[{\"@type\":\"SearchAction\",\"target\":{\"@type\":\"EntryPoint\",\"urlTemplate\":\"https:\/\/www.padreeustaquio.com.br\/?s={search_term_string}\"},\"query-input\":{\"@type\":\"PropertyValueSpecification\",\"valueRequired\":true,\"valueName\":\"search_term_string\"}}],\"inLanguage\":\"en-US\"},{\"@type\":\"Organization\",\"@id\":\"https:\/\/www.padreeustaquio.com.br\/#organization\",\"name\":\"Padre Eust\u00e1quio\",\"url\":\"https:\/\/www.padreeustaquio.com.br\/\",\"logo\":{\"@type\":\"ImageObject\",\"inLanguage\":\"en-US\",\"@id\":\"https:\/\/www.padreeustaquio.com.br\/#\/schema\/logo\/image\/\",\"url\":\"https:\/\/www.padreeustaquio.com.br\/wp-content\/uploads\/2019\/08\/marca.png\",\"contentUrl\":\"https:\/\/www.padreeustaquio.com.br\/wp-content\/uploads\/2019\/08\/marca.png\",\"width\":350,\"height\":400,\"caption\":\"Padre Eust\u00e1quio\"},\"image\":{\"@id\":\"https:\/\/www.padreeustaquio.com.br\/#\/schema\/logo\/image\/\"},\"sameAs\":[\"https:\/\/www.facebook.com\/beatopadreeustaquio\/\",\"https:\/\/x.com\/beatopeustaquio\",\"https:\/\/www.instagram.com\/beatopadreeustaquio\/\",\"https:\/\/www.youtube.com\/channel\/UCRhw7vfabnajwLxb1ZXMeIw\"]},{\"@type\":\"Person\",\"@id\":\"https:\/\/www.padreeustaquio.com.br\/#\/schema\/person\/a2a51db1d00f1a7af0204a0f1ddb1566\",\"name\":\"@sscc\",\"image\":{\"@type\":\"ImageObject\",\"inLanguage\":\"en-US\",\"@id\":\"https:\/\/secure.gravatar.com\/avatar\/68cfafa5f44617fea54071e215026e0ff06be366c3d54a8425f04fdcb86f8c5f?s=96&d=mm&r=g\",\"url\":\"https:\/\/secure.gravatar.com\/avatar\/68cfafa5f44617fea54071e215026e0ff06be366c3d54a8425f04fdcb86f8c5f?s=96&d=mm&r=g\",\"contentUrl\":\"https:\/\/secure.gravatar.com\/avatar\/68cfafa5f44617fea54071e215026e0ff06be366c3d54a8425f04fdcb86f8c5f?s=96&d=mm&r=g\",\"caption\":\"@sscc\"},\"url\":\"https:\/\/www.padreeustaquio.com.br\/en\/author\/sscc\/\"}]}<\/script>\n<!-- \/ Yoast SEO plugin. -->","yoast_head_json":{"title":"Words from the Blessed One: we are called to serve God and our neighbor.","description":"God calls us at every moment. He wants to see us participating in His work, serving and being active workers here on earth. Father Eust\u00e1quio always lived this calling from God intensely, dedicating himself entirely to service to the Church and his neighbor. On this subject, he wrote the following text:","robots":{"index":"index","follow":"follow","max-snippet":"max-snippet:-1","max-image-preview":"max-image-preview:large","max-video-preview":"max-video-preview:-1"},"canonical":"https:\/\/www.padreeustaquio.com.br\/en\/in-the-words-of-the-blessed-one-we-are-called-to-serve-god-and-our-neighbor\/","og_locale":"en_US","og_type":"article","og_title":"Palavra do Beato: somos chamados a servir a Deus e ao pr\u00f3ximo","og_description":"Deus nos chama a todo momento. Ele quer nos ver fazendo parte das obras Dele, servindo e sendo oper\u00e1rios ativos aqui na terra.Padre Eust\u00e1quio sempre viveu com intensidade esse chamado de Deus, se entregando inteiramente ao servi\u00e7o \u00e0 Igreja e ao pr\u00f3ximo. Sobre esse tema, ele escreveu o seguinte texto:","og_url":"https:\/\/www.padreeustaquio.com.br\/en\/in-the-words-of-the-blessed-one-we-are-called-to-serve-god-and-our-neighbor\/","og_site_name":"Padre Eust\u00e1quio","article_publisher":"https:\/\/www.facebook.com\/beatopadreeustaquio\/","article_published_time":"2023-05-17T11:32:00+00:00","og_image":[{"width":1600,"height":1105,"url":"https:\/\/www.padreeustaquio.com.br\/wp-content\/uploads\/2023\/05\/WhatsApp-Image-2023-05-03-at-17.27.40.jpeg","type":"image\/jpeg"}],"author":"@sscc","twitter_card":"summary_large_image","twitter_creator":"@beatopeustaquio","twitter_site":"@beatopeustaquio","twitter_misc":{"Written by":"@sscc","Est. reading time":"3 minutes"},"schema":{"@context":"https:\/\/schema.org","@graph":[{"@type":"Article","@id":"https:\/\/www.padreeustaquio.com.br\/palavra-do-beato-somos-chamados-a-servir-a-deus-e-ao-proximo\/#article","isPartOf":{"@id":"https:\/\/www.padreeustaquio.com.br\/palavra-do-beato-somos-chamados-a-servir-a-deus-e-ao-proximo\/"},"author":{"name":"@sscc","@id":"https:\/\/www.padreeustaquio.com.br\/#\/schema\/person\/a2a51db1d00f1a7af0204a0f1ddb1566"},"headline":"Palavra do Beato: somos chamados a servir a Deus e ao pr\u00f3ximo","datePublished":"2023-05-17T11:32:00+00:00","mainEntityOfPage":{"@id":"https:\/\/www.padreeustaquio.com.br\/palavra-do-beato-somos-chamados-a-servir-a-deus-e-ao-proximo\/"},"wordCount":406,"commentCount":0,"publisher":{"@id":"https:\/\/www.padreeustaquio.com.br\/#organization"},"image":{"@id":"https:\/\/www.padreeustaquio.com.br\/palavra-do-beato-somos-chamados-a-servir-a-deus-e-ao-proximo\/#primaryimage"},"thumbnailUrl":"https:\/\/www.padreeustaquio.com.br\/wp-content\/uploads\/2023\/05\/WhatsApp-Image-2023-05-03-at-17.27.40.jpeg","articleSection":["Not\u00edcias"],"inLanguage":"en-US","potentialAction":[{"@type":"CommentAction","name":"Comment","target":["https:\/\/www.padreeustaquio.com.br\/palavra-do-beato-somos-chamados-a-servir-a-deus-e-ao-proximo\/#respond"]}]},{"@type":"WebPage","@id":"https:\/\/www.padreeustaquio.com.br\/palavra-do-beato-somos-chamados-a-servir-a-deus-e-ao-proximo\/","url":"https:\/\/www.padreeustaquio.com.br\/palavra-do-beato-somos-chamados-a-servir-a-deus-e-ao-proximo\/","name":"Words from the Blessed One: we are called to serve God and our neighbor.","isPartOf":{"@id":"https:\/\/www.padreeustaquio.com.br\/#website"},"primaryImageOfPage":{"@id":"https:\/\/www.padreeustaquio.com.br\/palavra-do-beato-somos-chamados-a-servir-a-deus-e-ao-proximo\/#primaryimage"},"image":{"@id":"https:\/\/www.padreeustaquio.com.br\/palavra-do-beato-somos-chamados-a-servir-a-deus-e-ao-proximo\/#primaryimage"},"thumbnailUrl":"https:\/\/www.padreeustaquio.com.br\/wp-content\/uploads\/2023\/05\/WhatsApp-Image-2023-05-03-at-17.27.40.jpeg","datePublished":"2023-05-17T11:32:00+00:00","description":"God calls us at every moment. He wants to see us participating in His work, serving and being active workers here on earth. Father Eust\u00e1quio always lived this calling from God intensely, dedicating himself entirely to service to the Church and his neighbor. On this subject, he wrote the following text:","breadcrumb":{"@id":"https:\/\/www.padreeustaquio.com.br\/palavra-do-beato-somos-chamados-a-servir-a-deus-e-ao-proximo\/#breadcrumb"},"inLanguage":"en-US","potentialAction":[{"@type":"ReadAction","target":["https:\/\/www.padreeustaquio.com.br\/palavra-do-beato-somos-chamados-a-servir-a-deus-e-ao-proximo\/"]}]},{"@type":"ImageObject","inLanguage":"en-US","@id":"https:\/\/www.padreeustaquio.com.br\/palavra-do-beato-somos-chamados-a-servir-a-deus-e-ao-proximo\/#primaryimage","url":"https:\/\/www.padreeustaquio.com.br\/wp-content\/uploads\/2023\/05\/WhatsApp-Image-2023-05-03-at-17.27.40.jpeg","contentUrl":"https:\/\/www.padreeustaquio.com.br\/wp-content\/uploads\/2023\/05\/WhatsApp-Image-2023-05-03-at-17.27.40.jpeg","width":1600,"height":1105},{"@type":"BreadcrumbList","@id":"https:\/\/www.padreeustaquio.com.br\/palavra-do-beato-somos-chamados-a-servir-a-deus-e-ao-proximo\/#breadcrumb","itemListElement":[{"@type":"ListItem","position":1,"name":"In\u00edcio","item":"https:\/\/www.padreeustaquio.com.br\/"},{"@type":"ListItem","position":2,"name":"Palavra do Beato: somos chamados a servir a Deus e ao pr\u00f3ximo"}]},{"@type":"WebSite","@id":"https:\/\/www.padreeustaquio.com.br\/#website","url":"https:\/\/www.padreeustaquio.com.br\/","name":"FATHER EUST\u00c1QUIO","description":"Health and Peace","publisher":{"@id":"https:\/\/www.padreeustaquio.com.br\/#organization"},"potentialAction":[{"@type":"SearchAction","target":{"@type":"EntryPoint","urlTemplate":"https:\/\/www.padreeustaquio.com.br\/?s={search_term_string}"},"query-input":{"@type":"PropertyValueSpecification","valueRequired":true,"valueName":"search_term_string"}}],"inLanguage":"en-US"},{"@type":"Organization","@id":"https:\/\/www.padreeustaquio.com.br\/#organization","name":"FATHER EUST\u00c1QUIO","url":"https:\/\/www.padreeustaquio.com.br\/","logo":{"@type":"ImageObject","inLanguage":"en-US","@id":"https:\/\/www.padreeustaquio.com.br\/#\/schema\/logo\/image\/","url":"https:\/\/www.padreeustaquio.com.br\/wp-content\/uploads\/2019\/08\/marca.png","contentUrl":"https:\/\/www.padreeustaquio.com.br\/wp-content\/uploads\/2019\/08\/marca.png","width":350,"height":400,"caption":"Padre Eust\u00e1quio"},"image":{"@id":"https:\/\/www.padreeustaquio.com.br\/#\/schema\/logo\/image\/"},"sameAs":["https:\/\/www.facebook.com\/beatopadreeustaquio\/","https:\/\/x.com\/beatopeustaquio","https:\/\/www.instagram.com\/beatopadreeustaquio\/","https:\/\/www.youtube.com\/channel\/UCRhw7vfabnajwLxb1ZXMeIw"]},{"@type":"Person","@id":"https:\/\/www.padreeustaquio.com.br\/#\/schema\/person\/a2a51db1d00f1a7af0204a0f1ddb1566","name":"@sscc","image":{"@type":"ImageObject","inLanguage":"en-US","@id":"https:\/\/secure.gravatar.com\/avatar\/68cfafa5f44617fea54071e215026e0ff06be366c3d54a8425f04fdcb86f8c5f?s=96&d=mm&r=g","url":"https:\/\/secure.gravatar.com\/avatar\/68cfafa5f44617fea54071e215026e0ff06be366c3d54a8425f04fdcb86f8c5f?s=96&d=mm&r=g","contentUrl":"https:\/\/secure.gravatar.com\/avatar\/68cfafa5f44617fea54071e215026e0ff06be366c3d54a8425f04fdcb86f8c5f?s=96&d=mm&r=g","caption":"@sscc"},"url":"https:\/\/www.padreeustaquio.com.br\/en\/author\/sscc\/"}]}},"_links":{"self":[{"href":"https:\/\/www.padreeustaquio.com.br\/en\/wp-json\/wp\/v2\/posts\/10396","targetHints":{"allow":["GET"]}}],"collection":[{"href":"https:\/\/www.padreeustaquio.com.br\/en\/wp-json\/wp\/v2\/posts"}],"about":[{"href":"https:\/\/www.padreeustaquio.com.br\/en\/wp-json\/wp\/v2\/types\/post"}],"author":[{"embeddable":true,"href":"https:\/\/www.padreeustaquio.com.br\/en\/wp-json\/wp\/v2\/users\/2"}],"replies":[{"embeddable":true,"href":"https:\/\/www.padreeustaquio.com.br\/en\/wp-json\/wp\/v2\/comments?post=10396"}],"version-history":[{"count":0,"href":"https:\/\/www.padreeustaquio.com.br\/en\/wp-json\/wp\/v2\/posts\/10396\/revisions"}],"wp:featuredmedia":[{"embeddable":true,"href":"https:\/\/www.padreeustaquio.com.br\/en\/wp-json\/wp\/v2\/media\/10397"}],"wp:attachment":[{"href":"https:\/\/www.padreeustaquio.com.br\/en\/wp-json\/wp\/v2\/media?parent=10396"}],"wp:term":[{"taxonomy":"category","embeddable":true,"href":"https:\/\/www.padreeustaquio.com.br\/en\/wp-json\/wp\/v2\/categories?post=10396"},{"taxonomy":"post_tag","embeddable":true,"href":"https:\/\/www.padreeustaquio.com.br\/en\/wp-json\/wp\/v2\/tags?post=10396"}],"curies":[{"name":"wp","href":"https:\/\/api.w.org\/{rel}","templated":true}]}}