{"id":10393,"date":"2023-05-16T10:28:44","date_gmt":"2023-05-16T13:28:44","guid":{"rendered":"https:\/\/www.padreeustaquio.com.br\/?p=10393"},"modified":"2023-05-16T10:28:46","modified_gmt":"2023-05-16T13:28:46","slug":"confirmation-classes-from-the-sanctuary-will-host-a-luau-at-the-community-center","status":"publish","type":"post","link":"https:\/\/www.padreeustaquio.com.br\/en\/confirmation-classes-from-the-sanctuary-will-host-a-luau-at-the-community-center\/","title":{"rendered":"Confirmation classes from the Sanctuary will host a Luau at the Community Center."},"content":{"rendered":"<p>The catechism classes preparing to receive the Sacrament of Confirmation will be holding a Luau on June 3rd (Saturday). The event will take place at the Community Center attached to the Padre Eust\u00e1quio Church in Belo Horizonte, Minas Gerais.<\/p>\n\n\n\n<p>The entire parish community and visitors are invited to participate in this moment of music and prayer, scheduled to begin at 6 PM. Tickets can be purchased through Sympla. <a href=\"https:\/\/www.sympla.com.br\/evento\/luau-da-crisma\/1991121\" target=\"_blank\" rel=\"noreferrer noopener\">CLICK HERE<\/a> or in person after Mass at the Sanctuary. The entrance fee of R$15.00 will be credited towards consumption during the luau.<\/p>\n\n\n\n<p>The event will feature Lual Madre, a group that emerged from the project. <a href=\"https:\/\/www.instagram.com\/madrecamiseteria\/\" target=\"_blank\" rel=\"noreferrer noopener\">Madre Camiseteria<\/a>, which evangelizes through the art of making t-shirts. In March, they held their first luau at the Cana Family Association and now they bring this fantastic result to the Church of Blessed Father Eustace.<\/p>\n\n\n\n<p>On Saturday the 3rd, entry to the Community Center will be via Rua Ces\u00e1rio Alvim, 841. The Confirmation Luau is organized by the pastoral coordination and aims to raise funds for the Confirmation retreat, which will be held later this year.<\/p>\n\n\n\n<p><\/p>","protected":false},"excerpt":{"rendered":"<p>As turmas de catequese que se preparam para receber o Sacramento da Crisma v\u00e3o promover um Luau no pr\u00f3ximo dia 03 de junho (s\u00e1bado). O evento ser\u00e1 realizado no Centro Comunit\u00e1rio anexo \u00e0 Igreja do Padre Eust\u00e1quio, em Belo Horizonte-MG. Toda a comunidade paroquial e visitantes est\u00e3o convidados a participar deste momento de m\u00fasica e ora\u00e7\u00e3o que est\u00e1 previsto para come\u00e7ar \u00e0s 18h. Os ingressos podem ser adquiridos pelo Sympla CLICANDO AQUI ou presencialmente ap\u00f3s as Missas no Santu\u00e1rio. O custo da entrada, no valor de 15,00 ser\u00e1 revertido em consuma\u00e7\u00e3o durante o luau. O evento ter\u00e1 a participa\u00e7\u00e3o do [&hellip;]<\/p>\n","protected":false},"author":2,"featured_media":10394,"comment_status":"open","ping_status":"closed","sticky":false,"template":"","format":"standard","meta":{"_acf_changed":false,"footnotes":""},"categories":[611],"tags":[],"class_list":["post-10393","post","type-post","status-publish","format-standard","has-post-thumbnail","hentry","category-noticias"],"acf":[],"yoast_head":"<!-- This site is optimized with the Yoast SEO plugin v27.2 - https:\/\/yoast.com\/product\/yoast-seo-wordpress\/ -->\n<title>Turmas de Crisma do Santu\u00e1rio promover\u00e3o Luau no Centro Comunit\u00e1rio<\/title>\n<meta name=\"description\" content=\"As turmas de catequese que se preparam para receber o Sacramento da Crisma v\u00e3o promover um Luau no pr\u00f3ximo dia 03 de junho (s\u00e1bado). O evento ser\u00e1 realizado no Centro Comunit\u00e1rio anexo \u00e0 Igreja do Padre Eust\u00e1quio, em Belo Horizonte-MG.\" \/>\n<meta name=\"robots\" content=\"index, follow, max-snippet:-1, max-image-preview:large, max-video-preview:-1\" \/>\n<link rel=\"canonical\" href=\"https:\/\/www.padreeustaquio.com.br\/en\/confirmation-classes-from-the-sanctuary-will-host-a-luau-at-the-community-center\/\" \/>\n<meta property=\"og:locale\" content=\"en_US\" \/>\n<meta property=\"og:type\" content=\"article\" \/>\n<meta property=\"og:title\" content=\"Turmas de Crisma do Santu\u00e1rio promover\u00e3o Luau no Centro Comunit\u00e1rio\" \/>\n<meta property=\"og:description\" content=\"As turmas de catequese que se preparam para receber o Sacramento da Crisma v\u00e3o promover um Luau no pr\u00f3ximo dia 03 de junho (s\u00e1bado). O evento ser\u00e1 realizado no Centro Comunit\u00e1rio anexo \u00e0 Igreja do Padre Eust\u00e1quio, em Belo Horizonte-MG.\" \/>\n<meta property=\"og:url\" content=\"https:\/\/www.padreeustaquio.com.br\/en\/confirmation-classes-from-the-sanctuary-will-host-a-luau-at-the-community-center\/\" \/>\n<meta property=\"og:site_name\" content=\"Padre Eust\u00e1quio\" \/>\n<meta property=\"article:publisher\" content=\"https:\/\/www.facebook.com\/beatopadreeustaquio\/\" \/>\n<meta property=\"article:published_time\" content=\"2023-05-16T13:28:44+00:00\" \/>\n<meta property=\"article:modified_time\" content=\"2023-05-16T13:28:46+00:00\" \/>\n<meta property=\"og:image\" content=\"https:\/\/www.padreeustaquio.com.br\/wp-content\/uploads\/2023\/05\/luau-da-crisma-e1684243668803.jpeg\" \/>\n\t<meta property=\"og:image:width\" content=\"1080\" \/>\n\t<meta property=\"og:image:height\" content=\"491\" \/>\n\t<meta property=\"og:image:type\" content=\"image\/jpeg\" \/>\n<meta name=\"author\" content=\"@sscc\" \/>\n<meta name=\"twitter:card\" content=\"summary_large_image\" \/>\n<meta name=\"twitter:creator\" content=\"@beatopeustaquio\" \/>\n<meta name=\"twitter:site\" content=\"@beatopeustaquio\" \/>\n<meta name=\"twitter:label1\" content=\"Written by\" \/>\n\t<meta name=\"twitter:data1\" content=\"@sscc\" \/>\n\t<meta name=\"twitter:label2\" content=\"Est. reading time\" \/>\n\t<meta name=\"twitter:data2\" content=\"2 minutes\" \/>\n<script type=\"application\/ld+json\" class=\"yoast-schema-graph\">{\"@context\":\"https:\/\/schema.org\",\"@graph\":[{\"@type\":\"Article\",\"@id\":\"https:\/\/www.padreeustaquio.com.br\/turmas-de-crisma-do-santuario-promoverao-luau-no-centro-comunitario\/#article\",\"isPartOf\":{\"@id\":\"https:\/\/www.padreeustaquio.com.br\/turmas-de-crisma-do-santuario-promoverao-luau-no-centro-comunitario\/\"},\"author\":{\"name\":\"@sscc\",\"@id\":\"https:\/\/www.padreeustaquio.com.br\/#\/schema\/person\/a2a51db1d00f1a7af0204a0f1ddb1566\"},\"headline\":\"Turmas de Crisma do Santu\u00e1rio promover\u00e3o Luau no Centro Comunit\u00e1rio\",\"datePublished\":\"2023-05-16T13:28:44+00:00\",\"dateModified\":\"2023-05-16T13:28:46+00:00\",\"mainEntityOfPage\":{\"@id\":\"https:\/\/www.padreeustaquio.com.br\/turmas-de-crisma-do-santuario-promoverao-luau-no-centro-comunitario\/\"},\"wordCount\":222,\"commentCount\":0,\"publisher\":{\"@id\":\"https:\/\/www.padreeustaquio.com.br\/#organization\"},\"image\":{\"@id\":\"https:\/\/www.padreeustaquio.com.br\/turmas-de-crisma-do-santuario-promoverao-luau-no-centro-comunitario\/#primaryimage\"},\"thumbnailUrl\":\"https:\/\/www.padreeustaquio.com.br\/wp-content\/uploads\/2023\/05\/luau-da-crisma-e1684243668803.jpeg\",\"articleSection\":[\"Not\u00edcias\"],\"inLanguage\":\"en-US\",\"potentialAction\":[{\"@type\":\"CommentAction\",\"name\":\"Comment\",\"target\":[\"https:\/\/www.padreeustaquio.com.br\/turmas-de-crisma-do-santuario-promoverao-luau-no-centro-comunitario\/#respond\"]}]},{\"@type\":\"WebPage\",\"@id\":\"https:\/\/www.padreeustaquio.com.br\/turmas-de-crisma-do-santuario-promoverao-luau-no-centro-comunitario\/\",\"url\":\"https:\/\/www.padreeustaquio.com.br\/turmas-de-crisma-do-santuario-promoverao-luau-no-centro-comunitario\/\",\"name\":\"Turmas de Crisma do Santu\u00e1rio promover\u00e3o Luau no Centro Comunit\u00e1rio\",\"isPartOf\":{\"@id\":\"https:\/\/www.padreeustaquio.com.br\/#website\"},\"primaryImageOfPage\":{\"@id\":\"https:\/\/www.padreeustaquio.com.br\/turmas-de-crisma-do-santuario-promoverao-luau-no-centro-comunitario\/#primaryimage\"},\"image\":{\"@id\":\"https:\/\/www.padreeustaquio.com.br\/turmas-de-crisma-do-santuario-promoverao-luau-no-centro-comunitario\/#primaryimage\"},\"thumbnailUrl\":\"https:\/\/www.padreeustaquio.com.br\/wp-content\/uploads\/2023\/05\/luau-da-crisma-e1684243668803.jpeg\",\"datePublished\":\"2023-05-16T13:28:44+00:00\",\"dateModified\":\"2023-05-16T13:28:46+00:00\",\"description\":\"As turmas de catequese que se preparam para receber o Sacramento da Crisma v\u00e3o promover um Luau no pr\u00f3ximo dia 03 de junho (s\u00e1bado). O evento ser\u00e1 realizado no Centro Comunit\u00e1rio anexo \u00e0 Igreja do Padre Eust\u00e1quio, em Belo Horizonte-MG.\",\"breadcrumb\":{\"@id\":\"https:\/\/www.padreeustaquio.com.br\/turmas-de-crisma-do-santuario-promoverao-luau-no-centro-comunitario\/#breadcrumb\"},\"inLanguage\":\"en-US\",\"potentialAction\":[{\"@type\":\"ReadAction\",\"target\":[\"https:\/\/www.padreeustaquio.com.br\/turmas-de-crisma-do-santuario-promoverao-luau-no-centro-comunitario\/\"]}]},{\"@type\":\"ImageObject\",\"inLanguage\":\"en-US\",\"@id\":\"https:\/\/www.padreeustaquio.com.br\/turmas-de-crisma-do-santuario-promoverao-luau-no-centro-comunitario\/#primaryimage\",\"url\":\"https:\/\/www.padreeustaquio.com.br\/wp-content\/uploads\/2023\/05\/luau-da-crisma-e1684243668803.jpeg\",\"contentUrl\":\"https:\/\/www.padreeustaquio.com.br\/wp-content\/uploads\/2023\/05\/luau-da-crisma-e1684243668803.jpeg\",\"width\":1080,\"height\":491},{\"@type\":\"BreadcrumbList\",\"@id\":\"https:\/\/www.padreeustaquio.com.br\/turmas-de-crisma-do-santuario-promoverao-luau-no-centro-comunitario\/#breadcrumb\",\"itemListElement\":[{\"@type\":\"ListItem\",\"position\":1,\"name\":\"In\u00edcio\",\"item\":\"https:\/\/www.padreeustaquio.com.br\/\"},{\"@type\":\"ListItem\",\"position\":2,\"name\":\"Turmas de Crisma do Santu\u00e1rio promover\u00e3o Luau no Centro Comunit\u00e1rio\"}]},{\"@type\":\"WebSite\",\"@id\":\"https:\/\/www.padreeustaquio.com.br\/#website\",\"url\":\"https:\/\/www.padreeustaquio.com.br\/\",\"name\":\"Padre Eust\u00e1quio\",\"description\":\"Sa\u00fade e Paz\",\"publisher\":{\"@id\":\"https:\/\/www.padreeustaquio.com.br\/#organization\"},\"potentialAction\":[{\"@type\":\"SearchAction\",\"target\":{\"@type\":\"EntryPoint\",\"urlTemplate\":\"https:\/\/www.padreeustaquio.com.br\/?s={search_term_string}\"},\"query-input\":{\"@type\":\"PropertyValueSpecification\",\"valueRequired\":true,\"valueName\":\"search_term_string\"}}],\"inLanguage\":\"en-US\"},{\"@type\":\"Organization\",\"@id\":\"https:\/\/www.padreeustaquio.com.br\/#organization\",\"name\":\"Padre Eust\u00e1quio\",\"url\":\"https:\/\/www.padreeustaquio.com.br\/\",\"logo\":{\"@type\":\"ImageObject\",\"inLanguage\":\"en-US\",\"@id\":\"https:\/\/www.padreeustaquio.com.br\/#\/schema\/logo\/image\/\",\"url\":\"https:\/\/www.padreeustaquio.com.br\/wp-content\/uploads\/2019\/08\/marca.png\",\"contentUrl\":\"https:\/\/www.padreeustaquio.com.br\/wp-content\/uploads\/2019\/08\/marca.png\",\"width\":350,\"height\":400,\"caption\":\"Padre Eust\u00e1quio\"},\"image\":{\"@id\":\"https:\/\/www.padreeustaquio.com.br\/#\/schema\/logo\/image\/\"},\"sameAs\":[\"https:\/\/www.facebook.com\/beatopadreeustaquio\/\",\"https:\/\/x.com\/beatopeustaquio\",\"https:\/\/www.instagram.com\/beatopadreeustaquio\/\",\"https:\/\/www.youtube.com\/channel\/UCRhw7vfabnajwLxb1ZXMeIw\"]},{\"@type\":\"Person\",\"@id\":\"https:\/\/www.padreeustaquio.com.br\/#\/schema\/person\/a2a51db1d00f1a7af0204a0f1ddb1566\",\"name\":\"@sscc\",\"image\":{\"@type\":\"ImageObject\",\"inLanguage\":\"en-US\",\"@id\":\"https:\/\/secure.gravatar.com\/avatar\/68cfafa5f44617fea54071e215026e0ff06be366c3d54a8425f04fdcb86f8c5f?s=96&d=mm&r=g\",\"url\":\"https:\/\/secure.gravatar.com\/avatar\/68cfafa5f44617fea54071e215026e0ff06be366c3d54a8425f04fdcb86f8c5f?s=96&d=mm&r=g\",\"contentUrl\":\"https:\/\/secure.gravatar.com\/avatar\/68cfafa5f44617fea54071e215026e0ff06be366c3d54a8425f04fdcb86f8c5f?s=96&d=mm&r=g\",\"caption\":\"@sscc\"},\"url\":\"https:\/\/www.padreeustaquio.com.br\/en\/author\/sscc\/\"}]}<\/script>\n<!-- \/ Yoast SEO plugin. -->","yoast_head_json":{"title":"Confirmation classes from the Sanctuary will host a Luau at the Community Center.","description":"The catechism classes preparing to receive the Sacrament of Confirmation will be holding a Luau on June 3rd (Saturday). The event will take place at the Community Center attached to the Padre Eust\u00e1quio Church in Belo Horizonte, Minas Gerais.","robots":{"index":"index","follow":"follow","max-snippet":"max-snippet:-1","max-image-preview":"max-image-preview:large","max-video-preview":"max-video-preview:-1"},"canonical":"https:\/\/www.padreeustaquio.com.br\/en\/confirmation-classes-from-the-sanctuary-will-host-a-luau-at-the-community-center\/","og_locale":"en_US","og_type":"article","og_title":"Turmas de Crisma do Santu\u00e1rio promover\u00e3o Luau no Centro Comunit\u00e1rio","og_description":"As turmas de catequese que se preparam para receber o Sacramento da Crisma v\u00e3o promover um Luau no pr\u00f3ximo dia 03 de junho (s\u00e1bado). O evento ser\u00e1 realizado no Centro Comunit\u00e1rio anexo \u00e0 Igreja do Padre Eust\u00e1quio, em Belo Horizonte-MG.","og_url":"https:\/\/www.padreeustaquio.com.br\/en\/confirmation-classes-from-the-sanctuary-will-host-a-luau-at-the-community-center\/","og_site_name":"Padre Eust\u00e1quio","article_publisher":"https:\/\/www.facebook.com\/beatopadreeustaquio\/","article_published_time":"2023-05-16T13:28:44+00:00","article_modified_time":"2023-05-16T13:28:46+00:00","og_image":[{"width":1080,"height":491,"url":"https:\/\/www.padreeustaquio.com.br\/wp-content\/uploads\/2023\/05\/luau-da-crisma-e1684243668803.jpeg","type":"image\/jpeg"}],"author":"@sscc","twitter_card":"summary_large_image","twitter_creator":"@beatopeustaquio","twitter_site":"@beatopeustaquio","twitter_misc":{"Written by":"@sscc","Est. reading time":"2 minutes"},"schema":{"@context":"https:\/\/schema.org","@graph":[{"@type":"Article","@id":"https:\/\/www.padreeustaquio.com.br\/turmas-de-crisma-do-santuario-promoverao-luau-no-centro-comunitario\/#article","isPartOf":{"@id":"https:\/\/www.padreeustaquio.com.br\/turmas-de-crisma-do-santuario-promoverao-luau-no-centro-comunitario\/"},"author":{"name":"@sscc","@id":"https:\/\/www.padreeustaquio.com.br\/#\/schema\/person\/a2a51db1d00f1a7af0204a0f1ddb1566"},"headline":"Turmas de Crisma do Santu\u00e1rio promover\u00e3o Luau no Centro Comunit\u00e1rio","datePublished":"2023-05-16T13:28:44+00:00","dateModified":"2023-05-16T13:28:46+00:00","mainEntityOfPage":{"@id":"https:\/\/www.padreeustaquio.com.br\/turmas-de-crisma-do-santuario-promoverao-luau-no-centro-comunitario\/"},"wordCount":222,"commentCount":0,"publisher":{"@id":"https:\/\/www.padreeustaquio.com.br\/#organization"},"image":{"@id":"https:\/\/www.padreeustaquio.com.br\/turmas-de-crisma-do-santuario-promoverao-luau-no-centro-comunitario\/#primaryimage"},"thumbnailUrl":"https:\/\/www.padreeustaquio.com.br\/wp-content\/uploads\/2023\/05\/luau-da-crisma-e1684243668803.jpeg","articleSection":["Not\u00edcias"],"inLanguage":"en-US","potentialAction":[{"@type":"CommentAction","name":"Comment","target":["https:\/\/www.padreeustaquio.com.br\/turmas-de-crisma-do-santuario-promoverao-luau-no-centro-comunitario\/#respond"]}]},{"@type":"WebPage","@id":"https:\/\/www.padreeustaquio.com.br\/turmas-de-crisma-do-santuario-promoverao-luau-no-centro-comunitario\/","url":"https:\/\/www.padreeustaquio.com.br\/turmas-de-crisma-do-santuario-promoverao-luau-no-centro-comunitario\/","name":"Confirmation classes from the Sanctuary will host a Luau at the Community Center.","isPartOf":{"@id":"https:\/\/www.padreeustaquio.com.br\/#website"},"primaryImageOfPage":{"@id":"https:\/\/www.padreeustaquio.com.br\/turmas-de-crisma-do-santuario-promoverao-luau-no-centro-comunitario\/#primaryimage"},"image":{"@id":"https:\/\/www.padreeustaquio.com.br\/turmas-de-crisma-do-santuario-promoverao-luau-no-centro-comunitario\/#primaryimage"},"thumbnailUrl":"https:\/\/www.padreeustaquio.com.br\/wp-content\/uploads\/2023\/05\/luau-da-crisma-e1684243668803.jpeg","datePublished":"2023-05-16T13:28:44+00:00","dateModified":"2023-05-16T13:28:46+00:00","description":"The catechism classes preparing to receive the Sacrament of Confirmation will be holding a Luau on June 3rd (Saturday). The event will take place at the Community Center attached to the Padre Eust\u00e1quio Church in Belo Horizonte, Minas Gerais.","breadcrumb":{"@id":"https:\/\/www.padreeustaquio.com.br\/turmas-de-crisma-do-santuario-promoverao-luau-no-centro-comunitario\/#breadcrumb"},"inLanguage":"en-US","potentialAction":[{"@type":"ReadAction","target":["https:\/\/www.padreeustaquio.com.br\/turmas-de-crisma-do-santuario-promoverao-luau-no-centro-comunitario\/"]}]},{"@type":"ImageObject","inLanguage":"en-US","@id":"https:\/\/www.padreeustaquio.com.br\/turmas-de-crisma-do-santuario-promoverao-luau-no-centro-comunitario\/#primaryimage","url":"https:\/\/www.padreeustaquio.com.br\/wp-content\/uploads\/2023\/05\/luau-da-crisma-e1684243668803.jpeg","contentUrl":"https:\/\/www.padreeustaquio.com.br\/wp-content\/uploads\/2023\/05\/luau-da-crisma-e1684243668803.jpeg","width":1080,"height":491},{"@type":"BreadcrumbList","@id":"https:\/\/www.padreeustaquio.com.br\/turmas-de-crisma-do-santuario-promoverao-luau-no-centro-comunitario\/#breadcrumb","itemListElement":[{"@type":"ListItem","position":1,"name":"In\u00edcio","item":"https:\/\/www.padreeustaquio.com.br\/"},{"@type":"ListItem","position":2,"name":"Turmas de Crisma do Santu\u00e1rio promover\u00e3o Luau no Centro Comunit\u00e1rio"}]},{"@type":"WebSite","@id":"https:\/\/www.padreeustaquio.com.br\/#website","url":"https:\/\/www.padreeustaquio.com.br\/","name":"FATHER EUST\u00c1QUIO","description":"Health and Peace","publisher":{"@id":"https:\/\/www.padreeustaquio.com.br\/#organization"},"potentialAction":[{"@type":"SearchAction","target":{"@type":"EntryPoint","urlTemplate":"https:\/\/www.padreeustaquio.com.br\/?s={search_term_string}"},"query-input":{"@type":"PropertyValueSpecification","valueRequired":true,"valueName":"search_term_string"}}],"inLanguage":"en-US"},{"@type":"Organization","@id":"https:\/\/www.padreeustaquio.com.br\/#organization","name":"FATHER EUST\u00c1QUIO","url":"https:\/\/www.padreeustaquio.com.br\/","logo":{"@type":"ImageObject","inLanguage":"en-US","@id":"https:\/\/www.padreeustaquio.com.br\/#\/schema\/logo\/image\/","url":"https:\/\/www.padreeustaquio.com.br\/wp-content\/uploads\/2019\/08\/marca.png","contentUrl":"https:\/\/www.padreeustaquio.com.br\/wp-content\/uploads\/2019\/08\/marca.png","width":350,"height":400,"caption":"Padre Eust\u00e1quio"},"image":{"@id":"https:\/\/www.padreeustaquio.com.br\/#\/schema\/logo\/image\/"},"sameAs":["https:\/\/www.facebook.com\/beatopadreeustaquio\/","https:\/\/x.com\/beatopeustaquio","https:\/\/www.instagram.com\/beatopadreeustaquio\/","https:\/\/www.youtube.com\/channel\/UCRhw7vfabnajwLxb1ZXMeIw"]},{"@type":"Person","@id":"https:\/\/www.padreeustaquio.com.br\/#\/schema\/person\/a2a51db1d00f1a7af0204a0f1ddb1566","name":"@sscc","image":{"@type":"ImageObject","inLanguage":"en-US","@id":"https:\/\/secure.gravatar.com\/avatar\/68cfafa5f44617fea54071e215026e0ff06be366c3d54a8425f04fdcb86f8c5f?s=96&d=mm&r=g","url":"https:\/\/secure.gravatar.com\/avatar\/68cfafa5f44617fea54071e215026e0ff06be366c3d54a8425f04fdcb86f8c5f?s=96&d=mm&r=g","contentUrl":"https:\/\/secure.gravatar.com\/avatar\/68cfafa5f44617fea54071e215026e0ff06be366c3d54a8425f04fdcb86f8c5f?s=96&d=mm&r=g","caption":"@sscc"},"url":"https:\/\/www.padreeustaquio.com.br\/en\/author\/sscc\/"}]}},"_links":{"self":[{"href":"https:\/\/www.padreeustaquio.com.br\/en\/wp-json\/wp\/v2\/posts\/10393","targetHints":{"allow":["GET"]}}],"collection":[{"href":"https:\/\/www.padreeustaquio.com.br\/en\/wp-json\/wp\/v2\/posts"}],"about":[{"href":"https:\/\/www.padreeustaquio.com.br\/en\/wp-json\/wp\/v2\/types\/post"}],"author":[{"embeddable":true,"href":"https:\/\/www.padreeustaquio.com.br\/en\/wp-json\/wp\/v2\/users\/2"}],"replies":[{"embeddable":true,"href":"https:\/\/www.padreeustaquio.com.br\/en\/wp-json\/wp\/v2\/comments?post=10393"}],"version-history":[{"count":0,"href":"https:\/\/www.padreeustaquio.com.br\/en\/wp-json\/wp\/v2\/posts\/10393\/revisions"}],"wp:featuredmedia":[{"embeddable":true,"href":"https:\/\/www.padreeustaquio.com.br\/en\/wp-json\/wp\/v2\/media\/10394"}],"wp:attachment":[{"href":"https:\/\/www.padreeustaquio.com.br\/en\/wp-json\/wp\/v2\/media?parent=10393"}],"wp:term":[{"taxonomy":"category","embeddable":true,"href":"https:\/\/www.padreeustaquio.com.br\/en\/wp-json\/wp\/v2\/categories?post=10393"},{"taxonomy":"post_tag","embeddable":true,"href":"https:\/\/www.padreeustaquio.com.br\/en\/wp-json\/wp\/v2\/tags?post=10393"}],"curies":[{"name":"wp","href":"https:\/\/api.w.org\/{rel}","templated":true}]}}