{"id":10351,"date":"2023-05-11T06:15:00","date_gmt":"2023-05-11T09:15:00","guid":{"rendered":"https:\/\/www.padreeustaquio.com.br\/?p=10351"},"modified":"2023-05-09T19:35:59","modified_gmt":"2023-05-09T22:35:59","slug":"vice-candidate-participates-in-the-25th-national-meeting-dedo-de-prosa-a-casual-conversation","status":"publish","type":"post","link":"https:\/\/www.padreeustaquio.com.br\/en\/vice-candidate-participates-in-the-25th-national-meeting-dedo-de-prosa-a-casual-conversation\/","title":{"rendered":"Vice-postulator participates in the 25th National Meeting of Dedo de Prosa"},"content":{"rendered":"<p>The 25th edition of the National &quot;Dedo de Prosa da Melhor Idade&quot; Meeting began this Monday, May 8th, and brings together more than 1,200 senior citizens from all over the country. The meeting is being held in Ol\u00edmpia, S\u00e3o Paulo, and will continue until this Thursday.<\/p>\n\n\n\n<p>This is the first time the event is being held at Thermas dos Laranjais, in the interior of S\u00e3o Paulo. During the four days of the event, participants engage in therapeutic walks, activities, recreation, and workshops. Yesterday, the seniors participated in the traditional Senior Talent Festival.<\/p>\n\n\n\n<p>The event also includes moments of spirituality led by Father Vin\u00edcius Maciel, SSCC, rector of the Archdiocesan Sanctuary of Health and Peace, and responsible for the Cause of Canonization of Blessed Father Eust\u00e1quio.<\/p>\n\n\n\n<p>The closing Mass will be held today and will include the participation of everyone involved in the event. The gathering also featured shows with Waldireni, a Ray Conniff tribute, and an Elvis cover band (with Renato Carlini), as well as themed dances every night with the Clip Band.<\/p>\n\n\n\n<p><\/p>","protected":false},"excerpt":{"rendered":"<p>A 25\u00aa edi\u00e7\u00e3o do Encontro Nacional Dedo de Prosa da Melhor Idade teve in\u00edcio nessa segunda-feira, dia 8 de maio e re\u00fane mais de 1.200 idosos de todo o pa\u00eds. O encontro est\u00e1 sendo realizado em Ol\u00edmpia, S\u00e3o Paulo, e vai at\u00e9 esta quinta-feira. Esta \u00e9 a primeira vez que o encontro est\u00e1 sendo realizado no Thermas dos Laranjais, interior de S\u00e3o Paulo. Durante os quatro dias de evento, os participantes fazem caminhada terap\u00eautica, din\u00e2micas, recrea\u00e7\u00e3o e oficinas. Ontem os idosos participaram do tradicional Festival de Talentos da Melhor Idade. O evento tamb\u00e9m conta com momentos de espiritualidade promovidos pelo [&hellip;]<\/p>\n","protected":false},"author":2,"featured_media":9428,"comment_status":"open","ping_status":"closed","sticky":false,"template":"","format":"standard","meta":{"_acf_changed":false,"footnotes":""},"categories":[611],"tags":[],"class_list":["post-10351","post","type-post","status-publish","format-standard","has-post-thumbnail","hentry","category-noticias"],"acf":[],"yoast_head":"<!-- This site is optimized with the Yoast SEO plugin v27.2 - https:\/\/yoast.com\/product\/yoast-seo-wordpress\/ -->\n<title>Vice-postulador participa do 25\u00ba Encontro Nacional Dedo de Prosa<\/title>\n<meta name=\"description\" content=\"A 25\u00aa edi\u00e7\u00e3o do Encontro Nacional Dedo de Prosa da Melhor Idade teve in\u00edcio nessa segunda-feira, dia 8 de maio e re\u00fane mais de 1.200 idosos de todo o pa\u00eds. O encontro est\u00e1 sendo realizado em Ol\u00edmpia, S\u00e3o Paulo, e vai at\u00e9 o dia 11, quinta-feira.\" \/>\n<meta name=\"robots\" content=\"index, follow, max-snippet:-1, max-image-preview:large, max-video-preview:-1\" \/>\n<link rel=\"canonical\" href=\"https:\/\/www.padreeustaquio.com.br\/en\/vice-candidate-participates-in-the-25th-national-meeting-dedo-de-prosa-a-casual-conversation\/\" \/>\n<meta property=\"og:locale\" content=\"en_US\" \/>\n<meta property=\"og:type\" content=\"article\" \/>\n<meta property=\"og:title\" content=\"Vice-postulador participa do 25\u00ba Encontro Nacional Dedo de Prosa\" \/>\n<meta property=\"og:description\" content=\"A 25\u00aa edi\u00e7\u00e3o do Encontro Nacional Dedo de Prosa da Melhor Idade teve in\u00edcio nessa segunda-feira, dia 8 de maio e re\u00fane mais de 1.200 idosos de todo o pa\u00eds. O encontro est\u00e1 sendo realizado em Ol\u00edmpia, S\u00e3o Paulo, e vai at\u00e9 o dia 11, quinta-feira.\" \/>\n<meta property=\"og:url\" content=\"https:\/\/www.padreeustaquio.com.br\/en\/vice-candidate-participates-in-the-25th-national-meeting-dedo-de-prosa-a-casual-conversation\/\" \/>\n<meta property=\"og:site_name\" content=\"Padre Eust\u00e1quio\" \/>\n<meta property=\"article:publisher\" content=\"https:\/\/www.facebook.com\/beatopadreeustaquio\/\" \/>\n<meta property=\"article:published_time\" content=\"2023-05-11T09:15:00+00:00\" \/>\n<meta property=\"og:image\" content=\"https:\/\/www.padreeustaquio.com.br\/wp-content\/uploads\/2022\/10\/IMG_3929-scaled.jpg\" \/>\n\t<meta property=\"og:image:width\" content=\"2560\" \/>\n\t<meta property=\"og:image:height\" content=\"1707\" \/>\n\t<meta property=\"og:image:type\" content=\"image\/jpeg\" \/>\n<meta name=\"author\" content=\"@sscc\" \/>\n<meta name=\"twitter:card\" content=\"summary_large_image\" \/>\n<meta name=\"twitter:creator\" content=\"@beatopeustaquio\" \/>\n<meta name=\"twitter:site\" content=\"@beatopeustaquio\" \/>\n<meta name=\"twitter:label1\" content=\"Written by\" \/>\n\t<meta name=\"twitter:data1\" content=\"@sscc\" \/>\n\t<meta name=\"twitter:label2\" content=\"Est. reading time\" \/>\n\t<meta name=\"twitter:data2\" content=\"1 minute\" \/>\n<script type=\"application\/ld+json\" class=\"yoast-schema-graph\">{\"@context\":\"https:\/\/schema.org\",\"@graph\":[{\"@type\":\"Article\",\"@id\":\"https:\/\/www.padreeustaquio.com.br\/vice-postulador-participa-do-25o-encontro-nacional-dedo-de-prosa\/#article\",\"isPartOf\":{\"@id\":\"https:\/\/www.padreeustaquio.com.br\/vice-postulador-participa-do-25o-encontro-nacional-dedo-de-prosa\/\"},\"author\":{\"name\":\"@sscc\",\"@id\":\"https:\/\/www.padreeustaquio.com.br\/#\/schema\/person\/a2a51db1d00f1a7af0204a0f1ddb1566\"},\"headline\":\"Vice-postulador participa do 25\u00ba Encontro Nacional Dedo de Prosa\",\"datePublished\":\"2023-05-11T09:15:00+00:00\",\"mainEntityOfPage\":{\"@id\":\"https:\/\/www.padreeustaquio.com.br\/vice-postulador-participa-do-25o-encontro-nacional-dedo-de-prosa\/\"},\"wordCount\":192,\"commentCount\":0,\"publisher\":{\"@id\":\"https:\/\/www.padreeustaquio.com.br\/#organization\"},\"image\":{\"@id\":\"https:\/\/www.padreeustaquio.com.br\/vice-postulador-participa-do-25o-encontro-nacional-dedo-de-prosa\/#primaryimage\"},\"thumbnailUrl\":\"https:\/\/www.padreeustaquio.com.br\/wp-content\/uploads\/2022\/10\/IMG_3929-scaled.jpg\",\"articleSection\":[\"Not\u00edcias\"],\"inLanguage\":\"en-US\",\"potentialAction\":[{\"@type\":\"CommentAction\",\"name\":\"Comment\",\"target\":[\"https:\/\/www.padreeustaquio.com.br\/vice-postulador-participa-do-25o-encontro-nacional-dedo-de-prosa\/#respond\"]}]},{\"@type\":\"WebPage\",\"@id\":\"https:\/\/www.padreeustaquio.com.br\/vice-postulador-participa-do-25o-encontro-nacional-dedo-de-prosa\/\",\"url\":\"https:\/\/www.padreeustaquio.com.br\/vice-postulador-participa-do-25o-encontro-nacional-dedo-de-prosa\/\",\"name\":\"Vice-postulador participa do 25\u00ba Encontro Nacional Dedo de Prosa\",\"isPartOf\":{\"@id\":\"https:\/\/www.padreeustaquio.com.br\/#website\"},\"primaryImageOfPage\":{\"@id\":\"https:\/\/www.padreeustaquio.com.br\/vice-postulador-participa-do-25o-encontro-nacional-dedo-de-prosa\/#primaryimage\"},\"image\":{\"@id\":\"https:\/\/www.padreeustaquio.com.br\/vice-postulador-participa-do-25o-encontro-nacional-dedo-de-prosa\/#primaryimage\"},\"thumbnailUrl\":\"https:\/\/www.padreeustaquio.com.br\/wp-content\/uploads\/2022\/10\/IMG_3929-scaled.jpg\",\"datePublished\":\"2023-05-11T09:15:00+00:00\",\"description\":\"A 25\u00aa edi\u00e7\u00e3o do Encontro Nacional Dedo de Prosa da Melhor Idade teve in\u00edcio nessa segunda-feira, dia 8 de maio e re\u00fane mais de 1.200 idosos de todo o pa\u00eds. O encontro est\u00e1 sendo realizado em Ol\u00edmpia, S\u00e3o Paulo, e vai at\u00e9 o dia 11, quinta-feira.\",\"breadcrumb\":{\"@id\":\"https:\/\/www.padreeustaquio.com.br\/vice-postulador-participa-do-25o-encontro-nacional-dedo-de-prosa\/#breadcrumb\"},\"inLanguage\":\"en-US\",\"potentialAction\":[{\"@type\":\"ReadAction\",\"target\":[\"https:\/\/www.padreeustaquio.com.br\/vice-postulador-participa-do-25o-encontro-nacional-dedo-de-prosa\/\"]}]},{\"@type\":\"ImageObject\",\"inLanguage\":\"en-US\",\"@id\":\"https:\/\/www.padreeustaquio.com.br\/vice-postulador-participa-do-25o-encontro-nacional-dedo-de-prosa\/#primaryimage\",\"url\":\"https:\/\/www.padreeustaquio.com.br\/wp-content\/uploads\/2022\/10\/IMG_3929-scaled.jpg\",\"contentUrl\":\"https:\/\/www.padreeustaquio.com.br\/wp-content\/uploads\/2022\/10\/IMG_3929-scaled.jpg\",\"width\":2560,\"height\":1707},{\"@type\":\"BreadcrumbList\",\"@id\":\"https:\/\/www.padreeustaquio.com.br\/vice-postulador-participa-do-25o-encontro-nacional-dedo-de-prosa\/#breadcrumb\",\"itemListElement\":[{\"@type\":\"ListItem\",\"position\":1,\"name\":\"In\u00edcio\",\"item\":\"https:\/\/www.padreeustaquio.com.br\/\"},{\"@type\":\"ListItem\",\"position\":2,\"name\":\"Vice-postulador participa do 25\u00ba Encontro Nacional Dedo de Prosa\"}]},{\"@type\":\"WebSite\",\"@id\":\"https:\/\/www.padreeustaquio.com.br\/#website\",\"url\":\"https:\/\/www.padreeustaquio.com.br\/\",\"name\":\"Padre Eust\u00e1quio\",\"description\":\"Sa\u00fade e Paz\",\"publisher\":{\"@id\":\"https:\/\/www.padreeustaquio.com.br\/#organization\"},\"potentialAction\":[{\"@type\":\"SearchAction\",\"target\":{\"@type\":\"EntryPoint\",\"urlTemplate\":\"https:\/\/www.padreeustaquio.com.br\/?s={search_term_string}\"},\"query-input\":{\"@type\":\"PropertyValueSpecification\",\"valueRequired\":true,\"valueName\":\"search_term_string\"}}],\"inLanguage\":\"en-US\"},{\"@type\":\"Organization\",\"@id\":\"https:\/\/www.padreeustaquio.com.br\/#organization\",\"name\":\"Padre Eust\u00e1quio\",\"url\":\"https:\/\/www.padreeustaquio.com.br\/\",\"logo\":{\"@type\":\"ImageObject\",\"inLanguage\":\"en-US\",\"@id\":\"https:\/\/www.padreeustaquio.com.br\/#\/schema\/logo\/image\/\",\"url\":\"https:\/\/www.padreeustaquio.com.br\/wp-content\/uploads\/2019\/08\/marca.png\",\"contentUrl\":\"https:\/\/www.padreeustaquio.com.br\/wp-content\/uploads\/2019\/08\/marca.png\",\"width\":350,\"height\":400,\"caption\":\"Padre Eust\u00e1quio\"},\"image\":{\"@id\":\"https:\/\/www.padreeustaquio.com.br\/#\/schema\/logo\/image\/\"},\"sameAs\":[\"https:\/\/www.facebook.com\/beatopadreeustaquio\/\",\"https:\/\/x.com\/beatopeustaquio\",\"https:\/\/www.instagram.com\/beatopadreeustaquio\/\",\"https:\/\/www.youtube.com\/channel\/UCRhw7vfabnajwLxb1ZXMeIw\"]},{\"@type\":\"Person\",\"@id\":\"https:\/\/www.padreeustaquio.com.br\/#\/schema\/person\/a2a51db1d00f1a7af0204a0f1ddb1566\",\"name\":\"@sscc\",\"image\":{\"@type\":\"ImageObject\",\"inLanguage\":\"en-US\",\"@id\":\"https:\/\/secure.gravatar.com\/avatar\/68cfafa5f44617fea54071e215026e0ff06be366c3d54a8425f04fdcb86f8c5f?s=96&d=mm&r=g\",\"url\":\"https:\/\/secure.gravatar.com\/avatar\/68cfafa5f44617fea54071e215026e0ff06be366c3d54a8425f04fdcb86f8c5f?s=96&d=mm&r=g\",\"contentUrl\":\"https:\/\/secure.gravatar.com\/avatar\/68cfafa5f44617fea54071e215026e0ff06be366c3d54a8425f04fdcb86f8c5f?s=96&d=mm&r=g\",\"caption\":\"@sscc\"},\"url\":\"https:\/\/www.padreeustaquio.com.br\/en\/author\/sscc\/\"}]}<\/script>\n<!-- \/ Yoast SEO plugin. -->","yoast_head_json":{"title":"Vice-postulator participates in the 25th National Meeting of Dedo de Prosa","description":"The 25th edition of the National &quot;Dedo de Prosa da Melhor Idade&quot; Meeting began this Monday, May 8th, and brings together more than 1,200 senior citizens from all over the country. The meeting is being held in Ol\u00edmpia, S\u00e3o Paulo, and will continue until Thursday, May 11th.","robots":{"index":"index","follow":"follow","max-snippet":"max-snippet:-1","max-image-preview":"max-image-preview:large","max-video-preview":"max-video-preview:-1"},"canonical":"https:\/\/www.padreeustaquio.com.br\/en\/vice-candidate-participates-in-the-25th-national-meeting-dedo-de-prosa-a-casual-conversation\/","og_locale":"en_US","og_type":"article","og_title":"Vice-postulador participa do 25\u00ba Encontro Nacional Dedo de Prosa","og_description":"A 25\u00aa edi\u00e7\u00e3o do Encontro Nacional Dedo de Prosa da Melhor Idade teve in\u00edcio nessa segunda-feira, dia 8 de maio e re\u00fane mais de 1.200 idosos de todo o pa\u00eds. O encontro est\u00e1 sendo realizado em Ol\u00edmpia, S\u00e3o Paulo, e vai at\u00e9 o dia 11, quinta-feira.","og_url":"https:\/\/www.padreeustaquio.com.br\/en\/vice-candidate-participates-in-the-25th-national-meeting-dedo-de-prosa-a-casual-conversation\/","og_site_name":"Padre Eust\u00e1quio","article_publisher":"https:\/\/www.facebook.com\/beatopadreeustaquio\/","article_published_time":"2023-05-11T09:15:00+00:00","og_image":[{"width":2560,"height":1707,"url":"https:\/\/www.padreeustaquio.com.br\/wp-content\/uploads\/2022\/10\/IMG_3929-scaled.jpg","type":"image\/jpeg"}],"author":"@sscc","twitter_card":"summary_large_image","twitter_creator":"@beatopeustaquio","twitter_site":"@beatopeustaquio","twitter_misc":{"Written by":"@sscc","Est. reading time":"1 minute"},"schema":{"@context":"https:\/\/schema.org","@graph":[{"@type":"Article","@id":"https:\/\/www.padreeustaquio.com.br\/vice-postulador-participa-do-25o-encontro-nacional-dedo-de-prosa\/#article","isPartOf":{"@id":"https:\/\/www.padreeustaquio.com.br\/vice-postulador-participa-do-25o-encontro-nacional-dedo-de-prosa\/"},"author":{"name":"@sscc","@id":"https:\/\/www.padreeustaquio.com.br\/#\/schema\/person\/a2a51db1d00f1a7af0204a0f1ddb1566"},"headline":"Vice-postulador participa do 25\u00ba Encontro Nacional Dedo de Prosa","datePublished":"2023-05-11T09:15:00+00:00","mainEntityOfPage":{"@id":"https:\/\/www.padreeustaquio.com.br\/vice-postulador-participa-do-25o-encontro-nacional-dedo-de-prosa\/"},"wordCount":192,"commentCount":0,"publisher":{"@id":"https:\/\/www.padreeustaquio.com.br\/#organization"},"image":{"@id":"https:\/\/www.padreeustaquio.com.br\/vice-postulador-participa-do-25o-encontro-nacional-dedo-de-prosa\/#primaryimage"},"thumbnailUrl":"https:\/\/www.padreeustaquio.com.br\/wp-content\/uploads\/2022\/10\/IMG_3929-scaled.jpg","articleSection":["Not\u00edcias"],"inLanguage":"en-US","potentialAction":[{"@type":"CommentAction","name":"Comment","target":["https:\/\/www.padreeustaquio.com.br\/vice-postulador-participa-do-25o-encontro-nacional-dedo-de-prosa\/#respond"]}]},{"@type":"WebPage","@id":"https:\/\/www.padreeustaquio.com.br\/vice-postulador-participa-do-25o-encontro-nacional-dedo-de-prosa\/","url":"https:\/\/www.padreeustaquio.com.br\/vice-postulador-participa-do-25o-encontro-nacional-dedo-de-prosa\/","name":"Vice-postulator participates in the 25th National Meeting of Dedo de Prosa","isPartOf":{"@id":"https:\/\/www.padreeustaquio.com.br\/#website"},"primaryImageOfPage":{"@id":"https:\/\/www.padreeustaquio.com.br\/vice-postulador-participa-do-25o-encontro-nacional-dedo-de-prosa\/#primaryimage"},"image":{"@id":"https:\/\/www.padreeustaquio.com.br\/vice-postulador-participa-do-25o-encontro-nacional-dedo-de-prosa\/#primaryimage"},"thumbnailUrl":"https:\/\/www.padreeustaquio.com.br\/wp-content\/uploads\/2022\/10\/IMG_3929-scaled.jpg","datePublished":"2023-05-11T09:15:00+00:00","description":"The 25th edition of the National &quot;Dedo de Prosa da Melhor Idade&quot; Meeting began this Monday, May 8th, and brings together more than 1,200 senior citizens from all over the country. The meeting is being held in Ol\u00edmpia, S\u00e3o Paulo, and will continue until Thursday, May 11th.","breadcrumb":{"@id":"https:\/\/www.padreeustaquio.com.br\/vice-postulador-participa-do-25o-encontro-nacional-dedo-de-prosa\/#breadcrumb"},"inLanguage":"en-US","potentialAction":[{"@type":"ReadAction","target":["https:\/\/www.padreeustaquio.com.br\/vice-postulador-participa-do-25o-encontro-nacional-dedo-de-prosa\/"]}]},{"@type":"ImageObject","inLanguage":"en-US","@id":"https:\/\/www.padreeustaquio.com.br\/vice-postulador-participa-do-25o-encontro-nacional-dedo-de-prosa\/#primaryimage","url":"https:\/\/www.padreeustaquio.com.br\/wp-content\/uploads\/2022\/10\/IMG_3929-scaled.jpg","contentUrl":"https:\/\/www.padreeustaquio.com.br\/wp-content\/uploads\/2022\/10\/IMG_3929-scaled.jpg","width":2560,"height":1707},{"@type":"BreadcrumbList","@id":"https:\/\/www.padreeustaquio.com.br\/vice-postulador-participa-do-25o-encontro-nacional-dedo-de-prosa\/#breadcrumb","itemListElement":[{"@type":"ListItem","position":1,"name":"In\u00edcio","item":"https:\/\/www.padreeustaquio.com.br\/"},{"@type":"ListItem","position":2,"name":"Vice-postulador participa do 25\u00ba Encontro Nacional Dedo de Prosa"}]},{"@type":"WebSite","@id":"https:\/\/www.padreeustaquio.com.br\/#website","url":"https:\/\/www.padreeustaquio.com.br\/","name":"FATHER EUST\u00c1QUIO","description":"Health and Peace","publisher":{"@id":"https:\/\/www.padreeustaquio.com.br\/#organization"},"potentialAction":[{"@type":"SearchAction","target":{"@type":"EntryPoint","urlTemplate":"https:\/\/www.padreeustaquio.com.br\/?s={search_term_string}"},"query-input":{"@type":"PropertyValueSpecification","valueRequired":true,"valueName":"search_term_string"}}],"inLanguage":"en-US"},{"@type":"Organization","@id":"https:\/\/www.padreeustaquio.com.br\/#organization","name":"FATHER EUST\u00c1QUIO","url":"https:\/\/www.padreeustaquio.com.br\/","logo":{"@type":"ImageObject","inLanguage":"en-US","@id":"https:\/\/www.padreeustaquio.com.br\/#\/schema\/logo\/image\/","url":"https:\/\/www.padreeustaquio.com.br\/wp-content\/uploads\/2019\/08\/marca.png","contentUrl":"https:\/\/www.padreeustaquio.com.br\/wp-content\/uploads\/2019\/08\/marca.png","width":350,"height":400,"caption":"Padre Eust\u00e1quio"},"image":{"@id":"https:\/\/www.padreeustaquio.com.br\/#\/schema\/logo\/image\/"},"sameAs":["https:\/\/www.facebook.com\/beatopadreeustaquio\/","https:\/\/x.com\/beatopeustaquio","https:\/\/www.instagram.com\/beatopadreeustaquio\/","https:\/\/www.youtube.com\/channel\/UCRhw7vfabnajwLxb1ZXMeIw"]},{"@type":"Person","@id":"https:\/\/www.padreeustaquio.com.br\/#\/schema\/person\/a2a51db1d00f1a7af0204a0f1ddb1566","name":"@sscc","image":{"@type":"ImageObject","inLanguage":"en-US","@id":"https:\/\/secure.gravatar.com\/avatar\/68cfafa5f44617fea54071e215026e0ff06be366c3d54a8425f04fdcb86f8c5f?s=96&d=mm&r=g","url":"https:\/\/secure.gravatar.com\/avatar\/68cfafa5f44617fea54071e215026e0ff06be366c3d54a8425f04fdcb86f8c5f?s=96&d=mm&r=g","contentUrl":"https:\/\/secure.gravatar.com\/avatar\/68cfafa5f44617fea54071e215026e0ff06be366c3d54a8425f04fdcb86f8c5f?s=96&d=mm&r=g","caption":"@sscc"},"url":"https:\/\/www.padreeustaquio.com.br\/en\/author\/sscc\/"}]}},"_links":{"self":[{"href":"https:\/\/www.padreeustaquio.com.br\/en\/wp-json\/wp\/v2\/posts\/10351","targetHints":{"allow":["GET"]}}],"collection":[{"href":"https:\/\/www.padreeustaquio.com.br\/en\/wp-json\/wp\/v2\/posts"}],"about":[{"href":"https:\/\/www.padreeustaquio.com.br\/en\/wp-json\/wp\/v2\/types\/post"}],"author":[{"embeddable":true,"href":"https:\/\/www.padreeustaquio.com.br\/en\/wp-json\/wp\/v2\/users\/2"}],"replies":[{"embeddable":true,"href":"https:\/\/www.padreeustaquio.com.br\/en\/wp-json\/wp\/v2\/comments?post=10351"}],"version-history":[{"count":0,"href":"https:\/\/www.padreeustaquio.com.br\/en\/wp-json\/wp\/v2\/posts\/10351\/revisions"}],"wp:featuredmedia":[{"embeddable":true,"href":"https:\/\/www.padreeustaquio.com.br\/en\/wp-json\/wp\/v2\/media\/9428"}],"wp:attachment":[{"href":"https:\/\/www.padreeustaquio.com.br\/en\/wp-json\/wp\/v2\/media?parent=10351"}],"wp:term":[{"taxonomy":"category","embeddable":true,"href":"https:\/\/www.padreeustaquio.com.br\/en\/wp-json\/wp\/v2\/categories?post=10351"},{"taxonomy":"post_tag","embeddable":true,"href":"https:\/\/www.padreeustaquio.com.br\/en\/wp-json\/wp\/v2\/tags?post=10351"}],"curies":[{"name":"wp","href":"https:\/\/api.w.org\/{rel}","templated":true}]}}