{"id":10348,"date":"2023-05-09T06:53:00","date_gmt":"2023-05-09T09:53:00","guid":{"rendered":"https:\/\/www.padreeustaquio.com.br\/?p=10348"},"modified":"2023-05-08T14:56:28","modified_gmt":"2023-05-08T17:56:28","slug":"the-word-of-the-blessed-sinner-the-mother-of-god","status":"publish","type":"post","link":"https:\/\/www.padreeustaquio.com.br\/en\/the-word-of-the-blessed-sinner-the-mother-of-god\/","title":{"rendered":"Words from the Blessed One: Ask the Mother of God."},"content":{"rendered":"<p>May is the month of Our Lady. Father Eust\u00e1quio dedicated his entire life to great devotion to the Blessed Virgin Mary, and this can be seen in texts he authored. See an excerpt from one of these texts below:<\/p>\n\n\n\n<p><em>\u201cExamine whether there is not a pain, a cross for which you seek relief \u2013 ask, ask your mother\u2026 and She will grant it to you with great pleasure, with great joy. If we visit in spirit the place of miracles, let us not forget the words that our mother so solemnly spoke to Bernadette, for her to transmit to all posterity: I am the Immaculate Conception!\u201d<\/em><\/p>\n\n\n\n<p><em>And when a mother speaks in this way, we know that Mary means nothing other than that her daughters and sons should imitate her in her holy virtue of innocence and purity. She means nothing other than that her image is clearly reflected in the crystal mirror of our souls. She means nothing other than that she asks those who love her as sons and daughters to rid themselves of everything that is stained, of everything that is not immaculate in the eyes of God.\u201d<\/em><\/p>\n\n\n\n<p><\/p>","protected":false},"excerpt":{"rendered":"<p>Maio \u00e9 o m\u00eas de Nossa Senhora. Padre Eust\u00e1quio em toda sua vida dedicou grande devo\u00e7\u00e3o \u00e0 Maria Sant\u00edssima e isso pode ser comprovado em textos assinados por ele. Veja um trecho de um desses textos a seguir: \u201cExaminai se n\u00e3o h\u00e1 uma dor, uma cruz por que procuras al\u00edvio \u2013 pe\u00e7a, pe\u00e7a a sua m\u00e3e \u2026 e Ela vos conceder\u00e1 com grande prazer, com grande alegria. Se n\u00f3s visitamos em esp\u00edrito o lugar de milagres, n\u00e3o nos esque\u00e7amos das palavras que t\u00e3o solenemente a nossa m\u00e3e nos falou a Bernadete, para ela transmitir a toda posteridade: Eu sou a [&hellip;]<\/p>\n","protected":false},"author":2,"featured_media":10349,"comment_status":"open","ping_status":"closed","sticky":false,"template":"","format":"standard","meta":{"_acf_changed":false,"footnotes":""},"categories":[611],"tags":[],"class_list":["post-10348","post","type-post","status-publish","format-standard","has-post-thumbnail","hentry","category-noticias"],"acf":[],"yoast_head":"<!-- This site is optimized with the Yoast SEO plugin v27.2 - https:\/\/yoast.com\/product\/yoast-seo-wordpress\/ -->\n<title>Palavra do Beato: Pe\u00e7a \u00e0 m\u00e3e de Deus<\/title>\n<meta name=\"description\" content=\"Maio \u00e9 o m\u00eas de Nossa Senhora. Padre Eust\u00e1quio em toda sua vida dedicou grande devo\u00e7\u00e3o \u00e0 Maria Sant\u00edssima e isso pode ser comprovado em textos assinados por ele. Veja um trecho de um desses textos a seguir:\" \/>\n<meta name=\"robots\" content=\"index, follow, max-snippet:-1, max-image-preview:large, max-video-preview:-1\" \/>\n<link rel=\"canonical\" href=\"https:\/\/www.padreeustaquio.com.br\/en\/the-word-of-the-blessed-sinner-the-mother-of-god\/\" \/>\n<meta property=\"og:locale\" content=\"en_US\" \/>\n<meta property=\"og:type\" content=\"article\" \/>\n<meta property=\"og:title\" content=\"Palavra do Beato: Pe\u00e7a \u00e0 m\u00e3e de Deus\" \/>\n<meta property=\"og:description\" content=\"Maio \u00e9 o m\u00eas de Nossa Senhora. Padre Eust\u00e1quio em toda sua vida dedicou grande devo\u00e7\u00e3o \u00e0 Maria Sant\u00edssima e isso pode ser comprovado em textos assinados por ele. Veja um trecho de um desses textos a seguir:\" \/>\n<meta property=\"og:url\" content=\"https:\/\/www.padreeustaquio.com.br\/en\/the-word-of-the-blessed-sinner-the-mother-of-god\/\" \/>\n<meta property=\"og:site_name\" content=\"Padre Eust\u00e1quio\" \/>\n<meta property=\"article:publisher\" content=\"https:\/\/www.facebook.com\/beatopadreeustaquio\/\" \/>\n<meta property=\"article:published_time\" content=\"2023-05-09T09:53:00+00:00\" \/>\n<meta property=\"og:image\" content=\"https:\/\/www.padreeustaquio.com.br\/wp-content\/uploads\/2023\/05\/Padre-Eustaquio-e-nossa-senhora.jpeg\" \/>\n\t<meta property=\"og:image:width\" content=\"1600\" \/>\n\t<meta property=\"og:image:height\" content=\"1086\" \/>\n\t<meta property=\"og:image:type\" content=\"image\/jpeg\" \/>\n<meta name=\"author\" content=\"@sscc\" \/>\n<meta name=\"twitter:card\" content=\"summary_large_image\" \/>\n<meta name=\"twitter:creator\" content=\"@beatopeustaquio\" \/>\n<meta name=\"twitter:site\" content=\"@beatopeustaquio\" \/>\n<meta name=\"twitter:label1\" content=\"Written by\" \/>\n\t<meta name=\"twitter:data1\" content=\"@sscc\" \/>\n\t<meta name=\"twitter:label2\" content=\"Est. reading time\" \/>\n\t<meta name=\"twitter:data2\" content=\"2 minutes\" \/>\n<script type=\"application\/ld+json\" class=\"yoast-schema-graph\">{\"@context\":\"https:\/\/schema.org\",\"@graph\":[{\"@type\":\"Article\",\"@id\":\"https:\/\/www.padreeustaquio.com.br\/palavra-do-beato-peca-a-mae-de-deus\/#article\",\"isPartOf\":{\"@id\":\"https:\/\/www.padreeustaquio.com.br\/palavra-do-beato-peca-a-mae-de-deus\/\"},\"author\":{\"name\":\"@sscc\",\"@id\":\"https:\/\/www.padreeustaquio.com.br\/#\/schema\/person\/a2a51db1d00f1a7af0204a0f1ddb1566\"},\"headline\":\"Palavra do Beato: Pe\u00e7a \u00e0 m\u00e3e de Deus\",\"datePublished\":\"2023-05-09T09:53:00+00:00\",\"mainEntityOfPage\":{\"@id\":\"https:\/\/www.padreeustaquio.com.br\/palavra-do-beato-peca-a-mae-de-deus\/\"},\"wordCount\":215,\"commentCount\":0,\"publisher\":{\"@id\":\"https:\/\/www.padreeustaquio.com.br\/#organization\"},\"image\":{\"@id\":\"https:\/\/www.padreeustaquio.com.br\/palavra-do-beato-peca-a-mae-de-deus\/#primaryimage\"},\"thumbnailUrl\":\"https:\/\/www.padreeustaquio.com.br\/wp-content\/uploads\/2023\/05\/Padre-Eustaquio-e-nossa-senhora.jpeg\",\"articleSection\":[\"Not\u00edcias\"],\"inLanguage\":\"en-US\",\"potentialAction\":[{\"@type\":\"CommentAction\",\"name\":\"Comment\",\"target\":[\"https:\/\/www.padreeustaquio.com.br\/palavra-do-beato-peca-a-mae-de-deus\/#respond\"]}]},{\"@type\":\"WebPage\",\"@id\":\"https:\/\/www.padreeustaquio.com.br\/palavra-do-beato-peca-a-mae-de-deus\/\",\"url\":\"https:\/\/www.padreeustaquio.com.br\/palavra-do-beato-peca-a-mae-de-deus\/\",\"name\":\"Palavra do Beato: Pe\u00e7a \u00e0 m\u00e3e de Deus\",\"isPartOf\":{\"@id\":\"https:\/\/www.padreeustaquio.com.br\/#website\"},\"primaryImageOfPage\":{\"@id\":\"https:\/\/www.padreeustaquio.com.br\/palavra-do-beato-peca-a-mae-de-deus\/#primaryimage\"},\"image\":{\"@id\":\"https:\/\/www.padreeustaquio.com.br\/palavra-do-beato-peca-a-mae-de-deus\/#primaryimage\"},\"thumbnailUrl\":\"https:\/\/www.padreeustaquio.com.br\/wp-content\/uploads\/2023\/05\/Padre-Eustaquio-e-nossa-senhora.jpeg\",\"datePublished\":\"2023-05-09T09:53:00+00:00\",\"description\":\"Maio \u00e9 o m\u00eas de Nossa Senhora. Padre Eust\u00e1quio em toda sua vida dedicou grande devo\u00e7\u00e3o \u00e0 Maria Sant\u00edssima e isso pode ser comprovado em textos assinados por ele. Veja um trecho de um desses textos a seguir:\",\"breadcrumb\":{\"@id\":\"https:\/\/www.padreeustaquio.com.br\/palavra-do-beato-peca-a-mae-de-deus\/#breadcrumb\"},\"inLanguage\":\"en-US\",\"potentialAction\":[{\"@type\":\"ReadAction\",\"target\":[\"https:\/\/www.padreeustaquio.com.br\/palavra-do-beato-peca-a-mae-de-deus\/\"]}]},{\"@type\":\"ImageObject\",\"inLanguage\":\"en-US\",\"@id\":\"https:\/\/www.padreeustaquio.com.br\/palavra-do-beato-peca-a-mae-de-deus\/#primaryimage\",\"url\":\"https:\/\/www.padreeustaquio.com.br\/wp-content\/uploads\/2023\/05\/Padre-Eustaquio-e-nossa-senhora.jpeg\",\"contentUrl\":\"https:\/\/www.padreeustaquio.com.br\/wp-content\/uploads\/2023\/05\/Padre-Eustaquio-e-nossa-senhora.jpeg\",\"width\":1600,\"height\":1086},{\"@type\":\"BreadcrumbList\",\"@id\":\"https:\/\/www.padreeustaquio.com.br\/palavra-do-beato-peca-a-mae-de-deus\/#breadcrumb\",\"itemListElement\":[{\"@type\":\"ListItem\",\"position\":1,\"name\":\"In\u00edcio\",\"item\":\"https:\/\/www.padreeustaquio.com.br\/\"},{\"@type\":\"ListItem\",\"position\":2,\"name\":\"Palavra do Beato: Pe\u00e7a \u00e0 m\u00e3e de Deus\"}]},{\"@type\":\"WebSite\",\"@id\":\"https:\/\/www.padreeustaquio.com.br\/#website\",\"url\":\"https:\/\/www.padreeustaquio.com.br\/\",\"name\":\"Padre Eust\u00e1quio\",\"description\":\"Sa\u00fade e Paz\",\"publisher\":{\"@id\":\"https:\/\/www.padreeustaquio.com.br\/#organization\"},\"potentialAction\":[{\"@type\":\"SearchAction\",\"target\":{\"@type\":\"EntryPoint\",\"urlTemplate\":\"https:\/\/www.padreeustaquio.com.br\/?s={search_term_string}\"},\"query-input\":{\"@type\":\"PropertyValueSpecification\",\"valueRequired\":true,\"valueName\":\"search_term_string\"}}],\"inLanguage\":\"en-US\"},{\"@type\":\"Organization\",\"@id\":\"https:\/\/www.padreeustaquio.com.br\/#organization\",\"name\":\"Padre Eust\u00e1quio\",\"url\":\"https:\/\/www.padreeustaquio.com.br\/\",\"logo\":{\"@type\":\"ImageObject\",\"inLanguage\":\"en-US\",\"@id\":\"https:\/\/www.padreeustaquio.com.br\/#\/schema\/logo\/image\/\",\"url\":\"https:\/\/www.padreeustaquio.com.br\/wp-content\/uploads\/2019\/08\/marca.png\",\"contentUrl\":\"https:\/\/www.padreeustaquio.com.br\/wp-content\/uploads\/2019\/08\/marca.png\",\"width\":350,\"height\":400,\"caption\":\"Padre Eust\u00e1quio\"},\"image\":{\"@id\":\"https:\/\/www.padreeustaquio.com.br\/#\/schema\/logo\/image\/\"},\"sameAs\":[\"https:\/\/www.facebook.com\/beatopadreeustaquio\/\",\"https:\/\/x.com\/beatopeustaquio\",\"https:\/\/www.instagram.com\/beatopadreeustaquio\/\",\"https:\/\/www.youtube.com\/channel\/UCRhw7vfabnajwLxb1ZXMeIw\"]},{\"@type\":\"Person\",\"@id\":\"https:\/\/www.padreeustaquio.com.br\/#\/schema\/person\/a2a51db1d00f1a7af0204a0f1ddb1566\",\"name\":\"@sscc\",\"image\":{\"@type\":\"ImageObject\",\"inLanguage\":\"en-US\",\"@id\":\"https:\/\/secure.gravatar.com\/avatar\/68cfafa5f44617fea54071e215026e0ff06be366c3d54a8425f04fdcb86f8c5f?s=96&d=mm&r=g\",\"url\":\"https:\/\/secure.gravatar.com\/avatar\/68cfafa5f44617fea54071e215026e0ff06be366c3d54a8425f04fdcb86f8c5f?s=96&d=mm&r=g\",\"contentUrl\":\"https:\/\/secure.gravatar.com\/avatar\/68cfafa5f44617fea54071e215026e0ff06be366c3d54a8425f04fdcb86f8c5f?s=96&d=mm&r=g\",\"caption\":\"@sscc\"},\"url\":\"https:\/\/www.padreeustaquio.com.br\/en\/author\/sscc\/\"}]}<\/script>\n<!-- \/ Yoast SEO plugin. -->","yoast_head_json":{"title":"Words from the Blessed One: Ask the Mother of God.","description":"May is the month of Our Lady. Father Eust\u00e1quio dedicated his entire life to great devotion to the Blessed Virgin Mary, and this can be seen in texts he authored. See an excerpt from one of these texts below:","robots":{"index":"index","follow":"follow","max-snippet":"max-snippet:-1","max-image-preview":"max-image-preview:large","max-video-preview":"max-video-preview:-1"},"canonical":"https:\/\/www.padreeustaquio.com.br\/en\/the-word-of-the-blessed-sinner-the-mother-of-god\/","og_locale":"en_US","og_type":"article","og_title":"Palavra do Beato: Pe\u00e7a \u00e0 m\u00e3e de Deus","og_description":"Maio \u00e9 o m\u00eas de Nossa Senhora. Padre Eust\u00e1quio em toda sua vida dedicou grande devo\u00e7\u00e3o \u00e0 Maria Sant\u00edssima e isso pode ser comprovado em textos assinados por ele. Veja um trecho de um desses textos a seguir:","og_url":"https:\/\/www.padreeustaquio.com.br\/en\/the-word-of-the-blessed-sinner-the-mother-of-god\/","og_site_name":"Padre Eust\u00e1quio","article_publisher":"https:\/\/www.facebook.com\/beatopadreeustaquio\/","article_published_time":"2023-05-09T09:53:00+00:00","og_image":[{"width":1600,"height":1086,"url":"https:\/\/www.padreeustaquio.com.br\/wp-content\/uploads\/2023\/05\/Padre-Eustaquio-e-nossa-senhora.jpeg","type":"image\/jpeg"}],"author":"@sscc","twitter_card":"summary_large_image","twitter_creator":"@beatopeustaquio","twitter_site":"@beatopeustaquio","twitter_misc":{"Written by":"@sscc","Est. reading time":"2 minutes"},"schema":{"@context":"https:\/\/schema.org","@graph":[{"@type":"Article","@id":"https:\/\/www.padreeustaquio.com.br\/palavra-do-beato-peca-a-mae-de-deus\/#article","isPartOf":{"@id":"https:\/\/www.padreeustaquio.com.br\/palavra-do-beato-peca-a-mae-de-deus\/"},"author":{"name":"@sscc","@id":"https:\/\/www.padreeustaquio.com.br\/#\/schema\/person\/a2a51db1d00f1a7af0204a0f1ddb1566"},"headline":"Palavra do Beato: Pe\u00e7a \u00e0 m\u00e3e de Deus","datePublished":"2023-05-09T09:53:00+00:00","mainEntityOfPage":{"@id":"https:\/\/www.padreeustaquio.com.br\/palavra-do-beato-peca-a-mae-de-deus\/"},"wordCount":215,"commentCount":0,"publisher":{"@id":"https:\/\/www.padreeustaquio.com.br\/#organization"},"image":{"@id":"https:\/\/www.padreeustaquio.com.br\/palavra-do-beato-peca-a-mae-de-deus\/#primaryimage"},"thumbnailUrl":"https:\/\/www.padreeustaquio.com.br\/wp-content\/uploads\/2023\/05\/Padre-Eustaquio-e-nossa-senhora.jpeg","articleSection":["Not\u00edcias"],"inLanguage":"en-US","potentialAction":[{"@type":"CommentAction","name":"Comment","target":["https:\/\/www.padreeustaquio.com.br\/palavra-do-beato-peca-a-mae-de-deus\/#respond"]}]},{"@type":"WebPage","@id":"https:\/\/www.padreeustaquio.com.br\/palavra-do-beato-peca-a-mae-de-deus\/","url":"https:\/\/www.padreeustaquio.com.br\/palavra-do-beato-peca-a-mae-de-deus\/","name":"Words from the Blessed One: Ask the Mother of God.","isPartOf":{"@id":"https:\/\/www.padreeustaquio.com.br\/#website"},"primaryImageOfPage":{"@id":"https:\/\/www.padreeustaquio.com.br\/palavra-do-beato-peca-a-mae-de-deus\/#primaryimage"},"image":{"@id":"https:\/\/www.padreeustaquio.com.br\/palavra-do-beato-peca-a-mae-de-deus\/#primaryimage"},"thumbnailUrl":"https:\/\/www.padreeustaquio.com.br\/wp-content\/uploads\/2023\/05\/Padre-Eustaquio-e-nossa-senhora.jpeg","datePublished":"2023-05-09T09:53:00+00:00","description":"May is the month of Our Lady. Father Eust\u00e1quio dedicated his entire life to great devotion to the Blessed Virgin Mary, and this can be seen in texts he authored. See an excerpt from one of these texts below:","breadcrumb":{"@id":"https:\/\/www.padreeustaquio.com.br\/palavra-do-beato-peca-a-mae-de-deus\/#breadcrumb"},"inLanguage":"en-US","potentialAction":[{"@type":"ReadAction","target":["https:\/\/www.padreeustaquio.com.br\/palavra-do-beato-peca-a-mae-de-deus\/"]}]},{"@type":"ImageObject","inLanguage":"en-US","@id":"https:\/\/www.padreeustaquio.com.br\/palavra-do-beato-peca-a-mae-de-deus\/#primaryimage","url":"https:\/\/www.padreeustaquio.com.br\/wp-content\/uploads\/2023\/05\/Padre-Eustaquio-e-nossa-senhora.jpeg","contentUrl":"https:\/\/www.padreeustaquio.com.br\/wp-content\/uploads\/2023\/05\/Padre-Eustaquio-e-nossa-senhora.jpeg","width":1600,"height":1086},{"@type":"BreadcrumbList","@id":"https:\/\/www.padreeustaquio.com.br\/palavra-do-beato-peca-a-mae-de-deus\/#breadcrumb","itemListElement":[{"@type":"ListItem","position":1,"name":"In\u00edcio","item":"https:\/\/www.padreeustaquio.com.br\/"},{"@type":"ListItem","position":2,"name":"Palavra do Beato: Pe\u00e7a \u00e0 m\u00e3e de Deus"}]},{"@type":"WebSite","@id":"https:\/\/www.padreeustaquio.com.br\/#website","url":"https:\/\/www.padreeustaquio.com.br\/","name":"FATHER EUST\u00c1QUIO","description":"Health and Peace","publisher":{"@id":"https:\/\/www.padreeustaquio.com.br\/#organization"},"potentialAction":[{"@type":"SearchAction","target":{"@type":"EntryPoint","urlTemplate":"https:\/\/www.padreeustaquio.com.br\/?s={search_term_string}"},"query-input":{"@type":"PropertyValueSpecification","valueRequired":true,"valueName":"search_term_string"}}],"inLanguage":"en-US"},{"@type":"Organization","@id":"https:\/\/www.padreeustaquio.com.br\/#organization","name":"FATHER EUST\u00c1QUIO","url":"https:\/\/www.padreeustaquio.com.br\/","logo":{"@type":"ImageObject","inLanguage":"en-US","@id":"https:\/\/www.padreeustaquio.com.br\/#\/schema\/logo\/image\/","url":"https:\/\/www.padreeustaquio.com.br\/wp-content\/uploads\/2019\/08\/marca.png","contentUrl":"https:\/\/www.padreeustaquio.com.br\/wp-content\/uploads\/2019\/08\/marca.png","width":350,"height":400,"caption":"Padre Eust\u00e1quio"},"image":{"@id":"https:\/\/www.padreeustaquio.com.br\/#\/schema\/logo\/image\/"},"sameAs":["https:\/\/www.facebook.com\/beatopadreeustaquio\/","https:\/\/x.com\/beatopeustaquio","https:\/\/www.instagram.com\/beatopadreeustaquio\/","https:\/\/www.youtube.com\/channel\/UCRhw7vfabnajwLxb1ZXMeIw"]},{"@type":"Person","@id":"https:\/\/www.padreeustaquio.com.br\/#\/schema\/person\/a2a51db1d00f1a7af0204a0f1ddb1566","name":"@sscc","image":{"@type":"ImageObject","inLanguage":"en-US","@id":"https:\/\/secure.gravatar.com\/avatar\/68cfafa5f44617fea54071e215026e0ff06be366c3d54a8425f04fdcb86f8c5f?s=96&d=mm&r=g","url":"https:\/\/secure.gravatar.com\/avatar\/68cfafa5f44617fea54071e215026e0ff06be366c3d54a8425f04fdcb86f8c5f?s=96&d=mm&r=g","contentUrl":"https:\/\/secure.gravatar.com\/avatar\/68cfafa5f44617fea54071e215026e0ff06be366c3d54a8425f04fdcb86f8c5f?s=96&d=mm&r=g","caption":"@sscc"},"url":"https:\/\/www.padreeustaquio.com.br\/en\/author\/sscc\/"}]}},"_links":{"self":[{"href":"https:\/\/www.padreeustaquio.com.br\/en\/wp-json\/wp\/v2\/posts\/10348","targetHints":{"allow":["GET"]}}],"collection":[{"href":"https:\/\/www.padreeustaquio.com.br\/en\/wp-json\/wp\/v2\/posts"}],"about":[{"href":"https:\/\/www.padreeustaquio.com.br\/en\/wp-json\/wp\/v2\/types\/post"}],"author":[{"embeddable":true,"href":"https:\/\/www.padreeustaquio.com.br\/en\/wp-json\/wp\/v2\/users\/2"}],"replies":[{"embeddable":true,"href":"https:\/\/www.padreeustaquio.com.br\/en\/wp-json\/wp\/v2\/comments?post=10348"}],"version-history":[{"count":0,"href":"https:\/\/www.padreeustaquio.com.br\/en\/wp-json\/wp\/v2\/posts\/10348\/revisions"}],"wp:featuredmedia":[{"embeddable":true,"href":"https:\/\/www.padreeustaquio.com.br\/en\/wp-json\/wp\/v2\/media\/10349"}],"wp:attachment":[{"href":"https:\/\/www.padreeustaquio.com.br\/en\/wp-json\/wp\/v2\/media?parent=10348"}],"wp:term":[{"taxonomy":"category","embeddable":true,"href":"https:\/\/www.padreeustaquio.com.br\/en\/wp-json\/wp\/v2\/categories?post=10348"},{"taxonomy":"post_tag","embeddable":true,"href":"https:\/\/www.padreeustaquio.com.br\/en\/wp-json\/wp\/v2\/tags?post=10348"}],"curies":[{"name":"wp","href":"https:\/\/api.w.org\/{rel}","templated":true}]}}