{"id":10339,"date":"2023-05-05T06:18:00","date_gmt":"2023-05-05T09:18:00","guid":{"rendered":"https:\/\/www.padreeustaquio.com.br\/?p=10339"},"modified":"2023-05-03T19:01:41","modified_gmt":"2023-05-03T22:01:41","slug":"vice-postulator-meets-with-postulator-general-in-rome","status":"publish","type":"post","link":"https:\/\/www.padreeustaquio.com.br\/en\/vice-postulator-meets-with-postulator-general-in-rome\/","title":{"rendered":"Vice-Postulator meets with Postulator General in Rome"},"content":{"rendered":"<p>Father Marcus Vin\u00edcius Maciel, SSCC, Vice-Postulator of the Cause for Canonization of Father Eust\u00e1quio, met this week with the Procurator General and Postulator of the processes of the Congregation of the Sacred Hearts, Father Andrzej Lukawski, SSCC, at the Congregation&#039;s headquarters in Rome, Italy. The two discussed the progress of Father Eust\u00e1quio&#039;s Canonization process.<\/p>\n\n\n\n<p>Father Vin\u00edcius was received at the General House of the Brothers by the Superior, Father Alberto Toutin, SSCC, and then he met with the Postulator for a conversation of just over an hour. Several points of the Canonization process were clarified, and the way everything should be done at this stage was aligned between the two representatives of Father Eust\u00e1quio&#039;s Cause.<\/p>\n\n\n\n<p>The canonization of Father Eustace now depends on the approval of one more miracle by the Dicastery for the Causes of Saints in the Vatican. All procedures established by the Holy See are being followed so that Father Eustace will soon be declared a Saint by the Catholic Church.<\/p>\n\n\n\n<p><\/p>\n\n\n\n<p><\/p>","protected":false},"excerpt":{"rendered":"<p>O padre Marcus Vin\u00edcius Maciel, SSCC, Vice-postulador da Causa de Canoniza\u00e7\u00e3o de Padre Eust\u00e1quio, se reuniu essa semana com o Procurador-Geral e Postulador dos processos da Congrega\u00e7\u00e3o dos Sagrados Cora\u00e7\u00f5es, Padre Andrzej Lukawski, SSCC, na sede da Congrega\u00e7\u00e3o em Roma, na It\u00e1lia. Os dois falaram sobre o andamento do processo de Canoniza\u00e7\u00e3o de Padre Eust\u00e1quio. Padre Vin\u00edcius foi recebido na Casa Geral dos Irm\u00e3os pelo Superior, Padre Alberto Toutin, SSCC, em seguida ele se encontrou com o Postulador para uma conversa de pouco mais de uma hora. Na pauta, v\u00e1rios pontos do processo de Canoniza\u00e7\u00e3o foram esclarecidos e a forma [&hellip;]<\/p>\n","protected":false},"author":2,"featured_media":10341,"comment_status":"open","ping_status":"closed","sticky":false,"template":"","format":"standard","meta":{"_acf_changed":false,"footnotes":""},"categories":[611],"tags":[],"class_list":["post-10339","post","type-post","status-publish","format-standard","has-post-thumbnail","hentry","category-noticias"],"acf":[],"yoast_head":"<!-- This site is optimized with the Yoast SEO plugin v27.2 - https:\/\/yoast.com\/product\/yoast-seo-wordpress\/ -->\n<title>Vice-postulador se encontra com Postulador-Geral em Roma<\/title>\n<meta name=\"description\" content=\"O padre Marcus Vin\u00edcius Maciel, SSCC, Vice-postulador da Causa de Canoniza\u00e7\u00e3o de Padre Eust\u00e1quio, se reuniu essa semana com o Procurador-Geral e Postulador dos processos da Congrega\u00e7\u00e3o dos Sagrados Cora\u00e7\u00f5es, Padre Andrzej Lukawski, SSCC, na sede da Congrega\u00e7\u00e3o em Roma, na It\u00e1lia. Os dois falaram sobre o andamento do processo de Canoniza\u00e7\u00e3o de Padre Eust\u00e1quio.\" \/>\n<meta name=\"robots\" content=\"index, follow, max-snippet:-1, max-image-preview:large, max-video-preview:-1\" \/>\n<link rel=\"canonical\" href=\"https:\/\/www.padreeustaquio.com.br\/en\/vice-postulator-meets-with-postulator-general-in-rome\/\" \/>\n<meta property=\"og:locale\" content=\"en_US\" \/>\n<meta property=\"og:type\" content=\"article\" \/>\n<meta property=\"og:title\" content=\"Vice-postulador se encontra com Postulador-Geral em Roma\" \/>\n<meta property=\"og:description\" content=\"O padre Marcus Vin\u00edcius Maciel, SSCC, Vice-postulador da Causa de Canoniza\u00e7\u00e3o de Padre Eust\u00e1quio, se reuniu essa semana com o Procurador-Geral e Postulador dos processos da Congrega\u00e7\u00e3o dos Sagrados Cora\u00e7\u00f5es, Padre Andrzej Lukawski, SSCC, na sede da Congrega\u00e7\u00e3o em Roma, na It\u00e1lia. Os dois falaram sobre o andamento do processo de Canoniza\u00e7\u00e3o de Padre Eust\u00e1quio.\" \/>\n<meta property=\"og:url\" content=\"https:\/\/www.padreeustaquio.com.br\/en\/vice-postulator-meets-with-postulator-general-in-rome\/\" \/>\n<meta property=\"og:site_name\" content=\"Padre Eust\u00e1quio\" \/>\n<meta property=\"article:publisher\" content=\"https:\/\/www.facebook.com\/beatopadreeustaquio\/\" \/>\n<meta property=\"article:published_time\" content=\"2023-05-05T09:18:00+00:00\" \/>\n<meta property=\"og:image\" content=\"https:\/\/www.padreeustaquio.com.br\/wp-content\/uploads\/2023\/05\/andrjez-e-vinicius-e1683151291964.jpeg\" \/>\n\t<meta property=\"og:image:width\" content=\"1600\" \/>\n\t<meta property=\"og:image:height\" content=\"884\" \/>\n\t<meta property=\"og:image:type\" content=\"image\/jpeg\" \/>\n<meta name=\"author\" content=\"@sscc\" \/>\n<meta name=\"twitter:card\" content=\"summary_large_image\" \/>\n<meta name=\"twitter:creator\" content=\"@beatopeustaquio\" \/>\n<meta name=\"twitter:site\" content=\"@beatopeustaquio\" \/>\n<meta name=\"twitter:label1\" content=\"Written by\" \/>\n\t<meta name=\"twitter:data1\" content=\"@sscc\" \/>\n\t<meta name=\"twitter:label2\" content=\"Est. reading time\" \/>\n\t<meta name=\"twitter:data2\" content=\"1 minute\" \/>\n<script type=\"application\/ld+json\" class=\"yoast-schema-graph\">{\"@context\":\"https:\/\/schema.org\",\"@graph\":[{\"@type\":\"Article\",\"@id\":\"https:\/\/www.padreeustaquio.com.br\/vice-postulador-se-encontra-com-postulador-geral-em-roma\/#article\",\"isPartOf\":{\"@id\":\"https:\/\/www.padreeustaquio.com.br\/vice-postulador-se-encontra-com-postulador-geral-em-roma\/\"},\"author\":{\"name\":\"@sscc\",\"@id\":\"https:\/\/www.padreeustaquio.com.br\/#\/schema\/person\/a2a51db1d00f1a7af0204a0f1ddb1566\"},\"headline\":\"Vice-postulador se encontra com Postulador-Geral em Roma\",\"datePublished\":\"2023-05-05T09:18:00+00:00\",\"mainEntityOfPage\":{\"@id\":\"https:\/\/www.padreeustaquio.com.br\/vice-postulador-se-encontra-com-postulador-geral-em-roma\/\"},\"wordCount\":190,\"commentCount\":0,\"publisher\":{\"@id\":\"https:\/\/www.padreeustaquio.com.br\/#organization\"},\"image\":{\"@id\":\"https:\/\/www.padreeustaquio.com.br\/vice-postulador-se-encontra-com-postulador-geral-em-roma\/#primaryimage\"},\"thumbnailUrl\":\"https:\/\/www.padreeustaquio.com.br\/wp-content\/uploads\/2023\/05\/andrjez-e-vinicius-e1683151291964.jpeg\",\"articleSection\":[\"Not\u00edcias\"],\"inLanguage\":\"en-US\",\"potentialAction\":[{\"@type\":\"CommentAction\",\"name\":\"Comment\",\"target\":[\"https:\/\/www.padreeustaquio.com.br\/vice-postulador-se-encontra-com-postulador-geral-em-roma\/#respond\"]}]},{\"@type\":\"WebPage\",\"@id\":\"https:\/\/www.padreeustaquio.com.br\/vice-postulador-se-encontra-com-postulador-geral-em-roma\/\",\"url\":\"https:\/\/www.padreeustaquio.com.br\/vice-postulador-se-encontra-com-postulador-geral-em-roma\/\",\"name\":\"Vice-postulador se encontra com Postulador-Geral em Roma\",\"isPartOf\":{\"@id\":\"https:\/\/www.padreeustaquio.com.br\/#website\"},\"primaryImageOfPage\":{\"@id\":\"https:\/\/www.padreeustaquio.com.br\/vice-postulador-se-encontra-com-postulador-geral-em-roma\/#primaryimage\"},\"image\":{\"@id\":\"https:\/\/www.padreeustaquio.com.br\/vice-postulador-se-encontra-com-postulador-geral-em-roma\/#primaryimage\"},\"thumbnailUrl\":\"https:\/\/www.padreeustaquio.com.br\/wp-content\/uploads\/2023\/05\/andrjez-e-vinicius-e1683151291964.jpeg\",\"datePublished\":\"2023-05-05T09:18:00+00:00\",\"description\":\"O padre Marcus Vin\u00edcius Maciel, SSCC, Vice-postulador da Causa de Canoniza\u00e7\u00e3o de Padre Eust\u00e1quio, se reuniu essa semana com o Procurador-Geral e Postulador dos processos da Congrega\u00e7\u00e3o dos Sagrados Cora\u00e7\u00f5es, Padre Andrzej Lukawski, SSCC, na sede da Congrega\u00e7\u00e3o em Roma, na It\u00e1lia. Os dois falaram sobre o andamento do processo de Canoniza\u00e7\u00e3o de Padre Eust\u00e1quio.\",\"breadcrumb\":{\"@id\":\"https:\/\/www.padreeustaquio.com.br\/vice-postulador-se-encontra-com-postulador-geral-em-roma\/#breadcrumb\"},\"inLanguage\":\"en-US\",\"potentialAction\":[{\"@type\":\"ReadAction\",\"target\":[\"https:\/\/www.padreeustaquio.com.br\/vice-postulador-se-encontra-com-postulador-geral-em-roma\/\"]}]},{\"@type\":\"ImageObject\",\"inLanguage\":\"en-US\",\"@id\":\"https:\/\/www.padreeustaquio.com.br\/vice-postulador-se-encontra-com-postulador-geral-em-roma\/#primaryimage\",\"url\":\"https:\/\/www.padreeustaquio.com.br\/wp-content\/uploads\/2023\/05\/andrjez-e-vinicius-e1683151291964.jpeg\",\"contentUrl\":\"https:\/\/www.padreeustaquio.com.br\/wp-content\/uploads\/2023\/05\/andrjez-e-vinicius-e1683151291964.jpeg\",\"width\":1600,\"height\":884},{\"@type\":\"BreadcrumbList\",\"@id\":\"https:\/\/www.padreeustaquio.com.br\/vice-postulador-se-encontra-com-postulador-geral-em-roma\/#breadcrumb\",\"itemListElement\":[{\"@type\":\"ListItem\",\"position\":1,\"name\":\"In\u00edcio\",\"item\":\"https:\/\/www.padreeustaquio.com.br\/\"},{\"@type\":\"ListItem\",\"position\":2,\"name\":\"Vice-postulador se encontra com Postulador-Geral em Roma\"}]},{\"@type\":\"WebSite\",\"@id\":\"https:\/\/www.padreeustaquio.com.br\/#website\",\"url\":\"https:\/\/www.padreeustaquio.com.br\/\",\"name\":\"Padre Eust\u00e1quio\",\"description\":\"Sa\u00fade e Paz\",\"publisher\":{\"@id\":\"https:\/\/www.padreeustaquio.com.br\/#organization\"},\"potentialAction\":[{\"@type\":\"SearchAction\",\"target\":{\"@type\":\"EntryPoint\",\"urlTemplate\":\"https:\/\/www.padreeustaquio.com.br\/?s={search_term_string}\"},\"query-input\":{\"@type\":\"PropertyValueSpecification\",\"valueRequired\":true,\"valueName\":\"search_term_string\"}}],\"inLanguage\":\"en-US\"},{\"@type\":\"Organization\",\"@id\":\"https:\/\/www.padreeustaquio.com.br\/#organization\",\"name\":\"Padre Eust\u00e1quio\",\"url\":\"https:\/\/www.padreeustaquio.com.br\/\",\"logo\":{\"@type\":\"ImageObject\",\"inLanguage\":\"en-US\",\"@id\":\"https:\/\/www.padreeustaquio.com.br\/#\/schema\/logo\/image\/\",\"url\":\"https:\/\/www.padreeustaquio.com.br\/wp-content\/uploads\/2019\/08\/marca.png\",\"contentUrl\":\"https:\/\/www.padreeustaquio.com.br\/wp-content\/uploads\/2019\/08\/marca.png\",\"width\":350,\"height\":400,\"caption\":\"Padre Eust\u00e1quio\"},\"image\":{\"@id\":\"https:\/\/www.padreeustaquio.com.br\/#\/schema\/logo\/image\/\"},\"sameAs\":[\"https:\/\/www.facebook.com\/beatopadreeustaquio\/\",\"https:\/\/x.com\/beatopeustaquio\",\"https:\/\/www.instagram.com\/beatopadreeustaquio\/\",\"https:\/\/www.youtube.com\/channel\/UCRhw7vfabnajwLxb1ZXMeIw\"]},{\"@type\":\"Person\",\"@id\":\"https:\/\/www.padreeustaquio.com.br\/#\/schema\/person\/a2a51db1d00f1a7af0204a0f1ddb1566\",\"name\":\"@sscc\",\"image\":{\"@type\":\"ImageObject\",\"inLanguage\":\"en-US\",\"@id\":\"https:\/\/secure.gravatar.com\/avatar\/68cfafa5f44617fea54071e215026e0ff06be366c3d54a8425f04fdcb86f8c5f?s=96&d=mm&r=g\",\"url\":\"https:\/\/secure.gravatar.com\/avatar\/68cfafa5f44617fea54071e215026e0ff06be366c3d54a8425f04fdcb86f8c5f?s=96&d=mm&r=g\",\"contentUrl\":\"https:\/\/secure.gravatar.com\/avatar\/68cfafa5f44617fea54071e215026e0ff06be366c3d54a8425f04fdcb86f8c5f?s=96&d=mm&r=g\",\"caption\":\"@sscc\"},\"url\":\"https:\/\/www.padreeustaquio.com.br\/en\/author\/sscc\/\"}]}<\/script>\n<!-- \/ Yoast SEO plugin. -->","yoast_head_json":{"title":"Vice-Postulator meets with Postulator General in Rome","description":"Father Marcus Vin\u00edcius Maciel, SSCC, Vice-Postulator of the Cause for Canonization of Father Eust\u00e1quio, met this week with the Procurator General and Postulator of the processes of the Congregation of the Sacred Hearts, Father Andrzej Lukawski, SSCC, at the Congregation&#039;s headquarters in Rome, Italy. The two discussed the progress of Father Eust\u00e1quio&#039;s Canonization process.","robots":{"index":"index","follow":"follow","max-snippet":"max-snippet:-1","max-image-preview":"max-image-preview:large","max-video-preview":"max-video-preview:-1"},"canonical":"https:\/\/www.padreeustaquio.com.br\/en\/vice-postulator-meets-with-postulator-general-in-rome\/","og_locale":"en_US","og_type":"article","og_title":"Vice-postulador se encontra com Postulador-Geral em Roma","og_description":"O padre Marcus Vin\u00edcius Maciel, SSCC, Vice-postulador da Causa de Canoniza\u00e7\u00e3o de Padre Eust\u00e1quio, se reuniu essa semana com o Procurador-Geral e Postulador dos processos da Congrega\u00e7\u00e3o dos Sagrados Cora\u00e7\u00f5es, Padre Andrzej Lukawski, SSCC, na sede da Congrega\u00e7\u00e3o em Roma, na It\u00e1lia. Os dois falaram sobre o andamento do processo de Canoniza\u00e7\u00e3o de Padre Eust\u00e1quio.","og_url":"https:\/\/www.padreeustaquio.com.br\/en\/vice-postulator-meets-with-postulator-general-in-rome\/","og_site_name":"Padre Eust\u00e1quio","article_publisher":"https:\/\/www.facebook.com\/beatopadreeustaquio\/","article_published_time":"2023-05-05T09:18:00+00:00","og_image":[{"width":1600,"height":884,"url":"https:\/\/www.padreeustaquio.com.br\/wp-content\/uploads\/2023\/05\/andrjez-e-vinicius-e1683151291964.jpeg","type":"image\/jpeg"}],"author":"@sscc","twitter_card":"summary_large_image","twitter_creator":"@beatopeustaquio","twitter_site":"@beatopeustaquio","twitter_misc":{"Written by":"@sscc","Est. reading time":"1 minute"},"schema":{"@context":"https:\/\/schema.org","@graph":[{"@type":"Article","@id":"https:\/\/www.padreeustaquio.com.br\/vice-postulador-se-encontra-com-postulador-geral-em-roma\/#article","isPartOf":{"@id":"https:\/\/www.padreeustaquio.com.br\/vice-postulador-se-encontra-com-postulador-geral-em-roma\/"},"author":{"name":"@sscc","@id":"https:\/\/www.padreeustaquio.com.br\/#\/schema\/person\/a2a51db1d00f1a7af0204a0f1ddb1566"},"headline":"Vice-postulador se encontra com Postulador-Geral em Roma","datePublished":"2023-05-05T09:18:00+00:00","mainEntityOfPage":{"@id":"https:\/\/www.padreeustaquio.com.br\/vice-postulador-se-encontra-com-postulador-geral-em-roma\/"},"wordCount":190,"commentCount":0,"publisher":{"@id":"https:\/\/www.padreeustaquio.com.br\/#organization"},"image":{"@id":"https:\/\/www.padreeustaquio.com.br\/vice-postulador-se-encontra-com-postulador-geral-em-roma\/#primaryimage"},"thumbnailUrl":"https:\/\/www.padreeustaquio.com.br\/wp-content\/uploads\/2023\/05\/andrjez-e-vinicius-e1683151291964.jpeg","articleSection":["Not\u00edcias"],"inLanguage":"en-US","potentialAction":[{"@type":"CommentAction","name":"Comment","target":["https:\/\/www.padreeustaquio.com.br\/vice-postulador-se-encontra-com-postulador-geral-em-roma\/#respond"]}]},{"@type":"WebPage","@id":"https:\/\/www.padreeustaquio.com.br\/vice-postulador-se-encontra-com-postulador-geral-em-roma\/","url":"https:\/\/www.padreeustaquio.com.br\/vice-postulador-se-encontra-com-postulador-geral-em-roma\/","name":"Vice-Postulator meets with Postulator General in Rome","isPartOf":{"@id":"https:\/\/www.padreeustaquio.com.br\/#website"},"primaryImageOfPage":{"@id":"https:\/\/www.padreeustaquio.com.br\/vice-postulador-se-encontra-com-postulador-geral-em-roma\/#primaryimage"},"image":{"@id":"https:\/\/www.padreeustaquio.com.br\/vice-postulador-se-encontra-com-postulador-geral-em-roma\/#primaryimage"},"thumbnailUrl":"https:\/\/www.padreeustaquio.com.br\/wp-content\/uploads\/2023\/05\/andrjez-e-vinicius-e1683151291964.jpeg","datePublished":"2023-05-05T09:18:00+00:00","description":"Father Marcus Vin\u00edcius Maciel, SSCC, Vice-Postulator of the Cause for Canonization of Father Eust\u00e1quio, met this week with the Procurator General and Postulator of the processes of the Congregation of the Sacred Hearts, Father Andrzej Lukawski, SSCC, at the Congregation&#039;s headquarters in Rome, Italy. The two discussed the progress of Father Eust\u00e1quio&#039;s Canonization process.","breadcrumb":{"@id":"https:\/\/www.padreeustaquio.com.br\/vice-postulador-se-encontra-com-postulador-geral-em-roma\/#breadcrumb"},"inLanguage":"en-US","potentialAction":[{"@type":"ReadAction","target":["https:\/\/www.padreeustaquio.com.br\/vice-postulador-se-encontra-com-postulador-geral-em-roma\/"]}]},{"@type":"ImageObject","inLanguage":"en-US","@id":"https:\/\/www.padreeustaquio.com.br\/vice-postulador-se-encontra-com-postulador-geral-em-roma\/#primaryimage","url":"https:\/\/www.padreeustaquio.com.br\/wp-content\/uploads\/2023\/05\/andrjez-e-vinicius-e1683151291964.jpeg","contentUrl":"https:\/\/www.padreeustaquio.com.br\/wp-content\/uploads\/2023\/05\/andrjez-e-vinicius-e1683151291964.jpeg","width":1600,"height":884},{"@type":"BreadcrumbList","@id":"https:\/\/www.padreeustaquio.com.br\/vice-postulador-se-encontra-com-postulador-geral-em-roma\/#breadcrumb","itemListElement":[{"@type":"ListItem","position":1,"name":"In\u00edcio","item":"https:\/\/www.padreeustaquio.com.br\/"},{"@type":"ListItem","position":2,"name":"Vice-postulador se encontra com Postulador-Geral em Roma"}]},{"@type":"WebSite","@id":"https:\/\/www.padreeustaquio.com.br\/#website","url":"https:\/\/www.padreeustaquio.com.br\/","name":"FATHER EUST\u00c1QUIO","description":"Health and Peace","publisher":{"@id":"https:\/\/www.padreeustaquio.com.br\/#organization"},"potentialAction":[{"@type":"SearchAction","target":{"@type":"EntryPoint","urlTemplate":"https:\/\/www.padreeustaquio.com.br\/?s={search_term_string}"},"query-input":{"@type":"PropertyValueSpecification","valueRequired":true,"valueName":"search_term_string"}}],"inLanguage":"en-US"},{"@type":"Organization","@id":"https:\/\/www.padreeustaquio.com.br\/#organization","name":"FATHER EUST\u00c1QUIO","url":"https:\/\/www.padreeustaquio.com.br\/","logo":{"@type":"ImageObject","inLanguage":"en-US","@id":"https:\/\/www.padreeustaquio.com.br\/#\/schema\/logo\/image\/","url":"https:\/\/www.padreeustaquio.com.br\/wp-content\/uploads\/2019\/08\/marca.png","contentUrl":"https:\/\/www.padreeustaquio.com.br\/wp-content\/uploads\/2019\/08\/marca.png","width":350,"height":400,"caption":"Padre Eust\u00e1quio"},"image":{"@id":"https:\/\/www.padreeustaquio.com.br\/#\/schema\/logo\/image\/"},"sameAs":["https:\/\/www.facebook.com\/beatopadreeustaquio\/","https:\/\/x.com\/beatopeustaquio","https:\/\/www.instagram.com\/beatopadreeustaquio\/","https:\/\/www.youtube.com\/channel\/UCRhw7vfabnajwLxb1ZXMeIw"]},{"@type":"Person","@id":"https:\/\/www.padreeustaquio.com.br\/#\/schema\/person\/a2a51db1d00f1a7af0204a0f1ddb1566","name":"@sscc","image":{"@type":"ImageObject","inLanguage":"en-US","@id":"https:\/\/secure.gravatar.com\/avatar\/68cfafa5f44617fea54071e215026e0ff06be366c3d54a8425f04fdcb86f8c5f?s=96&d=mm&r=g","url":"https:\/\/secure.gravatar.com\/avatar\/68cfafa5f44617fea54071e215026e0ff06be366c3d54a8425f04fdcb86f8c5f?s=96&d=mm&r=g","contentUrl":"https:\/\/secure.gravatar.com\/avatar\/68cfafa5f44617fea54071e215026e0ff06be366c3d54a8425f04fdcb86f8c5f?s=96&d=mm&r=g","caption":"@sscc"},"url":"https:\/\/www.padreeustaquio.com.br\/en\/author\/sscc\/"}]}},"_links":{"self":[{"href":"https:\/\/www.padreeustaquio.com.br\/en\/wp-json\/wp\/v2\/posts\/10339","targetHints":{"allow":["GET"]}}],"collection":[{"href":"https:\/\/www.padreeustaquio.com.br\/en\/wp-json\/wp\/v2\/posts"}],"about":[{"href":"https:\/\/www.padreeustaquio.com.br\/en\/wp-json\/wp\/v2\/types\/post"}],"author":[{"embeddable":true,"href":"https:\/\/www.padreeustaquio.com.br\/en\/wp-json\/wp\/v2\/users\/2"}],"replies":[{"embeddable":true,"href":"https:\/\/www.padreeustaquio.com.br\/en\/wp-json\/wp\/v2\/comments?post=10339"}],"version-history":[{"count":0,"href":"https:\/\/www.padreeustaquio.com.br\/en\/wp-json\/wp\/v2\/posts\/10339\/revisions"}],"wp:featuredmedia":[{"embeddable":true,"href":"https:\/\/www.padreeustaquio.com.br\/en\/wp-json\/wp\/v2\/media\/10341"}],"wp:attachment":[{"href":"https:\/\/www.padreeustaquio.com.br\/en\/wp-json\/wp\/v2\/media?parent=10339"}],"wp:term":[{"taxonomy":"category","embeddable":true,"href":"https:\/\/www.padreeustaquio.com.br\/en\/wp-json\/wp\/v2\/categories?post=10339"},{"taxonomy":"post_tag","embeddable":true,"href":"https:\/\/www.padreeustaquio.com.br\/en\/wp-json\/wp\/v2\/tags?post=10339"}],"curies":[{"name":"wp","href":"https:\/\/api.w.org\/{rel}","templated":true}]}}