{"id":10336,"date":"2023-05-04T12:00:00","date_gmt":"2023-05-04T15:00:00","guid":{"rendered":"https:\/\/www.padreeustaquio.com.br\/?p=10336"},"modified":"2023-05-03T17:16:09","modified_gmt":"2023-05-03T20:16:09","slug":"missionary-childhood-holds-pre-congress-at-the-health-and-peace-sanctuary","status":"publish","type":"post","link":"https:\/\/www.padreeustaquio.com.br\/en\/missionary-childhood-holds-pre-congress-at-the-health-and-peace-sanctuary\/","title":{"rendered":"Missionary Childhood holds pre-Congress at the Sanctuary of Health and Peace"},"content":{"rendered":"<p>This weekend, the Archdiocesan Sanctuary of Health and Peace, the Church of Blessed Father Eust\u00e1quio, will host the pre-Congress of Missionary Childhood and Adolescence. The event precedes the 7th State Meeting, which will also take place at the Sanctuary in July. Around 100 children and teenagers active in the archdiocese are expected to attend. <\/p>\n\n\n\n<p>Scheduled for this Sunday, May 7th, the pre-congress will feature lectures, recreational activities, celebrations, and plenty of sharing of experiences among children and teenagers participating in the IAM Movement in the Archdiocese of Belo Horizonte.<\/p>\n\n\n\n<p>During the event, there will be a Consecration of the children to Our Lady, as is customary for those who have been involved in the IAM (Infancy and Adolescence Missionary) for at least a year. Those who have already been consecrated renew their commitments to the Church and to evangelization among other children.<\/p>\n\n\n\n<p>To conclude the event, everyone is invited to participate in the Holy Mass at 10:00 AM, which will be broadcast on the Padre Eust\u00e1quio Channel on YouTube.<\/p>\n\n\n\n<p>The pre-Congress is a preparation for the 7th State Meeting, which will take place between July 21st and 23rd, also at the Sanctuary in Belo Horizonte-MG. The July event will have as its theme: \u201cThe joy of communion in mission\u201d and as its motto: \u201cBurning hearts, feet on the way\u201d (Lk 24:32-33). The event will include children from the Missionary Childhood and Adolescence program from various parts of the state.<\/p>\n\n\n\n<p><\/p>","protected":false},"excerpt":{"rendered":"<p>Neste final de semana o Santu\u00e1rio Arquidiocesano da Sa\u00fade e da Paz, a Igreja do Beato Padre Eust\u00e1quio, recebe o pr\u00e9-Congresso da Inf\u00e2ncia e Adolesc\u00eancia Mission\u00e1ria. O evento antecede ao 7\u00ba Encontro Estadual que ir\u00e1 acontecer em julho tamb\u00e9m no Santu\u00e1rio. S\u00e3o esperadas cerca de 100 crian\u00e7as e adolescentes atuantes na arquidiocese. Marcado para ser neste domingo, dia 7 de maio, o pr\u00e9-congresso ter\u00e1 palestras, atividades de recrea\u00e7\u00e3o, celebra\u00e7\u00f5es e muita troca de experi\u00eancia entre crian\u00e7as e adolescentes que participam do Movimento da IAM na Arquidiocese de Belo Horizonte. Durante o evento haver\u00e1 a Consagra\u00e7\u00e3o das crian\u00e7as \u00e0 Nossa Senhora [&hellip;]<\/p>\n","protected":false},"author":2,"featured_media":10337,"comment_status":"open","ping_status":"closed","sticky":false,"template":"","format":"standard","meta":{"_acf_changed":false,"footnotes":""},"categories":[611],"tags":[],"class_list":["post-10336","post","type-post","status-publish","format-standard","has-post-thumbnail","hentry","category-noticias"],"acf":[],"yoast_head":"<!-- This site is optimized with the Yoast SEO plugin v27.2 - https:\/\/yoast.com\/product\/yoast-seo-wordpress\/ -->\n<title>Inf\u00e2ncia Mission\u00e1ria realiza pr\u00e9-Congresso no Santu\u00e1rio da Sa\u00fade e da Paz - Padre Eust\u00e1quio<\/title>\n<meta name=\"robots\" content=\"index, follow, max-snippet:-1, max-image-preview:large, max-video-preview:-1\" \/>\n<link rel=\"canonical\" href=\"https:\/\/www.padreeustaquio.com.br\/en\/missionary-childhood-holds-pre-congress-at-the-health-and-peace-sanctuary\/\" \/>\n<meta property=\"og:locale\" content=\"en_US\" \/>\n<meta property=\"og:type\" content=\"article\" \/>\n<meta property=\"og:title\" content=\"Inf\u00e2ncia Mission\u00e1ria realiza pr\u00e9-Congresso no Santu\u00e1rio da Sa\u00fade e da Paz - Padre Eust\u00e1quio\" \/>\n<meta property=\"og:description\" content=\"Neste final de semana o Santu\u00e1rio Arquidiocesano da Sa\u00fade e da Paz, a Igreja do Beato Padre Eust\u00e1quio, recebe o pr\u00e9-Congresso da Inf\u00e2ncia e Adolesc\u00eancia Mission\u00e1ria. O evento antecede ao 7\u00ba Encontro Estadual que ir\u00e1 acontecer em julho tamb\u00e9m no Santu\u00e1rio. S\u00e3o esperadas cerca de 100 crian\u00e7as e adolescentes atuantes na arquidiocese. Marcado para ser neste domingo, dia 7 de maio, o pr\u00e9-congresso ter\u00e1 palestras, atividades de recrea\u00e7\u00e3o, celebra\u00e7\u00f5es e muita troca de experi\u00eancia entre crian\u00e7as e adolescentes que participam do Movimento da IAM na Arquidiocese de Belo Horizonte. Durante o evento haver\u00e1 a Consagra\u00e7\u00e3o das crian\u00e7as \u00e0 Nossa Senhora [&hellip;]\" \/>\n<meta property=\"og:url\" content=\"https:\/\/www.padreeustaquio.com.br\/en\/missionary-childhood-holds-pre-congress-at-the-health-and-peace-sanctuary\/\" \/>\n<meta property=\"og:site_name\" content=\"Padre Eust\u00e1quio\" \/>\n<meta property=\"article:publisher\" content=\"https:\/\/www.facebook.com\/beatopadreeustaquio\/\" \/>\n<meta property=\"article:published_time\" content=\"2023-05-04T15:00:00+00:00\" \/>\n<meta property=\"og:image\" content=\"https:\/\/www.padreeustaquio.com.br\/wp-content\/uploads\/2023\/05\/pre-congresso-iam.jpg\" \/>\n\t<meta property=\"og:image:width\" content=\"748\" \/>\n\t<meta property=\"og:image:height\" content=\"394\" \/>\n\t<meta property=\"og:image:type\" content=\"image\/jpeg\" \/>\n<meta name=\"author\" content=\"@sscc\" \/>\n<meta name=\"twitter:card\" content=\"summary_large_image\" \/>\n<meta name=\"twitter:creator\" content=\"@beatopeustaquio\" \/>\n<meta name=\"twitter:site\" content=\"@beatopeustaquio\" \/>\n<meta name=\"twitter:label1\" content=\"Written by\" \/>\n\t<meta name=\"twitter:data1\" content=\"@sscc\" \/>\n\t<meta name=\"twitter:label2\" content=\"Est. reading time\" \/>\n\t<meta name=\"twitter:data2\" content=\"2 minutes\" \/>\n<script type=\"application\/ld+json\" class=\"yoast-schema-graph\">{\"@context\":\"https:\/\/schema.org\",\"@graph\":[{\"@type\":\"Article\",\"@id\":\"https:\/\/www.padreeustaquio.com.br\/infancia-missionaria-realiza-pre-congresso-no-santuario-da-saude-e-da-paz\/#article\",\"isPartOf\":{\"@id\":\"https:\/\/www.padreeustaquio.com.br\/infancia-missionaria-realiza-pre-congresso-no-santuario-da-saude-e-da-paz\/\"},\"author\":{\"name\":\"@sscc\",\"@id\":\"https:\/\/www.padreeustaquio.com.br\/#\/schema\/person\/a2a51db1d00f1a7af0204a0f1ddb1566\"},\"headline\":\"Inf\u00e2ncia Mission\u00e1ria realiza pr\u00e9-Congresso no Santu\u00e1rio da Sa\u00fade e da Paz\",\"datePublished\":\"2023-05-04T15:00:00+00:00\",\"mainEntityOfPage\":{\"@id\":\"https:\/\/www.padreeustaquio.com.br\/infancia-missionaria-realiza-pre-congresso-no-santuario-da-saude-e-da-paz\/\"},\"wordCount\":265,\"commentCount\":0,\"publisher\":{\"@id\":\"https:\/\/www.padreeustaquio.com.br\/#organization\"},\"image\":{\"@id\":\"https:\/\/www.padreeustaquio.com.br\/infancia-missionaria-realiza-pre-congresso-no-santuario-da-saude-e-da-paz\/#primaryimage\"},\"thumbnailUrl\":\"https:\/\/www.padreeustaquio.com.br\/wp-content\/uploads\/2023\/05\/pre-congresso-iam.jpg\",\"articleSection\":[\"Not\u00edcias\"],\"inLanguage\":\"en-US\",\"potentialAction\":[{\"@type\":\"CommentAction\",\"name\":\"Comment\",\"target\":[\"https:\/\/www.padreeustaquio.com.br\/infancia-missionaria-realiza-pre-congresso-no-santuario-da-saude-e-da-paz\/#respond\"]}]},{\"@type\":\"WebPage\",\"@id\":\"https:\/\/www.padreeustaquio.com.br\/infancia-missionaria-realiza-pre-congresso-no-santuario-da-saude-e-da-paz\/\",\"url\":\"https:\/\/www.padreeustaquio.com.br\/infancia-missionaria-realiza-pre-congresso-no-santuario-da-saude-e-da-paz\/\",\"name\":\"Inf\u00e2ncia Mission\u00e1ria realiza pr\u00e9-Congresso no Santu\u00e1rio da Sa\u00fade e da Paz - Padre Eust\u00e1quio\",\"isPartOf\":{\"@id\":\"https:\/\/www.padreeustaquio.com.br\/#website\"},\"primaryImageOfPage\":{\"@id\":\"https:\/\/www.padreeustaquio.com.br\/infancia-missionaria-realiza-pre-congresso-no-santuario-da-saude-e-da-paz\/#primaryimage\"},\"image\":{\"@id\":\"https:\/\/www.padreeustaquio.com.br\/infancia-missionaria-realiza-pre-congresso-no-santuario-da-saude-e-da-paz\/#primaryimage\"},\"thumbnailUrl\":\"https:\/\/www.padreeustaquio.com.br\/wp-content\/uploads\/2023\/05\/pre-congresso-iam.jpg\",\"datePublished\":\"2023-05-04T15:00:00+00:00\",\"breadcrumb\":{\"@id\":\"https:\/\/www.padreeustaquio.com.br\/infancia-missionaria-realiza-pre-congresso-no-santuario-da-saude-e-da-paz\/#breadcrumb\"},\"inLanguage\":\"en-US\",\"potentialAction\":[{\"@type\":\"ReadAction\",\"target\":[\"https:\/\/www.padreeustaquio.com.br\/infancia-missionaria-realiza-pre-congresso-no-santuario-da-saude-e-da-paz\/\"]}]},{\"@type\":\"ImageObject\",\"inLanguage\":\"en-US\",\"@id\":\"https:\/\/www.padreeustaquio.com.br\/infancia-missionaria-realiza-pre-congresso-no-santuario-da-saude-e-da-paz\/#primaryimage\",\"url\":\"https:\/\/www.padreeustaquio.com.br\/wp-content\/uploads\/2023\/05\/pre-congresso-iam.jpg\",\"contentUrl\":\"https:\/\/www.padreeustaquio.com.br\/wp-content\/uploads\/2023\/05\/pre-congresso-iam.jpg\",\"width\":748,\"height\":394},{\"@type\":\"BreadcrumbList\",\"@id\":\"https:\/\/www.padreeustaquio.com.br\/infancia-missionaria-realiza-pre-congresso-no-santuario-da-saude-e-da-paz\/#breadcrumb\",\"itemListElement\":[{\"@type\":\"ListItem\",\"position\":1,\"name\":\"In\u00edcio\",\"item\":\"https:\/\/www.padreeustaquio.com.br\/\"},{\"@type\":\"ListItem\",\"position\":2,\"name\":\"Inf\u00e2ncia Mission\u00e1ria realiza pr\u00e9-Congresso no Santu\u00e1rio da Sa\u00fade e da Paz\"}]},{\"@type\":\"WebSite\",\"@id\":\"https:\/\/www.padreeustaquio.com.br\/#website\",\"url\":\"https:\/\/www.padreeustaquio.com.br\/\",\"name\":\"Padre Eust\u00e1quio\",\"description\":\"Sa\u00fade e Paz\",\"publisher\":{\"@id\":\"https:\/\/www.padreeustaquio.com.br\/#organization\"},\"potentialAction\":[{\"@type\":\"SearchAction\",\"target\":{\"@type\":\"EntryPoint\",\"urlTemplate\":\"https:\/\/www.padreeustaquio.com.br\/?s={search_term_string}\"},\"query-input\":{\"@type\":\"PropertyValueSpecification\",\"valueRequired\":true,\"valueName\":\"search_term_string\"}}],\"inLanguage\":\"en-US\"},{\"@type\":\"Organization\",\"@id\":\"https:\/\/www.padreeustaquio.com.br\/#organization\",\"name\":\"Padre Eust\u00e1quio\",\"url\":\"https:\/\/www.padreeustaquio.com.br\/\",\"logo\":{\"@type\":\"ImageObject\",\"inLanguage\":\"en-US\",\"@id\":\"https:\/\/www.padreeustaquio.com.br\/#\/schema\/logo\/image\/\",\"url\":\"https:\/\/www.padreeustaquio.com.br\/wp-content\/uploads\/2019\/08\/marca.png\",\"contentUrl\":\"https:\/\/www.padreeustaquio.com.br\/wp-content\/uploads\/2019\/08\/marca.png\",\"width\":350,\"height\":400,\"caption\":\"Padre Eust\u00e1quio\"},\"image\":{\"@id\":\"https:\/\/www.padreeustaquio.com.br\/#\/schema\/logo\/image\/\"},\"sameAs\":[\"https:\/\/www.facebook.com\/beatopadreeustaquio\/\",\"https:\/\/x.com\/beatopeustaquio\",\"https:\/\/www.instagram.com\/beatopadreeustaquio\/\",\"https:\/\/www.youtube.com\/channel\/UCRhw7vfabnajwLxb1ZXMeIw\"]},{\"@type\":\"Person\",\"@id\":\"https:\/\/www.padreeustaquio.com.br\/#\/schema\/person\/a2a51db1d00f1a7af0204a0f1ddb1566\",\"name\":\"@sscc\",\"image\":{\"@type\":\"ImageObject\",\"inLanguage\":\"en-US\",\"@id\":\"https:\/\/secure.gravatar.com\/avatar\/68cfafa5f44617fea54071e215026e0ff06be366c3d54a8425f04fdcb86f8c5f?s=96&d=mm&r=g\",\"url\":\"https:\/\/secure.gravatar.com\/avatar\/68cfafa5f44617fea54071e215026e0ff06be366c3d54a8425f04fdcb86f8c5f?s=96&d=mm&r=g\",\"contentUrl\":\"https:\/\/secure.gravatar.com\/avatar\/68cfafa5f44617fea54071e215026e0ff06be366c3d54a8425f04fdcb86f8c5f?s=96&d=mm&r=g\",\"caption\":\"@sscc\"},\"url\":\"https:\/\/www.padreeustaquio.com.br\/en\/author\/sscc\/\"}]}<\/script>\n<!-- \/ Yoast SEO plugin. -->","yoast_head_json":{"title":"Missionary Childhood holds pre-Congress at the Sanctuary of Health and Peace - Father Eust\u00e1quio","robots":{"index":"index","follow":"follow","max-snippet":"max-snippet:-1","max-image-preview":"max-image-preview:large","max-video-preview":"max-video-preview:-1"},"canonical":"https:\/\/www.padreeustaquio.com.br\/en\/missionary-childhood-holds-pre-congress-at-the-health-and-peace-sanctuary\/","og_locale":"en_US","og_type":"article","og_title":"Inf\u00e2ncia Mission\u00e1ria realiza pr\u00e9-Congresso no Santu\u00e1rio da Sa\u00fade e da Paz - Padre Eust\u00e1quio","og_description":"Neste final de semana o Santu\u00e1rio Arquidiocesano da Sa\u00fade e da Paz, a Igreja do Beato Padre Eust\u00e1quio, recebe o pr\u00e9-Congresso da Inf\u00e2ncia e Adolesc\u00eancia Mission\u00e1ria. O evento antecede ao 7\u00ba Encontro Estadual que ir\u00e1 acontecer em julho tamb\u00e9m no Santu\u00e1rio. S\u00e3o esperadas cerca de 100 crian\u00e7as e adolescentes atuantes na arquidiocese. Marcado para ser neste domingo, dia 7 de maio, o pr\u00e9-congresso ter\u00e1 palestras, atividades de recrea\u00e7\u00e3o, celebra\u00e7\u00f5es e muita troca de experi\u00eancia entre crian\u00e7as e adolescentes que participam do Movimento da IAM na Arquidiocese de Belo Horizonte. Durante o evento haver\u00e1 a Consagra\u00e7\u00e3o das crian\u00e7as \u00e0 Nossa Senhora [&hellip;]","og_url":"https:\/\/www.padreeustaquio.com.br\/en\/missionary-childhood-holds-pre-congress-at-the-health-and-peace-sanctuary\/","og_site_name":"Padre Eust\u00e1quio","article_publisher":"https:\/\/www.facebook.com\/beatopadreeustaquio\/","article_published_time":"2023-05-04T15:00:00+00:00","og_image":[{"width":748,"height":394,"url":"https:\/\/www.padreeustaquio.com.br\/wp-content\/uploads\/2023\/05\/pre-congresso-iam.jpg","type":"image\/jpeg"}],"author":"@sscc","twitter_card":"summary_large_image","twitter_creator":"@beatopeustaquio","twitter_site":"@beatopeustaquio","twitter_misc":{"Written by":"@sscc","Est. reading time":"2 minutes"},"schema":{"@context":"https:\/\/schema.org","@graph":[{"@type":"Article","@id":"https:\/\/www.padreeustaquio.com.br\/infancia-missionaria-realiza-pre-congresso-no-santuario-da-saude-e-da-paz\/#article","isPartOf":{"@id":"https:\/\/www.padreeustaquio.com.br\/infancia-missionaria-realiza-pre-congresso-no-santuario-da-saude-e-da-paz\/"},"author":{"name":"@sscc","@id":"https:\/\/www.padreeustaquio.com.br\/#\/schema\/person\/a2a51db1d00f1a7af0204a0f1ddb1566"},"headline":"Inf\u00e2ncia Mission\u00e1ria realiza pr\u00e9-Congresso no Santu\u00e1rio da Sa\u00fade e da Paz","datePublished":"2023-05-04T15:00:00+00:00","mainEntityOfPage":{"@id":"https:\/\/www.padreeustaquio.com.br\/infancia-missionaria-realiza-pre-congresso-no-santuario-da-saude-e-da-paz\/"},"wordCount":265,"commentCount":0,"publisher":{"@id":"https:\/\/www.padreeustaquio.com.br\/#organization"},"image":{"@id":"https:\/\/www.padreeustaquio.com.br\/infancia-missionaria-realiza-pre-congresso-no-santuario-da-saude-e-da-paz\/#primaryimage"},"thumbnailUrl":"https:\/\/www.padreeustaquio.com.br\/wp-content\/uploads\/2023\/05\/pre-congresso-iam.jpg","articleSection":["Not\u00edcias"],"inLanguage":"en-US","potentialAction":[{"@type":"CommentAction","name":"Comment","target":["https:\/\/www.padreeustaquio.com.br\/infancia-missionaria-realiza-pre-congresso-no-santuario-da-saude-e-da-paz\/#respond"]}]},{"@type":"WebPage","@id":"https:\/\/www.padreeustaquio.com.br\/infancia-missionaria-realiza-pre-congresso-no-santuario-da-saude-e-da-paz\/","url":"https:\/\/www.padreeustaquio.com.br\/infancia-missionaria-realiza-pre-congresso-no-santuario-da-saude-e-da-paz\/","name":"Missionary Childhood holds pre-Congress at the Sanctuary of Health and Peace - Father Eust\u00e1quio","isPartOf":{"@id":"https:\/\/www.padreeustaquio.com.br\/#website"},"primaryImageOfPage":{"@id":"https:\/\/www.padreeustaquio.com.br\/infancia-missionaria-realiza-pre-congresso-no-santuario-da-saude-e-da-paz\/#primaryimage"},"image":{"@id":"https:\/\/www.padreeustaquio.com.br\/infancia-missionaria-realiza-pre-congresso-no-santuario-da-saude-e-da-paz\/#primaryimage"},"thumbnailUrl":"https:\/\/www.padreeustaquio.com.br\/wp-content\/uploads\/2023\/05\/pre-congresso-iam.jpg","datePublished":"2023-05-04T15:00:00+00:00","breadcrumb":{"@id":"https:\/\/www.padreeustaquio.com.br\/infancia-missionaria-realiza-pre-congresso-no-santuario-da-saude-e-da-paz\/#breadcrumb"},"inLanguage":"en-US","potentialAction":[{"@type":"ReadAction","target":["https:\/\/www.padreeustaquio.com.br\/infancia-missionaria-realiza-pre-congresso-no-santuario-da-saude-e-da-paz\/"]}]},{"@type":"ImageObject","inLanguage":"en-US","@id":"https:\/\/www.padreeustaquio.com.br\/infancia-missionaria-realiza-pre-congresso-no-santuario-da-saude-e-da-paz\/#primaryimage","url":"https:\/\/www.padreeustaquio.com.br\/wp-content\/uploads\/2023\/05\/pre-congresso-iam.jpg","contentUrl":"https:\/\/www.padreeustaquio.com.br\/wp-content\/uploads\/2023\/05\/pre-congresso-iam.jpg","width":748,"height":394},{"@type":"BreadcrumbList","@id":"https:\/\/www.padreeustaquio.com.br\/infancia-missionaria-realiza-pre-congresso-no-santuario-da-saude-e-da-paz\/#breadcrumb","itemListElement":[{"@type":"ListItem","position":1,"name":"In\u00edcio","item":"https:\/\/www.padreeustaquio.com.br\/"},{"@type":"ListItem","position":2,"name":"Inf\u00e2ncia Mission\u00e1ria realiza pr\u00e9-Congresso no Santu\u00e1rio da Sa\u00fade e da Paz"}]},{"@type":"WebSite","@id":"https:\/\/www.padreeustaquio.com.br\/#website","url":"https:\/\/www.padreeustaquio.com.br\/","name":"FATHER EUST\u00c1QUIO","description":"Health and Peace","publisher":{"@id":"https:\/\/www.padreeustaquio.com.br\/#organization"},"potentialAction":[{"@type":"SearchAction","target":{"@type":"EntryPoint","urlTemplate":"https:\/\/www.padreeustaquio.com.br\/?s={search_term_string}"},"query-input":{"@type":"PropertyValueSpecification","valueRequired":true,"valueName":"search_term_string"}}],"inLanguage":"en-US"},{"@type":"Organization","@id":"https:\/\/www.padreeustaquio.com.br\/#organization","name":"FATHER EUST\u00c1QUIO","url":"https:\/\/www.padreeustaquio.com.br\/","logo":{"@type":"ImageObject","inLanguage":"en-US","@id":"https:\/\/www.padreeustaquio.com.br\/#\/schema\/logo\/image\/","url":"https:\/\/www.padreeustaquio.com.br\/wp-content\/uploads\/2019\/08\/marca.png","contentUrl":"https:\/\/www.padreeustaquio.com.br\/wp-content\/uploads\/2019\/08\/marca.png","width":350,"height":400,"caption":"Padre Eust\u00e1quio"},"image":{"@id":"https:\/\/www.padreeustaquio.com.br\/#\/schema\/logo\/image\/"},"sameAs":["https:\/\/www.facebook.com\/beatopadreeustaquio\/","https:\/\/x.com\/beatopeustaquio","https:\/\/www.instagram.com\/beatopadreeustaquio\/","https:\/\/www.youtube.com\/channel\/UCRhw7vfabnajwLxb1ZXMeIw"]},{"@type":"Person","@id":"https:\/\/www.padreeustaquio.com.br\/#\/schema\/person\/a2a51db1d00f1a7af0204a0f1ddb1566","name":"@sscc","image":{"@type":"ImageObject","inLanguage":"en-US","@id":"https:\/\/secure.gravatar.com\/avatar\/68cfafa5f44617fea54071e215026e0ff06be366c3d54a8425f04fdcb86f8c5f?s=96&d=mm&r=g","url":"https:\/\/secure.gravatar.com\/avatar\/68cfafa5f44617fea54071e215026e0ff06be366c3d54a8425f04fdcb86f8c5f?s=96&d=mm&r=g","contentUrl":"https:\/\/secure.gravatar.com\/avatar\/68cfafa5f44617fea54071e215026e0ff06be366c3d54a8425f04fdcb86f8c5f?s=96&d=mm&r=g","caption":"@sscc"},"url":"https:\/\/www.padreeustaquio.com.br\/en\/author\/sscc\/"}]}},"_links":{"self":[{"href":"https:\/\/www.padreeustaquio.com.br\/en\/wp-json\/wp\/v2\/posts\/10336","targetHints":{"allow":["GET"]}}],"collection":[{"href":"https:\/\/www.padreeustaquio.com.br\/en\/wp-json\/wp\/v2\/posts"}],"about":[{"href":"https:\/\/www.padreeustaquio.com.br\/en\/wp-json\/wp\/v2\/types\/post"}],"author":[{"embeddable":true,"href":"https:\/\/www.padreeustaquio.com.br\/en\/wp-json\/wp\/v2\/users\/2"}],"replies":[{"embeddable":true,"href":"https:\/\/www.padreeustaquio.com.br\/en\/wp-json\/wp\/v2\/comments?post=10336"}],"version-history":[{"count":0,"href":"https:\/\/www.padreeustaquio.com.br\/en\/wp-json\/wp\/v2\/posts\/10336\/revisions"}],"wp:featuredmedia":[{"embeddable":true,"href":"https:\/\/www.padreeustaquio.com.br\/en\/wp-json\/wp\/v2\/media\/10337"}],"wp:attachment":[{"href":"https:\/\/www.padreeustaquio.com.br\/en\/wp-json\/wp\/v2\/media?parent=10336"}],"wp:term":[{"taxonomy":"category","embeddable":true,"href":"https:\/\/www.padreeustaquio.com.br\/en\/wp-json\/wp\/v2\/categories?post=10336"},{"taxonomy":"post_tag","embeddable":true,"href":"https:\/\/www.padreeustaquio.com.br\/en\/wp-json\/wp\/v2\/tags?post=10336"}],"curies":[{"name":"wp","href":"https:\/\/api.w.org\/{rel}","templated":true}]}}