{"id":10328,"date":"2023-05-03T19:20:00","date_gmt":"2023-05-03T22:20:00","guid":{"rendered":"https:\/\/www.padreeustaquio.com.br\/?p=10328"},"modified":"2023-05-03T16:33:29","modified_gmt":"2023-05-03T19:33:29","slug":"the-brazilian-province-of-the-sacred-hearts-receives-relics-of-the-martyrs-of-picpus","status":"publish","type":"post","link":"https:\/\/www.padreeustaquio.com.br\/en\/the-brazilian-province-of-the-sacred-hearts-receives-relics-of-the-martyrs-of-picpus\/","title":{"rendered":"The Brazilian Province of the Sacred Hearts receives relics of the Martyrs of Picpus."},"content":{"rendered":"<p>Father Osv\u00e2nio Humberto Mariano, SSCC, provincial of Brazil and the Paraguay region, received from the hands of the Procurator General of the Congregation, Father Andrzej Lukawski, SSCC, a reliquary containing relics of the four Sacred Hearts priests beatified last week in Paris, France. The relics are of the first degree and will remain under the care of the Brazilian province.<\/p>\n\n\n<div class=\"wp-block-image\">\n<figure class=\"alignleft size-medium is-resized\"><img fetchpriority=\"high\" decoding=\"async\" src=\"https:\/\/www.padreeustaquio.com.br\/wp-content\/uploads\/2023\/05\/Osvanio-recebe-reliquias-1-225x300.jpeg\" alt=\"\" class=\"wp-image-10333\" width=\"255\" height=\"340\" srcset=\"https:\/\/www.padreeustaquio.com.br\/wp-content\/uploads\/2023\/05\/Osvanio-recebe-reliquias-1-225x300.jpeg 225w, https:\/\/www.padreeustaquio.com.br\/wp-content\/uploads\/2023\/05\/Osvanio-recebe-reliquias-1-768x1024.jpeg 768w, https:\/\/www.padreeustaquio.com.br\/wp-content\/uploads\/2023\/05\/Osvanio-recebe-reliquias-1-1152x1536.jpeg 1152w, https:\/\/www.padreeustaquio.com.br\/wp-content\/uploads\/2023\/05\/Osvanio-recebe-reliquias-1.jpeg 1200w\" sizes=\"(max-width: 255px) 100vw, 255px\" \/><\/figure>\n<\/div>\n\n\n<p>The presentation took place during the Holy Mass of Thanksgiving for the Beatification of the Martyrs of Picpus, in the chapel of the provincial house where the Congregation grew, on Rue de Picpus, in Paris. The ceremony, celebrated the day after the beatification, on April 23, was attended by provincials from various houses of the Congregation around the world.<\/p>\n\n\n\n<p><strong>The 4 Martyrs of Picpus<\/strong><\/p>\n\n\n\n<p><strong>Father Ladislas Radigue<\/strong> He was born in 1823. He joined the Congregation of the Sacred Hearts of Jesus and Mary in 1843, and was ordained in 1848. He became the Superior of the mother house of this congregation located in Picpus, east of Paris. He was arrested on April 12, 1871, by the authorities of the Commune.<\/p>\n\n\n\n<p><strong>Father Polycarpe Tuffier,<\/strong> He was born in 1807 and was also a member of the Congregation called Picpus since 1823. Ordained in 1830, he was a chaplain in Paris for a long period and later became procurator of his congregation at the mother house.<\/p>\n\n\n\n<p><strong>Father Marcelino Rouchouze,<\/strong> Born in 1810, he was the 3rd member of the Picpus Congregation. A professor of Latin, mathematics, and philosophy, he was sent to Belgium to work in the congregation&#039;s schools. At the age of 42, he was ordained a priest. He was in Paris during the Commune and was executed along with the other priests.<\/p>\n\n\n\n<p><strong>Father Fr\u00e9zal Tardieu<\/strong>, Born in 1814, he also belonged to the Picpus Community, having been ordained in 1840. He was a comforter of the afflicted in the institutions where he taught. He was a professor of dogmatic theology and general counselor of the Congregation at the Picpus motherhouse in Paris, when he was arrested and executed.<\/p>\n\n\n\n<p><\/p>","protected":false},"excerpt":{"rendered":"<p>O padre Osv\u00e2nio Humberto Mariano, SSCC, provincial do Brasil e regi\u00e3o do Paraguai, recebeu das m\u00e3os do Procurador-Geral da Congrega\u00e7\u00e3o, o Padre Andrzej Lukawski, SSCC, uma teca com rel\u00edquias dos quatro padres dos Sagrados Cora\u00e7\u00f5es beatificados na semana passada em Paris, na Fran\u00e7a. As rel\u00edquias s\u00e3o de primeiro grau e ficar\u00e3o sob a guarda da prov\u00edncia brasileira. A entrega aconteceu durante a Santa Missa em A\u00e7\u00e3o de Gra\u00e7as pela Beatifica\u00e7\u00e3o dos M\u00e1rtires de Picpus, na capela da casa provincial onde cresceu a Congrega\u00e7\u00e3o, na Rua de Picpus, em Paris. A cerim\u00f4nia celebrada no dia seguinte ao da beatifica\u00e7\u00e3o, em 23 [&hellip;]<\/p>\n","protected":false},"author":2,"featured_media":10329,"comment_status":"open","ping_status":"closed","sticky":false,"template":"","format":"standard","meta":{"_acf_changed":false,"footnotes":""},"categories":[611],"tags":[],"class_list":["post-10328","post","type-post","status-publish","format-standard","has-post-thumbnail","hentry","category-noticias"],"acf":[],"yoast_head":"<!-- This site is optimized with the Yoast SEO plugin v27.2 - https:\/\/yoast.com\/product\/yoast-seo-wordpress\/ -->\n<title>Prov\u00edncia brasileira dos Sagrados Cora\u00e7\u00f5es recebe Rel\u00edquias dos M\u00e1rtires de Picpus<\/title>\n<meta name=\"description\" content=\"O padre Osv\u00e2nio Humberto Mariano, SSCC, provincial do Brasil e regi\u00e3o do Paraguai, recebeu das m\u00e3os do Procurador Geral da Congrega\u00e7\u00e3o, o Padre Andrzej Lukawski, SSCC, uma teca com rel\u00edquias dos cinco padres beatificados na semana passada em Paris. As rel\u00edquias s\u00e3o de primeiro grau e ficar\u00e3o sob a guarda da prov\u00edncia brasileira.\" \/>\n<meta name=\"robots\" content=\"index, follow, max-snippet:-1, max-image-preview:large, max-video-preview:-1\" \/>\n<link rel=\"canonical\" href=\"https:\/\/www.padreeustaquio.com.br\/en\/the-brazilian-province-of-the-sacred-hearts-receives-relics-of-the-martyrs-of-picpus\/\" \/>\n<meta property=\"og:locale\" content=\"en_US\" \/>\n<meta property=\"og:type\" content=\"article\" \/>\n<meta property=\"og:title\" content=\"Prov\u00edncia brasileira dos Sagrados Cora\u00e7\u00f5es recebe Rel\u00edquias dos M\u00e1rtires de Picpus\" \/>\n<meta property=\"og:description\" content=\"O padre Osv\u00e2nio Humberto Mariano, SSCC, provincial do Brasil e regi\u00e3o do Paraguai, recebeu das m\u00e3os do Procurador Geral da Congrega\u00e7\u00e3o, o Padre Andrzej Lukawski, SSCC, uma teca com rel\u00edquias dos cinco padres beatificados na semana passada em Paris. As rel\u00edquias s\u00e3o de primeiro grau e ficar\u00e3o sob a guarda da prov\u00edncia brasileira.\" \/>\n<meta property=\"og:url\" content=\"https:\/\/www.padreeustaquio.com.br\/en\/the-brazilian-province-of-the-sacred-hearts-receives-relics-of-the-martyrs-of-picpus\/\" \/>\n<meta property=\"og:site_name\" content=\"Padre Eust\u00e1quio\" \/>\n<meta property=\"article:publisher\" content=\"https:\/\/www.facebook.com\/beatopadreeustaquio\/\" \/>\n<meta property=\"article:published_time\" content=\"2023-05-03T22:20:00+00:00\" \/>\n<meta property=\"og:image\" content=\"https:\/\/www.padreeustaquio.com.br\/wp-content\/uploads\/2023\/05\/Osvanio-recebe-reliquias.jpeg\" \/>\n\t<meta property=\"og:image:width\" content=\"1024\" \/>\n\t<meta property=\"og:image:height\" content=\"768\" \/>\n\t<meta property=\"og:image:type\" content=\"image\/jpeg\" \/>\n<meta name=\"author\" content=\"@sscc\" \/>\n<meta name=\"twitter:card\" content=\"summary_large_image\" \/>\n<meta name=\"twitter:creator\" content=\"@beatopeustaquio\" \/>\n<meta name=\"twitter:site\" content=\"@beatopeustaquio\" \/>\n<meta name=\"twitter:label1\" content=\"Written by\" \/>\n\t<meta name=\"twitter:data1\" content=\"@sscc\" \/>\n\t<meta name=\"twitter:label2\" content=\"Est. reading time\" \/>\n\t<meta name=\"twitter:data2\" content=\"2 minutes\" \/>\n<script type=\"application\/ld+json\" class=\"yoast-schema-graph\">{\"@context\":\"https:\/\/schema.org\",\"@graph\":[{\"@type\":\"Article\",\"@id\":\"https:\/\/www.padreeustaquio.com.br\/provincia-brasileira-dos-sagrados-coracoes-recebe-reliquias-dos-martires-de-picpus\/#article\",\"isPartOf\":{\"@id\":\"https:\/\/www.padreeustaquio.com.br\/provincia-brasileira-dos-sagrados-coracoes-recebe-reliquias-dos-martires-de-picpus\/\"},\"author\":{\"name\":\"@sscc\",\"@id\":\"https:\/\/www.padreeustaquio.com.br\/#\/schema\/person\/a2a51db1d00f1a7af0204a0f1ddb1566\"},\"headline\":\"Prov\u00edncia brasileira dos Sagrados Cora\u00e7\u00f5es recebe Rel\u00edquias dos M\u00e1rtires de Picpus\",\"datePublished\":\"2023-05-03T22:20:00+00:00\",\"mainEntityOfPage\":{\"@id\":\"https:\/\/www.padreeustaquio.com.br\/provincia-brasileira-dos-sagrados-coracoes-recebe-reliquias-dos-martires-de-picpus\/\"},\"wordCount\":341,\"commentCount\":0,\"publisher\":{\"@id\":\"https:\/\/www.padreeustaquio.com.br\/#organization\"},\"image\":{\"@id\":\"https:\/\/www.padreeustaquio.com.br\/provincia-brasileira-dos-sagrados-coracoes-recebe-reliquias-dos-martires-de-picpus\/#primaryimage\"},\"thumbnailUrl\":\"https:\/\/www.padreeustaquio.com.br\/wp-content\/uploads\/2023\/05\/Osvanio-recebe-reliquias.jpeg\",\"articleSection\":[\"Not\u00edcias\"],\"inLanguage\":\"en-US\",\"potentialAction\":[{\"@type\":\"CommentAction\",\"name\":\"Comment\",\"target\":[\"https:\/\/www.padreeustaquio.com.br\/provincia-brasileira-dos-sagrados-coracoes-recebe-reliquias-dos-martires-de-picpus\/#respond\"]}]},{\"@type\":\"WebPage\",\"@id\":\"https:\/\/www.padreeustaquio.com.br\/provincia-brasileira-dos-sagrados-coracoes-recebe-reliquias-dos-martires-de-picpus\/\",\"url\":\"https:\/\/www.padreeustaquio.com.br\/provincia-brasileira-dos-sagrados-coracoes-recebe-reliquias-dos-martires-de-picpus\/\",\"name\":\"Prov\u00edncia brasileira dos Sagrados Cora\u00e7\u00f5es recebe Rel\u00edquias dos M\u00e1rtires de Picpus\",\"isPartOf\":{\"@id\":\"https:\/\/www.padreeustaquio.com.br\/#website\"},\"primaryImageOfPage\":{\"@id\":\"https:\/\/www.padreeustaquio.com.br\/provincia-brasileira-dos-sagrados-coracoes-recebe-reliquias-dos-martires-de-picpus\/#primaryimage\"},\"image\":{\"@id\":\"https:\/\/www.padreeustaquio.com.br\/provincia-brasileira-dos-sagrados-coracoes-recebe-reliquias-dos-martires-de-picpus\/#primaryimage\"},\"thumbnailUrl\":\"https:\/\/www.padreeustaquio.com.br\/wp-content\/uploads\/2023\/05\/Osvanio-recebe-reliquias.jpeg\",\"datePublished\":\"2023-05-03T22:20:00+00:00\",\"description\":\"O padre Osv\u00e2nio Humberto Mariano, SSCC, provincial do Brasil e regi\u00e3o do Paraguai, recebeu das m\u00e3os do Procurador Geral da Congrega\u00e7\u00e3o, o Padre Andrzej Lukawski, SSCC, uma teca com rel\u00edquias dos cinco padres beatificados na semana passada em Paris. As rel\u00edquias s\u00e3o de primeiro grau e ficar\u00e3o sob a guarda da prov\u00edncia brasileira.\",\"breadcrumb\":{\"@id\":\"https:\/\/www.padreeustaquio.com.br\/provincia-brasileira-dos-sagrados-coracoes-recebe-reliquias-dos-martires-de-picpus\/#breadcrumb\"},\"inLanguage\":\"en-US\",\"potentialAction\":[{\"@type\":\"ReadAction\",\"target\":[\"https:\/\/www.padreeustaquio.com.br\/provincia-brasileira-dos-sagrados-coracoes-recebe-reliquias-dos-martires-de-picpus\/\"]}]},{\"@type\":\"ImageObject\",\"inLanguage\":\"en-US\",\"@id\":\"https:\/\/www.padreeustaquio.com.br\/provincia-brasileira-dos-sagrados-coracoes-recebe-reliquias-dos-martires-de-picpus\/#primaryimage\",\"url\":\"https:\/\/www.padreeustaquio.com.br\/wp-content\/uploads\/2023\/05\/Osvanio-recebe-reliquias.jpeg\",\"contentUrl\":\"https:\/\/www.padreeustaquio.com.br\/wp-content\/uploads\/2023\/05\/Osvanio-recebe-reliquias.jpeg\",\"width\":1024,\"height\":768},{\"@type\":\"BreadcrumbList\",\"@id\":\"https:\/\/www.padreeustaquio.com.br\/provincia-brasileira-dos-sagrados-coracoes-recebe-reliquias-dos-martires-de-picpus\/#breadcrumb\",\"itemListElement\":[{\"@type\":\"ListItem\",\"position\":1,\"name\":\"In\u00edcio\",\"item\":\"https:\/\/www.padreeustaquio.com.br\/\"},{\"@type\":\"ListItem\",\"position\":2,\"name\":\"Prov\u00edncia brasileira dos Sagrados Cora\u00e7\u00f5es recebe Rel\u00edquias dos M\u00e1rtires de Picpus\"}]},{\"@type\":\"WebSite\",\"@id\":\"https:\/\/www.padreeustaquio.com.br\/#website\",\"url\":\"https:\/\/www.padreeustaquio.com.br\/\",\"name\":\"Padre Eust\u00e1quio\",\"description\":\"Sa\u00fade e Paz\",\"publisher\":{\"@id\":\"https:\/\/www.padreeustaquio.com.br\/#organization\"},\"potentialAction\":[{\"@type\":\"SearchAction\",\"target\":{\"@type\":\"EntryPoint\",\"urlTemplate\":\"https:\/\/www.padreeustaquio.com.br\/?s={search_term_string}\"},\"query-input\":{\"@type\":\"PropertyValueSpecification\",\"valueRequired\":true,\"valueName\":\"search_term_string\"}}],\"inLanguage\":\"en-US\"},{\"@type\":\"Organization\",\"@id\":\"https:\/\/www.padreeustaquio.com.br\/#organization\",\"name\":\"Padre Eust\u00e1quio\",\"url\":\"https:\/\/www.padreeustaquio.com.br\/\",\"logo\":{\"@type\":\"ImageObject\",\"inLanguage\":\"en-US\",\"@id\":\"https:\/\/www.padreeustaquio.com.br\/#\/schema\/logo\/image\/\",\"url\":\"https:\/\/www.padreeustaquio.com.br\/wp-content\/uploads\/2019\/08\/marca.png\",\"contentUrl\":\"https:\/\/www.padreeustaquio.com.br\/wp-content\/uploads\/2019\/08\/marca.png\",\"width\":350,\"height\":400,\"caption\":\"Padre Eust\u00e1quio\"},\"image\":{\"@id\":\"https:\/\/www.padreeustaquio.com.br\/#\/schema\/logo\/image\/\"},\"sameAs\":[\"https:\/\/www.facebook.com\/beatopadreeustaquio\/\",\"https:\/\/x.com\/beatopeustaquio\",\"https:\/\/www.instagram.com\/beatopadreeustaquio\/\",\"https:\/\/www.youtube.com\/channel\/UCRhw7vfabnajwLxb1ZXMeIw\"]},{\"@type\":\"Person\",\"@id\":\"https:\/\/www.padreeustaquio.com.br\/#\/schema\/person\/a2a51db1d00f1a7af0204a0f1ddb1566\",\"name\":\"@sscc\",\"image\":{\"@type\":\"ImageObject\",\"inLanguage\":\"en-US\",\"@id\":\"https:\/\/secure.gravatar.com\/avatar\/68cfafa5f44617fea54071e215026e0ff06be366c3d54a8425f04fdcb86f8c5f?s=96&d=mm&r=g\",\"url\":\"https:\/\/secure.gravatar.com\/avatar\/68cfafa5f44617fea54071e215026e0ff06be366c3d54a8425f04fdcb86f8c5f?s=96&d=mm&r=g\",\"contentUrl\":\"https:\/\/secure.gravatar.com\/avatar\/68cfafa5f44617fea54071e215026e0ff06be366c3d54a8425f04fdcb86f8c5f?s=96&d=mm&r=g\",\"caption\":\"@sscc\"},\"url\":\"https:\/\/www.padreeustaquio.com.br\/en\/author\/sscc\/\"}]}<\/script>\n<!-- \/ Yoast SEO plugin. -->","yoast_head_json":{"title":"The Brazilian Province of the Sacred Hearts receives relics of the Martyrs of Picpus.","description":"Father Osv\u00e2nio Humberto Mariano, SSCC, provincial of Brazil and the Paraguay region, received from the hands of the Procurator General of the Congregation, Father Andrzej Lukawski, SSCC, a reliquary containing relics of the five priests beatified last week in Paris. The relics are of the first degree and will remain under the care of the Brazilian province.","robots":{"index":"index","follow":"follow","max-snippet":"max-snippet:-1","max-image-preview":"max-image-preview:large","max-video-preview":"max-video-preview:-1"},"canonical":"https:\/\/www.padreeustaquio.com.br\/en\/the-brazilian-province-of-the-sacred-hearts-receives-relics-of-the-martyrs-of-picpus\/","og_locale":"en_US","og_type":"article","og_title":"Prov\u00edncia brasileira dos Sagrados Cora\u00e7\u00f5es recebe Rel\u00edquias dos M\u00e1rtires de Picpus","og_description":"O padre Osv\u00e2nio Humberto Mariano, SSCC, provincial do Brasil e regi\u00e3o do Paraguai, recebeu das m\u00e3os do Procurador Geral da Congrega\u00e7\u00e3o, o Padre Andrzej Lukawski, SSCC, uma teca com rel\u00edquias dos cinco padres beatificados na semana passada em Paris. As rel\u00edquias s\u00e3o de primeiro grau e ficar\u00e3o sob a guarda da prov\u00edncia brasileira.","og_url":"https:\/\/www.padreeustaquio.com.br\/en\/the-brazilian-province-of-the-sacred-hearts-receives-relics-of-the-martyrs-of-picpus\/","og_site_name":"Padre Eust\u00e1quio","article_publisher":"https:\/\/www.facebook.com\/beatopadreeustaquio\/","article_published_time":"2023-05-03T22:20:00+00:00","og_image":[{"width":1024,"height":768,"url":"https:\/\/www.padreeustaquio.com.br\/wp-content\/uploads\/2023\/05\/Osvanio-recebe-reliquias.jpeg","type":"image\/jpeg"}],"author":"@sscc","twitter_card":"summary_large_image","twitter_creator":"@beatopeustaquio","twitter_site":"@beatopeustaquio","twitter_misc":{"Written by":"@sscc","Est. reading time":"2 minutes"},"schema":{"@context":"https:\/\/schema.org","@graph":[{"@type":"Article","@id":"https:\/\/www.padreeustaquio.com.br\/provincia-brasileira-dos-sagrados-coracoes-recebe-reliquias-dos-martires-de-picpus\/#article","isPartOf":{"@id":"https:\/\/www.padreeustaquio.com.br\/provincia-brasileira-dos-sagrados-coracoes-recebe-reliquias-dos-martires-de-picpus\/"},"author":{"name":"@sscc","@id":"https:\/\/www.padreeustaquio.com.br\/#\/schema\/person\/a2a51db1d00f1a7af0204a0f1ddb1566"},"headline":"Prov\u00edncia brasileira dos Sagrados Cora\u00e7\u00f5es recebe Rel\u00edquias dos M\u00e1rtires de Picpus","datePublished":"2023-05-03T22:20:00+00:00","mainEntityOfPage":{"@id":"https:\/\/www.padreeustaquio.com.br\/provincia-brasileira-dos-sagrados-coracoes-recebe-reliquias-dos-martires-de-picpus\/"},"wordCount":341,"commentCount":0,"publisher":{"@id":"https:\/\/www.padreeustaquio.com.br\/#organization"},"image":{"@id":"https:\/\/www.padreeustaquio.com.br\/provincia-brasileira-dos-sagrados-coracoes-recebe-reliquias-dos-martires-de-picpus\/#primaryimage"},"thumbnailUrl":"https:\/\/www.padreeustaquio.com.br\/wp-content\/uploads\/2023\/05\/Osvanio-recebe-reliquias.jpeg","articleSection":["Not\u00edcias"],"inLanguage":"en-US","potentialAction":[{"@type":"CommentAction","name":"Comment","target":["https:\/\/www.padreeustaquio.com.br\/provincia-brasileira-dos-sagrados-coracoes-recebe-reliquias-dos-martires-de-picpus\/#respond"]}]},{"@type":"WebPage","@id":"https:\/\/www.padreeustaquio.com.br\/provincia-brasileira-dos-sagrados-coracoes-recebe-reliquias-dos-martires-de-picpus\/","url":"https:\/\/www.padreeustaquio.com.br\/provincia-brasileira-dos-sagrados-coracoes-recebe-reliquias-dos-martires-de-picpus\/","name":"The Brazilian Province of the Sacred Hearts receives relics of the Martyrs of Picpus.","isPartOf":{"@id":"https:\/\/www.padreeustaquio.com.br\/#website"},"primaryImageOfPage":{"@id":"https:\/\/www.padreeustaquio.com.br\/provincia-brasileira-dos-sagrados-coracoes-recebe-reliquias-dos-martires-de-picpus\/#primaryimage"},"image":{"@id":"https:\/\/www.padreeustaquio.com.br\/provincia-brasileira-dos-sagrados-coracoes-recebe-reliquias-dos-martires-de-picpus\/#primaryimage"},"thumbnailUrl":"https:\/\/www.padreeustaquio.com.br\/wp-content\/uploads\/2023\/05\/Osvanio-recebe-reliquias.jpeg","datePublished":"2023-05-03T22:20:00+00:00","description":"Father Osv\u00e2nio Humberto Mariano, SSCC, provincial of Brazil and the Paraguay region, received from the hands of the Procurator General of the Congregation, Father Andrzej Lukawski, SSCC, a reliquary containing relics of the five priests beatified last week in Paris. The relics are of the first degree and will remain under the care of the Brazilian province.","breadcrumb":{"@id":"https:\/\/www.padreeustaquio.com.br\/provincia-brasileira-dos-sagrados-coracoes-recebe-reliquias-dos-martires-de-picpus\/#breadcrumb"},"inLanguage":"en-US","potentialAction":[{"@type":"ReadAction","target":["https:\/\/www.padreeustaquio.com.br\/provincia-brasileira-dos-sagrados-coracoes-recebe-reliquias-dos-martires-de-picpus\/"]}]},{"@type":"ImageObject","inLanguage":"en-US","@id":"https:\/\/www.padreeustaquio.com.br\/provincia-brasileira-dos-sagrados-coracoes-recebe-reliquias-dos-martires-de-picpus\/#primaryimage","url":"https:\/\/www.padreeustaquio.com.br\/wp-content\/uploads\/2023\/05\/Osvanio-recebe-reliquias.jpeg","contentUrl":"https:\/\/www.padreeustaquio.com.br\/wp-content\/uploads\/2023\/05\/Osvanio-recebe-reliquias.jpeg","width":1024,"height":768},{"@type":"BreadcrumbList","@id":"https:\/\/www.padreeustaquio.com.br\/provincia-brasileira-dos-sagrados-coracoes-recebe-reliquias-dos-martires-de-picpus\/#breadcrumb","itemListElement":[{"@type":"ListItem","position":1,"name":"In\u00edcio","item":"https:\/\/www.padreeustaquio.com.br\/"},{"@type":"ListItem","position":2,"name":"Prov\u00edncia brasileira dos Sagrados Cora\u00e7\u00f5es recebe Rel\u00edquias dos M\u00e1rtires de Picpus"}]},{"@type":"WebSite","@id":"https:\/\/www.padreeustaquio.com.br\/#website","url":"https:\/\/www.padreeustaquio.com.br\/","name":"FATHER EUST\u00c1QUIO","description":"Health and Peace","publisher":{"@id":"https:\/\/www.padreeustaquio.com.br\/#organization"},"potentialAction":[{"@type":"SearchAction","target":{"@type":"EntryPoint","urlTemplate":"https:\/\/www.padreeustaquio.com.br\/?s={search_term_string}"},"query-input":{"@type":"PropertyValueSpecification","valueRequired":true,"valueName":"search_term_string"}}],"inLanguage":"en-US"},{"@type":"Organization","@id":"https:\/\/www.padreeustaquio.com.br\/#organization","name":"FATHER EUST\u00c1QUIO","url":"https:\/\/www.padreeustaquio.com.br\/","logo":{"@type":"ImageObject","inLanguage":"en-US","@id":"https:\/\/www.padreeustaquio.com.br\/#\/schema\/logo\/image\/","url":"https:\/\/www.padreeustaquio.com.br\/wp-content\/uploads\/2019\/08\/marca.png","contentUrl":"https:\/\/www.padreeustaquio.com.br\/wp-content\/uploads\/2019\/08\/marca.png","width":350,"height":400,"caption":"Padre Eust\u00e1quio"},"image":{"@id":"https:\/\/www.padreeustaquio.com.br\/#\/schema\/logo\/image\/"},"sameAs":["https:\/\/www.facebook.com\/beatopadreeustaquio\/","https:\/\/x.com\/beatopeustaquio","https:\/\/www.instagram.com\/beatopadreeustaquio\/","https:\/\/www.youtube.com\/channel\/UCRhw7vfabnajwLxb1ZXMeIw"]},{"@type":"Person","@id":"https:\/\/www.padreeustaquio.com.br\/#\/schema\/person\/a2a51db1d00f1a7af0204a0f1ddb1566","name":"@sscc","image":{"@type":"ImageObject","inLanguage":"en-US","@id":"https:\/\/secure.gravatar.com\/avatar\/68cfafa5f44617fea54071e215026e0ff06be366c3d54a8425f04fdcb86f8c5f?s=96&d=mm&r=g","url":"https:\/\/secure.gravatar.com\/avatar\/68cfafa5f44617fea54071e215026e0ff06be366c3d54a8425f04fdcb86f8c5f?s=96&d=mm&r=g","contentUrl":"https:\/\/secure.gravatar.com\/avatar\/68cfafa5f44617fea54071e215026e0ff06be366c3d54a8425f04fdcb86f8c5f?s=96&d=mm&r=g","caption":"@sscc"},"url":"https:\/\/www.padreeustaquio.com.br\/en\/author\/sscc\/"}]}},"_links":{"self":[{"href":"https:\/\/www.padreeustaquio.com.br\/en\/wp-json\/wp\/v2\/posts\/10328","targetHints":{"allow":["GET"]}}],"collection":[{"href":"https:\/\/www.padreeustaquio.com.br\/en\/wp-json\/wp\/v2\/posts"}],"about":[{"href":"https:\/\/www.padreeustaquio.com.br\/en\/wp-json\/wp\/v2\/types\/post"}],"author":[{"embeddable":true,"href":"https:\/\/www.padreeustaquio.com.br\/en\/wp-json\/wp\/v2\/users\/2"}],"replies":[{"embeddable":true,"href":"https:\/\/www.padreeustaquio.com.br\/en\/wp-json\/wp\/v2\/comments?post=10328"}],"version-history":[{"count":0,"href":"https:\/\/www.padreeustaquio.com.br\/en\/wp-json\/wp\/v2\/posts\/10328\/revisions"}],"wp:featuredmedia":[{"embeddable":true,"href":"https:\/\/www.padreeustaquio.com.br\/en\/wp-json\/wp\/v2\/media\/10329"}],"wp:attachment":[{"href":"https:\/\/www.padreeustaquio.com.br\/en\/wp-json\/wp\/v2\/media?parent=10328"}],"wp:term":[{"taxonomy":"category","embeddable":true,"href":"https:\/\/www.padreeustaquio.com.br\/en\/wp-json\/wp\/v2\/categories?post=10328"},{"taxonomy":"post_tag","embeddable":true,"href":"https:\/\/www.padreeustaquio.com.br\/en\/wp-json\/wp\/v2\/tags?post=10328"}],"curies":[{"name":"wp","href":"https:\/\/api.w.org\/{rel}","templated":true}]}}