{"id":10324,"date":"2023-05-02T06:04:00","date_gmt":"2023-05-02T09:04:00","guid":{"rendered":"https:\/\/www.padreeustaquio.com.br\/?p=10324"},"modified":"2023-05-03T12:16:04","modified_gmt":"2023-05-03T15:16:04","slug":"the-padre-eustaquio-channel-broadcasts-the-novena-to-saint-damian-of-molokai","status":"publish","type":"post","link":"https:\/\/www.padreeustaquio.com.br\/en\/the-padre-eustaquio-channel-broadcasts-the-novena-to-saint-damian-of-molokai\/","title":{"rendered":"Padre Eust\u00e1quio Channel broadcasts Novena to Saint Damien of Molokai"},"content":{"rendered":"<p>Next Wednesday, May 10th, the Church celebrates the Feast Day of Saint Damien of Molokai, the missionary priest of the Sacred Hearts who lived among lepers on an island in Hawaii. The novena began on Monday, May 1st, and will continue until Tuesday, May 9th.<\/p>\n\n\n\n<p>The videos were recorded last year by the rector of the Sanctuary of Health and Peace, Father Vin\u00edcius Maciel, SSCC, using texts from the novena printed by the rector himself. Each day of the novena lasts about 8 minutes and includes prayers to the Saint and excerpts from his life story dedicated to the sick.<\/p>\n\n\n\n<p>In addition to being able to watch the individual videos whenever you want, devotees can also follow the novena being broadcast immediately after the 7 PM Mass on the Padre Eust\u00e1quio Channel. If you want to watch the videos and do the Novena, <a href=\"https:\/\/www.youtube.com\/watch?v=dQixkybM_kM&amp;list=PL7SBzddW7UznJ0FuMEzp-pkKeQZNj0JhO\" target=\"_blank\" rel=\"noreferrer noopener\">CLICK HERE <\/a>And pray with us each day to this great Saint of the Catholic Church.<\/p>\n\n\n\n<p><strong>Saint Damien of Molokai<\/strong><\/p>\n\n\n\n<p>Jozef de Veuster was born in Tremelo on January 3, 1840. Having entered the novitiate of the Congregation of the Sacred Hearts of Jesus and Mary, he adopted the name Damien. Influenced by his brother, who wanted to be a missionary in distant lands, he also decided to go to mission areas. He obtained permission to move to the Hawaiian archipelago. Thus, he arrived in Honolulu, the capital of the islands. There he received priestly ordination and began to dedicate himself particularly to the sick.<\/p>\n\n\n\n<p>At that time, those suffering from leprosy or Hansen&#039;s disease were sent and forced to live in a colony on the island of Molokai. Faced with the need for a priest to provide religious and spiritual care, Damien volunteered to take on this mission. Gradually, however, the holy missionary transformed Molokai. He built a church dedicated to Saint Philomena, a hospital, an infirmary, a school, and several houses on the island.<\/p>\n\n\n\n<p>In 1885, at the age of 49, Father Damien himself contracted leprosy. Offered to leave the island for treatment, Father Damien refused. Despite the pain, he continued God&#039;s work among those despised people. Shortly before his death, he witnessed the arrival of Father Wendelin and the Franciscan Sisters, who took over the infirmary. One of them was Blessed Mother Marianna Cope, who served the island&#039;s sick for over 30 years. Father Damien passed away on April 15, 1889, was beatified by Saint John Paul II in 1995, and canonized by Pope Benedict XVI in 2009.<\/p>\n\n\n\n<p>May 10th was chosen as the liturgical day for the remembrance of Saint Damien of Molokai because it was the day he arrived on the island to care for the lepers.<\/p>\n\n\n\n<p><\/p>","protected":false},"excerpt":{"rendered":"<p>Na pr\u00f3xima quarta-feira, dia 10 de maio, a Igreja celebra o Dia de S\u00e3o Dami\u00e3o de Molokai, o padre mission\u00e1rio dos Sagrados Cora\u00e7\u00f5es que viveu entre os hansenianos (leprosos) numa ilha do Hava\u00ed. A novena come\u00e7ou nessa segunda-feira, dia 1\u00ba de maio, e vai at\u00e9 o dia 9, ter\u00e7a-feira. Os v\u00eddeos foram gravados no ano passado pelo reitor do Santu\u00e1rio da Sa\u00fade e da Paz, o Padre Vin\u00edcius Maciel, SSCC, com textos da novena impressa feito pelo pr\u00f3prio reitor. Cada dia da novena tem uma dura\u00e7\u00e3o de cerca de 8 minutos e contempla ora\u00e7\u00f5es ao Santo e trechos de hist\u00f3ria [&hellip;]<\/p>\n","protected":false},"author":2,"featured_media":10325,"comment_status":"open","ping_status":"closed","sticky":false,"template":"","format":"standard","meta":{"_acf_changed":false,"footnotes":""},"categories":[611],"tags":[],"class_list":["post-10324","post","type-post","status-publish","format-standard","has-post-thumbnail","hentry","category-noticias"],"acf":[],"yoast_head":"<!-- This site is optimized with the Yoast SEO plugin v27.2 - https:\/\/yoast.com\/product\/yoast-seo-wordpress\/ -->\n<title>Canal Padre Eust\u00e1quio exibe Novena a S\u00e3o Dami\u00e3o de Molokai<\/title>\n<meta name=\"description\" content=\"Na pr\u00f3xima quarta-feira, dia 10 de maio, a Igreja celebra o Dia de S\u00e3o Dami\u00e3o de Molokai, o padre mission\u00e1rio dos Sagrados Cora\u00e7\u00f5es que viveu entre os hansenianos (leprosos) numa ilha do Hava\u00ed. A novena come\u00e7ou nessa segunda-feira, dia 1\u00ba de maio, e vai at\u00e9 o dia 9, ter\u00e7a-feira.\" \/>\n<meta name=\"robots\" content=\"index, follow, max-snippet:-1, max-image-preview:large, max-video-preview:-1\" \/>\n<link rel=\"canonical\" href=\"https:\/\/www.padreeustaquio.com.br\/en\/the-padre-eustaquio-channel-broadcasts-the-novena-to-saint-damian-of-molokai\/\" \/>\n<meta property=\"og:locale\" content=\"en_US\" \/>\n<meta property=\"og:type\" content=\"article\" \/>\n<meta property=\"og:title\" content=\"Canal Padre Eust\u00e1quio exibe Novena a S\u00e3o Dami\u00e3o de Molokai\" \/>\n<meta property=\"og:description\" content=\"Na pr\u00f3xima quarta-feira, dia 10 de maio, a Igreja celebra o Dia de S\u00e3o Dami\u00e3o de Molokai, o padre mission\u00e1rio dos Sagrados Cora\u00e7\u00f5es que viveu entre os hansenianos (leprosos) numa ilha do Hava\u00ed. A novena come\u00e7ou nessa segunda-feira, dia 1\u00ba de maio, e vai at\u00e9 o dia 9, ter\u00e7a-feira.\" \/>\n<meta property=\"og:url\" content=\"https:\/\/www.padreeustaquio.com.br\/en\/the-padre-eustaquio-channel-broadcasts-the-novena-to-saint-damian-of-molokai\/\" \/>\n<meta property=\"og:site_name\" content=\"Padre Eust\u00e1quio\" \/>\n<meta property=\"article:publisher\" content=\"https:\/\/www.facebook.com\/beatopadreeustaquio\/\" \/>\n<meta property=\"article:published_time\" content=\"2023-05-02T09:04:00+00:00\" \/>\n<meta property=\"article:modified_time\" content=\"2023-05-03T15:16:04+00:00\" \/>\n<meta property=\"og:image\" content=\"https:\/\/www.padreeustaquio.com.br\/wp-content\/uploads\/2023\/05\/tela-novena-sao-damiao.jpg\" \/>\n\t<meta property=\"og:image:width\" content=\"1920\" \/>\n\t<meta property=\"og:image:height\" content=\"1080\" \/>\n\t<meta property=\"og:image:type\" content=\"image\/jpeg\" \/>\n<meta name=\"author\" content=\"@sscc\" \/>\n<meta name=\"twitter:card\" content=\"summary_large_image\" \/>\n<meta name=\"twitter:creator\" content=\"@beatopeustaquio\" \/>\n<meta name=\"twitter:site\" content=\"@beatopeustaquio\" \/>\n<meta name=\"twitter:label1\" content=\"Written by\" \/>\n\t<meta name=\"twitter:data1\" content=\"@sscc\" \/>\n\t<meta name=\"twitter:label2\" content=\"Est. reading time\" \/>\n\t<meta name=\"twitter:data2\" content=\"3 minutes\" \/>\n<script type=\"application\/ld+json\" class=\"yoast-schema-graph\">{\"@context\":\"https:\/\/schema.org\",\"@graph\":[{\"@type\":\"Article\",\"@id\":\"https:\/\/www.padreeustaquio.com.br\/canal-padre-eustaquio-exibe-novena-a-sao-damiao-de-molokai\/#article\",\"isPartOf\":{\"@id\":\"https:\/\/www.padreeustaquio.com.br\/canal-padre-eustaquio-exibe-novena-a-sao-damiao-de-molokai\/\"},\"author\":{\"name\":\"@sscc\",\"@id\":\"https:\/\/www.padreeustaquio.com.br\/#\/schema\/person\/a2a51db1d00f1a7af0204a0f1ddb1566\"},\"headline\":\"Canal Padre Eust\u00e1quio exibe Novena a S\u00e3o Dami\u00e3o de Molokai\",\"datePublished\":\"2023-05-02T09:04:00+00:00\",\"dateModified\":\"2023-05-03T15:16:04+00:00\",\"mainEntityOfPage\":{\"@id\":\"https:\/\/www.padreeustaquio.com.br\/canal-padre-eustaquio-exibe-novena-a-sao-damiao-de-molokai\/\"},\"wordCount\":506,\"commentCount\":0,\"publisher\":{\"@id\":\"https:\/\/www.padreeustaquio.com.br\/#organization\"},\"image\":{\"@id\":\"https:\/\/www.padreeustaquio.com.br\/canal-padre-eustaquio-exibe-novena-a-sao-damiao-de-molokai\/#primaryimage\"},\"thumbnailUrl\":\"https:\/\/www.padreeustaquio.com.br\/wp-content\/uploads\/2023\/05\/tela-novena-sao-damiao.jpg\",\"articleSection\":[\"Not\u00edcias\"],\"inLanguage\":\"en-US\",\"potentialAction\":[{\"@type\":\"CommentAction\",\"name\":\"Comment\",\"target\":[\"https:\/\/www.padreeustaquio.com.br\/canal-padre-eustaquio-exibe-novena-a-sao-damiao-de-molokai\/#respond\"]}]},{\"@type\":\"WebPage\",\"@id\":\"https:\/\/www.padreeustaquio.com.br\/canal-padre-eustaquio-exibe-novena-a-sao-damiao-de-molokai\/\",\"url\":\"https:\/\/www.padreeustaquio.com.br\/canal-padre-eustaquio-exibe-novena-a-sao-damiao-de-molokai\/\",\"name\":\"Canal Padre Eust\u00e1quio exibe Novena a S\u00e3o Dami\u00e3o de Molokai\",\"isPartOf\":{\"@id\":\"https:\/\/www.padreeustaquio.com.br\/#website\"},\"primaryImageOfPage\":{\"@id\":\"https:\/\/www.padreeustaquio.com.br\/canal-padre-eustaquio-exibe-novena-a-sao-damiao-de-molokai\/#primaryimage\"},\"image\":{\"@id\":\"https:\/\/www.padreeustaquio.com.br\/canal-padre-eustaquio-exibe-novena-a-sao-damiao-de-molokai\/#primaryimage\"},\"thumbnailUrl\":\"https:\/\/www.padreeustaquio.com.br\/wp-content\/uploads\/2023\/05\/tela-novena-sao-damiao.jpg\",\"datePublished\":\"2023-05-02T09:04:00+00:00\",\"dateModified\":\"2023-05-03T15:16:04+00:00\",\"description\":\"Na pr\u00f3xima quarta-feira, dia 10 de maio, a Igreja celebra o Dia de S\u00e3o Dami\u00e3o de Molokai, o padre mission\u00e1rio dos Sagrados Cora\u00e7\u00f5es que viveu entre os hansenianos (leprosos) numa ilha do Hava\u00ed. A novena come\u00e7ou nessa segunda-feira, dia 1\u00ba de maio, e vai at\u00e9 o dia 9, ter\u00e7a-feira.\",\"breadcrumb\":{\"@id\":\"https:\/\/www.padreeustaquio.com.br\/canal-padre-eustaquio-exibe-novena-a-sao-damiao-de-molokai\/#breadcrumb\"},\"inLanguage\":\"en-US\",\"potentialAction\":[{\"@type\":\"ReadAction\",\"target\":[\"https:\/\/www.padreeustaquio.com.br\/canal-padre-eustaquio-exibe-novena-a-sao-damiao-de-molokai\/\"]}]},{\"@type\":\"ImageObject\",\"inLanguage\":\"en-US\",\"@id\":\"https:\/\/www.padreeustaquio.com.br\/canal-padre-eustaquio-exibe-novena-a-sao-damiao-de-molokai\/#primaryimage\",\"url\":\"https:\/\/www.padreeustaquio.com.br\/wp-content\/uploads\/2023\/05\/tela-novena-sao-damiao.jpg\",\"contentUrl\":\"https:\/\/www.padreeustaquio.com.br\/wp-content\/uploads\/2023\/05\/tela-novena-sao-damiao.jpg\",\"width\":1920,\"height\":1080},{\"@type\":\"BreadcrumbList\",\"@id\":\"https:\/\/www.padreeustaquio.com.br\/canal-padre-eustaquio-exibe-novena-a-sao-damiao-de-molokai\/#breadcrumb\",\"itemListElement\":[{\"@type\":\"ListItem\",\"position\":1,\"name\":\"In\u00edcio\",\"item\":\"https:\/\/www.padreeustaquio.com.br\/\"},{\"@type\":\"ListItem\",\"position\":2,\"name\":\"Canal Padre Eust\u00e1quio exibe Novena a S\u00e3o Dami\u00e3o de Molokai\"}]},{\"@type\":\"WebSite\",\"@id\":\"https:\/\/www.padreeustaquio.com.br\/#website\",\"url\":\"https:\/\/www.padreeustaquio.com.br\/\",\"name\":\"Padre Eust\u00e1quio\",\"description\":\"Sa\u00fade e Paz\",\"publisher\":{\"@id\":\"https:\/\/www.padreeustaquio.com.br\/#organization\"},\"potentialAction\":[{\"@type\":\"SearchAction\",\"target\":{\"@type\":\"EntryPoint\",\"urlTemplate\":\"https:\/\/www.padreeustaquio.com.br\/?s={search_term_string}\"},\"query-input\":{\"@type\":\"PropertyValueSpecification\",\"valueRequired\":true,\"valueName\":\"search_term_string\"}}],\"inLanguage\":\"en-US\"},{\"@type\":\"Organization\",\"@id\":\"https:\/\/www.padreeustaquio.com.br\/#organization\",\"name\":\"Padre Eust\u00e1quio\",\"url\":\"https:\/\/www.padreeustaquio.com.br\/\",\"logo\":{\"@type\":\"ImageObject\",\"inLanguage\":\"en-US\",\"@id\":\"https:\/\/www.padreeustaquio.com.br\/#\/schema\/logo\/image\/\",\"url\":\"https:\/\/www.padreeustaquio.com.br\/wp-content\/uploads\/2019\/08\/marca.png\",\"contentUrl\":\"https:\/\/www.padreeustaquio.com.br\/wp-content\/uploads\/2019\/08\/marca.png\",\"width\":350,\"height\":400,\"caption\":\"Padre Eust\u00e1quio\"},\"image\":{\"@id\":\"https:\/\/www.padreeustaquio.com.br\/#\/schema\/logo\/image\/\"},\"sameAs\":[\"https:\/\/www.facebook.com\/beatopadreeustaquio\/\",\"https:\/\/x.com\/beatopeustaquio\",\"https:\/\/www.instagram.com\/beatopadreeustaquio\/\",\"https:\/\/www.youtube.com\/channel\/UCRhw7vfabnajwLxb1ZXMeIw\"]},{\"@type\":\"Person\",\"@id\":\"https:\/\/www.padreeustaquio.com.br\/#\/schema\/person\/a2a51db1d00f1a7af0204a0f1ddb1566\",\"name\":\"@sscc\",\"image\":{\"@type\":\"ImageObject\",\"inLanguage\":\"en-US\",\"@id\":\"https:\/\/secure.gravatar.com\/avatar\/68cfafa5f44617fea54071e215026e0ff06be366c3d54a8425f04fdcb86f8c5f?s=96&d=mm&r=g\",\"url\":\"https:\/\/secure.gravatar.com\/avatar\/68cfafa5f44617fea54071e215026e0ff06be366c3d54a8425f04fdcb86f8c5f?s=96&d=mm&r=g\",\"contentUrl\":\"https:\/\/secure.gravatar.com\/avatar\/68cfafa5f44617fea54071e215026e0ff06be366c3d54a8425f04fdcb86f8c5f?s=96&d=mm&r=g\",\"caption\":\"@sscc\"},\"url\":\"https:\/\/www.padreeustaquio.com.br\/en\/author\/sscc\/\"}]}<\/script>\n<!-- \/ Yoast SEO plugin. -->","yoast_head_json":{"title":"Padre Eust\u00e1quio Channel broadcasts Novena to Saint Damien of Molokai","description":"Next Wednesday, May 10th, the Church celebrates the Feast Day of Saint Damien of Molokai, the missionary priest of the Sacred Hearts who lived among lepers on an island in Hawaii. The novena began on Monday, May 1st, and will continue until Tuesday, May 9th.","robots":{"index":"index","follow":"follow","max-snippet":"max-snippet:-1","max-image-preview":"max-image-preview:large","max-video-preview":"max-video-preview:-1"},"canonical":"https:\/\/www.padreeustaquio.com.br\/en\/the-padre-eustaquio-channel-broadcasts-the-novena-to-saint-damian-of-molokai\/","og_locale":"en_US","og_type":"article","og_title":"Canal Padre Eust\u00e1quio exibe Novena a S\u00e3o Dami\u00e3o de Molokai","og_description":"Na pr\u00f3xima quarta-feira, dia 10 de maio, a Igreja celebra o Dia de S\u00e3o Dami\u00e3o de Molokai, o padre mission\u00e1rio dos Sagrados Cora\u00e7\u00f5es que viveu entre os hansenianos (leprosos) numa ilha do Hava\u00ed. A novena come\u00e7ou nessa segunda-feira, dia 1\u00ba de maio, e vai at\u00e9 o dia 9, ter\u00e7a-feira.","og_url":"https:\/\/www.padreeustaquio.com.br\/en\/the-padre-eustaquio-channel-broadcasts-the-novena-to-saint-damian-of-molokai\/","og_site_name":"Padre Eust\u00e1quio","article_publisher":"https:\/\/www.facebook.com\/beatopadreeustaquio\/","article_published_time":"2023-05-02T09:04:00+00:00","article_modified_time":"2023-05-03T15:16:04+00:00","og_image":[{"width":1920,"height":1080,"url":"https:\/\/www.padreeustaquio.com.br\/wp-content\/uploads\/2023\/05\/tela-novena-sao-damiao.jpg","type":"image\/jpeg"}],"author":"@sscc","twitter_card":"summary_large_image","twitter_creator":"@beatopeustaquio","twitter_site":"@beatopeustaquio","twitter_misc":{"Written by":"@sscc","Est. reading time":"3 minutes"},"schema":{"@context":"https:\/\/schema.org","@graph":[{"@type":"Article","@id":"https:\/\/www.padreeustaquio.com.br\/canal-padre-eustaquio-exibe-novena-a-sao-damiao-de-molokai\/#article","isPartOf":{"@id":"https:\/\/www.padreeustaquio.com.br\/canal-padre-eustaquio-exibe-novena-a-sao-damiao-de-molokai\/"},"author":{"name":"@sscc","@id":"https:\/\/www.padreeustaquio.com.br\/#\/schema\/person\/a2a51db1d00f1a7af0204a0f1ddb1566"},"headline":"Canal Padre Eust\u00e1quio exibe Novena a S\u00e3o Dami\u00e3o de Molokai","datePublished":"2023-05-02T09:04:00+00:00","dateModified":"2023-05-03T15:16:04+00:00","mainEntityOfPage":{"@id":"https:\/\/www.padreeustaquio.com.br\/canal-padre-eustaquio-exibe-novena-a-sao-damiao-de-molokai\/"},"wordCount":506,"commentCount":0,"publisher":{"@id":"https:\/\/www.padreeustaquio.com.br\/#organization"},"image":{"@id":"https:\/\/www.padreeustaquio.com.br\/canal-padre-eustaquio-exibe-novena-a-sao-damiao-de-molokai\/#primaryimage"},"thumbnailUrl":"https:\/\/www.padreeustaquio.com.br\/wp-content\/uploads\/2023\/05\/tela-novena-sao-damiao.jpg","articleSection":["Not\u00edcias"],"inLanguage":"en-US","potentialAction":[{"@type":"CommentAction","name":"Comment","target":["https:\/\/www.padreeustaquio.com.br\/canal-padre-eustaquio-exibe-novena-a-sao-damiao-de-molokai\/#respond"]}]},{"@type":"WebPage","@id":"https:\/\/www.padreeustaquio.com.br\/canal-padre-eustaquio-exibe-novena-a-sao-damiao-de-molokai\/","url":"https:\/\/www.padreeustaquio.com.br\/canal-padre-eustaquio-exibe-novena-a-sao-damiao-de-molokai\/","name":"Padre Eust\u00e1quio Channel broadcasts Novena to Saint Damien of Molokai","isPartOf":{"@id":"https:\/\/www.padreeustaquio.com.br\/#website"},"primaryImageOfPage":{"@id":"https:\/\/www.padreeustaquio.com.br\/canal-padre-eustaquio-exibe-novena-a-sao-damiao-de-molokai\/#primaryimage"},"image":{"@id":"https:\/\/www.padreeustaquio.com.br\/canal-padre-eustaquio-exibe-novena-a-sao-damiao-de-molokai\/#primaryimage"},"thumbnailUrl":"https:\/\/www.padreeustaquio.com.br\/wp-content\/uploads\/2023\/05\/tela-novena-sao-damiao.jpg","datePublished":"2023-05-02T09:04:00+00:00","dateModified":"2023-05-03T15:16:04+00:00","description":"Next Wednesday, May 10th, the Church celebrates the Feast Day of Saint Damien of Molokai, the missionary priest of the Sacred Hearts who lived among lepers on an island in Hawaii. The novena began on Monday, May 1st, and will continue until Tuesday, May 9th.","breadcrumb":{"@id":"https:\/\/www.padreeustaquio.com.br\/canal-padre-eustaquio-exibe-novena-a-sao-damiao-de-molokai\/#breadcrumb"},"inLanguage":"en-US","potentialAction":[{"@type":"ReadAction","target":["https:\/\/www.padreeustaquio.com.br\/canal-padre-eustaquio-exibe-novena-a-sao-damiao-de-molokai\/"]}]},{"@type":"ImageObject","inLanguage":"en-US","@id":"https:\/\/www.padreeustaquio.com.br\/canal-padre-eustaquio-exibe-novena-a-sao-damiao-de-molokai\/#primaryimage","url":"https:\/\/www.padreeustaquio.com.br\/wp-content\/uploads\/2023\/05\/tela-novena-sao-damiao.jpg","contentUrl":"https:\/\/www.padreeustaquio.com.br\/wp-content\/uploads\/2023\/05\/tela-novena-sao-damiao.jpg","width":1920,"height":1080},{"@type":"BreadcrumbList","@id":"https:\/\/www.padreeustaquio.com.br\/canal-padre-eustaquio-exibe-novena-a-sao-damiao-de-molokai\/#breadcrumb","itemListElement":[{"@type":"ListItem","position":1,"name":"In\u00edcio","item":"https:\/\/www.padreeustaquio.com.br\/"},{"@type":"ListItem","position":2,"name":"Canal Padre Eust\u00e1quio exibe Novena a S\u00e3o Dami\u00e3o de Molokai"}]},{"@type":"WebSite","@id":"https:\/\/www.padreeustaquio.com.br\/#website","url":"https:\/\/www.padreeustaquio.com.br\/","name":"FATHER EUST\u00c1QUIO","description":"Health and Peace","publisher":{"@id":"https:\/\/www.padreeustaquio.com.br\/#organization"},"potentialAction":[{"@type":"SearchAction","target":{"@type":"EntryPoint","urlTemplate":"https:\/\/www.padreeustaquio.com.br\/?s={search_term_string}"},"query-input":{"@type":"PropertyValueSpecification","valueRequired":true,"valueName":"search_term_string"}}],"inLanguage":"en-US"},{"@type":"Organization","@id":"https:\/\/www.padreeustaquio.com.br\/#organization","name":"FATHER EUST\u00c1QUIO","url":"https:\/\/www.padreeustaquio.com.br\/","logo":{"@type":"ImageObject","inLanguage":"en-US","@id":"https:\/\/www.padreeustaquio.com.br\/#\/schema\/logo\/image\/","url":"https:\/\/www.padreeustaquio.com.br\/wp-content\/uploads\/2019\/08\/marca.png","contentUrl":"https:\/\/www.padreeustaquio.com.br\/wp-content\/uploads\/2019\/08\/marca.png","width":350,"height":400,"caption":"Padre Eust\u00e1quio"},"image":{"@id":"https:\/\/www.padreeustaquio.com.br\/#\/schema\/logo\/image\/"},"sameAs":["https:\/\/www.facebook.com\/beatopadreeustaquio\/","https:\/\/x.com\/beatopeustaquio","https:\/\/www.instagram.com\/beatopadreeustaquio\/","https:\/\/www.youtube.com\/channel\/UCRhw7vfabnajwLxb1ZXMeIw"]},{"@type":"Person","@id":"https:\/\/www.padreeustaquio.com.br\/#\/schema\/person\/a2a51db1d00f1a7af0204a0f1ddb1566","name":"@sscc","image":{"@type":"ImageObject","inLanguage":"en-US","@id":"https:\/\/secure.gravatar.com\/avatar\/68cfafa5f44617fea54071e215026e0ff06be366c3d54a8425f04fdcb86f8c5f?s=96&d=mm&r=g","url":"https:\/\/secure.gravatar.com\/avatar\/68cfafa5f44617fea54071e215026e0ff06be366c3d54a8425f04fdcb86f8c5f?s=96&d=mm&r=g","contentUrl":"https:\/\/secure.gravatar.com\/avatar\/68cfafa5f44617fea54071e215026e0ff06be366c3d54a8425f04fdcb86f8c5f?s=96&d=mm&r=g","caption":"@sscc"},"url":"https:\/\/www.padreeustaquio.com.br\/en\/author\/sscc\/"}]}},"_links":{"self":[{"href":"https:\/\/www.padreeustaquio.com.br\/en\/wp-json\/wp\/v2\/posts\/10324","targetHints":{"allow":["GET"]}}],"collection":[{"href":"https:\/\/www.padreeustaquio.com.br\/en\/wp-json\/wp\/v2\/posts"}],"about":[{"href":"https:\/\/www.padreeustaquio.com.br\/en\/wp-json\/wp\/v2\/types\/post"}],"author":[{"embeddable":true,"href":"https:\/\/www.padreeustaquio.com.br\/en\/wp-json\/wp\/v2\/users\/2"}],"replies":[{"embeddable":true,"href":"https:\/\/www.padreeustaquio.com.br\/en\/wp-json\/wp\/v2\/comments?post=10324"}],"version-history":[{"count":0,"href":"https:\/\/www.padreeustaquio.com.br\/en\/wp-json\/wp\/v2\/posts\/10324\/revisions"}],"wp:featuredmedia":[{"embeddable":true,"href":"https:\/\/www.padreeustaquio.com.br\/en\/wp-json\/wp\/v2\/media\/10325"}],"wp:attachment":[{"href":"https:\/\/www.padreeustaquio.com.br\/en\/wp-json\/wp\/v2\/media?parent=10324"}],"wp:term":[{"taxonomy":"category","embeddable":true,"href":"https:\/\/www.padreeustaquio.com.br\/en\/wp-json\/wp\/v2\/categories?post=10324"},{"taxonomy":"post_tag","embeddable":true,"href":"https:\/\/www.padreeustaquio.com.br\/en\/wp-json\/wp\/v2\/tags?post=10324"}],"curies":[{"name":"wp","href":"https:\/\/api.w.org\/{rel}","templated":true}]}}