{"id":10307,"date":"2023-04-28T06:02:00","date_gmt":"2023-04-28T09:02:00","guid":{"rendered":"https:\/\/www.padreeustaquio.com.br\/?p=10307"},"modified":"2023-05-15T21:46:16","modified_gmt":"2023-05-16T00:46:16","slug":"brazilian-priests-lay-flowers-at-cemetery-in-honor-of-dutch-priests","status":"publish","type":"post","link":"https:\/\/www.padreeustaquio.com.br\/en\/brazilian-priests-lay-flowers-at-cemetery-in-honor-of-dutch-priests\/","title":{"rendered":"Brazilian priests lay flowers at cemetery in honor of Dutch missionaries."},"content":{"rendered":"<p>The Brazilian priests who participated in the Beatification of the Martyrs of Picpus in France went this week to the Breda Cemetery in the Netherlands to pay homage to the Dutch priests who dedicated their lives to missionary work in Brazil. <\/p>\n\n\n<div class=\"wp-block-image\">\n<figure class=\"alignleft size-medium is-resized\"><img decoding=\"async\" src=\"https:\/\/www.padreeustaquio.com.br\/wp-content\/uploads\/2023\/05\/brasileiros-no-cemiterio-3-edited.jpeg\" alt=\"\" class=\"wp-image-10390\" width=\"259\" srcset=\"https:\/\/www.padreeustaquio.com.br\/wp-content\/uploads\/2023\/05\/brasileiros-no-cemiterio-3-edited.jpeg 1012w, https:\/\/www.padreeustaquio.com.br\/wp-content\/uploads\/2023\/05\/brasileiros-no-cemiterio-3-edited-225x300.jpeg 225w, https:\/\/www.padreeustaquio.com.br\/wp-content\/uploads\/2023\/05\/brasileiros-no-cemiterio-3-edited-768x1025.jpeg 768w\" sizes=\"(max-width: 1012px) 100vw, 1012px\" \/><\/figure>\n<\/div>\n\n\n<p>Flowers were laid at the Memorial of the Sacred Hearts by the Provincial of the Congregation in Brazil, Fr. Osv\u00e2nio Mariano, SSCC, and Brother Antoniel da Silva, SSCC. Following this, the rector of the Archdiocesan Sanctuary of Health and Peace, Fr. Vin\u00edcius Maciel, SSCC, offered a prayer and invited those present to sing the Hymn of the Sacred Hearts. The moment was also attended by the formator of the Congregation in Brazil, Fr. Edvaldo Carneiro, SSCC.<\/p>\n\n\n\n<p>The visit to the Cemetery was made together with the sister of Father Paulo Dekker, SSCC, Mrs. Sofia Dekker, who lives in the city, and included the participation of the group of 26 pilgrims who are traveling the Padre Eust\u00e1quio Paths in Europe.<\/p>\n\n\n\n<p>This cemetery holds the remains of hundreds of Sacred Hearts missionaries from around the world. Among them are many of the 150 who served in Brazil, such as: Father Gil van den Boogart, the first Superior of the Congregation in the country; Father Alfredo Elfrink, the first vice-postulator of the Cause of Father Eust\u00e1quio; Father Mathias von Roy, founder of the Dom Lustosa College in Patroc\u00ednio; as well as Father Francisco Voskauil, Father Corn\u00e9lio, and Father Henriquinho.<\/p>\n\n\n<div class=\"wp-block-image\">\n<figure class=\"aligncenter size-medium is-resized\"><img fetchpriority=\"high\" decoding=\"async\" src=\"https:\/\/www.padreeustaquio.com.br\/wp-content\/uploads\/2023\/04\/brasileiros-no-cemiterio-2-300x225.jpeg\" alt=\"\" class=\"wp-image-10312\" width=\"430\" height=\"323\" srcset=\"https:\/\/www.padreeustaquio.com.br\/wp-content\/uploads\/2023\/04\/brasileiros-no-cemiterio-2-300x225.jpeg 300w, https:\/\/www.padreeustaquio.com.br\/wp-content\/uploads\/2023\/04\/brasileiros-no-cemiterio-2-1024x768.jpeg 1024w, https:\/\/www.padreeustaquio.com.br\/wp-content\/uploads\/2023\/04\/brasileiros-no-cemiterio-2-768x576.jpeg 768w, https:\/\/www.padreeustaquio.com.br\/wp-content\/uploads\/2023\/04\/brasileiros-no-cemiterio-2-180x135.jpeg 180w, https:\/\/www.padreeustaquio.com.br\/wp-content\/uploads\/2023\/04\/brasileiros-no-cemiterio-2-400x300.jpeg 400w, https:\/\/www.padreeustaquio.com.br\/wp-content\/uploads\/2023\/04\/brasileiros-no-cemiterio-2-600x450.jpeg 600w, https:\/\/www.padreeustaquio.com.br\/wp-content\/uploads\/2023\/04\/brasileiros-no-cemiterio-2-800x600.jpeg 800w, https:\/\/www.padreeustaquio.com.br\/wp-content\/uploads\/2023\/04\/brasileiros-no-cemiterio-2-1200x900.jpeg 1200w, https:\/\/www.padreeustaquio.com.br\/wp-content\/uploads\/2023\/04\/brasileiros-no-cemiterio-2.jpeg 1280w\" sizes=\"(max-width: 430px) 100vw, 430px\" \/><\/figure>\n<\/div>\n\n<div class=\"wp-block-image\">\n<figure class=\"aligncenter size-medium is-resized\"><img decoding=\"async\" src=\"https:\/\/www.padreeustaquio.com.br\/wp-content\/uploads\/2023\/04\/brasileiros-no-cemiterio-1-300x225.jpeg\" alt=\"\" class=\"wp-image-10313\" width=\"428\" height=\"322\" srcset=\"https:\/\/www.padreeustaquio.com.br\/wp-content\/uploads\/2023\/04\/brasileiros-no-cemiterio-1-300x225.jpeg 300w, https:\/\/www.padreeustaquio.com.br\/wp-content\/uploads\/2023\/04\/brasileiros-no-cemiterio-1-1024x768.jpeg 1024w, https:\/\/www.padreeustaquio.com.br\/wp-content\/uploads\/2023\/04\/brasileiros-no-cemiterio-1-768x576.jpeg 768w, https:\/\/www.padreeustaquio.com.br\/wp-content\/uploads\/2023\/04\/brasileiros-no-cemiterio-1-180x135.jpeg 180w, https:\/\/www.padreeustaquio.com.br\/wp-content\/uploads\/2023\/04\/brasileiros-no-cemiterio-1-400x300.jpeg 400w, https:\/\/www.padreeustaquio.com.br\/wp-content\/uploads\/2023\/04\/brasileiros-no-cemiterio-1-600x450.jpeg 600w, https:\/\/www.padreeustaquio.com.br\/wp-content\/uploads\/2023\/04\/brasileiros-no-cemiterio-1-800x600.jpeg 800w, https:\/\/www.padreeustaquio.com.br\/wp-content\/uploads\/2023\/04\/brasileiros-no-cemiterio-1-1200x900.jpeg 1200w, https:\/\/www.padreeustaquio.com.br\/wp-content\/uploads\/2023\/04\/brasileiros-no-cemiterio-1.jpeg 1280w\" sizes=\"(max-width: 428px) 100vw, 428px\" \/><\/figure>\n<\/div>","protected":false},"excerpt":{"rendered":"<p>Os padres brasileiros que participaram da Beatifica\u00e7\u00e3o dos M\u00e1rtires de Picpus, na Fran\u00e7a, foram essa semana ao Cemit\u00e9rio de Breda, na Holanda para uma homenagem aos sacerdotes holandeses que dedicaram sua vida ao trabalho mission\u00e1rio no Brasil. Flores foram depositadas junto ao Memorial dos Sagrados Cora\u00e7\u00f5es pelo provincial da Congrega\u00e7\u00e3o no Brasil, Pe. Osv\u00e2nio Mariano, SSCC e pelo Irm\u00e3o Antoniel da Silva, SSCC. Em seguida, o reitor do Santu\u00e1rio Arquidiocesano da Sa\u00fade e da Paz, Pe. Vin\u00edcius Maciel, SSCC, fez uma ora\u00e7\u00e3o e convidou o grupo presente a cantar o Hino dos Sagrados Cora\u00e7\u00f5es. O momento tamb\u00e9m foi acompanhado pelo [&hellip;]<\/p>\n","protected":false},"author":2,"featured_media":10308,"comment_status":"open","ping_status":"closed","sticky":false,"template":"","format":"standard","meta":{"_acf_changed":false,"footnotes":""},"categories":[611],"tags":[],"class_list":["post-10307","post","type-post","status-publish","format-standard","has-post-thumbnail","hentry","category-noticias"],"acf":[],"yoast_head":"<!-- This site is optimized with the Yoast SEO plugin v27.2 - https:\/\/yoast.com\/product\/yoast-seo-wordpress\/ -->\n<title>Padres do Brasil depositam flores em cemit\u00e9rio homenageando mission\u00e1rios holandeses<\/title>\n<meta name=\"description\" content=\"Os padres brasileiros que participaram da Beatifica\u00e7\u00e3o dos M\u00e1rtires de Picpus, na Fran\u00e7a, foram essa semana ao Cemit\u00e9rio de Breda, na Holanda para uma homenagem aos sacerdotes holandeses que dedicaram sua vida ao trabalho mission\u00e1rio no Brasil.\" \/>\n<meta name=\"robots\" content=\"index, follow, max-snippet:-1, max-image-preview:large, max-video-preview:-1\" \/>\n<link rel=\"canonical\" href=\"https:\/\/www.padreeustaquio.com.br\/en\/brazilian-priests-lay-flowers-at-cemetery-in-honor-of-dutch-priests\/\" \/>\n<meta property=\"og:locale\" content=\"en_US\" \/>\n<meta property=\"og:type\" content=\"article\" \/>\n<meta property=\"og:title\" content=\"Padres do Brasil depositam flores em cemit\u00e9rio homenageando mission\u00e1rios holandeses\" \/>\n<meta property=\"og:description\" content=\"Os padres brasileiros que participaram da Beatifica\u00e7\u00e3o dos M\u00e1rtires de Picpus, na Fran\u00e7a, foram essa semana ao Cemit\u00e9rio de Breda, na Holanda para uma homenagem aos sacerdotes holandeses que dedicaram sua vida ao trabalho mission\u00e1rio no Brasil.\" \/>\n<meta property=\"og:url\" content=\"https:\/\/www.padreeustaquio.com.br\/en\/brazilian-priests-lay-flowers-at-cemetery-in-honor-of-dutch-priests\/\" \/>\n<meta property=\"og:site_name\" content=\"Padre Eust\u00e1quio\" \/>\n<meta property=\"article:publisher\" content=\"https:\/\/www.facebook.com\/beatopadreeustaquio\/\" \/>\n<meta property=\"article:published_time\" content=\"2023-04-28T09:02:00+00:00\" \/>\n<meta property=\"article:modified_time\" content=\"2023-05-16T00:46:16+00:00\" \/>\n<meta property=\"og:image\" content=\"https:\/\/www.padreeustaquio.com.br\/wp-content\/uploads\/2023\/04\/Depositando-flores-no-tumulo-e1682542130230.jpeg\" \/>\n\t<meta property=\"og:image:width\" content=\"1276\" \/>\n\t<meta property=\"og:image:height\" content=\"790\" \/>\n\t<meta property=\"og:image:type\" content=\"image\/jpeg\" \/>\n<meta name=\"author\" content=\"@sscc\" \/>\n<meta name=\"twitter:card\" content=\"summary_large_image\" \/>\n<meta name=\"twitter:creator\" content=\"@beatopeustaquio\" \/>\n<meta name=\"twitter:site\" content=\"@beatopeustaquio\" \/>\n<meta name=\"twitter:label1\" content=\"Written by\" \/>\n\t<meta name=\"twitter:data1\" content=\"@sscc\" \/>\n\t<meta name=\"twitter:label2\" content=\"Est. reading time\" \/>\n\t<meta name=\"twitter:data2\" content=\"2 minutes\" \/>\n<script type=\"application\/ld+json\" class=\"yoast-schema-graph\">{\"@context\":\"https:\/\/schema.org\",\"@graph\":[{\"@type\":\"Article\",\"@id\":\"https:\/\/www.padreeustaquio.com.br\/padres-do-brasil-depositam-flores-em-cemiterio-homenageando-padres-holandeses\/#article\",\"isPartOf\":{\"@id\":\"https:\/\/www.padreeustaquio.com.br\/padres-do-brasil-depositam-flores-em-cemiterio-homenageando-padres-holandeses\/\"},\"author\":{\"name\":\"@sscc\",\"@id\":\"https:\/\/www.padreeustaquio.com.br\/#\/schema\/person\/a2a51db1d00f1a7af0204a0f1ddb1566\"},\"headline\":\"Padres do Brasil depositam flores em cemit\u00e9rio homenageando mission\u00e1rios holandeses\",\"datePublished\":\"2023-04-28T09:02:00+00:00\",\"dateModified\":\"2023-05-16T00:46:16+00:00\",\"mainEntityOfPage\":{\"@id\":\"https:\/\/www.padreeustaquio.com.br\/padres-do-brasil-depositam-flores-em-cemiterio-homenageando-padres-holandeses\/\"},\"wordCount\":256,\"commentCount\":0,\"publisher\":{\"@id\":\"https:\/\/www.padreeustaquio.com.br\/#organization\"},\"image\":{\"@id\":\"https:\/\/www.padreeustaquio.com.br\/padres-do-brasil-depositam-flores-em-cemiterio-homenageando-padres-holandeses\/#primaryimage\"},\"thumbnailUrl\":\"https:\/\/www.padreeustaquio.com.br\/wp-content\/uploads\/2023\/04\/Depositando-flores-no-tumulo-e1682542130230.jpeg\",\"articleSection\":[\"Not\u00edcias\"],\"inLanguage\":\"en-US\",\"potentialAction\":[{\"@type\":\"CommentAction\",\"name\":\"Comment\",\"target\":[\"https:\/\/www.padreeustaquio.com.br\/padres-do-brasil-depositam-flores-em-cemiterio-homenageando-padres-holandeses\/#respond\"]}]},{\"@type\":\"WebPage\",\"@id\":\"https:\/\/www.padreeustaquio.com.br\/padres-do-brasil-depositam-flores-em-cemiterio-homenageando-padres-holandeses\/\",\"url\":\"https:\/\/www.padreeustaquio.com.br\/padres-do-brasil-depositam-flores-em-cemiterio-homenageando-padres-holandeses\/\",\"name\":\"Padres do Brasil depositam flores em cemit\u00e9rio homenageando mission\u00e1rios holandeses\",\"isPartOf\":{\"@id\":\"https:\/\/www.padreeustaquio.com.br\/#website\"},\"primaryImageOfPage\":{\"@id\":\"https:\/\/www.padreeustaquio.com.br\/padres-do-brasil-depositam-flores-em-cemiterio-homenageando-padres-holandeses\/#primaryimage\"},\"image\":{\"@id\":\"https:\/\/www.padreeustaquio.com.br\/padres-do-brasil-depositam-flores-em-cemiterio-homenageando-padres-holandeses\/#primaryimage\"},\"thumbnailUrl\":\"https:\/\/www.padreeustaquio.com.br\/wp-content\/uploads\/2023\/04\/Depositando-flores-no-tumulo-e1682542130230.jpeg\",\"datePublished\":\"2023-04-28T09:02:00+00:00\",\"dateModified\":\"2023-05-16T00:46:16+00:00\",\"description\":\"Os padres brasileiros que participaram da Beatifica\u00e7\u00e3o dos M\u00e1rtires de Picpus, na Fran\u00e7a, foram essa semana ao Cemit\u00e9rio de Breda, na Holanda para uma homenagem aos sacerdotes holandeses que dedicaram sua vida ao trabalho mission\u00e1rio no Brasil.\",\"breadcrumb\":{\"@id\":\"https:\/\/www.padreeustaquio.com.br\/padres-do-brasil-depositam-flores-em-cemiterio-homenageando-padres-holandeses\/#breadcrumb\"},\"inLanguage\":\"en-US\",\"potentialAction\":[{\"@type\":\"ReadAction\",\"target\":[\"https:\/\/www.padreeustaquio.com.br\/padres-do-brasil-depositam-flores-em-cemiterio-homenageando-padres-holandeses\/\"]}]},{\"@type\":\"ImageObject\",\"inLanguage\":\"en-US\",\"@id\":\"https:\/\/www.padreeustaquio.com.br\/padres-do-brasil-depositam-flores-em-cemiterio-homenageando-padres-holandeses\/#primaryimage\",\"url\":\"https:\/\/www.padreeustaquio.com.br\/wp-content\/uploads\/2023\/04\/Depositando-flores-no-tumulo-e1682542130230.jpeg\",\"contentUrl\":\"https:\/\/www.padreeustaquio.com.br\/wp-content\/uploads\/2023\/04\/Depositando-flores-no-tumulo-e1682542130230.jpeg\",\"width\":1276,\"height\":790,\"caption\":\"Foto: Carlos Henrique Ferreira\"},{\"@type\":\"BreadcrumbList\",\"@id\":\"https:\/\/www.padreeustaquio.com.br\/padres-do-brasil-depositam-flores-em-cemiterio-homenageando-padres-holandeses\/#breadcrumb\",\"itemListElement\":[{\"@type\":\"ListItem\",\"position\":1,\"name\":\"In\u00edcio\",\"item\":\"https:\/\/www.padreeustaquio.com.br\/\"},{\"@type\":\"ListItem\",\"position\":2,\"name\":\"Padres do Brasil depositam flores em cemit\u00e9rio homenageando mission\u00e1rios holandeses\"}]},{\"@type\":\"WebSite\",\"@id\":\"https:\/\/www.padreeustaquio.com.br\/#website\",\"url\":\"https:\/\/www.padreeustaquio.com.br\/\",\"name\":\"Padre Eust\u00e1quio\",\"description\":\"Sa\u00fade e Paz\",\"publisher\":{\"@id\":\"https:\/\/www.padreeustaquio.com.br\/#organization\"},\"potentialAction\":[{\"@type\":\"SearchAction\",\"target\":{\"@type\":\"EntryPoint\",\"urlTemplate\":\"https:\/\/www.padreeustaquio.com.br\/?s={search_term_string}\"},\"query-input\":{\"@type\":\"PropertyValueSpecification\",\"valueRequired\":true,\"valueName\":\"search_term_string\"}}],\"inLanguage\":\"en-US\"},{\"@type\":\"Organization\",\"@id\":\"https:\/\/www.padreeustaquio.com.br\/#organization\",\"name\":\"Padre Eust\u00e1quio\",\"url\":\"https:\/\/www.padreeustaquio.com.br\/\",\"logo\":{\"@type\":\"ImageObject\",\"inLanguage\":\"en-US\",\"@id\":\"https:\/\/www.padreeustaquio.com.br\/#\/schema\/logo\/image\/\",\"url\":\"https:\/\/www.padreeustaquio.com.br\/wp-content\/uploads\/2019\/08\/marca.png\",\"contentUrl\":\"https:\/\/www.padreeustaquio.com.br\/wp-content\/uploads\/2019\/08\/marca.png\",\"width\":350,\"height\":400,\"caption\":\"Padre Eust\u00e1quio\"},\"image\":{\"@id\":\"https:\/\/www.padreeustaquio.com.br\/#\/schema\/logo\/image\/\"},\"sameAs\":[\"https:\/\/www.facebook.com\/beatopadreeustaquio\/\",\"https:\/\/x.com\/beatopeustaquio\",\"https:\/\/www.instagram.com\/beatopadreeustaquio\/\",\"https:\/\/www.youtube.com\/channel\/UCRhw7vfabnajwLxb1ZXMeIw\"]},{\"@type\":\"Person\",\"@id\":\"https:\/\/www.padreeustaquio.com.br\/#\/schema\/person\/a2a51db1d00f1a7af0204a0f1ddb1566\",\"name\":\"@sscc\",\"image\":{\"@type\":\"ImageObject\",\"inLanguage\":\"en-US\",\"@id\":\"https:\/\/secure.gravatar.com\/avatar\/68cfafa5f44617fea54071e215026e0ff06be366c3d54a8425f04fdcb86f8c5f?s=96&d=mm&r=g\",\"url\":\"https:\/\/secure.gravatar.com\/avatar\/68cfafa5f44617fea54071e215026e0ff06be366c3d54a8425f04fdcb86f8c5f?s=96&d=mm&r=g\",\"contentUrl\":\"https:\/\/secure.gravatar.com\/avatar\/68cfafa5f44617fea54071e215026e0ff06be366c3d54a8425f04fdcb86f8c5f?s=96&d=mm&r=g\",\"caption\":\"@sscc\"},\"url\":\"https:\/\/www.padreeustaquio.com.br\/en\/author\/sscc\/\"}]}<\/script>\n<!-- \/ Yoast SEO plugin. -->","yoast_head_json":{"title":"Brazilian priests lay flowers at cemetery in honor of Dutch missionaries.","description":"The Brazilian priests who participated in the Beatification of the Martyrs of Picpus in France went this week to the Breda Cemetery in the Netherlands to pay homage to the Dutch priests who dedicated their lives to missionary work in Brazil.","robots":{"index":"index","follow":"follow","max-snippet":"max-snippet:-1","max-image-preview":"max-image-preview:large","max-video-preview":"max-video-preview:-1"},"canonical":"https:\/\/www.padreeustaquio.com.br\/en\/brazilian-priests-lay-flowers-at-cemetery-in-honor-of-dutch-priests\/","og_locale":"en_US","og_type":"article","og_title":"Padres do Brasil depositam flores em cemit\u00e9rio homenageando mission\u00e1rios holandeses","og_description":"Os padres brasileiros que participaram da Beatifica\u00e7\u00e3o dos M\u00e1rtires de Picpus, na Fran\u00e7a, foram essa semana ao Cemit\u00e9rio de Breda, na Holanda para uma homenagem aos sacerdotes holandeses que dedicaram sua vida ao trabalho mission\u00e1rio no Brasil.","og_url":"https:\/\/www.padreeustaquio.com.br\/en\/brazilian-priests-lay-flowers-at-cemetery-in-honor-of-dutch-priests\/","og_site_name":"Padre Eust\u00e1quio","article_publisher":"https:\/\/www.facebook.com\/beatopadreeustaquio\/","article_published_time":"2023-04-28T09:02:00+00:00","article_modified_time":"2023-05-16T00:46:16+00:00","og_image":[{"width":1276,"height":790,"url":"https:\/\/www.padreeustaquio.com.br\/wp-content\/uploads\/2023\/04\/Depositando-flores-no-tumulo-e1682542130230.jpeg","type":"image\/jpeg"}],"author":"@sscc","twitter_card":"summary_large_image","twitter_creator":"@beatopeustaquio","twitter_site":"@beatopeustaquio","twitter_misc":{"Written by":"@sscc","Est. reading time":"2 minutes"},"schema":{"@context":"https:\/\/schema.org","@graph":[{"@type":"Article","@id":"https:\/\/www.padreeustaquio.com.br\/padres-do-brasil-depositam-flores-em-cemiterio-homenageando-padres-holandeses\/#article","isPartOf":{"@id":"https:\/\/www.padreeustaquio.com.br\/padres-do-brasil-depositam-flores-em-cemiterio-homenageando-padres-holandeses\/"},"author":{"name":"@sscc","@id":"https:\/\/www.padreeustaquio.com.br\/#\/schema\/person\/a2a51db1d00f1a7af0204a0f1ddb1566"},"headline":"Padres do Brasil depositam flores em cemit\u00e9rio homenageando mission\u00e1rios holandeses","datePublished":"2023-04-28T09:02:00+00:00","dateModified":"2023-05-16T00:46:16+00:00","mainEntityOfPage":{"@id":"https:\/\/www.padreeustaquio.com.br\/padres-do-brasil-depositam-flores-em-cemiterio-homenageando-padres-holandeses\/"},"wordCount":256,"commentCount":0,"publisher":{"@id":"https:\/\/www.padreeustaquio.com.br\/#organization"},"image":{"@id":"https:\/\/www.padreeustaquio.com.br\/padres-do-brasil-depositam-flores-em-cemiterio-homenageando-padres-holandeses\/#primaryimage"},"thumbnailUrl":"https:\/\/www.padreeustaquio.com.br\/wp-content\/uploads\/2023\/04\/Depositando-flores-no-tumulo-e1682542130230.jpeg","articleSection":["Not\u00edcias"],"inLanguage":"en-US","potentialAction":[{"@type":"CommentAction","name":"Comment","target":["https:\/\/www.padreeustaquio.com.br\/padres-do-brasil-depositam-flores-em-cemiterio-homenageando-padres-holandeses\/#respond"]}]},{"@type":"WebPage","@id":"https:\/\/www.padreeustaquio.com.br\/padres-do-brasil-depositam-flores-em-cemiterio-homenageando-padres-holandeses\/","url":"https:\/\/www.padreeustaquio.com.br\/padres-do-brasil-depositam-flores-em-cemiterio-homenageando-padres-holandeses\/","name":"Brazilian priests lay flowers at cemetery in honor of Dutch missionaries.","isPartOf":{"@id":"https:\/\/www.padreeustaquio.com.br\/#website"},"primaryImageOfPage":{"@id":"https:\/\/www.padreeustaquio.com.br\/padres-do-brasil-depositam-flores-em-cemiterio-homenageando-padres-holandeses\/#primaryimage"},"image":{"@id":"https:\/\/www.padreeustaquio.com.br\/padres-do-brasil-depositam-flores-em-cemiterio-homenageando-padres-holandeses\/#primaryimage"},"thumbnailUrl":"https:\/\/www.padreeustaquio.com.br\/wp-content\/uploads\/2023\/04\/Depositando-flores-no-tumulo-e1682542130230.jpeg","datePublished":"2023-04-28T09:02:00+00:00","dateModified":"2023-05-16T00:46:16+00:00","description":"The Brazilian priests who participated in the Beatification of the Martyrs of Picpus in France went this week to the Breda Cemetery in the Netherlands to pay homage to the Dutch priests who dedicated their lives to missionary work in Brazil.","breadcrumb":{"@id":"https:\/\/www.padreeustaquio.com.br\/padres-do-brasil-depositam-flores-em-cemiterio-homenageando-padres-holandeses\/#breadcrumb"},"inLanguage":"en-US","potentialAction":[{"@type":"ReadAction","target":["https:\/\/www.padreeustaquio.com.br\/padres-do-brasil-depositam-flores-em-cemiterio-homenageando-padres-holandeses\/"]}]},{"@type":"ImageObject","inLanguage":"en-US","@id":"https:\/\/www.padreeustaquio.com.br\/padres-do-brasil-depositam-flores-em-cemiterio-homenageando-padres-holandeses\/#primaryimage","url":"https:\/\/www.padreeustaquio.com.br\/wp-content\/uploads\/2023\/04\/Depositando-flores-no-tumulo-e1682542130230.jpeg","contentUrl":"https:\/\/www.padreeustaquio.com.br\/wp-content\/uploads\/2023\/04\/Depositando-flores-no-tumulo-e1682542130230.jpeg","width":1276,"height":790,"caption":"Foto: Carlos Henrique Ferreira"},{"@type":"BreadcrumbList","@id":"https:\/\/www.padreeustaquio.com.br\/padres-do-brasil-depositam-flores-em-cemiterio-homenageando-padres-holandeses\/#breadcrumb","itemListElement":[{"@type":"ListItem","position":1,"name":"In\u00edcio","item":"https:\/\/www.padreeustaquio.com.br\/"},{"@type":"ListItem","position":2,"name":"Padres do Brasil depositam flores em cemit\u00e9rio homenageando mission\u00e1rios holandeses"}]},{"@type":"WebSite","@id":"https:\/\/www.padreeustaquio.com.br\/#website","url":"https:\/\/www.padreeustaquio.com.br\/","name":"FATHER EUST\u00c1QUIO","description":"Health and Peace","publisher":{"@id":"https:\/\/www.padreeustaquio.com.br\/#organization"},"potentialAction":[{"@type":"SearchAction","target":{"@type":"EntryPoint","urlTemplate":"https:\/\/www.padreeustaquio.com.br\/?s={search_term_string}"},"query-input":{"@type":"PropertyValueSpecification","valueRequired":true,"valueName":"search_term_string"}}],"inLanguage":"en-US"},{"@type":"Organization","@id":"https:\/\/www.padreeustaquio.com.br\/#organization","name":"FATHER EUST\u00c1QUIO","url":"https:\/\/www.padreeustaquio.com.br\/","logo":{"@type":"ImageObject","inLanguage":"en-US","@id":"https:\/\/www.padreeustaquio.com.br\/#\/schema\/logo\/image\/","url":"https:\/\/www.padreeustaquio.com.br\/wp-content\/uploads\/2019\/08\/marca.png","contentUrl":"https:\/\/www.padreeustaquio.com.br\/wp-content\/uploads\/2019\/08\/marca.png","width":350,"height":400,"caption":"Padre Eust\u00e1quio"},"image":{"@id":"https:\/\/www.padreeustaquio.com.br\/#\/schema\/logo\/image\/"},"sameAs":["https:\/\/www.facebook.com\/beatopadreeustaquio\/","https:\/\/x.com\/beatopeustaquio","https:\/\/www.instagram.com\/beatopadreeustaquio\/","https:\/\/www.youtube.com\/channel\/UCRhw7vfabnajwLxb1ZXMeIw"]},{"@type":"Person","@id":"https:\/\/www.padreeustaquio.com.br\/#\/schema\/person\/a2a51db1d00f1a7af0204a0f1ddb1566","name":"@sscc","image":{"@type":"ImageObject","inLanguage":"en-US","@id":"https:\/\/secure.gravatar.com\/avatar\/68cfafa5f44617fea54071e215026e0ff06be366c3d54a8425f04fdcb86f8c5f?s=96&d=mm&r=g","url":"https:\/\/secure.gravatar.com\/avatar\/68cfafa5f44617fea54071e215026e0ff06be366c3d54a8425f04fdcb86f8c5f?s=96&d=mm&r=g","contentUrl":"https:\/\/secure.gravatar.com\/avatar\/68cfafa5f44617fea54071e215026e0ff06be366c3d54a8425f04fdcb86f8c5f?s=96&d=mm&r=g","caption":"@sscc"},"url":"https:\/\/www.padreeustaquio.com.br\/en\/author\/sscc\/"}]}},"_links":{"self":[{"href":"https:\/\/www.padreeustaquio.com.br\/en\/wp-json\/wp\/v2\/posts\/10307","targetHints":{"allow":["GET"]}}],"collection":[{"href":"https:\/\/www.padreeustaquio.com.br\/en\/wp-json\/wp\/v2\/posts"}],"about":[{"href":"https:\/\/www.padreeustaquio.com.br\/en\/wp-json\/wp\/v2\/types\/post"}],"author":[{"embeddable":true,"href":"https:\/\/www.padreeustaquio.com.br\/en\/wp-json\/wp\/v2\/users\/2"}],"replies":[{"embeddable":true,"href":"https:\/\/www.padreeustaquio.com.br\/en\/wp-json\/wp\/v2\/comments?post=10307"}],"version-history":[{"count":0,"href":"https:\/\/www.padreeustaquio.com.br\/en\/wp-json\/wp\/v2\/posts\/10307\/revisions"}],"wp:featuredmedia":[{"embeddable":true,"href":"https:\/\/www.padreeustaquio.com.br\/en\/wp-json\/wp\/v2\/media\/10308"}],"wp:attachment":[{"href":"https:\/\/www.padreeustaquio.com.br\/en\/wp-json\/wp\/v2\/media?parent=10307"}],"wp:term":[{"taxonomy":"category","embeddable":true,"href":"https:\/\/www.padreeustaquio.com.br\/en\/wp-json\/wp\/v2\/categories?post=10307"},{"taxonomy":"post_tag","embeddable":true,"href":"https:\/\/www.padreeustaquio.com.br\/en\/wp-json\/wp\/v2\/tags?post=10307"}],"curies":[{"name":"wp","href":"https:\/\/api.w.org\/{rel}","templated":true}]}}