{"id":10302,"date":"2023-04-27T05:01:00","date_gmt":"2023-04-27T08:01:00","guid":{"rendered":"https:\/\/www.padreeustaquio.com.br\/?p=10302"},"modified":"2023-04-26T17:02:39","modified_gmt":"2023-04-26T20:02:39","slug":"brazilian-pilgrims-are-welcomed-in-the-land-of-father-eustaquio-in-the-netherlands","status":"publish","type":"post","link":"https:\/\/www.padreeustaquio.com.br\/en\/brazilian-pilgrims-are-welcomed-in-the-land-of-father-eustaquio-in-the-netherlands\/","title":{"rendered":"Brazilian pilgrims are welcomed in the land of Father Eust\u00e1quio in the Netherlands."},"content":{"rendered":"<p>The delegation of 26 people arrived this Tuesday in Aarle Rixtel, the Dutch city where Blessed Father Eustace was born. The Brazilians, including three priests and a brother from the Congregation of the Sacred Hearts, were received by the Blessed&#039;s nephews, the city&#039;s mayor, and devotees of Father Eustace.<\/p>\n\n\n\n<p>The bus carrying the Brazilian delegation arrived at the city&#039;s main church around noon local time, 7 am Bras\u00edlia time. In front of the church, the Brazilians were greeted with a celebration and an honor known as a flag salute, usually presented on extremely important occasions.<\/p>\n\n\n\n<p>Welcomed by the mayor of Aarle Rixtel, Frank van der Meijden, and Father Eustace&#039;s nephews, Will van den Boomen and Jam van den Boomen, the Brazilians witnessed the brotherhood&#039;s reception, with visitors dressed in traditional local clothing. Afterwards, the group went to the Church of St. Michael, where Eustace was baptized. There, they saw the baptismal font, which is preserved to this day.<\/p>\n\n\n\n<p>Before arriving at the house where Father Eust\u00e1quio was born, the pilgrims stopped at the Dokter Timmerslaan Cemetery to visit the van Lieshout family tomb, where the remains of Eust\u00e1quio&#039;s father, Guilherme Lieshout, are located. Following this, they arrived at the house where the Blessed was born. There, the Brazilians took photos, prayed, and were moved by their presence.<\/p>\n\n\n\n<p>Father Vin\u00edcius Maciel, SSCC, vice-postulator of the Cause of Canonization, emphasized to a Dutch TV crew that accompanied the arrival of the Brazilians the importance of this place for the devotees. <em>\u201cThis visit and warm welcome express a deep friendship between Brazil and the Netherlands. We are very moved to be here, together with your nephews and compatriots.\u201d<\/em><\/p>\n\n\n\n<p>Next, a lunch was offered by the local authorities. The city&#039;s mayor and the Blessed&#039;s family also presented gifts to the group before they departed from Aarle Rixtel. The event had a great impact on the city and was the subject of reports in several local media outlets, including Omroep PeelRand TV (<a href=\"https:\/\/www.youtube.com\/watch?v=tXkfrZdvK-8\" target=\"_blank\" rel=\"noreferrer noopener\">SEE THE REPORT HERE<\/a>) and the news website mooilaarbeek.nl (<a href=\"https:\/\/www.mooilaarbeek.nl\/nieuws\/algemeen\/52834\/braziliaanse-pelgrims-brengen-bezoek-aan-laarbeek\" target=\"_blank\" rel=\"noreferrer noopener\">READ THE ARTICLE HERE<\/a>).<\/p>\n\n\n\n<p><\/p>","protected":false},"excerpt":{"rendered":"<p>A comitiva com 26 pessoas chegou nessa ter\u00e7a-feira \u00e0 Aarle Rixtel, cidade holandesa onde nasceu o Beato Padre Eust\u00e1quio. Os brasileiros, incluindo tr\u00eas padres e um irm\u00e3o da Congrega\u00e7\u00e3o dos Sagrados Cora\u00e7\u00f5es, foram recebidos pelos sobrinhos do Bem-Aventurado, pelo prefeito da cidade e por devotos de Padre Eust\u00e1quio. O \u00f4nibus com a delega\u00e7\u00e3o brasileira chegou \u00e0 igreja matriz da cidade por volta das 12h, hor\u00e1rio local, 7h hor\u00e1rio de Bras\u00edlia. Em frente ao templo, os brasileiros foram recebidos com festa e uma honraria conhecida como sauda\u00e7\u00e3o \u00e0 bandeira, apresentada normalmente em ocasi\u00f5es extremamente importantes. Recebidos pelo prefeito de Aarle Rixtel, [&hellip;]<\/p>\n","protected":false},"author":2,"featured_media":10303,"comment_status":"open","ping_status":"closed","sticky":false,"template":"","format":"standard","meta":{"_acf_changed":false,"footnotes":""},"categories":[611],"tags":[],"class_list":["post-10302","post","type-post","status-publish","format-standard","has-post-thumbnail","hentry","category-noticias"],"acf":[],"yoast_head":"<!-- This site is optimized with the Yoast SEO plugin v27.2 - https:\/\/yoast.com\/product\/yoast-seo-wordpress\/ -->\n<title>Peregrinos brasileiros s\u00e3o recebidos na terra de Padre Eust\u00e1quio na Holanda<\/title>\n<meta name=\"description\" content=\"A comitiva com 26 pessoas chegou nessa ter\u00e7a-feira \u00e0 Aarle Rixtel, cidade holandesa onde nasceu o Beato Padre Eust\u00e1quio. Os brasileiros, incluindo tr\u00eas padres e um irm\u00e3o da Congrega\u00e7\u00e3o dos Sagrados Cora\u00e7\u00f5es, foram recebidos pelos sobrinhos do Bem-Aventurado, pelo prefeito da cidade e por devotos de Padre Eust\u00e1quio.\" \/>\n<meta name=\"robots\" content=\"index, follow, max-snippet:-1, max-image-preview:large, max-video-preview:-1\" \/>\n<link rel=\"canonical\" href=\"https:\/\/www.padreeustaquio.com.br\/en\/brazilian-pilgrims-are-welcomed-in-the-land-of-father-eustaquio-in-the-netherlands\/\" \/>\n<meta property=\"og:locale\" content=\"en_US\" \/>\n<meta property=\"og:type\" content=\"article\" \/>\n<meta property=\"og:title\" content=\"Peregrinos brasileiros s\u00e3o recebidos na terra de Padre Eust\u00e1quio na Holanda\" \/>\n<meta property=\"og:description\" content=\"A comitiva com 26 pessoas chegou nessa ter\u00e7a-feira \u00e0 Aarle Rixtel, cidade holandesa onde nasceu o Beato Padre Eust\u00e1quio. Os brasileiros, incluindo tr\u00eas padres e um irm\u00e3o da Congrega\u00e7\u00e3o dos Sagrados Cora\u00e7\u00f5es, foram recebidos pelos sobrinhos do Bem-Aventurado, pelo prefeito da cidade e por devotos de Padre Eust\u00e1quio.\" \/>\n<meta property=\"og:url\" content=\"https:\/\/www.padreeustaquio.com.br\/en\/brazilian-pilgrims-are-welcomed-in-the-land-of-father-eustaquio-in-the-netherlands\/\" \/>\n<meta property=\"og:site_name\" content=\"Padre Eust\u00e1quio\" \/>\n<meta property=\"article:publisher\" content=\"https:\/\/www.facebook.com\/beatopadreeustaquio\/\" \/>\n<meta property=\"article:published_time\" content=\"2023-04-27T08:01:00+00:00\" \/>\n<meta property=\"og:image\" content=\"https:\/\/www.padreeustaquio.com.br\/wp-content\/uploads\/2023\/04\/brasileiros-em-aarle-rixtel.webp\" \/>\n\t<meta property=\"og:image:width\" content=\"839\" \/>\n\t<meta property=\"og:image:height\" content=\"494\" \/>\n\t<meta property=\"og:image:type\" content=\"image\/webp\" \/>\n<meta name=\"author\" content=\"@sscc\" \/>\n<meta name=\"twitter:card\" content=\"summary_large_image\" \/>\n<meta name=\"twitter:creator\" content=\"@beatopeustaquio\" \/>\n<meta name=\"twitter:site\" content=\"@beatopeustaquio\" \/>\n<meta name=\"twitter:label1\" content=\"Written by\" \/>\n\t<meta name=\"twitter:data1\" content=\"@sscc\" \/>\n\t<meta name=\"twitter:label2\" content=\"Est. reading time\" \/>\n\t<meta name=\"twitter:data2\" content=\"2 minutes\" \/>\n<script type=\"application\/ld+json\" class=\"yoast-schema-graph\">{\"@context\":\"https:\/\/schema.org\",\"@graph\":[{\"@type\":\"Article\",\"@id\":\"https:\/\/www.padreeustaquio.com.br\/peregrinos-brasileiros-sao-recebidos-na-terra-de-padre-eustaquio-na-holanda\/#article\",\"isPartOf\":{\"@id\":\"https:\/\/www.padreeustaquio.com.br\/peregrinos-brasileiros-sao-recebidos-na-terra-de-padre-eustaquio-na-holanda\/\"},\"author\":{\"name\":\"@sscc\",\"@id\":\"https:\/\/www.padreeustaquio.com.br\/#\/schema\/person\/a2a51db1d00f1a7af0204a0f1ddb1566\"},\"headline\":\"Peregrinos brasileiros s\u00e3o recebidos na terra de Padre Eust\u00e1quio na Holanda\",\"datePublished\":\"2023-04-27T08:01:00+00:00\",\"mainEntityOfPage\":{\"@id\":\"https:\/\/www.padreeustaquio.com.br\/peregrinos-brasileiros-sao-recebidos-na-terra-de-padre-eustaquio-na-holanda\/\"},\"wordCount\":392,\"commentCount\":0,\"publisher\":{\"@id\":\"https:\/\/www.padreeustaquio.com.br\/#organization\"},\"image\":{\"@id\":\"https:\/\/www.padreeustaquio.com.br\/peregrinos-brasileiros-sao-recebidos-na-terra-de-padre-eustaquio-na-holanda\/#primaryimage\"},\"thumbnailUrl\":\"https:\/\/www.padreeustaquio.com.br\/wp-content\/uploads\/2023\/04\/brasileiros-em-aarle-rixtel.webp\",\"articleSection\":[\"Not\u00edcias\"],\"inLanguage\":\"en-US\",\"potentialAction\":[{\"@type\":\"CommentAction\",\"name\":\"Comment\",\"target\":[\"https:\/\/www.padreeustaquio.com.br\/peregrinos-brasileiros-sao-recebidos-na-terra-de-padre-eustaquio-na-holanda\/#respond\"]}]},{\"@type\":\"WebPage\",\"@id\":\"https:\/\/www.padreeustaquio.com.br\/peregrinos-brasileiros-sao-recebidos-na-terra-de-padre-eustaquio-na-holanda\/\",\"url\":\"https:\/\/www.padreeustaquio.com.br\/peregrinos-brasileiros-sao-recebidos-na-terra-de-padre-eustaquio-na-holanda\/\",\"name\":\"Peregrinos brasileiros s\u00e3o recebidos na terra de Padre Eust\u00e1quio na Holanda\",\"isPartOf\":{\"@id\":\"https:\/\/www.padreeustaquio.com.br\/#website\"},\"primaryImageOfPage\":{\"@id\":\"https:\/\/www.padreeustaquio.com.br\/peregrinos-brasileiros-sao-recebidos-na-terra-de-padre-eustaquio-na-holanda\/#primaryimage\"},\"image\":{\"@id\":\"https:\/\/www.padreeustaquio.com.br\/peregrinos-brasileiros-sao-recebidos-na-terra-de-padre-eustaquio-na-holanda\/#primaryimage\"},\"thumbnailUrl\":\"https:\/\/www.padreeustaquio.com.br\/wp-content\/uploads\/2023\/04\/brasileiros-em-aarle-rixtel.webp\",\"datePublished\":\"2023-04-27T08:01:00+00:00\",\"description\":\"A comitiva com 26 pessoas chegou nessa ter\u00e7a-feira \u00e0 Aarle Rixtel, cidade holandesa onde nasceu o Beato Padre Eust\u00e1quio. Os brasileiros, incluindo tr\u00eas padres e um irm\u00e3o da Congrega\u00e7\u00e3o dos Sagrados Cora\u00e7\u00f5es, foram recebidos pelos sobrinhos do Bem-Aventurado, pelo prefeito da cidade e por devotos de Padre Eust\u00e1quio.\",\"breadcrumb\":{\"@id\":\"https:\/\/www.padreeustaquio.com.br\/peregrinos-brasileiros-sao-recebidos-na-terra-de-padre-eustaquio-na-holanda\/#breadcrumb\"},\"inLanguage\":\"en-US\",\"potentialAction\":[{\"@type\":\"ReadAction\",\"target\":[\"https:\/\/www.padreeustaquio.com.br\/peregrinos-brasileiros-sao-recebidos-na-terra-de-padre-eustaquio-na-holanda\/\"]}]},{\"@type\":\"ImageObject\",\"inLanguage\":\"en-US\",\"@id\":\"https:\/\/www.padreeustaquio.com.br\/peregrinos-brasileiros-sao-recebidos-na-terra-de-padre-eustaquio-na-holanda\/#primaryimage\",\"url\":\"https:\/\/www.padreeustaquio.com.br\/wp-content\/uploads\/2023\/04\/brasileiros-em-aarle-rixtel.webp\",\"contentUrl\":\"https:\/\/www.padreeustaquio.com.br\/wp-content\/uploads\/2023\/04\/brasileiros-em-aarle-rixtel.webp\",\"width\":839,\"height\":494,\"caption\":\"Foto: DeMooiLaarbeekKrant\"},{\"@type\":\"BreadcrumbList\",\"@id\":\"https:\/\/www.padreeustaquio.com.br\/peregrinos-brasileiros-sao-recebidos-na-terra-de-padre-eustaquio-na-holanda\/#breadcrumb\",\"itemListElement\":[{\"@type\":\"ListItem\",\"position\":1,\"name\":\"In\u00edcio\",\"item\":\"https:\/\/www.padreeustaquio.com.br\/\"},{\"@type\":\"ListItem\",\"position\":2,\"name\":\"Peregrinos brasileiros s\u00e3o recebidos na terra de Padre Eust\u00e1quio na Holanda\"}]},{\"@type\":\"WebSite\",\"@id\":\"https:\/\/www.padreeustaquio.com.br\/#website\",\"url\":\"https:\/\/www.padreeustaquio.com.br\/\",\"name\":\"Padre Eust\u00e1quio\",\"description\":\"Sa\u00fade e Paz\",\"publisher\":{\"@id\":\"https:\/\/www.padreeustaquio.com.br\/#organization\"},\"potentialAction\":[{\"@type\":\"SearchAction\",\"target\":{\"@type\":\"EntryPoint\",\"urlTemplate\":\"https:\/\/www.padreeustaquio.com.br\/?s={search_term_string}\"},\"query-input\":{\"@type\":\"PropertyValueSpecification\",\"valueRequired\":true,\"valueName\":\"search_term_string\"}}],\"inLanguage\":\"en-US\"},{\"@type\":\"Organization\",\"@id\":\"https:\/\/www.padreeustaquio.com.br\/#organization\",\"name\":\"Padre Eust\u00e1quio\",\"url\":\"https:\/\/www.padreeustaquio.com.br\/\",\"logo\":{\"@type\":\"ImageObject\",\"inLanguage\":\"en-US\",\"@id\":\"https:\/\/www.padreeustaquio.com.br\/#\/schema\/logo\/image\/\",\"url\":\"https:\/\/www.padreeustaquio.com.br\/wp-content\/uploads\/2019\/08\/marca.png\",\"contentUrl\":\"https:\/\/www.padreeustaquio.com.br\/wp-content\/uploads\/2019\/08\/marca.png\",\"width\":350,\"height\":400,\"caption\":\"Padre Eust\u00e1quio\"},\"image\":{\"@id\":\"https:\/\/www.padreeustaquio.com.br\/#\/schema\/logo\/image\/\"},\"sameAs\":[\"https:\/\/www.facebook.com\/beatopadreeustaquio\/\",\"https:\/\/x.com\/beatopeustaquio\",\"https:\/\/www.instagram.com\/beatopadreeustaquio\/\",\"https:\/\/www.youtube.com\/channel\/UCRhw7vfabnajwLxb1ZXMeIw\"]},{\"@type\":\"Person\",\"@id\":\"https:\/\/www.padreeustaquio.com.br\/#\/schema\/person\/a2a51db1d00f1a7af0204a0f1ddb1566\",\"name\":\"@sscc\",\"image\":{\"@type\":\"ImageObject\",\"inLanguage\":\"en-US\",\"@id\":\"https:\/\/secure.gravatar.com\/avatar\/68cfafa5f44617fea54071e215026e0ff06be366c3d54a8425f04fdcb86f8c5f?s=96&d=mm&r=g\",\"url\":\"https:\/\/secure.gravatar.com\/avatar\/68cfafa5f44617fea54071e215026e0ff06be366c3d54a8425f04fdcb86f8c5f?s=96&d=mm&r=g\",\"contentUrl\":\"https:\/\/secure.gravatar.com\/avatar\/68cfafa5f44617fea54071e215026e0ff06be366c3d54a8425f04fdcb86f8c5f?s=96&d=mm&r=g\",\"caption\":\"@sscc\"},\"url\":\"https:\/\/www.padreeustaquio.com.br\/en\/author\/sscc\/\"}]}<\/script>\n<!-- \/ Yoast SEO plugin. -->","yoast_head_json":{"title":"Brazilian pilgrims are welcomed in the land of Father Eust\u00e1quio in the Netherlands.","description":"The delegation of 26 people arrived this Tuesday in Aarle Rixtel, the Dutch city where Blessed Father Eustace was born. The Brazilians, including three priests and a brother from the Congregation of the Sacred Hearts, were received by the Blessed&#039;s nephews, the city&#039;s mayor, and devotees of Father Eustace.","robots":{"index":"index","follow":"follow","max-snippet":"max-snippet:-1","max-image-preview":"max-image-preview:large","max-video-preview":"max-video-preview:-1"},"canonical":"https:\/\/www.padreeustaquio.com.br\/en\/brazilian-pilgrims-are-welcomed-in-the-land-of-father-eustaquio-in-the-netherlands\/","og_locale":"en_US","og_type":"article","og_title":"Peregrinos brasileiros s\u00e3o recebidos na terra de Padre Eust\u00e1quio na Holanda","og_description":"A comitiva com 26 pessoas chegou nessa ter\u00e7a-feira \u00e0 Aarle Rixtel, cidade holandesa onde nasceu o Beato Padre Eust\u00e1quio. Os brasileiros, incluindo tr\u00eas padres e um irm\u00e3o da Congrega\u00e7\u00e3o dos Sagrados Cora\u00e7\u00f5es, foram recebidos pelos sobrinhos do Bem-Aventurado, pelo prefeito da cidade e por devotos de Padre Eust\u00e1quio.","og_url":"https:\/\/www.padreeustaquio.com.br\/en\/brazilian-pilgrims-are-welcomed-in-the-land-of-father-eustaquio-in-the-netherlands\/","og_site_name":"Padre Eust\u00e1quio","article_publisher":"https:\/\/www.facebook.com\/beatopadreeustaquio\/","article_published_time":"2023-04-27T08:01:00+00:00","og_image":[{"width":839,"height":494,"url":"https:\/\/www.padreeustaquio.com.br\/wp-content\/uploads\/2023\/04\/brasileiros-em-aarle-rixtel.webp","type":"image\/webp"}],"author":"@sscc","twitter_card":"summary_large_image","twitter_creator":"@beatopeustaquio","twitter_site":"@beatopeustaquio","twitter_misc":{"Written by":"@sscc","Est. reading time":"2 minutes"},"schema":{"@context":"https:\/\/schema.org","@graph":[{"@type":"Article","@id":"https:\/\/www.padreeustaquio.com.br\/peregrinos-brasileiros-sao-recebidos-na-terra-de-padre-eustaquio-na-holanda\/#article","isPartOf":{"@id":"https:\/\/www.padreeustaquio.com.br\/peregrinos-brasileiros-sao-recebidos-na-terra-de-padre-eustaquio-na-holanda\/"},"author":{"name":"@sscc","@id":"https:\/\/www.padreeustaquio.com.br\/#\/schema\/person\/a2a51db1d00f1a7af0204a0f1ddb1566"},"headline":"Peregrinos brasileiros s\u00e3o recebidos na terra de Padre Eust\u00e1quio na Holanda","datePublished":"2023-04-27T08:01:00+00:00","mainEntityOfPage":{"@id":"https:\/\/www.padreeustaquio.com.br\/peregrinos-brasileiros-sao-recebidos-na-terra-de-padre-eustaquio-na-holanda\/"},"wordCount":392,"commentCount":0,"publisher":{"@id":"https:\/\/www.padreeustaquio.com.br\/#organization"},"image":{"@id":"https:\/\/www.padreeustaquio.com.br\/peregrinos-brasileiros-sao-recebidos-na-terra-de-padre-eustaquio-na-holanda\/#primaryimage"},"thumbnailUrl":"https:\/\/www.padreeustaquio.com.br\/wp-content\/uploads\/2023\/04\/brasileiros-em-aarle-rixtel.webp","articleSection":["Not\u00edcias"],"inLanguage":"en-US","potentialAction":[{"@type":"CommentAction","name":"Comment","target":["https:\/\/www.padreeustaquio.com.br\/peregrinos-brasileiros-sao-recebidos-na-terra-de-padre-eustaquio-na-holanda\/#respond"]}]},{"@type":"WebPage","@id":"https:\/\/www.padreeustaquio.com.br\/peregrinos-brasileiros-sao-recebidos-na-terra-de-padre-eustaquio-na-holanda\/","url":"https:\/\/www.padreeustaquio.com.br\/peregrinos-brasileiros-sao-recebidos-na-terra-de-padre-eustaquio-na-holanda\/","name":"Brazilian pilgrims are welcomed in the land of Father Eust\u00e1quio in the Netherlands.","isPartOf":{"@id":"https:\/\/www.padreeustaquio.com.br\/#website"},"primaryImageOfPage":{"@id":"https:\/\/www.padreeustaquio.com.br\/peregrinos-brasileiros-sao-recebidos-na-terra-de-padre-eustaquio-na-holanda\/#primaryimage"},"image":{"@id":"https:\/\/www.padreeustaquio.com.br\/peregrinos-brasileiros-sao-recebidos-na-terra-de-padre-eustaquio-na-holanda\/#primaryimage"},"thumbnailUrl":"https:\/\/www.padreeustaquio.com.br\/wp-content\/uploads\/2023\/04\/brasileiros-em-aarle-rixtel.webp","datePublished":"2023-04-27T08:01:00+00:00","description":"The delegation of 26 people arrived this Tuesday in Aarle Rixtel, the Dutch city where Blessed Father Eustace was born. The Brazilians, including three priests and a brother from the Congregation of the Sacred Hearts, were received by the Blessed&#039;s nephews, the city&#039;s mayor, and devotees of Father Eustace.","breadcrumb":{"@id":"https:\/\/www.padreeustaquio.com.br\/peregrinos-brasileiros-sao-recebidos-na-terra-de-padre-eustaquio-na-holanda\/#breadcrumb"},"inLanguage":"en-US","potentialAction":[{"@type":"ReadAction","target":["https:\/\/www.padreeustaquio.com.br\/peregrinos-brasileiros-sao-recebidos-na-terra-de-padre-eustaquio-na-holanda\/"]}]},{"@type":"ImageObject","inLanguage":"en-US","@id":"https:\/\/www.padreeustaquio.com.br\/peregrinos-brasileiros-sao-recebidos-na-terra-de-padre-eustaquio-na-holanda\/#primaryimage","url":"https:\/\/www.padreeustaquio.com.br\/wp-content\/uploads\/2023\/04\/brasileiros-em-aarle-rixtel.webp","contentUrl":"https:\/\/www.padreeustaquio.com.br\/wp-content\/uploads\/2023\/04\/brasileiros-em-aarle-rixtel.webp","width":839,"height":494,"caption":"Foto: DeMooiLaarbeekKrant"},{"@type":"BreadcrumbList","@id":"https:\/\/www.padreeustaquio.com.br\/peregrinos-brasileiros-sao-recebidos-na-terra-de-padre-eustaquio-na-holanda\/#breadcrumb","itemListElement":[{"@type":"ListItem","position":1,"name":"In\u00edcio","item":"https:\/\/www.padreeustaquio.com.br\/"},{"@type":"ListItem","position":2,"name":"Peregrinos brasileiros s\u00e3o recebidos na terra de Padre Eust\u00e1quio na Holanda"}]},{"@type":"WebSite","@id":"https:\/\/www.padreeustaquio.com.br\/#website","url":"https:\/\/www.padreeustaquio.com.br\/","name":"FATHER EUST\u00c1QUIO","description":"Health and Peace","publisher":{"@id":"https:\/\/www.padreeustaquio.com.br\/#organization"},"potentialAction":[{"@type":"SearchAction","target":{"@type":"EntryPoint","urlTemplate":"https:\/\/www.padreeustaquio.com.br\/?s={search_term_string}"},"query-input":{"@type":"PropertyValueSpecification","valueRequired":true,"valueName":"search_term_string"}}],"inLanguage":"en-US"},{"@type":"Organization","@id":"https:\/\/www.padreeustaquio.com.br\/#organization","name":"FATHER EUST\u00c1QUIO","url":"https:\/\/www.padreeustaquio.com.br\/","logo":{"@type":"ImageObject","inLanguage":"en-US","@id":"https:\/\/www.padreeustaquio.com.br\/#\/schema\/logo\/image\/","url":"https:\/\/www.padreeustaquio.com.br\/wp-content\/uploads\/2019\/08\/marca.png","contentUrl":"https:\/\/www.padreeustaquio.com.br\/wp-content\/uploads\/2019\/08\/marca.png","width":350,"height":400,"caption":"Padre Eust\u00e1quio"},"image":{"@id":"https:\/\/www.padreeustaquio.com.br\/#\/schema\/logo\/image\/"},"sameAs":["https:\/\/www.facebook.com\/beatopadreeustaquio\/","https:\/\/x.com\/beatopeustaquio","https:\/\/www.instagram.com\/beatopadreeustaquio\/","https:\/\/www.youtube.com\/channel\/UCRhw7vfabnajwLxb1ZXMeIw"]},{"@type":"Person","@id":"https:\/\/www.padreeustaquio.com.br\/#\/schema\/person\/a2a51db1d00f1a7af0204a0f1ddb1566","name":"@sscc","image":{"@type":"ImageObject","inLanguage":"en-US","@id":"https:\/\/secure.gravatar.com\/avatar\/68cfafa5f44617fea54071e215026e0ff06be366c3d54a8425f04fdcb86f8c5f?s=96&d=mm&r=g","url":"https:\/\/secure.gravatar.com\/avatar\/68cfafa5f44617fea54071e215026e0ff06be366c3d54a8425f04fdcb86f8c5f?s=96&d=mm&r=g","contentUrl":"https:\/\/secure.gravatar.com\/avatar\/68cfafa5f44617fea54071e215026e0ff06be366c3d54a8425f04fdcb86f8c5f?s=96&d=mm&r=g","caption":"@sscc"},"url":"https:\/\/www.padreeustaquio.com.br\/en\/author\/sscc\/"}]}},"_links":{"self":[{"href":"https:\/\/www.padreeustaquio.com.br\/en\/wp-json\/wp\/v2\/posts\/10302","targetHints":{"allow":["GET"]}}],"collection":[{"href":"https:\/\/www.padreeustaquio.com.br\/en\/wp-json\/wp\/v2\/posts"}],"about":[{"href":"https:\/\/www.padreeustaquio.com.br\/en\/wp-json\/wp\/v2\/types\/post"}],"author":[{"embeddable":true,"href":"https:\/\/www.padreeustaquio.com.br\/en\/wp-json\/wp\/v2\/users\/2"}],"replies":[{"embeddable":true,"href":"https:\/\/www.padreeustaquio.com.br\/en\/wp-json\/wp\/v2\/comments?post=10302"}],"version-history":[{"count":0,"href":"https:\/\/www.padreeustaquio.com.br\/en\/wp-json\/wp\/v2\/posts\/10302\/revisions"}],"wp:featuredmedia":[{"embeddable":true,"href":"https:\/\/www.padreeustaquio.com.br\/en\/wp-json\/wp\/v2\/media\/10303"}],"wp:attachment":[{"href":"https:\/\/www.padreeustaquio.com.br\/en\/wp-json\/wp\/v2\/media?parent=10302"}],"wp:term":[{"taxonomy":"category","embeddable":true,"href":"https:\/\/www.padreeustaquio.com.br\/en\/wp-json\/wp\/v2\/categories?post=10302"},{"taxonomy":"post_tag","embeddable":true,"href":"https:\/\/www.padreeustaquio.com.br\/en\/wp-json\/wp\/v2\/tags?post=10302"}],"curies":[{"name":"wp","href":"https:\/\/api.w.org\/{rel}","templated":true}]}}