{"id":10293,"date":"2023-04-26T06:48:00","date_gmt":"2023-04-26T09:48:00","guid":{"rendered":"https:\/\/www.padreeustaquio.com.br\/?p=10293"},"modified":"2023-04-25T19:22:10","modified_gmt":"2023-04-25T22:22:10","slug":"brazilians-celebrate-at-the-tomb-of-saint-damian-of-molokai-in-belgium","status":"publish","type":"post","link":"https:\/\/www.padreeustaquio.com.br\/en\/brazilians-celebrate-at-the-tomb-of-saint-damian-of-molokai-in-belgium\/","title":{"rendered":"Brazilians celebrate at the tomb of Saint Damien of Molokai in Belgium."},"content":{"rendered":"<p>A group of 26 Brazilians on a pilgrimage through Europe attended a mass on Monday, April 24th, in Leuven, Belgium. The chapel houses the crypt containing the remains of Saint Damien, a missionary of the Sacred Hearts, who died of leprosy on the island of Molokai, Hawaii.<\/p>\n\n\n<div class=\"wp-block-image\">\n<figure class=\"alignleft size-medium is-resized\"><img fetchpriority=\"high\" decoding=\"async\" src=\"https:\/\/www.padreeustaquio.com.br\/wp-content\/uploads\/2023\/04\/missa-transmitida-225x300.jpeg\" alt=\"\" class=\"wp-image-10299\" width=\"273\" height=\"364\" srcset=\"https:\/\/www.padreeustaquio.com.br\/wp-content\/uploads\/2023\/04\/missa-transmitida-225x300.jpeg 225w, https:\/\/www.padreeustaquio.com.br\/wp-content\/uploads\/2023\/04\/missa-transmitida-768x1024.jpeg 768w, https:\/\/www.padreeustaquio.com.br\/wp-content\/uploads\/2023\/04\/missa-transmitida-1152x1536.jpeg 1152w, https:\/\/www.padreeustaquio.com.br\/wp-content\/uploads\/2023\/04\/missa-transmitida.jpeg 1200w\" sizes=\"(max-width: 273px) 100vw, 273px\" \/><\/figure>\n<\/div>\n\n\n<p>The Eucharistic Celebration was presided over by the rector of the Sanctuary of Health and Peace and vice-postulator of the Cause of Canonization of Father Eust\u00e1quio, Fr. Vin\u00edcius Maciel, SSCC, and concelebrated by Fathers Osv\u00e2nio Mariano, SSCC, and Edvaldo Carneiro, SSCC. The Mass was recorded and will be rebroadcast on the Padre Eust\u00e1quio Channel on May 10th, the date on which the Feast Day of Saint Damien of Molokai is celebrated.<\/p>\n\n\n\n<p><strong>Saint Damien of Molokai<\/strong><\/p>\n\n\n\n<p>Damien was born on January 3, 1840, in Belgium. He entered religious life with the Fathers of the Sacred Hearts of Jesus and Mary. He was sent as a missionary to Hawaii (United States) and on May 24, 1864, he was ordained a priest in Honolulu, the capital.<\/p>\n\n\n\n<p>He tirelessly helped the local residents and worked with his own hands to build a church, earning the people&#039;s esteem. At that time, a terrible leprosy epidemic broke out. The sick were separated from the community and abandoned to their fate in a special colony. Father Damien asked to go and help them and landed with several lepers in Molokai.<\/p>\n\n\n\n<p>In that place there was much violence, and many lived without hope or peace. He could hear the jeers of the drunkards, the lamentations of the dying, and the howls of the dogs that devoured the dead.<\/p>\n\n\n\n<p>Gradually, the saint transformed the place, building a church in honor of Saint Philomena, a hospital, an infirmary, a school, housing, and even the homes of the island&#039;s inhabitants. In 1885, at only 49 years old, he contracted leprosy and refused to be taken for treatment.<\/p>\n\n\n\n<p><em>\u201c&quot;So far I feel happy and content, and if I were given the opportunity to leave here in good health, I would say without hesitation: I&#039;ll stay with my lepers.&quot;,<\/em> he said.<\/p>\n\n\n\n<p>The saint, despite his suffering, continued his evangelizing work among these afflicted people. Before dying, he saw the arrival of Father Wendelin and the Franciscan nuns, who took charge of the infirmary.<\/p>\n\n\n\n<p>Damien died on April 15, 1889. Currently, a bronze statue of the saint stands in the United States Capitol representing the state of Hawaii. Saint Damien of Molokai was beatified by Saint John Paul II in 1995 and canonized by Benedict XVI in 2009.<\/p>\n\n\n\n<p><\/p>","protected":false},"excerpt":{"rendered":"<p>Um grupo de 26 brasileiros que est\u00e1 em peregrina\u00e7\u00e3o pela Europa, participou nessa segunda-feira, dia 24 de abril, de uma missa, em Lovaina, na B\u00e9lgica. A capela abriga a cripta onde est\u00e3o os restos mortais de S\u00e3o Dami\u00e3o, um mission\u00e1rio dos Sagrados Cora\u00e7\u00f5es, que morreu leproso na ilha de Molokai, no Hava\u00ed. A Celebra\u00e7\u00e3o Eucar\u00edstica foi presidida pelo reitor do Santu\u00e1rio da Sa\u00fade e da Paz e vice-postulador da Causa de Canoniza\u00e7\u00e3o de Padre Eust\u00e1quio, Pe. Vin\u00edcius Maciel, SSCC, e concelebrada pelos padres Osv\u00e2nio Mariano, SSCC, e Edvaldo Carneiro, SSCC. A missa foi gravada e ser\u00e1 retransmitida pelo Canal Padre [&hellip;]<\/p>\n","protected":false},"author":2,"featured_media":10298,"comment_status":"open","ping_status":"closed","sticky":false,"template":"","format":"standard","meta":{"_acf_changed":false,"footnotes":""},"categories":[611],"tags":[],"class_list":["post-10293","post","type-post","status-publish","format-standard","has-post-thumbnail","hentry","category-noticias"],"acf":[],"yoast_head":"<!-- This site is optimized with the Yoast SEO plugin v27.2 - https:\/\/yoast.com\/product\/yoast-seo-wordpress\/ -->\n<title>Brasileiros celebram junto ao t\u00famulo de S\u00e3o Dami\u00e3o de Molokai na B\u00e9lgica<\/title>\n<meta name=\"description\" content=\"Um grupo de 26 brasileiros que est\u00e3o em peregrina\u00e7\u00e3o pela Europa, participaram nessa segunda-feira, dia 24 de abril, de uma Santa Missa, em Louvaina, na B\u00e9lgica. A capela abriga a cripta onde est\u00e3o os restos mortais de S\u00e3o Dami\u00e3o, um mission\u00e1rio dos Sagrados Cora\u00e7\u00f5es, que morreu leproso na ilha de Molokai, no Hava\u00ed.\" \/>\n<meta name=\"robots\" content=\"index, follow, max-snippet:-1, max-image-preview:large, max-video-preview:-1\" \/>\n<link rel=\"canonical\" href=\"https:\/\/www.padreeustaquio.com.br\/en\/brazilians-celebrate-at-the-tomb-of-saint-damian-of-molokai-in-belgium\/\" \/>\n<meta property=\"og:locale\" content=\"en_US\" \/>\n<meta property=\"og:type\" content=\"article\" \/>\n<meta property=\"og:title\" content=\"Brasileiros celebram junto ao t\u00famulo de S\u00e3o Dami\u00e3o de Molokai na B\u00e9lgica\" \/>\n<meta property=\"og:description\" content=\"Um grupo de 26 brasileiros que est\u00e3o em peregrina\u00e7\u00e3o pela Europa, participaram nessa segunda-feira, dia 24 de abril, de uma Santa Missa, em Louvaina, na B\u00e9lgica. A capela abriga a cripta onde est\u00e3o os restos mortais de S\u00e3o Dami\u00e3o, um mission\u00e1rio dos Sagrados Cora\u00e7\u00f5es, que morreu leproso na ilha de Molokai, no Hava\u00ed.\" \/>\n<meta property=\"og:url\" content=\"https:\/\/www.padreeustaquio.com.br\/en\/brazilians-celebrate-at-the-tomb-of-saint-damian-of-molokai-in-belgium\/\" \/>\n<meta property=\"og:site_name\" content=\"Padre Eust\u00e1quio\" \/>\n<meta property=\"article:publisher\" content=\"https:\/\/www.facebook.com\/beatopadreeustaquio\/\" \/>\n<meta property=\"article:published_time\" content=\"2023-04-26T09:48:00+00:00\" \/>\n<meta property=\"og:image\" content=\"https:\/\/www.padreeustaquio.com.br\/wp-content\/uploads\/2023\/04\/Missa-no-tumulo.jpeg\" \/>\n\t<meta property=\"og:image:width\" content=\"1600\" \/>\n\t<meta property=\"og:image:height\" content=\"1200\" \/>\n\t<meta property=\"og:image:type\" content=\"image\/jpeg\" \/>\n<meta name=\"author\" content=\"@sscc\" \/>\n<meta name=\"twitter:card\" content=\"summary_large_image\" \/>\n<meta name=\"twitter:creator\" content=\"@beatopeustaquio\" \/>\n<meta name=\"twitter:site\" content=\"@beatopeustaquio\" \/>\n<meta name=\"twitter:label1\" content=\"Written by\" \/>\n\t<meta name=\"twitter:data1\" content=\"@sscc\" \/>\n\t<meta name=\"twitter:label2\" content=\"Est. reading time\" \/>\n\t<meta name=\"twitter:data2\" content=\"3 minutes\" \/>\n<script type=\"application\/ld+json\" class=\"yoast-schema-graph\">{\"@context\":\"https:\/\/schema.org\",\"@graph\":[{\"@type\":\"Article\",\"@id\":\"https:\/\/www.padreeustaquio.com.br\/brasileiros-celebram-junto-ao-tumulo-de-sao-damiao-de-molokai-na-belgica\/#article\",\"isPartOf\":{\"@id\":\"https:\/\/www.padreeustaquio.com.br\/brasileiros-celebram-junto-ao-tumulo-de-sao-damiao-de-molokai-na-belgica\/\"},\"author\":{\"name\":\"@sscc\",\"@id\":\"https:\/\/www.padreeustaquio.com.br\/#\/schema\/person\/a2a51db1d00f1a7af0204a0f1ddb1566\"},\"headline\":\"Brasileiros celebram junto ao t\u00famulo de S\u00e3o Dami\u00e3o de Molokai na B\u00e9lgica\",\"datePublished\":\"2023-04-26T09:48:00+00:00\",\"mainEntityOfPage\":{\"@id\":\"https:\/\/www.padreeustaquio.com.br\/brasileiros-celebram-junto-ao-tumulo-de-sao-damiao-de-molokai-na-belgica\/\"},\"wordCount\":459,\"commentCount\":0,\"publisher\":{\"@id\":\"https:\/\/www.padreeustaquio.com.br\/#organization\"},\"image\":{\"@id\":\"https:\/\/www.padreeustaquio.com.br\/brasileiros-celebram-junto-ao-tumulo-de-sao-damiao-de-molokai-na-belgica\/#primaryimage\"},\"thumbnailUrl\":\"https:\/\/www.padreeustaquio.com.br\/wp-content\/uploads\/2023\/04\/Missa-no-tumulo.jpeg\",\"articleSection\":[\"Not\u00edcias\"],\"inLanguage\":\"en-US\",\"potentialAction\":[{\"@type\":\"CommentAction\",\"name\":\"Comment\",\"target\":[\"https:\/\/www.padreeustaquio.com.br\/brasileiros-celebram-junto-ao-tumulo-de-sao-damiao-de-molokai-na-belgica\/#respond\"]}]},{\"@type\":\"WebPage\",\"@id\":\"https:\/\/www.padreeustaquio.com.br\/brasileiros-celebram-junto-ao-tumulo-de-sao-damiao-de-molokai-na-belgica\/\",\"url\":\"https:\/\/www.padreeustaquio.com.br\/brasileiros-celebram-junto-ao-tumulo-de-sao-damiao-de-molokai-na-belgica\/\",\"name\":\"Brasileiros celebram junto ao t\u00famulo de S\u00e3o Dami\u00e3o de Molokai na B\u00e9lgica\",\"isPartOf\":{\"@id\":\"https:\/\/www.padreeustaquio.com.br\/#website\"},\"primaryImageOfPage\":{\"@id\":\"https:\/\/www.padreeustaquio.com.br\/brasileiros-celebram-junto-ao-tumulo-de-sao-damiao-de-molokai-na-belgica\/#primaryimage\"},\"image\":{\"@id\":\"https:\/\/www.padreeustaquio.com.br\/brasileiros-celebram-junto-ao-tumulo-de-sao-damiao-de-molokai-na-belgica\/#primaryimage\"},\"thumbnailUrl\":\"https:\/\/www.padreeustaquio.com.br\/wp-content\/uploads\/2023\/04\/Missa-no-tumulo.jpeg\",\"datePublished\":\"2023-04-26T09:48:00+00:00\",\"description\":\"Um grupo de 26 brasileiros que est\u00e3o em peregrina\u00e7\u00e3o pela Europa, participaram nessa segunda-feira, dia 24 de abril, de uma Santa Missa, em Louvaina, na B\u00e9lgica. A capela abriga a cripta onde est\u00e3o os restos mortais de S\u00e3o Dami\u00e3o, um mission\u00e1rio dos Sagrados Cora\u00e7\u00f5es, que morreu leproso na ilha de Molokai, no Hava\u00ed.\",\"breadcrumb\":{\"@id\":\"https:\/\/www.padreeustaquio.com.br\/brasileiros-celebram-junto-ao-tumulo-de-sao-damiao-de-molokai-na-belgica\/#breadcrumb\"},\"inLanguage\":\"en-US\",\"potentialAction\":[{\"@type\":\"ReadAction\",\"target\":[\"https:\/\/www.padreeustaquio.com.br\/brasileiros-celebram-junto-ao-tumulo-de-sao-damiao-de-molokai-na-belgica\/\"]}]},{\"@type\":\"ImageObject\",\"inLanguage\":\"en-US\",\"@id\":\"https:\/\/www.padreeustaquio.com.br\/brasileiros-celebram-junto-ao-tumulo-de-sao-damiao-de-molokai-na-belgica\/#primaryimage\",\"url\":\"https:\/\/www.padreeustaquio.com.br\/wp-content\/uploads\/2023\/04\/Missa-no-tumulo.jpeg\",\"contentUrl\":\"https:\/\/www.padreeustaquio.com.br\/wp-content\/uploads\/2023\/04\/Missa-no-tumulo.jpeg\",\"width\":1600,\"height\":1200},{\"@type\":\"BreadcrumbList\",\"@id\":\"https:\/\/www.padreeustaquio.com.br\/brasileiros-celebram-junto-ao-tumulo-de-sao-damiao-de-molokai-na-belgica\/#breadcrumb\",\"itemListElement\":[{\"@type\":\"ListItem\",\"position\":1,\"name\":\"In\u00edcio\",\"item\":\"https:\/\/www.padreeustaquio.com.br\/\"},{\"@type\":\"ListItem\",\"position\":2,\"name\":\"Brasileiros celebram junto ao t\u00famulo de S\u00e3o Dami\u00e3o de Molokai na B\u00e9lgica\"}]},{\"@type\":\"WebSite\",\"@id\":\"https:\/\/www.padreeustaquio.com.br\/#website\",\"url\":\"https:\/\/www.padreeustaquio.com.br\/\",\"name\":\"Padre Eust\u00e1quio\",\"description\":\"Sa\u00fade e Paz\",\"publisher\":{\"@id\":\"https:\/\/www.padreeustaquio.com.br\/#organization\"},\"potentialAction\":[{\"@type\":\"SearchAction\",\"target\":{\"@type\":\"EntryPoint\",\"urlTemplate\":\"https:\/\/www.padreeustaquio.com.br\/?s={search_term_string}\"},\"query-input\":{\"@type\":\"PropertyValueSpecification\",\"valueRequired\":true,\"valueName\":\"search_term_string\"}}],\"inLanguage\":\"en-US\"},{\"@type\":\"Organization\",\"@id\":\"https:\/\/www.padreeustaquio.com.br\/#organization\",\"name\":\"Padre Eust\u00e1quio\",\"url\":\"https:\/\/www.padreeustaquio.com.br\/\",\"logo\":{\"@type\":\"ImageObject\",\"inLanguage\":\"en-US\",\"@id\":\"https:\/\/www.padreeustaquio.com.br\/#\/schema\/logo\/image\/\",\"url\":\"https:\/\/www.padreeustaquio.com.br\/wp-content\/uploads\/2019\/08\/marca.png\",\"contentUrl\":\"https:\/\/www.padreeustaquio.com.br\/wp-content\/uploads\/2019\/08\/marca.png\",\"width\":350,\"height\":400,\"caption\":\"Padre Eust\u00e1quio\"},\"image\":{\"@id\":\"https:\/\/www.padreeustaquio.com.br\/#\/schema\/logo\/image\/\"},\"sameAs\":[\"https:\/\/www.facebook.com\/beatopadreeustaquio\/\",\"https:\/\/x.com\/beatopeustaquio\",\"https:\/\/www.instagram.com\/beatopadreeustaquio\/\",\"https:\/\/www.youtube.com\/channel\/UCRhw7vfabnajwLxb1ZXMeIw\"]},{\"@type\":\"Person\",\"@id\":\"https:\/\/www.padreeustaquio.com.br\/#\/schema\/person\/a2a51db1d00f1a7af0204a0f1ddb1566\",\"name\":\"@sscc\",\"image\":{\"@type\":\"ImageObject\",\"inLanguage\":\"en-US\",\"@id\":\"https:\/\/secure.gravatar.com\/avatar\/68cfafa5f44617fea54071e215026e0ff06be366c3d54a8425f04fdcb86f8c5f?s=96&d=mm&r=g\",\"url\":\"https:\/\/secure.gravatar.com\/avatar\/68cfafa5f44617fea54071e215026e0ff06be366c3d54a8425f04fdcb86f8c5f?s=96&d=mm&r=g\",\"contentUrl\":\"https:\/\/secure.gravatar.com\/avatar\/68cfafa5f44617fea54071e215026e0ff06be366c3d54a8425f04fdcb86f8c5f?s=96&d=mm&r=g\",\"caption\":\"@sscc\"},\"url\":\"https:\/\/www.padreeustaquio.com.br\/en\/author\/sscc\/\"}]}<\/script>\n<!-- \/ Yoast SEO plugin. -->","yoast_head_json":{"title":"Brazilians celebrate at the tomb of Saint Damien of Molokai in Belgium.","description":"A group of 26 Brazilians on pilgrimage through Europe participated in a Holy Mass on Monday, April 24th, in Louvain, Belgium. The chapel houses the crypt containing the mortal remains of Saint Damien, a missionary of the Sacred Hearts, who died of leprosy on the island of Molokai, Hawaii.","robots":{"index":"index","follow":"follow","max-snippet":"max-snippet:-1","max-image-preview":"max-image-preview:large","max-video-preview":"max-video-preview:-1"},"canonical":"https:\/\/www.padreeustaquio.com.br\/en\/brazilians-celebrate-at-the-tomb-of-saint-damian-of-molokai-in-belgium\/","og_locale":"en_US","og_type":"article","og_title":"Brasileiros celebram junto ao t\u00famulo de S\u00e3o Dami\u00e3o de Molokai na B\u00e9lgica","og_description":"Um grupo de 26 brasileiros que est\u00e3o em peregrina\u00e7\u00e3o pela Europa, participaram nessa segunda-feira, dia 24 de abril, de uma Santa Missa, em Louvaina, na B\u00e9lgica. A capela abriga a cripta onde est\u00e3o os restos mortais de S\u00e3o Dami\u00e3o, um mission\u00e1rio dos Sagrados Cora\u00e7\u00f5es, que morreu leproso na ilha de Molokai, no Hava\u00ed.","og_url":"https:\/\/www.padreeustaquio.com.br\/en\/brazilians-celebrate-at-the-tomb-of-saint-damian-of-molokai-in-belgium\/","og_site_name":"Padre Eust\u00e1quio","article_publisher":"https:\/\/www.facebook.com\/beatopadreeustaquio\/","article_published_time":"2023-04-26T09:48:00+00:00","og_image":[{"width":1600,"height":1200,"url":"https:\/\/www.padreeustaquio.com.br\/wp-content\/uploads\/2023\/04\/Missa-no-tumulo.jpeg","type":"image\/jpeg"}],"author":"@sscc","twitter_card":"summary_large_image","twitter_creator":"@beatopeustaquio","twitter_site":"@beatopeustaquio","twitter_misc":{"Written by":"@sscc","Est. reading time":"3 minutes"},"schema":{"@context":"https:\/\/schema.org","@graph":[{"@type":"Article","@id":"https:\/\/www.padreeustaquio.com.br\/brasileiros-celebram-junto-ao-tumulo-de-sao-damiao-de-molokai-na-belgica\/#article","isPartOf":{"@id":"https:\/\/www.padreeustaquio.com.br\/brasileiros-celebram-junto-ao-tumulo-de-sao-damiao-de-molokai-na-belgica\/"},"author":{"name":"@sscc","@id":"https:\/\/www.padreeustaquio.com.br\/#\/schema\/person\/a2a51db1d00f1a7af0204a0f1ddb1566"},"headline":"Brasileiros celebram junto ao t\u00famulo de S\u00e3o Dami\u00e3o de Molokai na B\u00e9lgica","datePublished":"2023-04-26T09:48:00+00:00","mainEntityOfPage":{"@id":"https:\/\/www.padreeustaquio.com.br\/brasileiros-celebram-junto-ao-tumulo-de-sao-damiao-de-molokai-na-belgica\/"},"wordCount":459,"commentCount":0,"publisher":{"@id":"https:\/\/www.padreeustaquio.com.br\/#organization"},"image":{"@id":"https:\/\/www.padreeustaquio.com.br\/brasileiros-celebram-junto-ao-tumulo-de-sao-damiao-de-molokai-na-belgica\/#primaryimage"},"thumbnailUrl":"https:\/\/www.padreeustaquio.com.br\/wp-content\/uploads\/2023\/04\/Missa-no-tumulo.jpeg","articleSection":["Not\u00edcias"],"inLanguage":"en-US","potentialAction":[{"@type":"CommentAction","name":"Comment","target":["https:\/\/www.padreeustaquio.com.br\/brasileiros-celebram-junto-ao-tumulo-de-sao-damiao-de-molokai-na-belgica\/#respond"]}]},{"@type":"WebPage","@id":"https:\/\/www.padreeustaquio.com.br\/brasileiros-celebram-junto-ao-tumulo-de-sao-damiao-de-molokai-na-belgica\/","url":"https:\/\/www.padreeustaquio.com.br\/brasileiros-celebram-junto-ao-tumulo-de-sao-damiao-de-molokai-na-belgica\/","name":"Brazilians celebrate at the tomb of Saint Damien of Molokai in Belgium.","isPartOf":{"@id":"https:\/\/www.padreeustaquio.com.br\/#website"},"primaryImageOfPage":{"@id":"https:\/\/www.padreeustaquio.com.br\/brasileiros-celebram-junto-ao-tumulo-de-sao-damiao-de-molokai-na-belgica\/#primaryimage"},"image":{"@id":"https:\/\/www.padreeustaquio.com.br\/brasileiros-celebram-junto-ao-tumulo-de-sao-damiao-de-molokai-na-belgica\/#primaryimage"},"thumbnailUrl":"https:\/\/www.padreeustaquio.com.br\/wp-content\/uploads\/2023\/04\/Missa-no-tumulo.jpeg","datePublished":"2023-04-26T09:48:00+00:00","description":"A group of 26 Brazilians on pilgrimage through Europe participated in a Holy Mass on Monday, April 24th, in Louvain, Belgium. The chapel houses the crypt containing the mortal remains of Saint Damien, a missionary of the Sacred Hearts, who died of leprosy on the island of Molokai, Hawaii.","breadcrumb":{"@id":"https:\/\/www.padreeustaquio.com.br\/brasileiros-celebram-junto-ao-tumulo-de-sao-damiao-de-molokai-na-belgica\/#breadcrumb"},"inLanguage":"en-US","potentialAction":[{"@type":"ReadAction","target":["https:\/\/www.padreeustaquio.com.br\/brasileiros-celebram-junto-ao-tumulo-de-sao-damiao-de-molokai-na-belgica\/"]}]},{"@type":"ImageObject","inLanguage":"en-US","@id":"https:\/\/www.padreeustaquio.com.br\/brasileiros-celebram-junto-ao-tumulo-de-sao-damiao-de-molokai-na-belgica\/#primaryimage","url":"https:\/\/www.padreeustaquio.com.br\/wp-content\/uploads\/2023\/04\/Missa-no-tumulo.jpeg","contentUrl":"https:\/\/www.padreeustaquio.com.br\/wp-content\/uploads\/2023\/04\/Missa-no-tumulo.jpeg","width":1600,"height":1200},{"@type":"BreadcrumbList","@id":"https:\/\/www.padreeustaquio.com.br\/brasileiros-celebram-junto-ao-tumulo-de-sao-damiao-de-molokai-na-belgica\/#breadcrumb","itemListElement":[{"@type":"ListItem","position":1,"name":"In\u00edcio","item":"https:\/\/www.padreeustaquio.com.br\/"},{"@type":"ListItem","position":2,"name":"Brasileiros celebram junto ao t\u00famulo de S\u00e3o Dami\u00e3o de Molokai na B\u00e9lgica"}]},{"@type":"WebSite","@id":"https:\/\/www.padreeustaquio.com.br\/#website","url":"https:\/\/www.padreeustaquio.com.br\/","name":"FATHER EUST\u00c1QUIO","description":"Health and Peace","publisher":{"@id":"https:\/\/www.padreeustaquio.com.br\/#organization"},"potentialAction":[{"@type":"SearchAction","target":{"@type":"EntryPoint","urlTemplate":"https:\/\/www.padreeustaquio.com.br\/?s={search_term_string}"},"query-input":{"@type":"PropertyValueSpecification","valueRequired":true,"valueName":"search_term_string"}}],"inLanguage":"en-US"},{"@type":"Organization","@id":"https:\/\/www.padreeustaquio.com.br\/#organization","name":"FATHER EUST\u00c1QUIO","url":"https:\/\/www.padreeustaquio.com.br\/","logo":{"@type":"ImageObject","inLanguage":"en-US","@id":"https:\/\/www.padreeustaquio.com.br\/#\/schema\/logo\/image\/","url":"https:\/\/www.padreeustaquio.com.br\/wp-content\/uploads\/2019\/08\/marca.png","contentUrl":"https:\/\/www.padreeustaquio.com.br\/wp-content\/uploads\/2019\/08\/marca.png","width":350,"height":400,"caption":"Padre Eust\u00e1quio"},"image":{"@id":"https:\/\/www.padreeustaquio.com.br\/#\/schema\/logo\/image\/"},"sameAs":["https:\/\/www.facebook.com\/beatopadreeustaquio\/","https:\/\/x.com\/beatopeustaquio","https:\/\/www.instagram.com\/beatopadreeustaquio\/","https:\/\/www.youtube.com\/channel\/UCRhw7vfabnajwLxb1ZXMeIw"]},{"@type":"Person","@id":"https:\/\/www.padreeustaquio.com.br\/#\/schema\/person\/a2a51db1d00f1a7af0204a0f1ddb1566","name":"@sscc","image":{"@type":"ImageObject","inLanguage":"en-US","@id":"https:\/\/secure.gravatar.com\/avatar\/68cfafa5f44617fea54071e215026e0ff06be366c3d54a8425f04fdcb86f8c5f?s=96&d=mm&r=g","url":"https:\/\/secure.gravatar.com\/avatar\/68cfafa5f44617fea54071e215026e0ff06be366c3d54a8425f04fdcb86f8c5f?s=96&d=mm&r=g","contentUrl":"https:\/\/secure.gravatar.com\/avatar\/68cfafa5f44617fea54071e215026e0ff06be366c3d54a8425f04fdcb86f8c5f?s=96&d=mm&r=g","caption":"@sscc"},"url":"https:\/\/www.padreeustaquio.com.br\/en\/author\/sscc\/"}]}},"_links":{"self":[{"href":"https:\/\/www.padreeustaquio.com.br\/en\/wp-json\/wp\/v2\/posts\/10293","targetHints":{"allow":["GET"]}}],"collection":[{"href":"https:\/\/www.padreeustaquio.com.br\/en\/wp-json\/wp\/v2\/posts"}],"about":[{"href":"https:\/\/www.padreeustaquio.com.br\/en\/wp-json\/wp\/v2\/types\/post"}],"author":[{"embeddable":true,"href":"https:\/\/www.padreeustaquio.com.br\/en\/wp-json\/wp\/v2\/users\/2"}],"replies":[{"embeddable":true,"href":"https:\/\/www.padreeustaquio.com.br\/en\/wp-json\/wp\/v2\/comments?post=10293"}],"version-history":[{"count":0,"href":"https:\/\/www.padreeustaquio.com.br\/en\/wp-json\/wp\/v2\/posts\/10293\/revisions"}],"wp:featuredmedia":[{"embeddable":true,"href":"https:\/\/www.padreeustaquio.com.br\/en\/wp-json\/wp\/v2\/media\/10298"}],"wp:attachment":[{"href":"https:\/\/www.padreeustaquio.com.br\/en\/wp-json\/wp\/v2\/media?parent=10293"}],"wp:term":[{"taxonomy":"category","embeddable":true,"href":"https:\/\/www.padreeustaquio.com.br\/en\/wp-json\/wp\/v2\/categories?post=10293"},{"taxonomy":"post_tag","embeddable":true,"href":"https:\/\/www.padreeustaquio.com.br\/en\/wp-json\/wp\/v2\/tags?post=10293"}],"curies":[{"name":"wp","href":"https:\/\/api.w.org\/{rel}","templated":true}]}}