{"id":10282,"date":"2023-04-24T06:24:00","date_gmt":"2023-04-24T09:24:00","guid":{"rendered":"https:\/\/www.padreeustaquio.com.br\/?p=10282"},"modified":"2023-04-24T04:31:14","modified_gmt":"2023-04-24T07:31:14","slug":"beatification-of-martyrs-in-france-includes-participation-from-brazilians","status":"publish","type":"post","link":"https:\/\/www.padreeustaquio.com.br\/en\/beatification-of-martyrs-in-france-includes-participation-from-brazilians\/","title":{"rendered":"Beatification of the Martyrs in France includes participation from Brazilians."},"content":{"rendered":"<p>The Beatification of the Martyrs of the Congregation of the Sacred Hearts, held this past weekend (Saturday, April 22nd) at the Church of Saint Sulpice in France, was attended by 26 Brazilians, including three priests and one brother of the Congregation who live in Brazil.<\/p>\n\n\n\n<p>The ceremony was presided over by Cardinal Marcello Semeraro, Prefect of the Congregation for the Causes of Saints, sent by Pope Francis. In an exclusive interview with the Padre Eust\u00e1quio Channel, the Cardinal said that... <em>\u201c&quot;Whenever we celebrate a cause of martyrdom, the invitation to bear witness to our faith becomes even stronger, and this is also a request from Pope Francis: that we be fruitful examples for our Church.&quot;\u201d<\/em><\/p>\n\n\n<div class=\"wp-block-image\">\n<figure class=\"alignleft size-medium is-resized\"><img fetchpriority=\"high\" decoding=\"async\" src=\"https:\/\/www.padreeustaquio.com.br\/wp-content\/uploads\/2023\/04\/Padres-beatif.-franca-Marcelo-Silveira-300x225.jpeg\" alt=\"\" class=\"wp-image-10286\" width=\"338\" height=\"254\" srcset=\"https:\/\/www.padreeustaquio.com.br\/wp-content\/uploads\/2023\/04\/Padres-beatif.-franca-Marcelo-Silveira-300x225.jpeg 300w, https:\/\/www.padreeustaquio.com.br\/wp-content\/uploads\/2023\/04\/Padres-beatif.-franca-Marcelo-Silveira-1024x768.jpeg 1024w, https:\/\/www.padreeustaquio.com.br\/wp-content\/uploads\/2023\/04\/Padres-beatif.-franca-Marcelo-Silveira-768x576.jpeg 768w, https:\/\/www.padreeustaquio.com.br\/wp-content\/uploads\/2023\/04\/Padres-beatif.-franca-Marcelo-Silveira-1536x1152.jpeg 1536w, https:\/\/www.padreeustaquio.com.br\/wp-content\/uploads\/2023\/04\/Padres-beatif.-franca-Marcelo-Silveira-180x135.jpeg 180w, https:\/\/www.padreeustaquio.com.br\/wp-content\/uploads\/2023\/04\/Padres-beatif.-franca-Marcelo-Silveira-400x300.jpeg 400w, https:\/\/www.padreeustaquio.com.br\/wp-content\/uploads\/2023\/04\/Padres-beatif.-franca-Marcelo-Silveira-600x450.jpeg 600w, https:\/\/www.padreeustaquio.com.br\/wp-content\/uploads\/2023\/04\/Padres-beatif.-franca-Marcelo-Silveira-800x600.jpeg 800w, https:\/\/www.padreeustaquio.com.br\/wp-content\/uploads\/2023\/04\/Padres-beatif.-franca-Marcelo-Silveira-1200x900.jpeg 1200w, https:\/\/www.padreeustaquio.com.br\/wp-content\/uploads\/2023\/04\/Padres-beatif.-franca-Marcelo-Silveira.jpeg 1600w\" sizes=\"(max-width: 338px) 100vw, 338px\" \/><figcaption class=\"wp-element-caption\">Brazilian priests during the celebration<\/figcaption><\/figure>\n<\/div>\n\n\n<p>Representing the Congregation in Brazil, the following participated in the celebration at the Church of Saint Sulpice: the Provincial of Brazil and the Paraguay region, Fr. Osv\u00e2nio Mariano, SSCC; the Rector of the Sanctuary of Health and Peace in Belo Horizonte and Vice-Postulator of the Cause of Canonization of Fr. Eust\u00e1quio, Fr. Vinicius Maciel, SSCC; the Congregation&#039;s formator in Brazil, Fr. Edvaldo Carneiro, SSCC; and Brother Antoniel Silva, SSCC.<\/p>\n\n\n\n<p>In addition to the religious figures, another 22 Brazilians, from Belo Horizonte and Patroc\u00ednio-MG, participated in the ceremony. More than a thousand people were present in the church, and thousands more watched via local TV channels. The Beatification was also broadcast on the Padre Eust\u00e1quio Channel (<a href=\"https:\/\/www.youtube.com\/watch?v=ZVQhLPU5xgE\" target=\"_blank\" rel=\"noreferrer noopener\">WATCH HERE<\/a>).<\/p>\n\n\n<div class=\"wp-block-image\">\n<figure class=\"alignright size-medium\"><img decoding=\"async\" width=\"225\" height=\"300\" src=\"https:\/\/www.padreeustaquio.com.br\/wp-content\/uploads\/2023\/04\/reliquias-franca-Marcelo-Silveira-225x300.jpeg\" alt=\"\" class=\"wp-image-10287\" srcset=\"https:\/\/www.padreeustaquio.com.br\/wp-content\/uploads\/2023\/04\/reliquias-franca-Marcelo-Silveira-225x300.jpeg 225w, https:\/\/www.padreeustaquio.com.br\/wp-content\/uploads\/2023\/04\/reliquias-franca-Marcelo-Silveira-768x1024.jpeg 768w, https:\/\/www.padreeustaquio.com.br\/wp-content\/uploads\/2023\/04\/reliquias-franca-Marcelo-Silveira-1152x1536.jpeg 1152w, https:\/\/www.padreeustaquio.com.br\/wp-content\/uploads\/2023\/04\/reliquias-franca-Marcelo-Silveira.jpeg 1200w\" sizes=\"(max-width: 225px) 100vw, 225px\" \/><figcaption class=\"wp-element-caption\">Relics of the five martyrs<\/figcaption><\/figure>\n<\/div>\n\n\n<p>The Beatification rite, always performed at the beginning of the Eucharistic Celebration, began when Cardinal Semeraro read the apostolic letter from Pope Francis, in which he decrees that the five priests \u2013 Fr. Henri Planchat (Vincentian), Fr. Ladislas Radigue, SSCC, Fr. Polycarpe Tuffier, SSCC, Fr. Jean-Marie Rouchouze, SSCC and Fr. Fr\u00e9zal Tardieu, SSCC \u2013 are beatified. In a passage from the letter, the Pope says: <em>\u201c&quot;All gathered together in the testimony of faith, even unto the shedding of blood,&quot; may &quot;in the future be called blessed.&quot;.<\/em><\/p>\n\n\n\n<p>The five priests were executed by firing squad on May 26, 1871, during the &quot;Bloody Week&quot; of the Paris Commune, and died defending the Christian faith.<\/p>\n\n\n\n<p><\/p>","protected":false},"excerpt":{"rendered":"<p>A Beatifica\u00e7\u00e3o dos M\u00e1rtires da Congrega\u00e7\u00e3o dos Sagrados Cora\u00e7\u00f5es, realizada, nesse fim de semana (s\u00e1bado 22\/04) na Igreja de Saint Sulpice, na Fran\u00e7a, contou com a presen\u00e7a de 26 brasileiros, dentre eles tr\u00eas padres e um irm\u00e3o da Congrega\u00e7\u00e3o que vivem no Brasil. A cerim\u00f4nia foi presidida pelo Cardeal D. Marcello Semeraro, prefeito da Congrega\u00e7\u00e3o para a Causa dos Santos, enviado pelo Papa Francisco. Em entrevista exclusiva ao Canal Padre Eust\u00e1quio, o Cardeal disse que &#8220;sempre que celebramos uma causa de mart\u00edrio, o convite para que testemunhemos nossa f\u00e9 se torna ainda mais forte e este tamb\u00e9m \u00e9 um pedido [&hellip;]<\/p>\n","protected":false},"author":2,"featured_media":10285,"comment_status":"open","ping_status":"closed","sticky":false,"template":"","format":"standard","meta":{"_acf_changed":false,"footnotes":""},"categories":[611],"tags":[],"class_list":["post-10282","post","type-post","status-publish","format-standard","has-post-thumbnail","hentry","category-noticias"],"acf":[],"yoast_head":"<!-- This site is optimized with the Yoast SEO plugin v27.2 - https:\/\/yoast.com\/product\/yoast-seo-wordpress\/ -->\n<title>Beatifica\u00e7\u00e3o dos M\u00e1rtires na Fran\u00e7a tem participa\u00e7\u00e3o de brasileiros<\/title>\n<meta name=\"description\" content=\"A Beatifica\u00e7\u00e3o dos M\u00e1rtires da Congrega\u00e7\u00e3o dos Sagrados Cora\u00e7\u00f5es, realizada, nesse fim de semana (s\u00e1bado 22\/04) na Igreja de Saint Sulpice, na Fran\u00e7a, contou com a presen\u00e7a de 26 brasileiros, dentre eles tr\u00eas padres e um irm\u00e3o da Congrega\u00e7\u00e3o que vivem no Brasil.\" \/>\n<meta name=\"robots\" content=\"index, follow, max-snippet:-1, max-image-preview:large, max-video-preview:-1\" \/>\n<link rel=\"canonical\" href=\"https:\/\/www.padreeustaquio.com.br\/en\/beatification-of-martyrs-in-france-includes-participation-from-brazilians\/\" \/>\n<meta property=\"og:locale\" content=\"en_US\" \/>\n<meta property=\"og:type\" content=\"article\" \/>\n<meta property=\"og:title\" content=\"Beatifica\u00e7\u00e3o dos M\u00e1rtires na Fran\u00e7a tem participa\u00e7\u00e3o de brasileiros\" \/>\n<meta property=\"og:description\" content=\"A Beatifica\u00e7\u00e3o dos M\u00e1rtires da Congrega\u00e7\u00e3o dos Sagrados Cora\u00e7\u00f5es, realizada, nesse fim de semana (s\u00e1bado 22\/04) na Igreja de Saint Sulpice, na Fran\u00e7a, contou com a presen\u00e7a de 26 brasileiros, dentre eles tr\u00eas padres e um irm\u00e3o da Congrega\u00e7\u00e3o que vivem no Brasil.\" \/>\n<meta property=\"og:url\" content=\"https:\/\/www.padreeustaquio.com.br\/en\/beatification-of-martyrs-in-france-includes-participation-from-brazilians\/\" \/>\n<meta property=\"og:site_name\" content=\"Padre Eust\u00e1quio\" \/>\n<meta property=\"article:publisher\" content=\"https:\/\/www.facebook.com\/beatopadreeustaquio\/\" \/>\n<meta property=\"article:published_time\" content=\"2023-04-24T09:24:00+00:00\" \/>\n<meta property=\"og:image\" content=\"https:\/\/www.padreeustaquio.com.br\/wp-content\/uploads\/2023\/04\/Beatificacao-Franca-Marcelo-Silveira.jpeg\" \/>\n\t<meta property=\"og:image:width\" content=\"1600\" \/>\n\t<meta property=\"og:image:height\" content=\"900\" \/>\n\t<meta property=\"og:image:type\" content=\"image\/jpeg\" \/>\n<meta name=\"author\" content=\"@sscc\" \/>\n<meta name=\"twitter:card\" content=\"summary_large_image\" \/>\n<meta name=\"twitter:creator\" content=\"@beatopeustaquio\" \/>\n<meta name=\"twitter:site\" content=\"@beatopeustaquio\" \/>\n<meta name=\"twitter:label1\" content=\"Written by\" \/>\n\t<meta name=\"twitter:data1\" content=\"@sscc\" \/>\n\t<meta name=\"twitter:label2\" content=\"Est. reading time\" \/>\n\t<meta name=\"twitter:data2\" content=\"3 minutes\" \/>\n<script type=\"application\/ld+json\" class=\"yoast-schema-graph\">{\"@context\":\"https:\/\/schema.org\",\"@graph\":[{\"@type\":\"Article\",\"@id\":\"https:\/\/www.padreeustaquio.com.br\/beatificacao-dos-martires-na-franca-tem-participacao-de-brasileiros\/#article\",\"isPartOf\":{\"@id\":\"https:\/\/www.padreeustaquio.com.br\/beatificacao-dos-martires-na-franca-tem-participacao-de-brasileiros\/\"},\"author\":{\"name\":\"@sscc\",\"@id\":\"https:\/\/www.padreeustaquio.com.br\/#\/schema\/person\/a2a51db1d00f1a7af0204a0f1ddb1566\"},\"headline\":\"Beatifica\u00e7\u00e3o dos M\u00e1rtires na Fran\u00e7a tem participa\u00e7\u00e3o de brasileiros\",\"datePublished\":\"2023-04-24T09:24:00+00:00\",\"mainEntityOfPage\":{\"@id\":\"https:\/\/www.padreeustaquio.com.br\/beatificacao-dos-martires-na-franca-tem-participacao-de-brasileiros\/\"},\"wordCount\":381,\"commentCount\":0,\"publisher\":{\"@id\":\"https:\/\/www.padreeustaquio.com.br\/#organization\"},\"image\":{\"@id\":\"https:\/\/www.padreeustaquio.com.br\/beatificacao-dos-martires-na-franca-tem-participacao-de-brasileiros\/#primaryimage\"},\"thumbnailUrl\":\"https:\/\/www.padreeustaquio.com.br\/wp-content\/uploads\/2023\/04\/Beatificacao-Franca-Marcelo-Silveira.jpeg\",\"articleSection\":[\"Not\u00edcias\"],\"inLanguage\":\"en-US\",\"potentialAction\":[{\"@type\":\"CommentAction\",\"name\":\"Comment\",\"target\":[\"https:\/\/www.padreeustaquio.com.br\/beatificacao-dos-martires-na-franca-tem-participacao-de-brasileiros\/#respond\"]}]},{\"@type\":\"WebPage\",\"@id\":\"https:\/\/www.padreeustaquio.com.br\/beatificacao-dos-martires-na-franca-tem-participacao-de-brasileiros\/\",\"url\":\"https:\/\/www.padreeustaquio.com.br\/beatificacao-dos-martires-na-franca-tem-participacao-de-brasileiros\/\",\"name\":\"Beatifica\u00e7\u00e3o dos M\u00e1rtires na Fran\u00e7a tem participa\u00e7\u00e3o de brasileiros\",\"isPartOf\":{\"@id\":\"https:\/\/www.padreeustaquio.com.br\/#website\"},\"primaryImageOfPage\":{\"@id\":\"https:\/\/www.padreeustaquio.com.br\/beatificacao-dos-martires-na-franca-tem-participacao-de-brasileiros\/#primaryimage\"},\"image\":{\"@id\":\"https:\/\/www.padreeustaquio.com.br\/beatificacao-dos-martires-na-franca-tem-participacao-de-brasileiros\/#primaryimage\"},\"thumbnailUrl\":\"https:\/\/www.padreeustaquio.com.br\/wp-content\/uploads\/2023\/04\/Beatificacao-Franca-Marcelo-Silveira.jpeg\",\"datePublished\":\"2023-04-24T09:24:00+00:00\",\"description\":\"A Beatifica\u00e7\u00e3o dos M\u00e1rtires da Congrega\u00e7\u00e3o dos Sagrados Cora\u00e7\u00f5es, realizada, nesse fim de semana (s\u00e1bado 22\/04) na Igreja de Saint Sulpice, na Fran\u00e7a, contou com a presen\u00e7a de 26 brasileiros, dentre eles tr\u00eas padres e um irm\u00e3o da Congrega\u00e7\u00e3o que vivem no Brasil.\",\"breadcrumb\":{\"@id\":\"https:\/\/www.padreeustaquio.com.br\/beatificacao-dos-martires-na-franca-tem-participacao-de-brasileiros\/#breadcrumb\"},\"inLanguage\":\"en-US\",\"potentialAction\":[{\"@type\":\"ReadAction\",\"target\":[\"https:\/\/www.padreeustaquio.com.br\/beatificacao-dos-martires-na-franca-tem-participacao-de-brasileiros\/\"]}]},{\"@type\":\"ImageObject\",\"inLanguage\":\"en-US\",\"@id\":\"https:\/\/www.padreeustaquio.com.br\/beatificacao-dos-martires-na-franca-tem-participacao-de-brasileiros\/#primaryimage\",\"url\":\"https:\/\/www.padreeustaquio.com.br\/wp-content\/uploads\/2023\/04\/Beatificacao-Franca-Marcelo-Silveira.jpeg\",\"contentUrl\":\"https:\/\/www.padreeustaquio.com.br\/wp-content\/uploads\/2023\/04\/Beatificacao-Franca-Marcelo-Silveira.jpeg\",\"width\":1600,\"height\":900,\"caption\":\"Foto: Marcelo Silveira\"},{\"@type\":\"BreadcrumbList\",\"@id\":\"https:\/\/www.padreeustaquio.com.br\/beatificacao-dos-martires-na-franca-tem-participacao-de-brasileiros\/#breadcrumb\",\"itemListElement\":[{\"@type\":\"ListItem\",\"position\":1,\"name\":\"In\u00edcio\",\"item\":\"https:\/\/www.padreeustaquio.com.br\/\"},{\"@type\":\"ListItem\",\"position\":2,\"name\":\"Beatifica\u00e7\u00e3o dos M\u00e1rtires na Fran\u00e7a tem participa\u00e7\u00e3o de brasileiros\"}]},{\"@type\":\"WebSite\",\"@id\":\"https:\/\/www.padreeustaquio.com.br\/#website\",\"url\":\"https:\/\/www.padreeustaquio.com.br\/\",\"name\":\"Padre Eust\u00e1quio\",\"description\":\"Sa\u00fade e Paz\",\"publisher\":{\"@id\":\"https:\/\/www.padreeustaquio.com.br\/#organization\"},\"potentialAction\":[{\"@type\":\"SearchAction\",\"target\":{\"@type\":\"EntryPoint\",\"urlTemplate\":\"https:\/\/www.padreeustaquio.com.br\/?s={search_term_string}\"},\"query-input\":{\"@type\":\"PropertyValueSpecification\",\"valueRequired\":true,\"valueName\":\"search_term_string\"}}],\"inLanguage\":\"en-US\"},{\"@type\":\"Organization\",\"@id\":\"https:\/\/www.padreeustaquio.com.br\/#organization\",\"name\":\"Padre Eust\u00e1quio\",\"url\":\"https:\/\/www.padreeustaquio.com.br\/\",\"logo\":{\"@type\":\"ImageObject\",\"inLanguage\":\"en-US\",\"@id\":\"https:\/\/www.padreeustaquio.com.br\/#\/schema\/logo\/image\/\",\"url\":\"https:\/\/www.padreeustaquio.com.br\/wp-content\/uploads\/2019\/08\/marca.png\",\"contentUrl\":\"https:\/\/www.padreeustaquio.com.br\/wp-content\/uploads\/2019\/08\/marca.png\",\"width\":350,\"height\":400,\"caption\":\"Padre Eust\u00e1quio\"},\"image\":{\"@id\":\"https:\/\/www.padreeustaquio.com.br\/#\/schema\/logo\/image\/\"},\"sameAs\":[\"https:\/\/www.facebook.com\/beatopadreeustaquio\/\",\"https:\/\/x.com\/beatopeustaquio\",\"https:\/\/www.instagram.com\/beatopadreeustaquio\/\",\"https:\/\/www.youtube.com\/channel\/UCRhw7vfabnajwLxb1ZXMeIw\"]},{\"@type\":\"Person\",\"@id\":\"https:\/\/www.padreeustaquio.com.br\/#\/schema\/person\/a2a51db1d00f1a7af0204a0f1ddb1566\",\"name\":\"@sscc\",\"image\":{\"@type\":\"ImageObject\",\"inLanguage\":\"en-US\",\"@id\":\"https:\/\/secure.gravatar.com\/avatar\/68cfafa5f44617fea54071e215026e0ff06be366c3d54a8425f04fdcb86f8c5f?s=96&d=mm&r=g\",\"url\":\"https:\/\/secure.gravatar.com\/avatar\/68cfafa5f44617fea54071e215026e0ff06be366c3d54a8425f04fdcb86f8c5f?s=96&d=mm&r=g\",\"contentUrl\":\"https:\/\/secure.gravatar.com\/avatar\/68cfafa5f44617fea54071e215026e0ff06be366c3d54a8425f04fdcb86f8c5f?s=96&d=mm&r=g\",\"caption\":\"@sscc\"},\"url\":\"https:\/\/www.padreeustaquio.com.br\/en\/author\/sscc\/\"}]}<\/script>\n<!-- \/ Yoast SEO plugin. -->","yoast_head_json":{"title":"Beatification of the Martyrs in France includes participation from Brazilians.","description":"The Beatification of the Martyrs of the Congregation of the Sacred Hearts, held this past weekend (Saturday, April 22nd) at the Church of Saint Sulpice in France, was attended by 26 Brazilians, including three priests and one brother of the Congregation who live in Brazil.","robots":{"index":"index","follow":"follow","max-snippet":"max-snippet:-1","max-image-preview":"max-image-preview:large","max-video-preview":"max-video-preview:-1"},"canonical":"https:\/\/www.padreeustaquio.com.br\/en\/beatification-of-martyrs-in-france-includes-participation-from-brazilians\/","og_locale":"en_US","og_type":"article","og_title":"Beatifica\u00e7\u00e3o dos M\u00e1rtires na Fran\u00e7a tem participa\u00e7\u00e3o de brasileiros","og_description":"A Beatifica\u00e7\u00e3o dos M\u00e1rtires da Congrega\u00e7\u00e3o dos Sagrados Cora\u00e7\u00f5es, realizada, nesse fim de semana (s\u00e1bado 22\/04) na Igreja de Saint Sulpice, na Fran\u00e7a, contou com a presen\u00e7a de 26 brasileiros, dentre eles tr\u00eas padres e um irm\u00e3o da Congrega\u00e7\u00e3o que vivem no Brasil.","og_url":"https:\/\/www.padreeustaquio.com.br\/en\/beatification-of-martyrs-in-france-includes-participation-from-brazilians\/","og_site_name":"Padre Eust\u00e1quio","article_publisher":"https:\/\/www.facebook.com\/beatopadreeustaquio\/","article_published_time":"2023-04-24T09:24:00+00:00","og_image":[{"width":1600,"height":900,"url":"https:\/\/www.padreeustaquio.com.br\/wp-content\/uploads\/2023\/04\/Beatificacao-Franca-Marcelo-Silveira.jpeg","type":"image\/jpeg"}],"author":"@sscc","twitter_card":"summary_large_image","twitter_creator":"@beatopeustaquio","twitter_site":"@beatopeustaquio","twitter_misc":{"Written by":"@sscc","Est. reading time":"3 minutes"},"schema":{"@context":"https:\/\/schema.org","@graph":[{"@type":"Article","@id":"https:\/\/www.padreeustaquio.com.br\/beatificacao-dos-martires-na-franca-tem-participacao-de-brasileiros\/#article","isPartOf":{"@id":"https:\/\/www.padreeustaquio.com.br\/beatificacao-dos-martires-na-franca-tem-participacao-de-brasileiros\/"},"author":{"name":"@sscc","@id":"https:\/\/www.padreeustaquio.com.br\/#\/schema\/person\/a2a51db1d00f1a7af0204a0f1ddb1566"},"headline":"Beatifica\u00e7\u00e3o dos M\u00e1rtires na Fran\u00e7a tem participa\u00e7\u00e3o de brasileiros","datePublished":"2023-04-24T09:24:00+00:00","mainEntityOfPage":{"@id":"https:\/\/www.padreeustaquio.com.br\/beatificacao-dos-martires-na-franca-tem-participacao-de-brasileiros\/"},"wordCount":381,"commentCount":0,"publisher":{"@id":"https:\/\/www.padreeustaquio.com.br\/#organization"},"image":{"@id":"https:\/\/www.padreeustaquio.com.br\/beatificacao-dos-martires-na-franca-tem-participacao-de-brasileiros\/#primaryimage"},"thumbnailUrl":"https:\/\/www.padreeustaquio.com.br\/wp-content\/uploads\/2023\/04\/Beatificacao-Franca-Marcelo-Silveira.jpeg","articleSection":["Not\u00edcias"],"inLanguage":"en-US","potentialAction":[{"@type":"CommentAction","name":"Comment","target":["https:\/\/www.padreeustaquio.com.br\/beatificacao-dos-martires-na-franca-tem-participacao-de-brasileiros\/#respond"]}]},{"@type":"WebPage","@id":"https:\/\/www.padreeustaquio.com.br\/beatificacao-dos-martires-na-franca-tem-participacao-de-brasileiros\/","url":"https:\/\/www.padreeustaquio.com.br\/beatificacao-dos-martires-na-franca-tem-participacao-de-brasileiros\/","name":"Beatification of the Martyrs in France includes participation from Brazilians.","isPartOf":{"@id":"https:\/\/www.padreeustaquio.com.br\/#website"},"primaryImageOfPage":{"@id":"https:\/\/www.padreeustaquio.com.br\/beatificacao-dos-martires-na-franca-tem-participacao-de-brasileiros\/#primaryimage"},"image":{"@id":"https:\/\/www.padreeustaquio.com.br\/beatificacao-dos-martires-na-franca-tem-participacao-de-brasileiros\/#primaryimage"},"thumbnailUrl":"https:\/\/www.padreeustaquio.com.br\/wp-content\/uploads\/2023\/04\/Beatificacao-Franca-Marcelo-Silveira.jpeg","datePublished":"2023-04-24T09:24:00+00:00","description":"The Beatification of the Martyrs of the Congregation of the Sacred Hearts, held this past weekend (Saturday, April 22nd) at the Church of Saint Sulpice in France, was attended by 26 Brazilians, including three priests and one brother of the Congregation who live in Brazil.","breadcrumb":{"@id":"https:\/\/www.padreeustaquio.com.br\/beatificacao-dos-martires-na-franca-tem-participacao-de-brasileiros\/#breadcrumb"},"inLanguage":"en-US","potentialAction":[{"@type":"ReadAction","target":["https:\/\/www.padreeustaquio.com.br\/beatificacao-dos-martires-na-franca-tem-participacao-de-brasileiros\/"]}]},{"@type":"ImageObject","inLanguage":"en-US","@id":"https:\/\/www.padreeustaquio.com.br\/beatificacao-dos-martires-na-franca-tem-participacao-de-brasileiros\/#primaryimage","url":"https:\/\/www.padreeustaquio.com.br\/wp-content\/uploads\/2023\/04\/Beatificacao-Franca-Marcelo-Silveira.jpeg","contentUrl":"https:\/\/www.padreeustaquio.com.br\/wp-content\/uploads\/2023\/04\/Beatificacao-Franca-Marcelo-Silveira.jpeg","width":1600,"height":900,"caption":"Foto: Marcelo Silveira"},{"@type":"BreadcrumbList","@id":"https:\/\/www.padreeustaquio.com.br\/beatificacao-dos-martires-na-franca-tem-participacao-de-brasileiros\/#breadcrumb","itemListElement":[{"@type":"ListItem","position":1,"name":"In\u00edcio","item":"https:\/\/www.padreeustaquio.com.br\/"},{"@type":"ListItem","position":2,"name":"Beatifica\u00e7\u00e3o dos M\u00e1rtires na Fran\u00e7a tem participa\u00e7\u00e3o de brasileiros"}]},{"@type":"WebSite","@id":"https:\/\/www.padreeustaquio.com.br\/#website","url":"https:\/\/www.padreeustaquio.com.br\/","name":"FATHER EUST\u00c1QUIO","description":"Health and Peace","publisher":{"@id":"https:\/\/www.padreeustaquio.com.br\/#organization"},"potentialAction":[{"@type":"SearchAction","target":{"@type":"EntryPoint","urlTemplate":"https:\/\/www.padreeustaquio.com.br\/?s={search_term_string}"},"query-input":{"@type":"PropertyValueSpecification","valueRequired":true,"valueName":"search_term_string"}}],"inLanguage":"en-US"},{"@type":"Organization","@id":"https:\/\/www.padreeustaquio.com.br\/#organization","name":"FATHER EUST\u00c1QUIO","url":"https:\/\/www.padreeustaquio.com.br\/","logo":{"@type":"ImageObject","inLanguage":"en-US","@id":"https:\/\/www.padreeustaquio.com.br\/#\/schema\/logo\/image\/","url":"https:\/\/www.padreeustaquio.com.br\/wp-content\/uploads\/2019\/08\/marca.png","contentUrl":"https:\/\/www.padreeustaquio.com.br\/wp-content\/uploads\/2019\/08\/marca.png","width":350,"height":400,"caption":"Padre Eust\u00e1quio"},"image":{"@id":"https:\/\/www.padreeustaquio.com.br\/#\/schema\/logo\/image\/"},"sameAs":["https:\/\/www.facebook.com\/beatopadreeustaquio\/","https:\/\/x.com\/beatopeustaquio","https:\/\/www.instagram.com\/beatopadreeustaquio\/","https:\/\/www.youtube.com\/channel\/UCRhw7vfabnajwLxb1ZXMeIw"]},{"@type":"Person","@id":"https:\/\/www.padreeustaquio.com.br\/#\/schema\/person\/a2a51db1d00f1a7af0204a0f1ddb1566","name":"@sscc","image":{"@type":"ImageObject","inLanguage":"en-US","@id":"https:\/\/secure.gravatar.com\/avatar\/68cfafa5f44617fea54071e215026e0ff06be366c3d54a8425f04fdcb86f8c5f?s=96&d=mm&r=g","url":"https:\/\/secure.gravatar.com\/avatar\/68cfafa5f44617fea54071e215026e0ff06be366c3d54a8425f04fdcb86f8c5f?s=96&d=mm&r=g","contentUrl":"https:\/\/secure.gravatar.com\/avatar\/68cfafa5f44617fea54071e215026e0ff06be366c3d54a8425f04fdcb86f8c5f?s=96&d=mm&r=g","caption":"@sscc"},"url":"https:\/\/www.padreeustaquio.com.br\/en\/author\/sscc\/"}]}},"_links":{"self":[{"href":"https:\/\/www.padreeustaquio.com.br\/en\/wp-json\/wp\/v2\/posts\/10282","targetHints":{"allow":["GET"]}}],"collection":[{"href":"https:\/\/www.padreeustaquio.com.br\/en\/wp-json\/wp\/v2\/posts"}],"about":[{"href":"https:\/\/www.padreeustaquio.com.br\/en\/wp-json\/wp\/v2\/types\/post"}],"author":[{"embeddable":true,"href":"https:\/\/www.padreeustaquio.com.br\/en\/wp-json\/wp\/v2\/users\/2"}],"replies":[{"embeddable":true,"href":"https:\/\/www.padreeustaquio.com.br\/en\/wp-json\/wp\/v2\/comments?post=10282"}],"version-history":[{"count":0,"href":"https:\/\/www.padreeustaquio.com.br\/en\/wp-json\/wp\/v2\/posts\/10282\/revisions"}],"wp:featuredmedia":[{"embeddable":true,"href":"https:\/\/www.padreeustaquio.com.br\/en\/wp-json\/wp\/v2\/media\/10285"}],"wp:attachment":[{"href":"https:\/\/www.padreeustaquio.com.br\/en\/wp-json\/wp\/v2\/media?parent=10282"}],"wp:term":[{"taxonomy":"category","embeddable":true,"href":"https:\/\/www.padreeustaquio.com.br\/en\/wp-json\/wp\/v2\/categories?post=10282"},{"taxonomy":"post_tag","embeddable":true,"href":"https:\/\/www.padreeustaquio.com.br\/en\/wp-json\/wp\/v2\/tags?post=10282"}],"curies":[{"name":"wp","href":"https:\/\/api.w.org\/{rel}","templated":true}]}}