{"id":10259,"date":"2023-04-21T06:37:00","date_gmt":"2023-04-21T09:37:00","guid":{"rendered":"https:\/\/www.padreeustaquio.com.br\/?p=10259"},"modified":"2023-04-17T12:11:15","modified_gmt":"2023-04-17T15:11:15","slug":"father-eustaces-prayer-handwritten-and-cataloged-in-the-collection-of-the-blessed","status":"publish","type":"post","link":"https:\/\/www.padreeustaquio.com.br\/en\/father-eustaces-prayer-handwritten-and-cataloged-in-the-collection-of-the-blessed\/","title":{"rendered":"Father Eust\u00e1quio&#039;s handwritten prayer is cataloged in the collection of the Blessed."},"content":{"rendered":"<p>Throughout his life, Father Eust\u00e1quio left behind many written texts and prayers, which today form part of the Blessed One&#039;s collection. These are edifying words that offer teachings relevant to our lives in a very current and everyday way.<\/p>\n\n\n\n<p>In one of the texts cataloged by the team working with the Blessed One&#039;s archive, it is possible to read a prayer he left behind, written by hand. Read it and say this prayer yourself, asking for your needs and for those who ask us for prayers:<\/p>\n\n\n\n<p><em>\u201c&quot;Jesus, we adore you \u2013 with all our heart and with all our soul \u2013 together with your mother, together with Saint Joseph, together with all the angels and all the saints.&quot;\u201d<\/em><\/p>\n\n\n\n<p><\/p>","protected":false},"excerpt":{"rendered":"<p>Padre Eust\u00e1quio, durante toda sua vida, deixou muitos textos e ora\u00e7\u00f5es escritas, que hoje fazem parte do acervo do Bem-aventurado. S\u00e3o palavras edificantes que trazem ensinamentos para nossas vidas de modo muito atual e cotidiano. Em um dos textos catalogados pela equipe que trabalha com o arquivo do Beato, \u00e9 poss\u00edvel ler uma ora\u00e7\u00e3o deixada por ele, escrita \u00e0 m\u00e3o. Leia e fa\u00e7a voc\u00ea tamb\u00e9m esta ora\u00e7\u00e3o, pedindo por suas necessidades e por aqueles que nos pedem ora\u00e7\u00e3o: &#8220;Jesus n\u00f3s te adoramos &#8211; de todo o nosso cora\u00e7\u00e3o de toda a nossa alma &#8211; junto com sua m\u00e3e, junto com [&hellip;]<\/p>\n","protected":false},"author":2,"featured_media":10260,"comment_status":"open","ping_status":"closed","sticky":false,"template":"","format":"standard","meta":{"_acf_changed":false,"footnotes":""},"categories":[611],"tags":[],"class_list":["post-10259","post","type-post","status-publish","format-standard","has-post-thumbnail","hentry","category-noticias"],"acf":[],"yoast_head":"<!-- This site is optimized with the Yoast SEO plugin v27.2 - https:\/\/yoast.com\/product\/yoast-seo-wordpress\/ -->\n<title>Ora\u00e7\u00e3o do Padre Eust\u00e1quio escrita a m\u00e3o \u00e9 catalogada no acervo do Beato<\/title>\n<meta name=\"description\" content=\"Padre Eust\u00e1quio, durante toda sua vida, deixou muitos textos e ora\u00e7\u00f5es escritas, que hoje fazem parte do acervo do Bem-aventurado. S\u00e3o palavras edificantes que trazem ensinamentos para nossas vidas de modo muito atual e cotidiano.\" \/>\n<meta name=\"robots\" content=\"index, follow, max-snippet:-1, max-image-preview:large, max-video-preview:-1\" \/>\n<link rel=\"canonical\" href=\"https:\/\/www.padreeustaquio.com.br\/en\/father-eustaces-prayer-handwritten-and-cataloged-in-the-collection-of-the-blessed\/\" \/>\n<meta property=\"og:locale\" content=\"en_US\" \/>\n<meta property=\"og:type\" content=\"article\" \/>\n<meta property=\"og:title\" content=\"Ora\u00e7\u00e3o do Padre Eust\u00e1quio escrita a m\u00e3o \u00e9 catalogada no acervo do Beato\" \/>\n<meta property=\"og:description\" content=\"Padre Eust\u00e1quio, durante toda sua vida, deixou muitos textos e ora\u00e7\u00f5es escritas, que hoje fazem parte do acervo do Bem-aventurado. S\u00e3o palavras edificantes que trazem ensinamentos para nossas vidas de modo muito atual e cotidiano.\" \/>\n<meta property=\"og:url\" content=\"https:\/\/www.padreeustaquio.com.br\/en\/father-eustaces-prayer-handwritten-and-cataloged-in-the-collection-of-the-blessed\/\" \/>\n<meta property=\"og:site_name\" content=\"Padre Eust\u00e1quio\" \/>\n<meta property=\"article:publisher\" content=\"https:\/\/www.facebook.com\/beatopadreeustaquio\/\" \/>\n<meta property=\"article:published_time\" content=\"2023-04-21T09:37:00+00:00\" \/>\n<meta property=\"og:image\" content=\"https:\/\/www.padreeustaquio.com.br\/wp-content\/uploads\/2023\/04\/oracao-escrita-a-mao.jpeg\" \/>\n\t<meta property=\"og:image:width\" content=\"1599\" \/>\n\t<meta property=\"og:image:height\" content=\"899\" \/>\n\t<meta property=\"og:image:type\" content=\"image\/jpeg\" \/>\n<meta name=\"author\" content=\"@sscc\" \/>\n<meta name=\"twitter:card\" content=\"summary_large_image\" \/>\n<meta name=\"twitter:creator\" content=\"@beatopeustaquio\" \/>\n<meta name=\"twitter:site\" content=\"@beatopeustaquio\" \/>\n<meta name=\"twitter:label1\" content=\"Written by\" \/>\n\t<meta name=\"twitter:data1\" content=\"@sscc\" \/>\n\t<meta name=\"twitter:label2\" content=\"Est. reading time\" \/>\n\t<meta name=\"twitter:data2\" content=\"1 minute\" \/>\n<script type=\"application\/ld+json\" class=\"yoast-schema-graph\">{\"@context\":\"https:\/\/schema.org\",\"@graph\":[{\"@type\":\"Article\",\"@id\":\"https:\/\/www.padreeustaquio.com.br\/oracao-do-padre-eustaquio-escrita-a-mao-e-catalogada-no-acervo-do-beato\/#article\",\"isPartOf\":{\"@id\":\"https:\/\/www.padreeustaquio.com.br\/oracao-do-padre-eustaquio-escrita-a-mao-e-catalogada-no-acervo-do-beato\/\"},\"author\":{\"name\":\"@sscc\",\"@id\":\"https:\/\/www.padreeustaquio.com.br\/#\/schema\/person\/a2a51db1d00f1a7af0204a0f1ddb1566\"},\"headline\":\"Ora\u00e7\u00e3o do Padre Eust\u00e1quio escrita a m\u00e3o \u00e9 catalogada no acervo do Beato\",\"datePublished\":\"2023-04-21T09:37:00+00:00\",\"mainEntityOfPage\":{\"@id\":\"https:\/\/www.padreeustaquio.com.br\/oracao-do-padre-eustaquio-escrita-a-mao-e-catalogada-no-acervo-do-beato\/\"},\"wordCount\":139,\"commentCount\":0,\"publisher\":{\"@id\":\"https:\/\/www.padreeustaquio.com.br\/#organization\"},\"image\":{\"@id\":\"https:\/\/www.padreeustaquio.com.br\/oracao-do-padre-eustaquio-escrita-a-mao-e-catalogada-no-acervo-do-beato\/#primaryimage\"},\"thumbnailUrl\":\"https:\/\/www.padreeustaquio.com.br\/wp-content\/uploads\/2023\/04\/oracao-escrita-a-mao.jpeg\",\"articleSection\":[\"Not\u00edcias\"],\"inLanguage\":\"en-US\",\"potentialAction\":[{\"@type\":\"CommentAction\",\"name\":\"Comment\",\"target\":[\"https:\/\/www.padreeustaquio.com.br\/oracao-do-padre-eustaquio-escrita-a-mao-e-catalogada-no-acervo-do-beato\/#respond\"]}]},{\"@type\":\"WebPage\",\"@id\":\"https:\/\/www.padreeustaquio.com.br\/oracao-do-padre-eustaquio-escrita-a-mao-e-catalogada-no-acervo-do-beato\/\",\"url\":\"https:\/\/www.padreeustaquio.com.br\/oracao-do-padre-eustaquio-escrita-a-mao-e-catalogada-no-acervo-do-beato\/\",\"name\":\"Ora\u00e7\u00e3o do Padre Eust\u00e1quio escrita a m\u00e3o \u00e9 catalogada no acervo do Beato\",\"isPartOf\":{\"@id\":\"https:\/\/www.padreeustaquio.com.br\/#website\"},\"primaryImageOfPage\":{\"@id\":\"https:\/\/www.padreeustaquio.com.br\/oracao-do-padre-eustaquio-escrita-a-mao-e-catalogada-no-acervo-do-beato\/#primaryimage\"},\"image\":{\"@id\":\"https:\/\/www.padreeustaquio.com.br\/oracao-do-padre-eustaquio-escrita-a-mao-e-catalogada-no-acervo-do-beato\/#primaryimage\"},\"thumbnailUrl\":\"https:\/\/www.padreeustaquio.com.br\/wp-content\/uploads\/2023\/04\/oracao-escrita-a-mao.jpeg\",\"datePublished\":\"2023-04-21T09:37:00+00:00\",\"description\":\"Padre Eust\u00e1quio, durante toda sua vida, deixou muitos textos e ora\u00e7\u00f5es escritas, que hoje fazem parte do acervo do Bem-aventurado. S\u00e3o palavras edificantes que trazem ensinamentos para nossas vidas de modo muito atual e cotidiano.\",\"breadcrumb\":{\"@id\":\"https:\/\/www.padreeustaquio.com.br\/oracao-do-padre-eustaquio-escrita-a-mao-e-catalogada-no-acervo-do-beato\/#breadcrumb\"},\"inLanguage\":\"en-US\",\"potentialAction\":[{\"@type\":\"ReadAction\",\"target\":[\"https:\/\/www.padreeustaquio.com.br\/oracao-do-padre-eustaquio-escrita-a-mao-e-catalogada-no-acervo-do-beato\/\"]}]},{\"@type\":\"ImageObject\",\"inLanguage\":\"en-US\",\"@id\":\"https:\/\/www.padreeustaquio.com.br\/oracao-do-padre-eustaquio-escrita-a-mao-e-catalogada-no-acervo-do-beato\/#primaryimage\",\"url\":\"https:\/\/www.padreeustaquio.com.br\/wp-content\/uploads\/2023\/04\/oracao-escrita-a-mao.jpeg\",\"contentUrl\":\"https:\/\/www.padreeustaquio.com.br\/wp-content\/uploads\/2023\/04\/oracao-escrita-a-mao.jpeg\",\"width\":1599,\"height\":899},{\"@type\":\"BreadcrumbList\",\"@id\":\"https:\/\/www.padreeustaquio.com.br\/oracao-do-padre-eustaquio-escrita-a-mao-e-catalogada-no-acervo-do-beato\/#breadcrumb\",\"itemListElement\":[{\"@type\":\"ListItem\",\"position\":1,\"name\":\"In\u00edcio\",\"item\":\"https:\/\/www.padreeustaquio.com.br\/\"},{\"@type\":\"ListItem\",\"position\":2,\"name\":\"Ora\u00e7\u00e3o do Padre Eust\u00e1quio escrita a m\u00e3o \u00e9 catalogada no acervo do Beato\"}]},{\"@type\":\"WebSite\",\"@id\":\"https:\/\/www.padreeustaquio.com.br\/#website\",\"url\":\"https:\/\/www.padreeustaquio.com.br\/\",\"name\":\"Padre Eust\u00e1quio\",\"description\":\"Sa\u00fade e Paz\",\"publisher\":{\"@id\":\"https:\/\/www.padreeustaquio.com.br\/#organization\"},\"potentialAction\":[{\"@type\":\"SearchAction\",\"target\":{\"@type\":\"EntryPoint\",\"urlTemplate\":\"https:\/\/www.padreeustaquio.com.br\/?s={search_term_string}\"},\"query-input\":{\"@type\":\"PropertyValueSpecification\",\"valueRequired\":true,\"valueName\":\"search_term_string\"}}],\"inLanguage\":\"en-US\"},{\"@type\":\"Organization\",\"@id\":\"https:\/\/www.padreeustaquio.com.br\/#organization\",\"name\":\"Padre Eust\u00e1quio\",\"url\":\"https:\/\/www.padreeustaquio.com.br\/\",\"logo\":{\"@type\":\"ImageObject\",\"inLanguage\":\"en-US\",\"@id\":\"https:\/\/www.padreeustaquio.com.br\/#\/schema\/logo\/image\/\",\"url\":\"https:\/\/www.padreeustaquio.com.br\/wp-content\/uploads\/2019\/08\/marca.png\",\"contentUrl\":\"https:\/\/www.padreeustaquio.com.br\/wp-content\/uploads\/2019\/08\/marca.png\",\"width\":350,\"height\":400,\"caption\":\"Padre Eust\u00e1quio\"},\"image\":{\"@id\":\"https:\/\/www.padreeustaquio.com.br\/#\/schema\/logo\/image\/\"},\"sameAs\":[\"https:\/\/www.facebook.com\/beatopadreeustaquio\/\",\"https:\/\/x.com\/beatopeustaquio\",\"https:\/\/www.instagram.com\/beatopadreeustaquio\/\",\"https:\/\/www.youtube.com\/channel\/UCRhw7vfabnajwLxb1ZXMeIw\"]},{\"@type\":\"Person\",\"@id\":\"https:\/\/www.padreeustaquio.com.br\/#\/schema\/person\/a2a51db1d00f1a7af0204a0f1ddb1566\",\"name\":\"@sscc\",\"image\":{\"@type\":\"ImageObject\",\"inLanguage\":\"en-US\",\"@id\":\"https:\/\/secure.gravatar.com\/avatar\/68cfafa5f44617fea54071e215026e0ff06be366c3d54a8425f04fdcb86f8c5f?s=96&d=mm&r=g\",\"url\":\"https:\/\/secure.gravatar.com\/avatar\/68cfafa5f44617fea54071e215026e0ff06be366c3d54a8425f04fdcb86f8c5f?s=96&d=mm&r=g\",\"contentUrl\":\"https:\/\/secure.gravatar.com\/avatar\/68cfafa5f44617fea54071e215026e0ff06be366c3d54a8425f04fdcb86f8c5f?s=96&d=mm&r=g\",\"caption\":\"@sscc\"},\"url\":\"https:\/\/www.padreeustaquio.com.br\/en\/author\/sscc\/\"}]}<\/script>\n<!-- \/ Yoast SEO plugin. -->","yoast_head_json":{"title":"Father Eust\u00e1quio&#039;s handwritten prayer is cataloged in the collection of the Blessed.","description":"Throughout his life, Father Eust\u00e1quio left behind many written texts and prayers, which today form part of the Blessed One&#039;s collection. These are edifying words that offer teachings relevant to our lives in a very current and everyday way.","robots":{"index":"index","follow":"follow","max-snippet":"max-snippet:-1","max-image-preview":"max-image-preview:large","max-video-preview":"max-video-preview:-1"},"canonical":"https:\/\/www.padreeustaquio.com.br\/en\/father-eustaces-prayer-handwritten-and-cataloged-in-the-collection-of-the-blessed\/","og_locale":"en_US","og_type":"article","og_title":"Ora\u00e7\u00e3o do Padre Eust\u00e1quio escrita a m\u00e3o \u00e9 catalogada no acervo do Beato","og_description":"Padre Eust\u00e1quio, durante toda sua vida, deixou muitos textos e ora\u00e7\u00f5es escritas, que hoje fazem parte do acervo do Bem-aventurado. S\u00e3o palavras edificantes que trazem ensinamentos para nossas vidas de modo muito atual e cotidiano.","og_url":"https:\/\/www.padreeustaquio.com.br\/en\/father-eustaces-prayer-handwritten-and-cataloged-in-the-collection-of-the-blessed\/","og_site_name":"Padre Eust\u00e1quio","article_publisher":"https:\/\/www.facebook.com\/beatopadreeustaquio\/","article_published_time":"2023-04-21T09:37:00+00:00","og_image":[{"width":1599,"height":899,"url":"https:\/\/www.padreeustaquio.com.br\/wp-content\/uploads\/2023\/04\/oracao-escrita-a-mao.jpeg","type":"image\/jpeg"}],"author":"@sscc","twitter_card":"summary_large_image","twitter_creator":"@beatopeustaquio","twitter_site":"@beatopeustaquio","twitter_misc":{"Written by":"@sscc","Est. reading time":"1 minute"},"schema":{"@context":"https:\/\/schema.org","@graph":[{"@type":"Article","@id":"https:\/\/www.padreeustaquio.com.br\/oracao-do-padre-eustaquio-escrita-a-mao-e-catalogada-no-acervo-do-beato\/#article","isPartOf":{"@id":"https:\/\/www.padreeustaquio.com.br\/oracao-do-padre-eustaquio-escrita-a-mao-e-catalogada-no-acervo-do-beato\/"},"author":{"name":"@sscc","@id":"https:\/\/www.padreeustaquio.com.br\/#\/schema\/person\/a2a51db1d00f1a7af0204a0f1ddb1566"},"headline":"Ora\u00e7\u00e3o do Padre Eust\u00e1quio escrita a m\u00e3o \u00e9 catalogada no acervo do Beato","datePublished":"2023-04-21T09:37:00+00:00","mainEntityOfPage":{"@id":"https:\/\/www.padreeustaquio.com.br\/oracao-do-padre-eustaquio-escrita-a-mao-e-catalogada-no-acervo-do-beato\/"},"wordCount":139,"commentCount":0,"publisher":{"@id":"https:\/\/www.padreeustaquio.com.br\/#organization"},"image":{"@id":"https:\/\/www.padreeustaquio.com.br\/oracao-do-padre-eustaquio-escrita-a-mao-e-catalogada-no-acervo-do-beato\/#primaryimage"},"thumbnailUrl":"https:\/\/www.padreeustaquio.com.br\/wp-content\/uploads\/2023\/04\/oracao-escrita-a-mao.jpeg","articleSection":["Not\u00edcias"],"inLanguage":"en-US","potentialAction":[{"@type":"CommentAction","name":"Comment","target":["https:\/\/www.padreeustaquio.com.br\/oracao-do-padre-eustaquio-escrita-a-mao-e-catalogada-no-acervo-do-beato\/#respond"]}]},{"@type":"WebPage","@id":"https:\/\/www.padreeustaquio.com.br\/oracao-do-padre-eustaquio-escrita-a-mao-e-catalogada-no-acervo-do-beato\/","url":"https:\/\/www.padreeustaquio.com.br\/oracao-do-padre-eustaquio-escrita-a-mao-e-catalogada-no-acervo-do-beato\/","name":"Father Eust\u00e1quio&#039;s handwritten prayer is cataloged in the collection of the Blessed.","isPartOf":{"@id":"https:\/\/www.padreeustaquio.com.br\/#website"},"primaryImageOfPage":{"@id":"https:\/\/www.padreeustaquio.com.br\/oracao-do-padre-eustaquio-escrita-a-mao-e-catalogada-no-acervo-do-beato\/#primaryimage"},"image":{"@id":"https:\/\/www.padreeustaquio.com.br\/oracao-do-padre-eustaquio-escrita-a-mao-e-catalogada-no-acervo-do-beato\/#primaryimage"},"thumbnailUrl":"https:\/\/www.padreeustaquio.com.br\/wp-content\/uploads\/2023\/04\/oracao-escrita-a-mao.jpeg","datePublished":"2023-04-21T09:37:00+00:00","description":"Throughout his life, Father Eust\u00e1quio left behind many written texts and prayers, which today form part of the Blessed One&#039;s collection. These are edifying words that offer teachings relevant to our lives in a very current and everyday way.","breadcrumb":{"@id":"https:\/\/www.padreeustaquio.com.br\/oracao-do-padre-eustaquio-escrita-a-mao-e-catalogada-no-acervo-do-beato\/#breadcrumb"},"inLanguage":"en-US","potentialAction":[{"@type":"ReadAction","target":["https:\/\/www.padreeustaquio.com.br\/oracao-do-padre-eustaquio-escrita-a-mao-e-catalogada-no-acervo-do-beato\/"]}]},{"@type":"ImageObject","inLanguage":"en-US","@id":"https:\/\/www.padreeustaquio.com.br\/oracao-do-padre-eustaquio-escrita-a-mao-e-catalogada-no-acervo-do-beato\/#primaryimage","url":"https:\/\/www.padreeustaquio.com.br\/wp-content\/uploads\/2023\/04\/oracao-escrita-a-mao.jpeg","contentUrl":"https:\/\/www.padreeustaquio.com.br\/wp-content\/uploads\/2023\/04\/oracao-escrita-a-mao.jpeg","width":1599,"height":899},{"@type":"BreadcrumbList","@id":"https:\/\/www.padreeustaquio.com.br\/oracao-do-padre-eustaquio-escrita-a-mao-e-catalogada-no-acervo-do-beato\/#breadcrumb","itemListElement":[{"@type":"ListItem","position":1,"name":"In\u00edcio","item":"https:\/\/www.padreeustaquio.com.br\/"},{"@type":"ListItem","position":2,"name":"Ora\u00e7\u00e3o do Padre Eust\u00e1quio escrita a m\u00e3o \u00e9 catalogada no acervo do Beato"}]},{"@type":"WebSite","@id":"https:\/\/www.padreeustaquio.com.br\/#website","url":"https:\/\/www.padreeustaquio.com.br\/","name":"FATHER EUST\u00c1QUIO","description":"Health and Peace","publisher":{"@id":"https:\/\/www.padreeustaquio.com.br\/#organization"},"potentialAction":[{"@type":"SearchAction","target":{"@type":"EntryPoint","urlTemplate":"https:\/\/www.padreeustaquio.com.br\/?s={search_term_string}"},"query-input":{"@type":"PropertyValueSpecification","valueRequired":true,"valueName":"search_term_string"}}],"inLanguage":"en-US"},{"@type":"Organization","@id":"https:\/\/www.padreeustaquio.com.br\/#organization","name":"FATHER EUST\u00c1QUIO","url":"https:\/\/www.padreeustaquio.com.br\/","logo":{"@type":"ImageObject","inLanguage":"en-US","@id":"https:\/\/www.padreeustaquio.com.br\/#\/schema\/logo\/image\/","url":"https:\/\/www.padreeustaquio.com.br\/wp-content\/uploads\/2019\/08\/marca.png","contentUrl":"https:\/\/www.padreeustaquio.com.br\/wp-content\/uploads\/2019\/08\/marca.png","width":350,"height":400,"caption":"Padre Eust\u00e1quio"},"image":{"@id":"https:\/\/www.padreeustaquio.com.br\/#\/schema\/logo\/image\/"},"sameAs":["https:\/\/www.facebook.com\/beatopadreeustaquio\/","https:\/\/x.com\/beatopeustaquio","https:\/\/www.instagram.com\/beatopadreeustaquio\/","https:\/\/www.youtube.com\/channel\/UCRhw7vfabnajwLxb1ZXMeIw"]},{"@type":"Person","@id":"https:\/\/www.padreeustaquio.com.br\/#\/schema\/person\/a2a51db1d00f1a7af0204a0f1ddb1566","name":"@sscc","image":{"@type":"ImageObject","inLanguage":"en-US","@id":"https:\/\/secure.gravatar.com\/avatar\/68cfafa5f44617fea54071e215026e0ff06be366c3d54a8425f04fdcb86f8c5f?s=96&d=mm&r=g","url":"https:\/\/secure.gravatar.com\/avatar\/68cfafa5f44617fea54071e215026e0ff06be366c3d54a8425f04fdcb86f8c5f?s=96&d=mm&r=g","contentUrl":"https:\/\/secure.gravatar.com\/avatar\/68cfafa5f44617fea54071e215026e0ff06be366c3d54a8425f04fdcb86f8c5f?s=96&d=mm&r=g","caption":"@sscc"},"url":"https:\/\/www.padreeustaquio.com.br\/en\/author\/sscc\/"}]}},"_links":{"self":[{"href":"https:\/\/www.padreeustaquio.com.br\/en\/wp-json\/wp\/v2\/posts\/10259","targetHints":{"allow":["GET"]}}],"collection":[{"href":"https:\/\/www.padreeustaquio.com.br\/en\/wp-json\/wp\/v2\/posts"}],"about":[{"href":"https:\/\/www.padreeustaquio.com.br\/en\/wp-json\/wp\/v2\/types\/post"}],"author":[{"embeddable":true,"href":"https:\/\/www.padreeustaquio.com.br\/en\/wp-json\/wp\/v2\/users\/2"}],"replies":[{"embeddable":true,"href":"https:\/\/www.padreeustaquio.com.br\/en\/wp-json\/wp\/v2\/comments?post=10259"}],"version-history":[{"count":0,"href":"https:\/\/www.padreeustaquio.com.br\/en\/wp-json\/wp\/v2\/posts\/10259\/revisions"}],"wp:featuredmedia":[{"embeddable":true,"href":"https:\/\/www.padreeustaquio.com.br\/en\/wp-json\/wp\/v2\/media\/10260"}],"wp:attachment":[{"href":"https:\/\/www.padreeustaquio.com.br\/en\/wp-json\/wp\/v2\/media?parent=10259"}],"wp:term":[{"taxonomy":"category","embeddable":true,"href":"https:\/\/www.padreeustaquio.com.br\/en\/wp-json\/wp\/v2\/categories?post=10259"},{"taxonomy":"post_tag","embeddable":true,"href":"https:\/\/www.padreeustaquio.com.br\/en\/wp-json\/wp\/v2\/tags?post=10259"}],"curies":[{"name":"wp","href":"https:\/\/api.w.org\/{rel}","templated":true}]}}