{"id":10257,"date":"2023-04-20T06:25:00","date_gmt":"2023-04-20T09:25:00","guid":{"rendered":"https:\/\/www.padreeustaquio.com.br\/?p=10257"},"modified":"2023-04-20T05:11:57","modified_gmt":"2023-04-20T08:11:57","slug":"brazilian-pilgrims-arrive-in-europe-for-beatification-and-visits-to-special-places","status":"publish","type":"post","link":"https:\/\/www.padreeustaquio.com.br\/en\/brazilian-pilgrims-arrive-in-europe-for-beatification-and-visits-to-special-places\/","title":{"rendered":"Brazilian pilgrims arrive in Europe for Beatification and visits to special places."},"content":{"rendered":"<p>The group of 26 Brazilians arrived in Europe on the morning of Wednesday, April 19th. The flight carrying the pilgrims departed from Belo Horizonte late Tuesday afternoon and arrived in Lisbon in the early hours of the morning.<\/p>\n\n\n\n<p>In Europe, visitors will participate in the Beatification of the Martyrs of the Congregation of the Sacred Hearts in Paris. The ceremony will be presided over by the Prefect of the Congregation for the Causes of Saints, sent by Pope Francis. The Mass with the rite of Beatification will be celebrated in the Church of Saint Sulpice, the same church where the film The Da Vinci Code was shot.<\/p>\n\n\n<div class=\"wp-block-image\">\n<figure class=\"alignleft size-medium is-resized\"><img fetchpriority=\"high\" decoding=\"async\" src=\"https:\/\/www.padreeustaquio.com.br\/wp-content\/uploads\/2023\/04\/brasileiros-na-europa-1-300x225.jpeg\" alt=\"\" class=\"wp-image-10273\" width=\"383\" height=\"287\" srcset=\"https:\/\/www.padreeustaquio.com.br\/wp-content\/uploads\/2023\/04\/brasileiros-na-europa-1-300x225.jpeg 300w, https:\/\/www.padreeustaquio.com.br\/wp-content\/uploads\/2023\/04\/brasileiros-na-europa-1-1024x768.jpeg 1024w, https:\/\/www.padreeustaquio.com.br\/wp-content\/uploads\/2023\/04\/brasileiros-na-europa-1-768x576.jpeg 768w, https:\/\/www.padreeustaquio.com.br\/wp-content\/uploads\/2023\/04\/brasileiros-na-europa-1-1536x1152.jpeg 1536w, https:\/\/www.padreeustaquio.com.br\/wp-content\/uploads\/2023\/04\/brasileiros-na-europa-1-180x135.jpeg 180w, https:\/\/www.padreeustaquio.com.br\/wp-content\/uploads\/2023\/04\/brasileiros-na-europa-1-400x300.jpeg 400w, https:\/\/www.padreeustaquio.com.br\/wp-content\/uploads\/2023\/04\/brasileiros-na-europa-1-600x450.jpeg 600w, https:\/\/www.padreeustaquio.com.br\/wp-content\/uploads\/2023\/04\/brasileiros-na-europa-1-800x600.jpeg 800w, https:\/\/www.padreeustaquio.com.br\/wp-content\/uploads\/2023\/04\/brasileiros-na-europa-1-1200x900.jpeg 1200w, https:\/\/www.padreeustaquio.com.br\/wp-content\/uploads\/2023\/04\/brasileiros-na-europa-1.jpeg 1600w\" sizes=\"(max-width: 383px) 100vw, 383px\" \/><\/figure>\n<\/div>\n\n\n<p>In the following days, the pilgrims will walk the Paths of Father Eustace, passing by the headquarters of the Congregation of the Sacred Hearts on Rue Picpus in Paris. The following week, the group will visit the house where Father Eustace was born and the church where he was baptized in the Netherlands. The pilgrims will also pass through Belgium, where they will visit the place where the Blessed studied and also where the tomb of Saint Damien of Molokai is located.<\/p>\n\n\n\n<p>The religious assistance for the tour will be provided by Father Vinicius Maciel, SSCC, who will celebrate Mass at the tomb of Saint Damien and lead pilgrims on a journey to learn more about the history of Father Eustace. The tour will conclude with a visit to Rome, the center of the Catholic Church in the world.<\/p>\n\n\n\n<p>Follow the group&#039;s journey on social media and experience, even from afar, a little bit of each of these moments.<\/p>\n\n\n\n<p><\/p>","protected":false},"excerpt":{"rendered":"<p>O grupo com 26 brasileiros chegou \u00e0 Europa na manh\u00e3 dessa quarta-feira, dia 19 de abril. O voo com os peregrinos saiu de Belo Horizonte no fim da tarde de ter\u00e7a e chegou a Lisboa no final da madrugada. Na Europa, os visitantes ir\u00e3o participar da Beatifica\u00e7\u00e3o dos M\u00e1rtires da Congrega\u00e7\u00e3o dos Sagrados Cora\u00e7\u00f5es, em Paris. A cerim\u00f4nia ser\u00e1 presidida pelo Prefeito da Congrega\u00e7\u00e3o para a Causa dos Santos, enviado pelo Papa Francisco. A missa com o rito da Beatifica\u00e7\u00e3o ser\u00e1 celebrada na Igreja de Saint Sulpice, a mesma onde foi gravado o filme: O C\u00f3digo da Vincci. Nos dias [&hellip;]<\/p>\n","protected":false},"author":2,"featured_media":10272,"comment_status":"open","ping_status":"closed","sticky":false,"template":"","format":"standard","meta":{"_acf_changed":false,"footnotes":""},"categories":[611],"tags":[],"class_list":["post-10257","post","type-post","status-publish","format-standard","has-post-thumbnail","hentry","category-noticias"],"acf":[],"yoast_head":"<!-- This site is optimized with the Yoast SEO plugin v27.2 - https:\/\/yoast.com\/product\/yoast-seo-wordpress\/ -->\n<title>Peregrinos brasileiros chegam \u00e0 Europa para Beatifica\u00e7\u00e3o e visitas a lugares especiais<\/title>\n<meta name=\"description\" content=\"O grupo com 26 brasileiros chegou \u00e0 Europa na manh\u00e3 dessa quarta-feira, dia 19 de abril. O voo com os peregrinos saiu de Belo Horizonte no fim da tarde de ter\u00e7a e chegou a Lisboa no final da madrugada.\" \/>\n<meta name=\"robots\" content=\"index, follow, max-snippet:-1, max-image-preview:large, max-video-preview:-1\" \/>\n<link rel=\"canonical\" href=\"https:\/\/www.padreeustaquio.com.br\/en\/brazilian-pilgrims-arrive-in-europe-for-beatification-and-visits-to-special-places\/\" \/>\n<meta property=\"og:locale\" content=\"en_US\" \/>\n<meta property=\"og:type\" content=\"article\" \/>\n<meta property=\"og:title\" content=\"Peregrinos brasileiros chegam \u00e0 Europa para Beatifica\u00e7\u00e3o e visitas a lugares especiais\" \/>\n<meta property=\"og:description\" content=\"O grupo com 26 brasileiros chegou \u00e0 Europa na manh\u00e3 dessa quarta-feira, dia 19 de abril. O voo com os peregrinos saiu de Belo Horizonte no fim da tarde de ter\u00e7a e chegou a Lisboa no final da madrugada.\" \/>\n<meta property=\"og:url\" content=\"https:\/\/www.padreeustaquio.com.br\/en\/brazilian-pilgrims-arrive-in-europe-for-beatification-and-visits-to-special-places\/\" \/>\n<meta property=\"og:site_name\" content=\"Padre Eust\u00e1quio\" \/>\n<meta property=\"article:publisher\" content=\"https:\/\/www.facebook.com\/beatopadreeustaquio\/\" \/>\n<meta property=\"article:published_time\" content=\"2023-04-20T09:25:00+00:00\" \/>\n<meta property=\"og:image\" content=\"https:\/\/www.padreeustaquio.com.br\/wp-content\/uploads\/2023\/04\/Brasileiros-em-Lisboa.jpeg\" \/>\n\t<meta property=\"og:image:width\" content=\"1152\" \/>\n\t<meta property=\"og:image:height\" content=\"864\" \/>\n\t<meta property=\"og:image:type\" content=\"image\/jpeg\" \/>\n<meta name=\"author\" content=\"@sscc\" \/>\n<meta name=\"twitter:card\" content=\"summary_large_image\" \/>\n<meta name=\"twitter:creator\" content=\"@beatopeustaquio\" \/>\n<meta name=\"twitter:site\" content=\"@beatopeustaquio\" \/>\n<meta name=\"twitter:label1\" content=\"Written by\" \/>\n\t<meta name=\"twitter:data1\" content=\"@sscc\" \/>\n\t<meta name=\"twitter:label2\" content=\"Est. reading time\" \/>\n\t<meta name=\"twitter:data2\" content=\"2 minutes\" \/>\n<script type=\"application\/ld+json\" class=\"yoast-schema-graph\">{\"@context\":\"https:\/\/schema.org\",\"@graph\":[{\"@type\":\"Article\",\"@id\":\"https:\/\/www.padreeustaquio.com.br\/peregrinos-brasileiros-chegam-a-europa-para-beatificacao-e-visitas-a-lugares-especiais\/#article\",\"isPartOf\":{\"@id\":\"https:\/\/www.padreeustaquio.com.br\/peregrinos-brasileiros-chegam-a-europa-para-beatificacao-e-visitas-a-lugares-especiais\/\"},\"author\":{\"name\":\"@sscc\",\"@id\":\"https:\/\/www.padreeustaquio.com.br\/#\/schema\/person\/a2a51db1d00f1a7af0204a0f1ddb1566\"},\"headline\":\"Peregrinos brasileiros chegam \u00e0 Europa para Beatifica\u00e7\u00e3o e visitas a lugares especiais\",\"datePublished\":\"2023-04-20T09:25:00+00:00\",\"mainEntityOfPage\":{\"@id\":\"https:\/\/www.padreeustaquio.com.br\/peregrinos-brasileiros-chegam-a-europa-para-beatificacao-e-visitas-a-lugares-especiais\/\"},\"wordCount\":286,\"commentCount\":0,\"publisher\":{\"@id\":\"https:\/\/www.padreeustaquio.com.br\/#organization\"},\"image\":{\"@id\":\"https:\/\/www.padreeustaquio.com.br\/peregrinos-brasileiros-chegam-a-europa-para-beatificacao-e-visitas-a-lugares-especiais\/#primaryimage\"},\"thumbnailUrl\":\"https:\/\/www.padreeustaquio.com.br\/wp-content\/uploads\/2023\/04\/Brasileiros-em-Lisboa.jpeg\",\"articleSection\":[\"Not\u00edcias\"],\"inLanguage\":\"en-US\",\"potentialAction\":[{\"@type\":\"CommentAction\",\"name\":\"Comment\",\"target\":[\"https:\/\/www.padreeustaquio.com.br\/peregrinos-brasileiros-chegam-a-europa-para-beatificacao-e-visitas-a-lugares-especiais\/#respond\"]}]},{\"@type\":\"WebPage\",\"@id\":\"https:\/\/www.padreeustaquio.com.br\/peregrinos-brasileiros-chegam-a-europa-para-beatificacao-e-visitas-a-lugares-especiais\/\",\"url\":\"https:\/\/www.padreeustaquio.com.br\/peregrinos-brasileiros-chegam-a-europa-para-beatificacao-e-visitas-a-lugares-especiais\/\",\"name\":\"Peregrinos brasileiros chegam \u00e0 Europa para Beatifica\u00e7\u00e3o e visitas a lugares especiais\",\"isPartOf\":{\"@id\":\"https:\/\/www.padreeustaquio.com.br\/#website\"},\"primaryImageOfPage\":{\"@id\":\"https:\/\/www.padreeustaquio.com.br\/peregrinos-brasileiros-chegam-a-europa-para-beatificacao-e-visitas-a-lugares-especiais\/#primaryimage\"},\"image\":{\"@id\":\"https:\/\/www.padreeustaquio.com.br\/peregrinos-brasileiros-chegam-a-europa-para-beatificacao-e-visitas-a-lugares-especiais\/#primaryimage\"},\"thumbnailUrl\":\"https:\/\/www.padreeustaquio.com.br\/wp-content\/uploads\/2023\/04\/Brasileiros-em-Lisboa.jpeg\",\"datePublished\":\"2023-04-20T09:25:00+00:00\",\"description\":\"O grupo com 26 brasileiros chegou \u00e0 Europa na manh\u00e3 dessa quarta-feira, dia 19 de abril. O voo com os peregrinos saiu de Belo Horizonte no fim da tarde de ter\u00e7a e chegou a Lisboa no final da madrugada.\",\"breadcrumb\":{\"@id\":\"https:\/\/www.padreeustaquio.com.br\/peregrinos-brasileiros-chegam-a-europa-para-beatificacao-e-visitas-a-lugares-especiais\/#breadcrumb\"},\"inLanguage\":\"en-US\",\"potentialAction\":[{\"@type\":\"ReadAction\",\"target\":[\"https:\/\/www.padreeustaquio.com.br\/peregrinos-brasileiros-chegam-a-europa-para-beatificacao-e-visitas-a-lugares-especiais\/\"]}]},{\"@type\":\"ImageObject\",\"inLanguage\":\"en-US\",\"@id\":\"https:\/\/www.padreeustaquio.com.br\/peregrinos-brasileiros-chegam-a-europa-para-beatificacao-e-visitas-a-lugares-especiais\/#primaryimage\",\"url\":\"https:\/\/www.padreeustaquio.com.br\/wp-content\/uploads\/2023\/04\/Brasileiros-em-Lisboa.jpeg\",\"contentUrl\":\"https:\/\/www.padreeustaquio.com.br\/wp-content\/uploads\/2023\/04\/Brasileiros-em-Lisboa.jpeg\",\"width\":1152,\"height\":864,\"caption\":\"Na manh\u00e3 desta quinta-feira, dia 20, eles visitaram a cidade de Lisboa, em Portugal\"},{\"@type\":\"BreadcrumbList\",\"@id\":\"https:\/\/www.padreeustaquio.com.br\/peregrinos-brasileiros-chegam-a-europa-para-beatificacao-e-visitas-a-lugares-especiais\/#breadcrumb\",\"itemListElement\":[{\"@type\":\"ListItem\",\"position\":1,\"name\":\"In\u00edcio\",\"item\":\"https:\/\/www.padreeustaquio.com.br\/\"},{\"@type\":\"ListItem\",\"position\":2,\"name\":\"Peregrinos brasileiros chegam \u00e0 Europa para Beatifica\u00e7\u00e3o e visitas a lugares especiais\"}]},{\"@type\":\"WebSite\",\"@id\":\"https:\/\/www.padreeustaquio.com.br\/#website\",\"url\":\"https:\/\/www.padreeustaquio.com.br\/\",\"name\":\"Padre Eust\u00e1quio\",\"description\":\"Sa\u00fade e Paz\",\"publisher\":{\"@id\":\"https:\/\/www.padreeustaquio.com.br\/#organization\"},\"potentialAction\":[{\"@type\":\"SearchAction\",\"target\":{\"@type\":\"EntryPoint\",\"urlTemplate\":\"https:\/\/www.padreeustaquio.com.br\/?s={search_term_string}\"},\"query-input\":{\"@type\":\"PropertyValueSpecification\",\"valueRequired\":true,\"valueName\":\"search_term_string\"}}],\"inLanguage\":\"en-US\"},{\"@type\":\"Organization\",\"@id\":\"https:\/\/www.padreeustaquio.com.br\/#organization\",\"name\":\"Padre Eust\u00e1quio\",\"url\":\"https:\/\/www.padreeustaquio.com.br\/\",\"logo\":{\"@type\":\"ImageObject\",\"inLanguage\":\"en-US\",\"@id\":\"https:\/\/www.padreeustaquio.com.br\/#\/schema\/logo\/image\/\",\"url\":\"https:\/\/www.padreeustaquio.com.br\/wp-content\/uploads\/2019\/08\/marca.png\",\"contentUrl\":\"https:\/\/www.padreeustaquio.com.br\/wp-content\/uploads\/2019\/08\/marca.png\",\"width\":350,\"height\":400,\"caption\":\"Padre Eust\u00e1quio\"},\"image\":{\"@id\":\"https:\/\/www.padreeustaquio.com.br\/#\/schema\/logo\/image\/\"},\"sameAs\":[\"https:\/\/www.facebook.com\/beatopadreeustaquio\/\",\"https:\/\/x.com\/beatopeustaquio\",\"https:\/\/www.instagram.com\/beatopadreeustaquio\/\",\"https:\/\/www.youtube.com\/channel\/UCRhw7vfabnajwLxb1ZXMeIw\"]},{\"@type\":\"Person\",\"@id\":\"https:\/\/www.padreeustaquio.com.br\/#\/schema\/person\/a2a51db1d00f1a7af0204a0f1ddb1566\",\"name\":\"@sscc\",\"image\":{\"@type\":\"ImageObject\",\"inLanguage\":\"en-US\",\"@id\":\"https:\/\/secure.gravatar.com\/avatar\/68cfafa5f44617fea54071e215026e0ff06be366c3d54a8425f04fdcb86f8c5f?s=96&d=mm&r=g\",\"url\":\"https:\/\/secure.gravatar.com\/avatar\/68cfafa5f44617fea54071e215026e0ff06be366c3d54a8425f04fdcb86f8c5f?s=96&d=mm&r=g\",\"contentUrl\":\"https:\/\/secure.gravatar.com\/avatar\/68cfafa5f44617fea54071e215026e0ff06be366c3d54a8425f04fdcb86f8c5f?s=96&d=mm&r=g\",\"caption\":\"@sscc\"},\"url\":\"https:\/\/www.padreeustaquio.com.br\/en\/author\/sscc\/\"}]}<\/script>\n<!-- \/ Yoast SEO plugin. -->","yoast_head_json":{"title":"Brazilian pilgrims arrive in Europe for Beatification and visits to special places.","description":"The group of 26 Brazilians arrived in Europe on the morning of Wednesday, April 19th. The flight carrying the pilgrims departed from Belo Horizonte late Tuesday afternoon and arrived in Lisbon in the early hours of the morning.","robots":{"index":"index","follow":"follow","max-snippet":"max-snippet:-1","max-image-preview":"max-image-preview:large","max-video-preview":"max-video-preview:-1"},"canonical":"https:\/\/www.padreeustaquio.com.br\/en\/brazilian-pilgrims-arrive-in-europe-for-beatification-and-visits-to-special-places\/","og_locale":"en_US","og_type":"article","og_title":"Peregrinos brasileiros chegam \u00e0 Europa para Beatifica\u00e7\u00e3o e visitas a lugares especiais","og_description":"O grupo com 26 brasileiros chegou \u00e0 Europa na manh\u00e3 dessa quarta-feira, dia 19 de abril. O voo com os peregrinos saiu de Belo Horizonte no fim da tarde de ter\u00e7a e chegou a Lisboa no final da madrugada.","og_url":"https:\/\/www.padreeustaquio.com.br\/en\/brazilian-pilgrims-arrive-in-europe-for-beatification-and-visits-to-special-places\/","og_site_name":"Padre Eust\u00e1quio","article_publisher":"https:\/\/www.facebook.com\/beatopadreeustaquio\/","article_published_time":"2023-04-20T09:25:00+00:00","og_image":[{"width":1152,"height":864,"url":"https:\/\/www.padreeustaquio.com.br\/wp-content\/uploads\/2023\/04\/Brasileiros-em-Lisboa.jpeg","type":"image\/jpeg"}],"author":"@sscc","twitter_card":"summary_large_image","twitter_creator":"@beatopeustaquio","twitter_site":"@beatopeustaquio","twitter_misc":{"Written by":"@sscc","Est. reading time":"2 minutes"},"schema":{"@context":"https:\/\/schema.org","@graph":[{"@type":"Article","@id":"https:\/\/www.padreeustaquio.com.br\/peregrinos-brasileiros-chegam-a-europa-para-beatificacao-e-visitas-a-lugares-especiais\/#article","isPartOf":{"@id":"https:\/\/www.padreeustaquio.com.br\/peregrinos-brasileiros-chegam-a-europa-para-beatificacao-e-visitas-a-lugares-especiais\/"},"author":{"name":"@sscc","@id":"https:\/\/www.padreeustaquio.com.br\/#\/schema\/person\/a2a51db1d00f1a7af0204a0f1ddb1566"},"headline":"Peregrinos brasileiros chegam \u00e0 Europa para Beatifica\u00e7\u00e3o e visitas a lugares especiais","datePublished":"2023-04-20T09:25:00+00:00","mainEntityOfPage":{"@id":"https:\/\/www.padreeustaquio.com.br\/peregrinos-brasileiros-chegam-a-europa-para-beatificacao-e-visitas-a-lugares-especiais\/"},"wordCount":286,"commentCount":0,"publisher":{"@id":"https:\/\/www.padreeustaquio.com.br\/#organization"},"image":{"@id":"https:\/\/www.padreeustaquio.com.br\/peregrinos-brasileiros-chegam-a-europa-para-beatificacao-e-visitas-a-lugares-especiais\/#primaryimage"},"thumbnailUrl":"https:\/\/www.padreeustaquio.com.br\/wp-content\/uploads\/2023\/04\/Brasileiros-em-Lisboa.jpeg","articleSection":["Not\u00edcias"],"inLanguage":"en-US","potentialAction":[{"@type":"CommentAction","name":"Comment","target":["https:\/\/www.padreeustaquio.com.br\/peregrinos-brasileiros-chegam-a-europa-para-beatificacao-e-visitas-a-lugares-especiais\/#respond"]}]},{"@type":"WebPage","@id":"https:\/\/www.padreeustaquio.com.br\/peregrinos-brasileiros-chegam-a-europa-para-beatificacao-e-visitas-a-lugares-especiais\/","url":"https:\/\/www.padreeustaquio.com.br\/peregrinos-brasileiros-chegam-a-europa-para-beatificacao-e-visitas-a-lugares-especiais\/","name":"Brazilian pilgrims arrive in Europe for Beatification and visits to special places.","isPartOf":{"@id":"https:\/\/www.padreeustaquio.com.br\/#website"},"primaryImageOfPage":{"@id":"https:\/\/www.padreeustaquio.com.br\/peregrinos-brasileiros-chegam-a-europa-para-beatificacao-e-visitas-a-lugares-especiais\/#primaryimage"},"image":{"@id":"https:\/\/www.padreeustaquio.com.br\/peregrinos-brasileiros-chegam-a-europa-para-beatificacao-e-visitas-a-lugares-especiais\/#primaryimage"},"thumbnailUrl":"https:\/\/www.padreeustaquio.com.br\/wp-content\/uploads\/2023\/04\/Brasileiros-em-Lisboa.jpeg","datePublished":"2023-04-20T09:25:00+00:00","description":"The group of 26 Brazilians arrived in Europe on the morning of Wednesday, April 19th. The flight carrying the pilgrims departed from Belo Horizonte late Tuesday afternoon and arrived in Lisbon in the early hours of the morning.","breadcrumb":{"@id":"https:\/\/www.padreeustaquio.com.br\/peregrinos-brasileiros-chegam-a-europa-para-beatificacao-e-visitas-a-lugares-especiais\/#breadcrumb"},"inLanguage":"en-US","potentialAction":[{"@type":"ReadAction","target":["https:\/\/www.padreeustaquio.com.br\/peregrinos-brasileiros-chegam-a-europa-para-beatificacao-e-visitas-a-lugares-especiais\/"]}]},{"@type":"ImageObject","inLanguage":"en-US","@id":"https:\/\/www.padreeustaquio.com.br\/peregrinos-brasileiros-chegam-a-europa-para-beatificacao-e-visitas-a-lugares-especiais\/#primaryimage","url":"https:\/\/www.padreeustaquio.com.br\/wp-content\/uploads\/2023\/04\/Brasileiros-em-Lisboa.jpeg","contentUrl":"https:\/\/www.padreeustaquio.com.br\/wp-content\/uploads\/2023\/04\/Brasileiros-em-Lisboa.jpeg","width":1152,"height":864,"caption":"Na manh\u00e3 desta quinta-feira, dia 20, eles visitaram a cidade de Lisboa, em Portugal"},{"@type":"BreadcrumbList","@id":"https:\/\/www.padreeustaquio.com.br\/peregrinos-brasileiros-chegam-a-europa-para-beatificacao-e-visitas-a-lugares-especiais\/#breadcrumb","itemListElement":[{"@type":"ListItem","position":1,"name":"In\u00edcio","item":"https:\/\/www.padreeustaquio.com.br\/"},{"@type":"ListItem","position":2,"name":"Peregrinos brasileiros chegam \u00e0 Europa para Beatifica\u00e7\u00e3o e visitas a lugares especiais"}]},{"@type":"WebSite","@id":"https:\/\/www.padreeustaquio.com.br\/#website","url":"https:\/\/www.padreeustaquio.com.br\/","name":"FATHER EUST\u00c1QUIO","description":"Health and Peace","publisher":{"@id":"https:\/\/www.padreeustaquio.com.br\/#organization"},"potentialAction":[{"@type":"SearchAction","target":{"@type":"EntryPoint","urlTemplate":"https:\/\/www.padreeustaquio.com.br\/?s={search_term_string}"},"query-input":{"@type":"PropertyValueSpecification","valueRequired":true,"valueName":"search_term_string"}}],"inLanguage":"en-US"},{"@type":"Organization","@id":"https:\/\/www.padreeustaquio.com.br\/#organization","name":"FATHER EUST\u00c1QUIO","url":"https:\/\/www.padreeustaquio.com.br\/","logo":{"@type":"ImageObject","inLanguage":"en-US","@id":"https:\/\/www.padreeustaquio.com.br\/#\/schema\/logo\/image\/","url":"https:\/\/www.padreeustaquio.com.br\/wp-content\/uploads\/2019\/08\/marca.png","contentUrl":"https:\/\/www.padreeustaquio.com.br\/wp-content\/uploads\/2019\/08\/marca.png","width":350,"height":400,"caption":"Padre Eust\u00e1quio"},"image":{"@id":"https:\/\/www.padreeustaquio.com.br\/#\/schema\/logo\/image\/"},"sameAs":["https:\/\/www.facebook.com\/beatopadreeustaquio\/","https:\/\/x.com\/beatopeustaquio","https:\/\/www.instagram.com\/beatopadreeustaquio\/","https:\/\/www.youtube.com\/channel\/UCRhw7vfabnajwLxb1ZXMeIw"]},{"@type":"Person","@id":"https:\/\/www.padreeustaquio.com.br\/#\/schema\/person\/a2a51db1d00f1a7af0204a0f1ddb1566","name":"@sscc","image":{"@type":"ImageObject","inLanguage":"en-US","@id":"https:\/\/secure.gravatar.com\/avatar\/68cfafa5f44617fea54071e215026e0ff06be366c3d54a8425f04fdcb86f8c5f?s=96&d=mm&r=g","url":"https:\/\/secure.gravatar.com\/avatar\/68cfafa5f44617fea54071e215026e0ff06be366c3d54a8425f04fdcb86f8c5f?s=96&d=mm&r=g","contentUrl":"https:\/\/secure.gravatar.com\/avatar\/68cfafa5f44617fea54071e215026e0ff06be366c3d54a8425f04fdcb86f8c5f?s=96&d=mm&r=g","caption":"@sscc"},"url":"https:\/\/www.padreeustaquio.com.br\/en\/author\/sscc\/"}]}},"_links":{"self":[{"href":"https:\/\/www.padreeustaquio.com.br\/en\/wp-json\/wp\/v2\/posts\/10257","targetHints":{"allow":["GET"]}}],"collection":[{"href":"https:\/\/www.padreeustaquio.com.br\/en\/wp-json\/wp\/v2\/posts"}],"about":[{"href":"https:\/\/www.padreeustaquio.com.br\/en\/wp-json\/wp\/v2\/types\/post"}],"author":[{"embeddable":true,"href":"https:\/\/www.padreeustaquio.com.br\/en\/wp-json\/wp\/v2\/users\/2"}],"replies":[{"embeddable":true,"href":"https:\/\/www.padreeustaquio.com.br\/en\/wp-json\/wp\/v2\/comments?post=10257"}],"version-history":[{"count":0,"href":"https:\/\/www.padreeustaquio.com.br\/en\/wp-json\/wp\/v2\/posts\/10257\/revisions"}],"wp:featuredmedia":[{"embeddable":true,"href":"https:\/\/www.padreeustaquio.com.br\/en\/wp-json\/wp\/v2\/media\/10272"}],"wp:attachment":[{"href":"https:\/\/www.padreeustaquio.com.br\/en\/wp-json\/wp\/v2\/media?parent=10257"}],"wp:term":[{"taxonomy":"category","embeddable":true,"href":"https:\/\/www.padreeustaquio.com.br\/en\/wp-json\/wp\/v2\/categories?post=10257"},{"taxonomy":"post_tag","embeddable":true,"href":"https:\/\/www.padreeustaquio.com.br\/en\/wp-json\/wp\/v2\/tags?post=10257"}],"curies":[{"name":"wp","href":"https:\/\/api.w.org\/{rel}","templated":true}]}}