{"id":10204,"date":"2023-04-17T06:09:00","date_gmt":"2023-04-17T09:09:00","guid":{"rendered":"https:\/\/www.padreeustaquio.com.br\/?p=10204"},"modified":"2023-04-23T18:12:19","modified_gmt":"2023-04-23T21:12:19","slug":"sanctuary-launches-campaign-to-renovate-the-church-of-blessed-father-eustace","status":"publish","type":"post","link":"https:\/\/www.padreeustaquio.com.br\/en\/sanctuary-launches-campaign-to-renovate-the-church-of-blessed-father-eustace\/","title":{"rendered":"Sanctuary launches campaign to renovate the Church of Blessed Father Eustace."},"content":{"rendered":"<p>The Sanctuary of Health and Peace, the Church of Blessed Father Eust\u00e1quio, in Belo Horizonte, launched a major church renovation campaign this past weekend. The idea is for each person to take on a payment plan with a specific amount to help with a general renovation of the temple, which hasn&#039;t been done since long before the pandemic.<\/p>\n\n\n\n<p>The donation booklets began being distributed after Mass this weekend by volunteers at the church door. Each booklet contains 10 slips so that donations can be made over the next ten months. There are booklets for R$10, R$25, R$50, and R$100 monthly payments. Payments can be made at the parish office in cash or via Pix using the QR code printed on the booklet. Each QR code will automatically direct you to the amount specified on the booklet.<\/p>\n\n\n\n<p>If someone wants to donate a single amount or a different amount, they can use the CARD with the QR Code without a specific value, at the counters, in the Parish Office, or even through posts on the internet.<\/p>\n\n\n\n<p>The first phase of the works will include the revitalization of the square and the roof. Monthly updates will be provided on the progress of the work, the total budgeted amount, the actual cost, and the amount collected. Those who do not yet have their payment booklet can pick one or more up at the Parish Office. They will also be distributed after weekend masses in April, until the 30th.<\/p>\n\n\n\n<p><\/p>","protected":false},"excerpt":{"rendered":"<p>O Santu\u00e1rio da Sa\u00fade e da Paz, a Igreja do Beato Padre Eust\u00e1quio, em Belo Horizonte, lan\u00e7ou nesse final de semana uma grande Campanha de Reforma da igreja. A ideia \u00e9 que cada pessoa assuma um carn\u00ea com um determinado valor, para ajudar numa reforma geral no templo, que n\u00e3o \u00e9 feita desde muito antes da pandemia. Os carn\u00eas come\u00e7aram a ser distribu\u00eddos ap\u00f3s as missas desse fim de semana, por volunt\u00e1rios na porta da igreja. Cada bloco cont\u00e9m 10 folhas para que a doa\u00e7\u00e3o possa ser feita ao longo dos pr\u00f3ximos dez meses. H\u00e1 carn\u00eas de R$10, R$25, R$50 [&hellip;]<\/p>\n","protected":false},"author":2,"featured_media":10207,"comment_status":"open","ping_status":"closed","sticky":false,"template":"","format":"standard","meta":{"_acf_changed":false,"footnotes":""},"categories":[611],"tags":[],"class_list":["post-10204","post","type-post","status-publish","format-standard","has-post-thumbnail","hentry","category-noticias"],"acf":[],"yoast_head":"<!-- This site is optimized with the Yoast SEO plugin v27.2 - https:\/\/yoast.com\/product\/yoast-seo-wordpress\/ -->\n<title>Santu\u00e1rio lan\u00e7a Campanha para reformar a Igreja do Beato Padre Eust\u00e1quio<\/title>\n<meta name=\"description\" content=\"O Santu\u00e1rio da Sa\u00fade e da Paz, a Igreja do Beato Padre Eust\u00e1quio, em Belo Horizonte, lan\u00e7ou nesse final de semana uma grande Campanha de Reforma da igreja. A ideia \u00e9 que cada pessoa assuma um carn\u00ea com um determinado valor, para ajudar numa reforma geral no templo, que n\u00e3o \u00e9 feita desde muito antes da pandemia.\" \/>\n<meta name=\"robots\" content=\"index, follow, max-snippet:-1, max-image-preview:large, max-video-preview:-1\" \/>\n<link rel=\"canonical\" href=\"https:\/\/www.padreeustaquio.com.br\/en\/sanctuary-launches-campaign-to-renovate-the-church-of-blessed-father-eustace\/\" \/>\n<meta property=\"og:locale\" content=\"en_US\" \/>\n<meta property=\"og:type\" content=\"article\" \/>\n<meta property=\"og:title\" content=\"Santu\u00e1rio lan\u00e7a Campanha para reformar a Igreja do Beato Padre Eust\u00e1quio\" \/>\n<meta property=\"og:description\" content=\"O Santu\u00e1rio da Sa\u00fade e da Paz, a Igreja do Beato Padre Eust\u00e1quio, em Belo Horizonte, lan\u00e7ou nesse final de semana uma grande Campanha de Reforma da igreja. A ideia \u00e9 que cada pessoa assuma um carn\u00ea com um determinado valor, para ajudar numa reforma geral no templo, que n\u00e3o \u00e9 feita desde muito antes da pandemia.\" \/>\n<meta property=\"og:url\" content=\"https:\/\/www.padreeustaquio.com.br\/en\/sanctuary-launches-campaign-to-renovate-the-church-of-blessed-father-eustace\/\" \/>\n<meta property=\"og:site_name\" content=\"Padre Eust\u00e1quio\" \/>\n<meta property=\"article:publisher\" content=\"https:\/\/www.facebook.com\/beatopadreeustaquio\/\" \/>\n<meta property=\"article:published_time\" content=\"2023-04-17T09:09:00+00:00\" \/>\n<meta property=\"article:modified_time\" content=\"2023-04-23T21:12:19+00:00\" \/>\n<meta property=\"og:image\" content=\"https:\/\/www.padreeustaquio.com.br\/wp-content\/uploads\/2023\/04\/WhatsApp-Image-2023-04-14-at-15.34.25-e1681499106369.jpeg\" \/>\n\t<meta property=\"og:image:width\" content=\"709\" \/>\n\t<meta property=\"og:image:height\" content=\"412\" \/>\n\t<meta property=\"og:image:type\" content=\"image\/jpeg\" \/>\n<meta name=\"author\" content=\"@sscc\" \/>\n<meta name=\"twitter:card\" content=\"summary_large_image\" \/>\n<meta name=\"twitter:creator\" content=\"@beatopeustaquio\" \/>\n<meta name=\"twitter:site\" content=\"@beatopeustaquio\" \/>\n<meta name=\"twitter:label1\" content=\"Written by\" \/>\n\t<meta name=\"twitter:data1\" content=\"@sscc\" \/>\n\t<meta name=\"twitter:label2\" content=\"Est. reading time\" \/>\n\t<meta name=\"twitter:data2\" content=\"2 minutes\" \/>\n<script type=\"application\/ld+json\" class=\"yoast-schema-graph\">{\"@context\":\"https:\/\/schema.org\",\"@graph\":[{\"@type\":\"Article\",\"@id\":\"https:\/\/www.padreeustaquio.com.br\/santuario-lanca-campanha-para-reformar-a-igreja-do-beato-padre-eustaquio\/#article\",\"isPartOf\":{\"@id\":\"https:\/\/www.padreeustaquio.com.br\/santuario-lanca-campanha-para-reformar-a-igreja-do-beato-padre-eustaquio\/\"},\"author\":{\"name\":\"@sscc\",\"@id\":\"https:\/\/www.padreeustaquio.com.br\/#\/schema\/person\/a2a51db1d00f1a7af0204a0f1ddb1566\"},\"headline\":\"Santu\u00e1rio lan\u00e7a Campanha para reformar a Igreja do Beato Padre Eust\u00e1quio\",\"datePublished\":\"2023-04-17T09:09:00+00:00\",\"dateModified\":\"2023-04-23T21:12:19+00:00\",\"mainEntityOfPage\":{\"@id\":\"https:\/\/www.padreeustaquio.com.br\/santuario-lanca-campanha-para-reformar-a-igreja-do-beato-padre-eustaquio\/\"},\"wordCount\":269,\"commentCount\":0,\"publisher\":{\"@id\":\"https:\/\/www.padreeustaquio.com.br\/#organization\"},\"image\":{\"@id\":\"https:\/\/www.padreeustaquio.com.br\/santuario-lanca-campanha-para-reformar-a-igreja-do-beato-padre-eustaquio\/#primaryimage\"},\"thumbnailUrl\":\"https:\/\/www.padreeustaquio.com.br\/wp-content\/uploads\/2023\/04\/WhatsApp-Image-2023-04-14-at-15.34.25-e1681499106369.jpeg\",\"articleSection\":[\"Not\u00edcias\"],\"inLanguage\":\"en-US\",\"potentialAction\":[{\"@type\":\"CommentAction\",\"name\":\"Comment\",\"target\":[\"https:\/\/www.padreeustaquio.com.br\/santuario-lanca-campanha-para-reformar-a-igreja-do-beato-padre-eustaquio\/#respond\"]}]},{\"@type\":\"WebPage\",\"@id\":\"https:\/\/www.padreeustaquio.com.br\/santuario-lanca-campanha-para-reformar-a-igreja-do-beato-padre-eustaquio\/\",\"url\":\"https:\/\/www.padreeustaquio.com.br\/santuario-lanca-campanha-para-reformar-a-igreja-do-beato-padre-eustaquio\/\",\"name\":\"Santu\u00e1rio lan\u00e7a Campanha para reformar a Igreja do Beato Padre Eust\u00e1quio\",\"isPartOf\":{\"@id\":\"https:\/\/www.padreeustaquio.com.br\/#website\"},\"primaryImageOfPage\":{\"@id\":\"https:\/\/www.padreeustaquio.com.br\/santuario-lanca-campanha-para-reformar-a-igreja-do-beato-padre-eustaquio\/#primaryimage\"},\"image\":{\"@id\":\"https:\/\/www.padreeustaquio.com.br\/santuario-lanca-campanha-para-reformar-a-igreja-do-beato-padre-eustaquio\/#primaryimage\"},\"thumbnailUrl\":\"https:\/\/www.padreeustaquio.com.br\/wp-content\/uploads\/2023\/04\/WhatsApp-Image-2023-04-14-at-15.34.25-e1681499106369.jpeg\",\"datePublished\":\"2023-04-17T09:09:00+00:00\",\"dateModified\":\"2023-04-23T21:12:19+00:00\",\"description\":\"O Santu\u00e1rio da Sa\u00fade e da Paz, a Igreja do Beato Padre Eust\u00e1quio, em Belo Horizonte, lan\u00e7ou nesse final de semana uma grande Campanha de Reforma da igreja. A ideia \u00e9 que cada pessoa assuma um carn\u00ea com um determinado valor, para ajudar numa reforma geral no templo, que n\u00e3o \u00e9 feita desde muito antes da pandemia.\",\"breadcrumb\":{\"@id\":\"https:\/\/www.padreeustaquio.com.br\/santuario-lanca-campanha-para-reformar-a-igreja-do-beato-padre-eustaquio\/#breadcrumb\"},\"inLanguage\":\"en-US\",\"potentialAction\":[{\"@type\":\"ReadAction\",\"target\":[\"https:\/\/www.padreeustaquio.com.br\/santuario-lanca-campanha-para-reformar-a-igreja-do-beato-padre-eustaquio\/\"]}]},{\"@type\":\"ImageObject\",\"inLanguage\":\"en-US\",\"@id\":\"https:\/\/www.padreeustaquio.com.br\/santuario-lanca-campanha-para-reformar-a-igreja-do-beato-padre-eustaquio\/#primaryimage\",\"url\":\"https:\/\/www.padreeustaquio.com.br\/wp-content\/uploads\/2023\/04\/WhatsApp-Image-2023-04-14-at-15.34.25-e1681499106369.jpeg\",\"contentUrl\":\"https:\/\/www.padreeustaquio.com.br\/wp-content\/uploads\/2023\/04\/WhatsApp-Image-2023-04-14-at-15.34.25-e1681499106369.jpeg\",\"width\":709,\"height\":412},{\"@type\":\"BreadcrumbList\",\"@id\":\"https:\/\/www.padreeustaquio.com.br\/santuario-lanca-campanha-para-reformar-a-igreja-do-beato-padre-eustaquio\/#breadcrumb\",\"itemListElement\":[{\"@type\":\"ListItem\",\"position\":1,\"name\":\"In\u00edcio\",\"item\":\"https:\/\/www.padreeustaquio.com.br\/\"},{\"@type\":\"ListItem\",\"position\":2,\"name\":\"Santu\u00e1rio lan\u00e7a Campanha para reformar a Igreja do Beato Padre Eust\u00e1quio\"}]},{\"@type\":\"WebSite\",\"@id\":\"https:\/\/www.padreeustaquio.com.br\/#website\",\"url\":\"https:\/\/www.padreeustaquio.com.br\/\",\"name\":\"Padre Eust\u00e1quio\",\"description\":\"Sa\u00fade e Paz\",\"publisher\":{\"@id\":\"https:\/\/www.padreeustaquio.com.br\/#organization\"},\"potentialAction\":[{\"@type\":\"SearchAction\",\"target\":{\"@type\":\"EntryPoint\",\"urlTemplate\":\"https:\/\/www.padreeustaquio.com.br\/?s={search_term_string}\"},\"query-input\":{\"@type\":\"PropertyValueSpecification\",\"valueRequired\":true,\"valueName\":\"search_term_string\"}}],\"inLanguage\":\"en-US\"},{\"@type\":\"Organization\",\"@id\":\"https:\/\/www.padreeustaquio.com.br\/#organization\",\"name\":\"Padre Eust\u00e1quio\",\"url\":\"https:\/\/www.padreeustaquio.com.br\/\",\"logo\":{\"@type\":\"ImageObject\",\"inLanguage\":\"en-US\",\"@id\":\"https:\/\/www.padreeustaquio.com.br\/#\/schema\/logo\/image\/\",\"url\":\"https:\/\/www.padreeustaquio.com.br\/wp-content\/uploads\/2019\/08\/marca.png\",\"contentUrl\":\"https:\/\/www.padreeustaquio.com.br\/wp-content\/uploads\/2019\/08\/marca.png\",\"width\":350,\"height\":400,\"caption\":\"Padre Eust\u00e1quio\"},\"image\":{\"@id\":\"https:\/\/www.padreeustaquio.com.br\/#\/schema\/logo\/image\/\"},\"sameAs\":[\"https:\/\/www.facebook.com\/beatopadreeustaquio\/\",\"https:\/\/x.com\/beatopeustaquio\",\"https:\/\/www.instagram.com\/beatopadreeustaquio\/\",\"https:\/\/www.youtube.com\/channel\/UCRhw7vfabnajwLxb1ZXMeIw\"]},{\"@type\":\"Person\",\"@id\":\"https:\/\/www.padreeustaquio.com.br\/#\/schema\/person\/a2a51db1d00f1a7af0204a0f1ddb1566\",\"name\":\"@sscc\",\"image\":{\"@type\":\"ImageObject\",\"inLanguage\":\"en-US\",\"@id\":\"https:\/\/secure.gravatar.com\/avatar\/68cfafa5f44617fea54071e215026e0ff06be366c3d54a8425f04fdcb86f8c5f?s=96&d=mm&r=g\",\"url\":\"https:\/\/secure.gravatar.com\/avatar\/68cfafa5f44617fea54071e215026e0ff06be366c3d54a8425f04fdcb86f8c5f?s=96&d=mm&r=g\",\"contentUrl\":\"https:\/\/secure.gravatar.com\/avatar\/68cfafa5f44617fea54071e215026e0ff06be366c3d54a8425f04fdcb86f8c5f?s=96&d=mm&r=g\",\"caption\":\"@sscc\"},\"url\":\"https:\/\/www.padreeustaquio.com.br\/en\/author\/sscc\/\"}]}<\/script>\n<!-- \/ Yoast SEO plugin. -->","yoast_head_json":{"title":"Sanctuary launches campaign to renovate the Church of Blessed Father Eustace.","description":"The Sanctuary of Health and Peace, the Church of Blessed Father Eust\u00e1quio, in Belo Horizonte, launched a major church renovation campaign this past weekend. The idea is for each person to take on a payment plan with a specific amount to help with a general renovation of the temple, which hasn&#039;t been done since long before the pandemic.","robots":{"index":"index","follow":"follow","max-snippet":"max-snippet:-1","max-image-preview":"max-image-preview:large","max-video-preview":"max-video-preview:-1"},"canonical":"https:\/\/www.padreeustaquio.com.br\/en\/sanctuary-launches-campaign-to-renovate-the-church-of-blessed-father-eustace\/","og_locale":"en_US","og_type":"article","og_title":"Santu\u00e1rio lan\u00e7a Campanha para reformar a Igreja do Beato Padre Eust\u00e1quio","og_description":"O Santu\u00e1rio da Sa\u00fade e da Paz, a Igreja do Beato Padre Eust\u00e1quio, em Belo Horizonte, lan\u00e7ou nesse final de semana uma grande Campanha de Reforma da igreja. A ideia \u00e9 que cada pessoa assuma um carn\u00ea com um determinado valor, para ajudar numa reforma geral no templo, que n\u00e3o \u00e9 feita desde muito antes da pandemia.","og_url":"https:\/\/www.padreeustaquio.com.br\/en\/sanctuary-launches-campaign-to-renovate-the-church-of-blessed-father-eustace\/","og_site_name":"Padre Eust\u00e1quio","article_publisher":"https:\/\/www.facebook.com\/beatopadreeustaquio\/","article_published_time":"2023-04-17T09:09:00+00:00","article_modified_time":"2023-04-23T21:12:19+00:00","og_image":[{"width":709,"height":412,"url":"https:\/\/www.padreeustaquio.com.br\/wp-content\/uploads\/2023\/04\/WhatsApp-Image-2023-04-14-at-15.34.25-e1681499106369.jpeg","type":"image\/jpeg"}],"author":"@sscc","twitter_card":"summary_large_image","twitter_creator":"@beatopeustaquio","twitter_site":"@beatopeustaquio","twitter_misc":{"Written by":"@sscc","Est. reading time":"2 minutes"},"schema":{"@context":"https:\/\/schema.org","@graph":[{"@type":"Article","@id":"https:\/\/www.padreeustaquio.com.br\/santuario-lanca-campanha-para-reformar-a-igreja-do-beato-padre-eustaquio\/#article","isPartOf":{"@id":"https:\/\/www.padreeustaquio.com.br\/santuario-lanca-campanha-para-reformar-a-igreja-do-beato-padre-eustaquio\/"},"author":{"name":"@sscc","@id":"https:\/\/www.padreeustaquio.com.br\/#\/schema\/person\/a2a51db1d00f1a7af0204a0f1ddb1566"},"headline":"Santu\u00e1rio lan\u00e7a Campanha para reformar a Igreja do Beato Padre Eust\u00e1quio","datePublished":"2023-04-17T09:09:00+00:00","dateModified":"2023-04-23T21:12:19+00:00","mainEntityOfPage":{"@id":"https:\/\/www.padreeustaquio.com.br\/santuario-lanca-campanha-para-reformar-a-igreja-do-beato-padre-eustaquio\/"},"wordCount":269,"commentCount":0,"publisher":{"@id":"https:\/\/www.padreeustaquio.com.br\/#organization"},"image":{"@id":"https:\/\/www.padreeustaquio.com.br\/santuario-lanca-campanha-para-reformar-a-igreja-do-beato-padre-eustaquio\/#primaryimage"},"thumbnailUrl":"https:\/\/www.padreeustaquio.com.br\/wp-content\/uploads\/2023\/04\/WhatsApp-Image-2023-04-14-at-15.34.25-e1681499106369.jpeg","articleSection":["Not\u00edcias"],"inLanguage":"en-US","potentialAction":[{"@type":"CommentAction","name":"Comment","target":["https:\/\/www.padreeustaquio.com.br\/santuario-lanca-campanha-para-reformar-a-igreja-do-beato-padre-eustaquio\/#respond"]}]},{"@type":"WebPage","@id":"https:\/\/www.padreeustaquio.com.br\/santuario-lanca-campanha-para-reformar-a-igreja-do-beato-padre-eustaquio\/","url":"https:\/\/www.padreeustaquio.com.br\/santuario-lanca-campanha-para-reformar-a-igreja-do-beato-padre-eustaquio\/","name":"Sanctuary launches campaign to renovate the Church of Blessed Father Eustace.","isPartOf":{"@id":"https:\/\/www.padreeustaquio.com.br\/#website"},"primaryImageOfPage":{"@id":"https:\/\/www.padreeustaquio.com.br\/santuario-lanca-campanha-para-reformar-a-igreja-do-beato-padre-eustaquio\/#primaryimage"},"image":{"@id":"https:\/\/www.padreeustaquio.com.br\/santuario-lanca-campanha-para-reformar-a-igreja-do-beato-padre-eustaquio\/#primaryimage"},"thumbnailUrl":"https:\/\/www.padreeustaquio.com.br\/wp-content\/uploads\/2023\/04\/WhatsApp-Image-2023-04-14-at-15.34.25-e1681499106369.jpeg","datePublished":"2023-04-17T09:09:00+00:00","dateModified":"2023-04-23T21:12:19+00:00","description":"The Sanctuary of Health and Peace, the Church of Blessed Father Eust\u00e1quio, in Belo Horizonte, launched a major church renovation campaign this past weekend. The idea is for each person to take on a payment plan with a specific amount to help with a general renovation of the temple, which hasn&#039;t been done since long before the pandemic.","breadcrumb":{"@id":"https:\/\/www.padreeustaquio.com.br\/santuario-lanca-campanha-para-reformar-a-igreja-do-beato-padre-eustaquio\/#breadcrumb"},"inLanguage":"en-US","potentialAction":[{"@type":"ReadAction","target":["https:\/\/www.padreeustaquio.com.br\/santuario-lanca-campanha-para-reformar-a-igreja-do-beato-padre-eustaquio\/"]}]},{"@type":"ImageObject","inLanguage":"en-US","@id":"https:\/\/www.padreeustaquio.com.br\/santuario-lanca-campanha-para-reformar-a-igreja-do-beato-padre-eustaquio\/#primaryimage","url":"https:\/\/www.padreeustaquio.com.br\/wp-content\/uploads\/2023\/04\/WhatsApp-Image-2023-04-14-at-15.34.25-e1681499106369.jpeg","contentUrl":"https:\/\/www.padreeustaquio.com.br\/wp-content\/uploads\/2023\/04\/WhatsApp-Image-2023-04-14-at-15.34.25-e1681499106369.jpeg","width":709,"height":412},{"@type":"BreadcrumbList","@id":"https:\/\/www.padreeustaquio.com.br\/santuario-lanca-campanha-para-reformar-a-igreja-do-beato-padre-eustaquio\/#breadcrumb","itemListElement":[{"@type":"ListItem","position":1,"name":"In\u00edcio","item":"https:\/\/www.padreeustaquio.com.br\/"},{"@type":"ListItem","position":2,"name":"Santu\u00e1rio lan\u00e7a Campanha para reformar a Igreja do Beato Padre Eust\u00e1quio"}]},{"@type":"WebSite","@id":"https:\/\/www.padreeustaquio.com.br\/#website","url":"https:\/\/www.padreeustaquio.com.br\/","name":"FATHER EUST\u00c1QUIO","description":"Health and Peace","publisher":{"@id":"https:\/\/www.padreeustaquio.com.br\/#organization"},"potentialAction":[{"@type":"SearchAction","target":{"@type":"EntryPoint","urlTemplate":"https:\/\/www.padreeustaquio.com.br\/?s={search_term_string}"},"query-input":{"@type":"PropertyValueSpecification","valueRequired":true,"valueName":"search_term_string"}}],"inLanguage":"en-US"},{"@type":"Organization","@id":"https:\/\/www.padreeustaquio.com.br\/#organization","name":"FATHER EUST\u00c1QUIO","url":"https:\/\/www.padreeustaquio.com.br\/","logo":{"@type":"ImageObject","inLanguage":"en-US","@id":"https:\/\/www.padreeustaquio.com.br\/#\/schema\/logo\/image\/","url":"https:\/\/www.padreeustaquio.com.br\/wp-content\/uploads\/2019\/08\/marca.png","contentUrl":"https:\/\/www.padreeustaquio.com.br\/wp-content\/uploads\/2019\/08\/marca.png","width":350,"height":400,"caption":"Padre Eust\u00e1quio"},"image":{"@id":"https:\/\/www.padreeustaquio.com.br\/#\/schema\/logo\/image\/"},"sameAs":["https:\/\/www.facebook.com\/beatopadreeustaquio\/","https:\/\/x.com\/beatopeustaquio","https:\/\/www.instagram.com\/beatopadreeustaquio\/","https:\/\/www.youtube.com\/channel\/UCRhw7vfabnajwLxb1ZXMeIw"]},{"@type":"Person","@id":"https:\/\/www.padreeustaquio.com.br\/#\/schema\/person\/a2a51db1d00f1a7af0204a0f1ddb1566","name":"@sscc","image":{"@type":"ImageObject","inLanguage":"en-US","@id":"https:\/\/secure.gravatar.com\/avatar\/68cfafa5f44617fea54071e215026e0ff06be366c3d54a8425f04fdcb86f8c5f?s=96&d=mm&r=g","url":"https:\/\/secure.gravatar.com\/avatar\/68cfafa5f44617fea54071e215026e0ff06be366c3d54a8425f04fdcb86f8c5f?s=96&d=mm&r=g","contentUrl":"https:\/\/secure.gravatar.com\/avatar\/68cfafa5f44617fea54071e215026e0ff06be366c3d54a8425f04fdcb86f8c5f?s=96&d=mm&r=g","caption":"@sscc"},"url":"https:\/\/www.padreeustaquio.com.br\/en\/author\/sscc\/"}]}},"_links":{"self":[{"href":"https:\/\/www.padreeustaquio.com.br\/en\/wp-json\/wp\/v2\/posts\/10204","targetHints":{"allow":["GET"]}}],"collection":[{"href":"https:\/\/www.padreeustaquio.com.br\/en\/wp-json\/wp\/v2\/posts"}],"about":[{"href":"https:\/\/www.padreeustaquio.com.br\/en\/wp-json\/wp\/v2\/types\/post"}],"author":[{"embeddable":true,"href":"https:\/\/www.padreeustaquio.com.br\/en\/wp-json\/wp\/v2\/users\/2"}],"replies":[{"embeddable":true,"href":"https:\/\/www.padreeustaquio.com.br\/en\/wp-json\/wp\/v2\/comments?post=10204"}],"version-history":[{"count":0,"href":"https:\/\/www.padreeustaquio.com.br\/en\/wp-json\/wp\/v2\/posts\/10204\/revisions"}],"wp:featuredmedia":[{"embeddable":true,"href":"https:\/\/www.padreeustaquio.com.br\/en\/wp-json\/wp\/v2\/media\/10207"}],"wp:attachment":[{"href":"https:\/\/www.padreeustaquio.com.br\/en\/wp-json\/wp\/v2\/media?parent=10204"}],"wp:term":[{"taxonomy":"category","embeddable":true,"href":"https:\/\/www.padreeustaquio.com.br\/en\/wp-json\/wp\/v2\/categories?post=10204"},{"taxonomy":"post_tag","embeddable":true,"href":"https:\/\/www.padreeustaquio.com.br\/en\/wp-json\/wp\/v2\/tags?post=10204"}],"curies":[{"name":"wp","href":"https:\/\/api.w.org\/{rel}","templated":true}]}}