{"id":10201,"date":"2023-04-14T15:06:14","date_gmt":"2023-04-14T18:06:14","guid":{"rendered":"https:\/\/www.padreeustaquio.com.br\/?p=10201"},"modified":"2023-04-14T15:06:46","modified_gmt":"2023-04-14T18:06:46","slug":"the-ecc-bazaar-will-be-held-next-sunday","status":"publish","type":"post","link":"https:\/\/www.padreeustaquio.com.br\/en\/the-ecc-bazaar-will-be-held-next-sunday\/","title":{"rendered":"The ECC bazaar will be held next Sunday."},"content":{"rendered":"<p>The ECC, Couples Encounter with Christ, from the Sanctuary of Health and Peace, will hold another charity bazaar next Sunday, April 16th. The goal is to raise funds for the next encounter, scheduled for the end of May.<\/p>\n\n\n\n<p>The bazaar will be held at the Sacred Hearts Community Center, next to the Father Eust\u00e1quio Church, during the morning.<\/p>\n\n\n\n<p><strong>Donations<\/strong><\/p>\n\n\n\n<p>For the Bazaar, ECC is accepting donations of women&#039;s, men&#039;s, and children&#039;s clothing, household items, bedding, towels, books, and other materials in good condition.<br>Donations can be left at the Parish Office of the Sanctuary. Remember to indicate when you drop them off that the items are intended for the ECC (Encontro de Casais com Cristo - Encounter of Couples with Christ).<\/p>\n\n\n\n<p><\/p>","protected":false},"excerpt":{"rendered":"<p>O ECC, Encontro de Casais com Cristo, do Santu\u00e1rio da Sa\u00fade e da Paz, ir\u00e1 realizar no pr\u00f3ximo domingo, 16 de abril, mais um bazar beneficente. O objetivo \u00e9 arrecadar fundos para a realiza\u00e7\u00e3o do pr\u00f3ximo encontro, marcado para o final do m\u00eas de maio. O bazar ser\u00e1 realizado no Centro Comunit\u00e1rio dos Sagrados Cora\u00e7\u00f5es, anexo \u00e0 Igreja do Padre Eust\u00e1quio, durante a parte da manh\u00e3. Doa\u00e7\u00f5es Para a realiza\u00e7\u00e3o do Bazar, o ECC est\u00e1 recebendo doa\u00e7\u00f5es de roupas femininas, masculinas, infantil, utens\u00edlios de casa, roupas de cama, toalhas, livros, entre outros materiais em bom estado de conserva\u00e7\u00e3o.As doa\u00e7\u00f5es podem [&hellip;]<\/p>\n","protected":false},"author":2,"featured_media":10202,"comment_status":"open","ping_status":"closed","sticky":false,"template":"","format":"standard","meta":{"_acf_changed":false,"footnotes":""},"categories":[611],"tags":[],"class_list":["post-10201","post","type-post","status-publish","format-standard","has-post-thumbnail","hentry","category-noticias"],"acf":[],"yoast_head":"<!-- This site is optimized with the Yoast SEO plugin v27.2 - https:\/\/yoast.com\/product\/yoast-seo-wordpress\/ -->\n<title>Bazar do ECC ser\u00e1 realizado no pr\u00f3ximo domingo<\/title>\n<meta name=\"description\" content=\"O ECC, Encontro de Casais com Cristo, do Santu\u00e1rio da Sa\u00fade e da Paz, ir\u00e1 realizar no pr\u00f3ximo domingo, 16 de abril, mais um bazar beneficente. O objetivo \u00e9 arrecadar fundos para a realiza\u00e7\u00e3o do pr\u00f3ximo encontro, marcado para o final do m\u00eas de maio.\" \/>\n<meta name=\"robots\" content=\"index, follow, max-snippet:-1, max-image-preview:large, max-video-preview:-1\" \/>\n<link rel=\"canonical\" href=\"https:\/\/www.padreeustaquio.com.br\/en\/the-ecc-bazaar-will-be-held-next-sunday\/\" \/>\n<meta property=\"og:locale\" content=\"en_US\" \/>\n<meta property=\"og:type\" content=\"article\" \/>\n<meta property=\"og:title\" content=\"Bazar do ECC ser\u00e1 realizado no pr\u00f3ximo domingo\" \/>\n<meta property=\"og:description\" content=\"O ECC, Encontro de Casais com Cristo, do Santu\u00e1rio da Sa\u00fade e da Paz, ir\u00e1 realizar no pr\u00f3ximo domingo, 16 de abril, mais um bazar beneficente. O objetivo \u00e9 arrecadar fundos para a realiza\u00e7\u00e3o do pr\u00f3ximo encontro, marcado para o final do m\u00eas de maio.\" \/>\n<meta property=\"og:url\" content=\"https:\/\/www.padreeustaquio.com.br\/en\/the-ecc-bazaar-will-be-held-next-sunday\/\" \/>\n<meta property=\"og:site_name\" content=\"Padre Eust\u00e1quio\" \/>\n<meta property=\"article:publisher\" content=\"https:\/\/www.facebook.com\/beatopadreeustaquio\/\" \/>\n<meta property=\"article:published_time\" content=\"2023-04-14T18:06:14+00:00\" \/>\n<meta property=\"article:modified_time\" content=\"2023-04-14T18:06:46+00:00\" \/>\n<meta property=\"og:image\" content=\"https:\/\/www.padreeustaquio.com.br\/wp-content\/uploads\/2023\/04\/bazar-ecc.jpeg\" \/>\n\t<meta property=\"og:image:width\" content=\"1600\" \/>\n\t<meta property=\"og:image:height\" content=\"900\" \/>\n\t<meta property=\"og:image:type\" content=\"image\/jpeg\" \/>\n<meta name=\"author\" content=\"@sscc\" \/>\n<meta name=\"twitter:card\" content=\"summary_large_image\" \/>\n<meta name=\"twitter:creator\" content=\"@beatopeustaquio\" \/>\n<meta name=\"twitter:site\" content=\"@beatopeustaquio\" \/>\n<meta name=\"twitter:label1\" content=\"Written by\" \/>\n\t<meta name=\"twitter:data1\" content=\"@sscc\" \/>\n\t<meta name=\"twitter:label2\" content=\"Est. reading time\" \/>\n\t<meta name=\"twitter:data2\" content=\"1 minute\" \/>\n<script type=\"application\/ld+json\" class=\"yoast-schema-graph\">{\"@context\":\"https:\/\/schema.org\",\"@graph\":[{\"@type\":\"Article\",\"@id\":\"https:\/\/www.padreeustaquio.com.br\/bazar-do-ecc-sera-realizado-no-proximo-domingo\/#article\",\"isPartOf\":{\"@id\":\"https:\/\/www.padreeustaquio.com.br\/bazar-do-ecc-sera-realizado-no-proximo-domingo\/\"},\"author\":{\"name\":\"@sscc\",\"@id\":\"https:\/\/www.padreeustaquio.com.br\/#\/schema\/person\/a2a51db1d00f1a7af0204a0f1ddb1566\"},\"headline\":\"Bazar do ECC ser\u00e1 realizado no pr\u00f3ximo domingo\",\"datePublished\":\"2023-04-14T18:06:14+00:00\",\"dateModified\":\"2023-04-14T18:06:46+00:00\",\"mainEntityOfPage\":{\"@id\":\"https:\/\/www.padreeustaquio.com.br\/bazar-do-ecc-sera-realizado-no-proximo-domingo\/\"},\"wordCount\":148,\"commentCount\":0,\"publisher\":{\"@id\":\"https:\/\/www.padreeustaquio.com.br\/#organization\"},\"image\":{\"@id\":\"https:\/\/www.padreeustaquio.com.br\/bazar-do-ecc-sera-realizado-no-proximo-domingo\/#primaryimage\"},\"thumbnailUrl\":\"https:\/\/www.padreeustaquio.com.br\/wp-content\/uploads\/2023\/04\/bazar-ecc.jpeg\",\"articleSection\":[\"Not\u00edcias\"],\"inLanguage\":\"en-US\",\"potentialAction\":[{\"@type\":\"CommentAction\",\"name\":\"Comment\",\"target\":[\"https:\/\/www.padreeustaquio.com.br\/bazar-do-ecc-sera-realizado-no-proximo-domingo\/#respond\"]}]},{\"@type\":\"WebPage\",\"@id\":\"https:\/\/www.padreeustaquio.com.br\/bazar-do-ecc-sera-realizado-no-proximo-domingo\/\",\"url\":\"https:\/\/www.padreeustaquio.com.br\/bazar-do-ecc-sera-realizado-no-proximo-domingo\/\",\"name\":\"Bazar do ECC ser\u00e1 realizado no pr\u00f3ximo domingo\",\"isPartOf\":{\"@id\":\"https:\/\/www.padreeustaquio.com.br\/#website\"},\"primaryImageOfPage\":{\"@id\":\"https:\/\/www.padreeustaquio.com.br\/bazar-do-ecc-sera-realizado-no-proximo-domingo\/#primaryimage\"},\"image\":{\"@id\":\"https:\/\/www.padreeustaquio.com.br\/bazar-do-ecc-sera-realizado-no-proximo-domingo\/#primaryimage\"},\"thumbnailUrl\":\"https:\/\/www.padreeustaquio.com.br\/wp-content\/uploads\/2023\/04\/bazar-ecc.jpeg\",\"datePublished\":\"2023-04-14T18:06:14+00:00\",\"dateModified\":\"2023-04-14T18:06:46+00:00\",\"description\":\"O ECC, Encontro de Casais com Cristo, do Santu\u00e1rio da Sa\u00fade e da Paz, ir\u00e1 realizar no pr\u00f3ximo domingo, 16 de abril, mais um bazar beneficente. O objetivo \u00e9 arrecadar fundos para a realiza\u00e7\u00e3o do pr\u00f3ximo encontro, marcado para o final do m\u00eas de maio.\",\"breadcrumb\":{\"@id\":\"https:\/\/www.padreeustaquio.com.br\/bazar-do-ecc-sera-realizado-no-proximo-domingo\/#breadcrumb\"},\"inLanguage\":\"en-US\",\"potentialAction\":[{\"@type\":\"ReadAction\",\"target\":[\"https:\/\/www.padreeustaquio.com.br\/bazar-do-ecc-sera-realizado-no-proximo-domingo\/\"]}]},{\"@type\":\"ImageObject\",\"inLanguage\":\"en-US\",\"@id\":\"https:\/\/www.padreeustaquio.com.br\/bazar-do-ecc-sera-realizado-no-proximo-domingo\/#primaryimage\",\"url\":\"https:\/\/www.padreeustaquio.com.br\/wp-content\/uploads\/2023\/04\/bazar-ecc.jpeg\",\"contentUrl\":\"https:\/\/www.padreeustaquio.com.br\/wp-content\/uploads\/2023\/04\/bazar-ecc.jpeg\",\"width\":1600,\"height\":900},{\"@type\":\"BreadcrumbList\",\"@id\":\"https:\/\/www.padreeustaquio.com.br\/bazar-do-ecc-sera-realizado-no-proximo-domingo\/#breadcrumb\",\"itemListElement\":[{\"@type\":\"ListItem\",\"position\":1,\"name\":\"In\u00edcio\",\"item\":\"https:\/\/www.padreeustaquio.com.br\/\"},{\"@type\":\"ListItem\",\"position\":2,\"name\":\"Bazar do ECC ser\u00e1 realizado no pr\u00f3ximo domingo\"}]},{\"@type\":\"WebSite\",\"@id\":\"https:\/\/www.padreeustaquio.com.br\/#website\",\"url\":\"https:\/\/www.padreeustaquio.com.br\/\",\"name\":\"Padre Eust\u00e1quio\",\"description\":\"Sa\u00fade e Paz\",\"publisher\":{\"@id\":\"https:\/\/www.padreeustaquio.com.br\/#organization\"},\"potentialAction\":[{\"@type\":\"SearchAction\",\"target\":{\"@type\":\"EntryPoint\",\"urlTemplate\":\"https:\/\/www.padreeustaquio.com.br\/?s={search_term_string}\"},\"query-input\":{\"@type\":\"PropertyValueSpecification\",\"valueRequired\":true,\"valueName\":\"search_term_string\"}}],\"inLanguage\":\"en-US\"},{\"@type\":\"Organization\",\"@id\":\"https:\/\/www.padreeustaquio.com.br\/#organization\",\"name\":\"Padre Eust\u00e1quio\",\"url\":\"https:\/\/www.padreeustaquio.com.br\/\",\"logo\":{\"@type\":\"ImageObject\",\"inLanguage\":\"en-US\",\"@id\":\"https:\/\/www.padreeustaquio.com.br\/#\/schema\/logo\/image\/\",\"url\":\"https:\/\/www.padreeustaquio.com.br\/wp-content\/uploads\/2019\/08\/marca.png\",\"contentUrl\":\"https:\/\/www.padreeustaquio.com.br\/wp-content\/uploads\/2019\/08\/marca.png\",\"width\":350,\"height\":400,\"caption\":\"Padre Eust\u00e1quio\"},\"image\":{\"@id\":\"https:\/\/www.padreeustaquio.com.br\/#\/schema\/logo\/image\/\"},\"sameAs\":[\"https:\/\/www.facebook.com\/beatopadreeustaquio\/\",\"https:\/\/x.com\/beatopeustaquio\",\"https:\/\/www.instagram.com\/beatopadreeustaquio\/\",\"https:\/\/www.youtube.com\/channel\/UCRhw7vfabnajwLxb1ZXMeIw\"]},{\"@type\":\"Person\",\"@id\":\"https:\/\/www.padreeustaquio.com.br\/#\/schema\/person\/a2a51db1d00f1a7af0204a0f1ddb1566\",\"name\":\"@sscc\",\"image\":{\"@type\":\"ImageObject\",\"inLanguage\":\"en-US\",\"@id\":\"https:\/\/secure.gravatar.com\/avatar\/68cfafa5f44617fea54071e215026e0ff06be366c3d54a8425f04fdcb86f8c5f?s=96&d=mm&r=g\",\"url\":\"https:\/\/secure.gravatar.com\/avatar\/68cfafa5f44617fea54071e215026e0ff06be366c3d54a8425f04fdcb86f8c5f?s=96&d=mm&r=g\",\"contentUrl\":\"https:\/\/secure.gravatar.com\/avatar\/68cfafa5f44617fea54071e215026e0ff06be366c3d54a8425f04fdcb86f8c5f?s=96&d=mm&r=g\",\"caption\":\"@sscc\"},\"url\":\"https:\/\/www.padreeustaquio.com.br\/en\/author\/sscc\/\"}]}<\/script>\n<!-- \/ Yoast SEO plugin. -->","yoast_head_json":{"title":"The ECC bazaar will be held next Sunday.","description":"The ECC, Couples Encounter with Christ, from the Sanctuary of Health and Peace, will hold another charity bazaar next Sunday, April 16th. The goal is to raise funds for the next encounter, scheduled for the end of May.","robots":{"index":"index","follow":"follow","max-snippet":"max-snippet:-1","max-image-preview":"max-image-preview:large","max-video-preview":"max-video-preview:-1"},"canonical":"https:\/\/www.padreeustaquio.com.br\/en\/the-ecc-bazaar-will-be-held-next-sunday\/","og_locale":"en_US","og_type":"article","og_title":"Bazar do ECC ser\u00e1 realizado no pr\u00f3ximo domingo","og_description":"O ECC, Encontro de Casais com Cristo, do Santu\u00e1rio da Sa\u00fade e da Paz, ir\u00e1 realizar no pr\u00f3ximo domingo, 16 de abril, mais um bazar beneficente. O objetivo \u00e9 arrecadar fundos para a realiza\u00e7\u00e3o do pr\u00f3ximo encontro, marcado para o final do m\u00eas de maio.","og_url":"https:\/\/www.padreeustaquio.com.br\/en\/the-ecc-bazaar-will-be-held-next-sunday\/","og_site_name":"Padre Eust\u00e1quio","article_publisher":"https:\/\/www.facebook.com\/beatopadreeustaquio\/","article_published_time":"2023-04-14T18:06:14+00:00","article_modified_time":"2023-04-14T18:06:46+00:00","og_image":[{"width":1600,"height":900,"url":"https:\/\/www.padreeustaquio.com.br\/wp-content\/uploads\/2023\/04\/bazar-ecc.jpeg","type":"image\/jpeg"}],"author":"@sscc","twitter_card":"summary_large_image","twitter_creator":"@beatopeustaquio","twitter_site":"@beatopeustaquio","twitter_misc":{"Written by":"@sscc","Est. reading time":"1 minute"},"schema":{"@context":"https:\/\/schema.org","@graph":[{"@type":"Article","@id":"https:\/\/www.padreeustaquio.com.br\/bazar-do-ecc-sera-realizado-no-proximo-domingo\/#article","isPartOf":{"@id":"https:\/\/www.padreeustaquio.com.br\/bazar-do-ecc-sera-realizado-no-proximo-domingo\/"},"author":{"name":"@sscc","@id":"https:\/\/www.padreeustaquio.com.br\/#\/schema\/person\/a2a51db1d00f1a7af0204a0f1ddb1566"},"headline":"Bazar do ECC ser\u00e1 realizado no pr\u00f3ximo domingo","datePublished":"2023-04-14T18:06:14+00:00","dateModified":"2023-04-14T18:06:46+00:00","mainEntityOfPage":{"@id":"https:\/\/www.padreeustaquio.com.br\/bazar-do-ecc-sera-realizado-no-proximo-domingo\/"},"wordCount":148,"commentCount":0,"publisher":{"@id":"https:\/\/www.padreeustaquio.com.br\/#organization"},"image":{"@id":"https:\/\/www.padreeustaquio.com.br\/bazar-do-ecc-sera-realizado-no-proximo-domingo\/#primaryimage"},"thumbnailUrl":"https:\/\/www.padreeustaquio.com.br\/wp-content\/uploads\/2023\/04\/bazar-ecc.jpeg","articleSection":["Not\u00edcias"],"inLanguage":"en-US","potentialAction":[{"@type":"CommentAction","name":"Comment","target":["https:\/\/www.padreeustaquio.com.br\/bazar-do-ecc-sera-realizado-no-proximo-domingo\/#respond"]}]},{"@type":"WebPage","@id":"https:\/\/www.padreeustaquio.com.br\/bazar-do-ecc-sera-realizado-no-proximo-domingo\/","url":"https:\/\/www.padreeustaquio.com.br\/bazar-do-ecc-sera-realizado-no-proximo-domingo\/","name":"The ECC bazaar will be held next Sunday.","isPartOf":{"@id":"https:\/\/www.padreeustaquio.com.br\/#website"},"primaryImageOfPage":{"@id":"https:\/\/www.padreeustaquio.com.br\/bazar-do-ecc-sera-realizado-no-proximo-domingo\/#primaryimage"},"image":{"@id":"https:\/\/www.padreeustaquio.com.br\/bazar-do-ecc-sera-realizado-no-proximo-domingo\/#primaryimage"},"thumbnailUrl":"https:\/\/www.padreeustaquio.com.br\/wp-content\/uploads\/2023\/04\/bazar-ecc.jpeg","datePublished":"2023-04-14T18:06:14+00:00","dateModified":"2023-04-14T18:06:46+00:00","description":"The ECC, Couples Encounter with Christ, from the Sanctuary of Health and Peace, will hold another charity bazaar next Sunday, April 16th. The goal is to raise funds for the next encounter, scheduled for the end of May.","breadcrumb":{"@id":"https:\/\/www.padreeustaquio.com.br\/bazar-do-ecc-sera-realizado-no-proximo-domingo\/#breadcrumb"},"inLanguage":"en-US","potentialAction":[{"@type":"ReadAction","target":["https:\/\/www.padreeustaquio.com.br\/bazar-do-ecc-sera-realizado-no-proximo-domingo\/"]}]},{"@type":"ImageObject","inLanguage":"en-US","@id":"https:\/\/www.padreeustaquio.com.br\/bazar-do-ecc-sera-realizado-no-proximo-domingo\/#primaryimage","url":"https:\/\/www.padreeustaquio.com.br\/wp-content\/uploads\/2023\/04\/bazar-ecc.jpeg","contentUrl":"https:\/\/www.padreeustaquio.com.br\/wp-content\/uploads\/2023\/04\/bazar-ecc.jpeg","width":1600,"height":900},{"@type":"BreadcrumbList","@id":"https:\/\/www.padreeustaquio.com.br\/bazar-do-ecc-sera-realizado-no-proximo-domingo\/#breadcrumb","itemListElement":[{"@type":"ListItem","position":1,"name":"In\u00edcio","item":"https:\/\/www.padreeustaquio.com.br\/"},{"@type":"ListItem","position":2,"name":"Bazar do ECC ser\u00e1 realizado no pr\u00f3ximo domingo"}]},{"@type":"WebSite","@id":"https:\/\/www.padreeustaquio.com.br\/#website","url":"https:\/\/www.padreeustaquio.com.br\/","name":"FATHER EUST\u00c1QUIO","description":"Health and Peace","publisher":{"@id":"https:\/\/www.padreeustaquio.com.br\/#organization"},"potentialAction":[{"@type":"SearchAction","target":{"@type":"EntryPoint","urlTemplate":"https:\/\/www.padreeustaquio.com.br\/?s={search_term_string}"},"query-input":{"@type":"PropertyValueSpecification","valueRequired":true,"valueName":"search_term_string"}}],"inLanguage":"en-US"},{"@type":"Organization","@id":"https:\/\/www.padreeustaquio.com.br\/#organization","name":"FATHER EUST\u00c1QUIO","url":"https:\/\/www.padreeustaquio.com.br\/","logo":{"@type":"ImageObject","inLanguage":"en-US","@id":"https:\/\/www.padreeustaquio.com.br\/#\/schema\/logo\/image\/","url":"https:\/\/www.padreeustaquio.com.br\/wp-content\/uploads\/2019\/08\/marca.png","contentUrl":"https:\/\/www.padreeustaquio.com.br\/wp-content\/uploads\/2019\/08\/marca.png","width":350,"height":400,"caption":"Padre Eust\u00e1quio"},"image":{"@id":"https:\/\/www.padreeustaquio.com.br\/#\/schema\/logo\/image\/"},"sameAs":["https:\/\/www.facebook.com\/beatopadreeustaquio\/","https:\/\/x.com\/beatopeustaquio","https:\/\/www.instagram.com\/beatopadreeustaquio\/","https:\/\/www.youtube.com\/channel\/UCRhw7vfabnajwLxb1ZXMeIw"]},{"@type":"Person","@id":"https:\/\/www.padreeustaquio.com.br\/#\/schema\/person\/a2a51db1d00f1a7af0204a0f1ddb1566","name":"@sscc","image":{"@type":"ImageObject","inLanguage":"en-US","@id":"https:\/\/secure.gravatar.com\/avatar\/68cfafa5f44617fea54071e215026e0ff06be366c3d54a8425f04fdcb86f8c5f?s=96&d=mm&r=g","url":"https:\/\/secure.gravatar.com\/avatar\/68cfafa5f44617fea54071e215026e0ff06be366c3d54a8425f04fdcb86f8c5f?s=96&d=mm&r=g","contentUrl":"https:\/\/secure.gravatar.com\/avatar\/68cfafa5f44617fea54071e215026e0ff06be366c3d54a8425f04fdcb86f8c5f?s=96&d=mm&r=g","caption":"@sscc"},"url":"https:\/\/www.padreeustaquio.com.br\/en\/author\/sscc\/"}]}},"_links":{"self":[{"href":"https:\/\/www.padreeustaquio.com.br\/en\/wp-json\/wp\/v2\/posts\/10201","targetHints":{"allow":["GET"]}}],"collection":[{"href":"https:\/\/www.padreeustaquio.com.br\/en\/wp-json\/wp\/v2\/posts"}],"about":[{"href":"https:\/\/www.padreeustaquio.com.br\/en\/wp-json\/wp\/v2\/types\/post"}],"author":[{"embeddable":true,"href":"https:\/\/www.padreeustaquio.com.br\/en\/wp-json\/wp\/v2\/users\/2"}],"replies":[{"embeddable":true,"href":"https:\/\/www.padreeustaquio.com.br\/en\/wp-json\/wp\/v2\/comments?post=10201"}],"version-history":[{"count":0,"href":"https:\/\/www.padreeustaquio.com.br\/en\/wp-json\/wp\/v2\/posts\/10201\/revisions"}],"wp:featuredmedia":[{"embeddable":true,"href":"https:\/\/www.padreeustaquio.com.br\/en\/wp-json\/wp\/v2\/media\/10202"}],"wp:attachment":[{"href":"https:\/\/www.padreeustaquio.com.br\/en\/wp-json\/wp\/v2\/media?parent=10201"}],"wp:term":[{"taxonomy":"category","embeddable":true,"href":"https:\/\/www.padreeustaquio.com.br\/en\/wp-json\/wp\/v2\/categories?post=10201"},{"taxonomy":"post_tag","embeddable":true,"href":"https:\/\/www.padreeustaquio.com.br\/en\/wp-json\/wp\/v2\/tags?post=10201"}],"curies":[{"name":"wp","href":"https:\/\/api.w.org\/{rel}","templated":true}]}}