{"id":10191,"date":"2023-04-13T06:10:00","date_gmt":"2023-04-13T09:10:00","guid":{"rendered":"https:\/\/www.padreeustaquio.com.br\/?p=10191"},"modified":"2023-04-13T08:05:23","modified_gmt":"2023-04-13T11:05:23","slug":"the-traditional-reenactment-of-the-passion-of-christ-brings-together-thousands-of-people-once-again","status":"publish","type":"post","link":"https:\/\/www.padreeustaquio.com.br\/en\/the-traditional-reenactment-of-the-passion-of-christ-brings-together-thousands-of-people-once-again\/","title":{"rendered":"TRADITION: The Passion of Christ reenactment brings together thousands of people once again."},"content":{"rendered":"<p>Performed and produced by young people active in the Sanctuary of Health and Peace, the Passion Play, already a tradition in the Church, gathered a large audience inside the temple and other viewers online. For the second consecutive year, the performance was broadcast live on the Padre Eust\u00e1quio Channel. <a href=\"https:\/\/www.youtube.com\/watch?v=5NoHVNDYHQw\" target=\"_blank\" rel=\"noreferrer noopener\">REVIEW HERE<\/a>.<\/p>\n\n\n\n<p>Between production, direction, cast, and technical staff, almost 60 people worked on this year&#039;s production. There were more than 40 days of preparation and rehearsals, involving a great deal of hard work. The play, performed on Good Friday, this year depicted the final moments of Christ on Earth through the Stations of the Cross. The evangelization segment was presented by Brother Vanildo Lima Sena, ss.cc.<\/p>\n\n\n\n<p>Those who were present could feel an atmosphere conducive to prayer and reflection on the life of Christ and God&#039;s love for us. Those who watched from home were also moved by the emotion conveyed by the actors and technical team. See below who participated this year:<\/p>\n\n\n\n<p>General Direction and Screenplay:<\/p>\n\n\n\n<ul class=\"wp-block-list\">\n<li>Chiara Amorim<\/li>\n\n\n\n<li>Rhaime Ferreira<\/li>\n\n\n\n<li>Vinicius Malaquias<\/li>\n\n\n\n<li>Brother Vanildo Lima SS.CC<\/li>\n<\/ul>\n\n\n\n<p>Musical Direction<\/p>\n\n\n\n<ul class=\"wp-block-list\">\n<li>Lucas Lima<\/li>\n<\/ul>\n\n\n\n<p>Sound and lighting:<\/p>\n\n\n\n<ul class=\"wp-block-list\">\n<li>Dudu Audio<\/li>\n\n\n\n<li>Heraldo Freitas \u2013 SuperSom BH<\/li>\n<\/ul>\n\n\n\n<p>Transmission via Padre Eust\u00e1quio Channel<\/p>\n\n\n\n<ul class=\"wp-block-list\">\n<li>Tiago Rangel<\/li>\n\n\n\n<li>Marcelo Silveira<\/li>\n<\/ul>\n\n\n\n<p>Cast:<\/p>\n\n\n\n<ul class=\"wp-block-list\">\n<li>An\u00e9sio Gomes Da Silva Neto \u2013 Soldier<\/li>\n\n\n\n<li>Brunno C\u00e9sar Cintra Moreira \u2013 Soldier<\/li>\n\n\n\n<li>Carine Aleixo Brasil Rodrigues \u2013 Our Lady<\/li>\n\n\n\n<li>Eduardo Baggio Bacelar \u2013 Disciple<\/li>\n\n\n\n<li>Emmanuel Braga \u2013 Soldier<\/li>\n\n\n\n<li>Eric Daniel Gomes de Andrade \u2013 Cirineu<\/li>\n\n\n\n<li>Gabriel Barros \u2013 Disciple<\/li>\n\n\n\n<li>Gabriel Mendes Mota de Oliveira \u2013 Disciple<\/li>\n\n\n\n<li>Gabriela Cristina Andrade Sousa \u2013 People<\/li>\n\n\n\n<li>Giordano La\u00e9rcio Ferreira e Silva \u2013 Soldier<\/li>\n\n\n\n<li>Guilherme Gon\u00e7alves \u2013 Disciple<\/li>\n\n\n\n<li>Irving Frederico Alves Brunhara \u2013 Soldier<\/li>\n\n\n\n<li>Jader Hugo Couto Rocha \u2013 Disciple \u2013<\/li>\n\n\n\n<li>Jakson Rodrigues \u2013 Soldier<\/li>\n\n\n\n<li>John Alfred \u2013 Joseph of Arimathea<\/li>\n\n\n\n<li>John Cadet - Disciple John<\/li>\n\n\n\n<li>John Peter \u2013 Jesus<\/li>\n\n\n\n<li>J\u00falia Vit\u00f3ria \u2013 People and women who cry<\/li>\n\n\n\n<li>Julia Vit\u00f3ria Santana G. \u2013 People and women who cry.<\/li>\n\n\n\n<li>Larisse Soares Silva - People<\/li>\n\n\n\n<li>Let\u00edcia Almeida \u2013 People and women who cry<\/li>\n\n\n\n<li>Lucas Miguel Neves de Oliveira \u2013 Thief<\/li>\n\n\n\n<li>Luiza Silva e Pereira \u2013 Pilate&#039;s Wife<\/li>\n\n\n\n<li>Maria Fernanda Moraes de Oliveira \u2013 People<\/li>\n\n\n\n<li>Matthew Henriques Santana Gomes \u2013 Disciple<\/li>\n\n\n\n<li>Mauro Carlos \u2013 People<\/li>\n\n\n\n<li>Melina Nunes \u2013 People and women who cry<\/li>\n\n\n\n<li>Priscilla Silva Dias \u2013 Veronica<\/li>\n\n\n\n<li>Rita de C\u00e1ssia Silva Almeida \u2013 Maria de Cleofas<\/li>\n\n\n\n<li>Solomon Victor \u2013 Thief<\/li>\n\n\n\n<li>Talles Silva \u2013 Disciple<\/li>\n\n\n\n<li>Valdirene Aparecida de Castro \u2013 Mary Magdalene<\/li>\n\n\n\n<li>Vit\u00f3ria Silva \u2013 People and women who weep<\/li>\n<\/ul>\n\n\n\n<p>STAFF:<br>Scenario:<\/p>\n\n\n\n<ul class=\"wp-block-list\">\n<li>Jessica Gomes Aguiar<\/li>\n\n\n\n<li>Jorge Luis Herrera Alves<\/li>\n\n\n\n<li>Let\u00edcia Mariana Lopes Parreira<\/li>\n\n\n\n<li>Pedro Henrique Lopes Parreira<\/li>\n\n\n\n<li>Stephanie Alexsandra da Cruz Parreira<\/li>\n\n\n\n<li>Thain\u00e1 Marques Cintra<\/li>\n<\/ul>\n\n\n\n<p>Costume<\/p>\n\n\n\n<ul class=\"wp-block-list\">\n<li>Bruna Correa Bacelar<\/li>\n\n\n\n<li>Camila Millena<\/li>\n\n\n\n<li>Christiane Ol\u00edmpia<\/li>\n\n\n\n<li>Izabela Perez Balbino<\/li>\n\n\n\n<li>Marina Silva<\/li>\n<\/ul>\n\n\n\n<p>Makeup<\/p>\n\n\n\n<ul class=\"wp-block-list\">\n<li>Mariana dos Santos<\/li>\n<\/ul>","protected":false},"excerpt":{"rendered":"<p>Interpretado e produzido pelos jovens atuantes no Santu\u00e1rio da Sa\u00fade e da Paz, o Teatro da Paix\u00e3o de Cristo, j\u00e1 tradicional na Igreja, reuniu um grande p\u00fablico dentro do templo e outros espectadores pela internet. Pelo segundo ano consecutivo, a Encena\u00e7\u00e3o foi transmitida ao vivo pelo Canal Padre Eust\u00e1quio. REVEJA AQUI. Entre produ\u00e7\u00e3o, dire\u00e7\u00e3o, elenco e parte t\u00e9cnica, quase 60 pessoas atuaram este ano. Foram mais de 40 dias de prepara\u00e7\u00e3o e ensaios com muito trabalho envolvido. O teatro, exibido na sexta-feira santa, contou este ano os \u00faltimos momentos de Cristo aqui na terra por meio das esta\u00e7\u00f5es da Via-Sacra. [&hellip;]<\/p>\n","protected":false},"author":2,"featured_media":10196,"comment_status":"open","ping_status":"closed","sticky":false,"template":"","format":"standard","meta":{"_acf_changed":false,"footnotes":""},"categories":[611],"tags":[],"class_list":["post-10191","post","type-post","status-publish","format-standard","has-post-thumbnail","hentry","category-noticias"],"acf":[],"yoast_head":"<!-- This site is optimized with the Yoast SEO plugin v27.2 - https:\/\/yoast.com\/product\/yoast-seo-wordpress\/ -->\n<title>TRADI\u00c7\u00c3O: Encena\u00e7\u00e3o da Paix\u00e3o de Cristo re\u00fane milhares de pessoas mais uma vez<\/title>\n<meta name=\"description\" content=\"Interpretado e produzido pelos jovens atuantes no Santu\u00e1rio da Sa\u00fade e da Paz, o Teatro da Paix\u00e3o de Cristo, j\u00e1 tradicional na Igreja, reuniu um grande p\u00fablico dentro do templo e outros espectadores pela internet. Pelo segundo ano consecutivo, a Encena\u00e7\u00e3o foi transmitida ao vivo pelo Canal Padre Eust\u00e1quio.\" \/>\n<meta name=\"robots\" content=\"index, follow, max-snippet:-1, max-image-preview:large, max-video-preview:-1\" \/>\n<link rel=\"canonical\" href=\"https:\/\/www.padreeustaquio.com.br\/en\/the-traditional-reenactment-of-the-passion-of-christ-brings-together-thousands-of-people-once-again\/\" \/>\n<meta property=\"og:locale\" content=\"en_US\" \/>\n<meta property=\"og:type\" content=\"article\" \/>\n<meta property=\"og:title\" content=\"TRADI\u00c7\u00c3O: Encena\u00e7\u00e3o da Paix\u00e3o de Cristo re\u00fane milhares de pessoas mais uma vez\" \/>\n<meta property=\"og:description\" content=\"Interpretado e produzido pelos jovens atuantes no Santu\u00e1rio da Sa\u00fade e da Paz, o Teatro da Paix\u00e3o de Cristo, j\u00e1 tradicional na Igreja, reuniu um grande p\u00fablico dentro do templo e outros espectadores pela internet. Pelo segundo ano consecutivo, a Encena\u00e7\u00e3o foi transmitida ao vivo pelo Canal Padre Eust\u00e1quio.\" \/>\n<meta property=\"og:url\" content=\"https:\/\/www.padreeustaquio.com.br\/en\/the-traditional-reenactment-of-the-passion-of-christ-brings-together-thousands-of-people-once-again\/\" \/>\n<meta property=\"og:site_name\" content=\"Padre Eust\u00e1quio\" \/>\n<meta property=\"article:publisher\" content=\"https:\/\/www.facebook.com\/beatopadreeustaquio\/\" \/>\n<meta property=\"article:published_time\" content=\"2023-04-13T09:10:00+00:00\" \/>\n<meta property=\"article:modified_time\" content=\"2023-04-13T11:05:23+00:00\" \/>\n<meta property=\"og:image\" content=\"https:\/\/www.padreeustaquio.com.br\/wp-content\/uploads\/2023\/04\/teatro-paixao-e1681383688196.jpeg\" \/>\n\t<meta property=\"og:image:width\" content=\"1200\" \/>\n\t<meta property=\"og:image:height\" content=\"840\" \/>\n\t<meta property=\"og:image:type\" content=\"image\/jpeg\" \/>\n<meta name=\"author\" content=\"@sscc\" \/>\n<meta name=\"twitter:card\" content=\"summary_large_image\" \/>\n<meta name=\"twitter:creator\" content=\"@beatopeustaquio\" \/>\n<meta name=\"twitter:site\" content=\"@beatopeustaquio\" \/>\n<meta name=\"twitter:label1\" content=\"Written by\" \/>\n\t<meta name=\"twitter:data1\" content=\"@sscc\" \/>\n\t<meta name=\"twitter:label2\" content=\"Est. reading time\" \/>\n\t<meta name=\"twitter:data2\" content=\"3 minutes\" \/>\n<script type=\"application\/ld+json\" class=\"yoast-schema-graph\">{\"@context\":\"https:\/\/schema.org\",\"@graph\":[{\"@type\":\"Article\",\"@id\":\"https:\/\/www.padreeustaquio.com.br\/tradicao-encenacao-da-paixao-de-cristo-reune-milhares-de-pessoas-mais-uma-vez\/#article\",\"isPartOf\":{\"@id\":\"https:\/\/www.padreeustaquio.com.br\/tradicao-encenacao-da-paixao-de-cristo-reune-milhares-de-pessoas-mais-uma-vez\/\"},\"author\":{\"name\":\"@sscc\",\"@id\":\"https:\/\/www.padreeustaquio.com.br\/#\/schema\/person\/a2a51db1d00f1a7af0204a0f1ddb1566\"},\"headline\":\"TRADI\u00c7\u00c3O: Encena\u00e7\u00e3o da Paix\u00e3o de Cristo re\u00fane milhares de pessoas mais uma vez\",\"datePublished\":\"2023-04-13T09:10:00+00:00\",\"dateModified\":\"2023-04-13T11:05:23+00:00\",\"mainEntityOfPage\":{\"@id\":\"https:\/\/www.padreeustaquio.com.br\/tradicao-encenacao-da-paixao-de-cristo-reune-milhares-de-pessoas-mais-uma-vez\/\"},\"wordCount\":507,\"commentCount\":0,\"publisher\":{\"@id\":\"https:\/\/www.padreeustaquio.com.br\/#organization\"},\"image\":{\"@id\":\"https:\/\/www.padreeustaquio.com.br\/tradicao-encenacao-da-paixao-de-cristo-reune-milhares-de-pessoas-mais-uma-vez\/#primaryimage\"},\"thumbnailUrl\":\"https:\/\/www.padreeustaquio.com.br\/wp-content\/uploads\/2023\/04\/teatro-paixao-e1681383688196.jpeg\",\"articleSection\":[\"Not\u00edcias\"],\"inLanguage\":\"en-US\",\"potentialAction\":[{\"@type\":\"CommentAction\",\"name\":\"Comment\",\"target\":[\"https:\/\/www.padreeustaquio.com.br\/tradicao-encenacao-da-paixao-de-cristo-reune-milhares-de-pessoas-mais-uma-vez\/#respond\"]}]},{\"@type\":\"WebPage\",\"@id\":\"https:\/\/www.padreeustaquio.com.br\/tradicao-encenacao-da-paixao-de-cristo-reune-milhares-de-pessoas-mais-uma-vez\/\",\"url\":\"https:\/\/www.padreeustaquio.com.br\/tradicao-encenacao-da-paixao-de-cristo-reune-milhares-de-pessoas-mais-uma-vez\/\",\"name\":\"TRADI\u00c7\u00c3O: Encena\u00e7\u00e3o da Paix\u00e3o de Cristo re\u00fane milhares de pessoas mais uma vez\",\"isPartOf\":{\"@id\":\"https:\/\/www.padreeustaquio.com.br\/#website\"},\"primaryImageOfPage\":{\"@id\":\"https:\/\/www.padreeustaquio.com.br\/tradicao-encenacao-da-paixao-de-cristo-reune-milhares-de-pessoas-mais-uma-vez\/#primaryimage\"},\"image\":{\"@id\":\"https:\/\/www.padreeustaquio.com.br\/tradicao-encenacao-da-paixao-de-cristo-reune-milhares-de-pessoas-mais-uma-vez\/#primaryimage\"},\"thumbnailUrl\":\"https:\/\/www.padreeustaquio.com.br\/wp-content\/uploads\/2023\/04\/teatro-paixao-e1681383688196.jpeg\",\"datePublished\":\"2023-04-13T09:10:00+00:00\",\"dateModified\":\"2023-04-13T11:05:23+00:00\",\"description\":\"Interpretado e produzido pelos jovens atuantes no Santu\u00e1rio da Sa\u00fade e da Paz, o Teatro da Paix\u00e3o de Cristo, j\u00e1 tradicional na Igreja, reuniu um grande p\u00fablico dentro do templo e outros espectadores pela internet. Pelo segundo ano consecutivo, a Encena\u00e7\u00e3o foi transmitida ao vivo pelo Canal Padre Eust\u00e1quio.\",\"breadcrumb\":{\"@id\":\"https:\/\/www.padreeustaquio.com.br\/tradicao-encenacao-da-paixao-de-cristo-reune-milhares-de-pessoas-mais-uma-vez\/#breadcrumb\"},\"inLanguage\":\"en-US\",\"potentialAction\":[{\"@type\":\"ReadAction\",\"target\":[\"https:\/\/www.padreeustaquio.com.br\/tradicao-encenacao-da-paixao-de-cristo-reune-milhares-de-pessoas-mais-uma-vez\/\"]}]},{\"@type\":\"ImageObject\",\"inLanguage\":\"en-US\",\"@id\":\"https:\/\/www.padreeustaquio.com.br\/tradicao-encenacao-da-paixao-de-cristo-reune-milhares-de-pessoas-mais-uma-vez\/#primaryimage\",\"url\":\"https:\/\/www.padreeustaquio.com.br\/wp-content\/uploads\/2023\/04\/teatro-paixao-e1681383688196.jpeg\",\"contentUrl\":\"https:\/\/www.padreeustaquio.com.br\/wp-content\/uploads\/2023\/04\/teatro-paixao-e1681383688196.jpeg\",\"width\":1200,\"height\":840},{\"@type\":\"BreadcrumbList\",\"@id\":\"https:\/\/www.padreeustaquio.com.br\/tradicao-encenacao-da-paixao-de-cristo-reune-milhares-de-pessoas-mais-uma-vez\/#breadcrumb\",\"itemListElement\":[{\"@type\":\"ListItem\",\"position\":1,\"name\":\"In\u00edcio\",\"item\":\"https:\/\/www.padreeustaquio.com.br\/\"},{\"@type\":\"ListItem\",\"position\":2,\"name\":\"TRADI\u00c7\u00c3O: Encena\u00e7\u00e3o da Paix\u00e3o de Cristo re\u00fane milhares de pessoas mais uma vez\"}]},{\"@type\":\"WebSite\",\"@id\":\"https:\/\/www.padreeustaquio.com.br\/#website\",\"url\":\"https:\/\/www.padreeustaquio.com.br\/\",\"name\":\"Padre Eust\u00e1quio\",\"description\":\"Sa\u00fade e Paz\",\"publisher\":{\"@id\":\"https:\/\/www.padreeustaquio.com.br\/#organization\"},\"potentialAction\":[{\"@type\":\"SearchAction\",\"target\":{\"@type\":\"EntryPoint\",\"urlTemplate\":\"https:\/\/www.padreeustaquio.com.br\/?s={search_term_string}\"},\"query-input\":{\"@type\":\"PropertyValueSpecification\",\"valueRequired\":true,\"valueName\":\"search_term_string\"}}],\"inLanguage\":\"en-US\"},{\"@type\":\"Organization\",\"@id\":\"https:\/\/www.padreeustaquio.com.br\/#organization\",\"name\":\"Padre Eust\u00e1quio\",\"url\":\"https:\/\/www.padreeustaquio.com.br\/\",\"logo\":{\"@type\":\"ImageObject\",\"inLanguage\":\"en-US\",\"@id\":\"https:\/\/www.padreeustaquio.com.br\/#\/schema\/logo\/image\/\",\"url\":\"https:\/\/www.padreeustaquio.com.br\/wp-content\/uploads\/2019\/08\/marca.png\",\"contentUrl\":\"https:\/\/www.padreeustaquio.com.br\/wp-content\/uploads\/2019\/08\/marca.png\",\"width\":350,\"height\":400,\"caption\":\"Padre Eust\u00e1quio\"},\"image\":{\"@id\":\"https:\/\/www.padreeustaquio.com.br\/#\/schema\/logo\/image\/\"},\"sameAs\":[\"https:\/\/www.facebook.com\/beatopadreeustaquio\/\",\"https:\/\/x.com\/beatopeustaquio\",\"https:\/\/www.instagram.com\/beatopadreeustaquio\/\",\"https:\/\/www.youtube.com\/channel\/UCRhw7vfabnajwLxb1ZXMeIw\"]},{\"@type\":\"Person\",\"@id\":\"https:\/\/www.padreeustaquio.com.br\/#\/schema\/person\/a2a51db1d00f1a7af0204a0f1ddb1566\",\"name\":\"@sscc\",\"image\":{\"@type\":\"ImageObject\",\"inLanguage\":\"en-US\",\"@id\":\"https:\/\/secure.gravatar.com\/avatar\/68cfafa5f44617fea54071e215026e0ff06be366c3d54a8425f04fdcb86f8c5f?s=96&d=mm&r=g\",\"url\":\"https:\/\/secure.gravatar.com\/avatar\/68cfafa5f44617fea54071e215026e0ff06be366c3d54a8425f04fdcb86f8c5f?s=96&d=mm&r=g\",\"contentUrl\":\"https:\/\/secure.gravatar.com\/avatar\/68cfafa5f44617fea54071e215026e0ff06be366c3d54a8425f04fdcb86f8c5f?s=96&d=mm&r=g\",\"caption\":\"@sscc\"},\"url\":\"https:\/\/www.padreeustaquio.com.br\/en\/author\/sscc\/\"}]}<\/script>\n<!-- \/ Yoast SEO plugin. -->","yoast_head_json":{"title":"TRADITION: The Passion of Christ reenactment brings together thousands of people once again.","description":"Performed and produced by young people active in the Sanctuary of Health and Peace, the Passion Play, already a tradition in the Church, gathered a large audience inside the temple and other viewers online. For the second consecutive year, the performance was broadcast live on the Padre Eust\u00e1quio Channel.","robots":{"index":"index","follow":"follow","max-snippet":"max-snippet:-1","max-image-preview":"max-image-preview:large","max-video-preview":"max-video-preview:-1"},"canonical":"https:\/\/www.padreeustaquio.com.br\/en\/the-traditional-reenactment-of-the-passion-of-christ-brings-together-thousands-of-people-once-again\/","og_locale":"en_US","og_type":"article","og_title":"TRADI\u00c7\u00c3O: Encena\u00e7\u00e3o da Paix\u00e3o de Cristo re\u00fane milhares de pessoas mais uma vez","og_description":"Interpretado e produzido pelos jovens atuantes no Santu\u00e1rio da Sa\u00fade e da Paz, o Teatro da Paix\u00e3o de Cristo, j\u00e1 tradicional na Igreja, reuniu um grande p\u00fablico dentro do templo e outros espectadores pela internet. Pelo segundo ano consecutivo, a Encena\u00e7\u00e3o foi transmitida ao vivo pelo Canal Padre Eust\u00e1quio.","og_url":"https:\/\/www.padreeustaquio.com.br\/en\/the-traditional-reenactment-of-the-passion-of-christ-brings-together-thousands-of-people-once-again\/","og_site_name":"Padre Eust\u00e1quio","article_publisher":"https:\/\/www.facebook.com\/beatopadreeustaquio\/","article_published_time":"2023-04-13T09:10:00+00:00","article_modified_time":"2023-04-13T11:05:23+00:00","og_image":[{"width":1200,"height":840,"url":"https:\/\/www.padreeustaquio.com.br\/wp-content\/uploads\/2023\/04\/teatro-paixao-e1681383688196.jpeg","type":"image\/jpeg"}],"author":"@sscc","twitter_card":"summary_large_image","twitter_creator":"@beatopeustaquio","twitter_site":"@beatopeustaquio","twitter_misc":{"Written by":"@sscc","Est. reading time":"3 minutes"},"schema":{"@context":"https:\/\/schema.org","@graph":[{"@type":"Article","@id":"https:\/\/www.padreeustaquio.com.br\/tradicao-encenacao-da-paixao-de-cristo-reune-milhares-de-pessoas-mais-uma-vez\/#article","isPartOf":{"@id":"https:\/\/www.padreeustaquio.com.br\/tradicao-encenacao-da-paixao-de-cristo-reune-milhares-de-pessoas-mais-uma-vez\/"},"author":{"name":"@sscc","@id":"https:\/\/www.padreeustaquio.com.br\/#\/schema\/person\/a2a51db1d00f1a7af0204a0f1ddb1566"},"headline":"TRADI\u00c7\u00c3O: Encena\u00e7\u00e3o da Paix\u00e3o de Cristo re\u00fane milhares de pessoas mais uma vez","datePublished":"2023-04-13T09:10:00+00:00","dateModified":"2023-04-13T11:05:23+00:00","mainEntityOfPage":{"@id":"https:\/\/www.padreeustaquio.com.br\/tradicao-encenacao-da-paixao-de-cristo-reune-milhares-de-pessoas-mais-uma-vez\/"},"wordCount":507,"commentCount":0,"publisher":{"@id":"https:\/\/www.padreeustaquio.com.br\/#organization"},"image":{"@id":"https:\/\/www.padreeustaquio.com.br\/tradicao-encenacao-da-paixao-de-cristo-reune-milhares-de-pessoas-mais-uma-vez\/#primaryimage"},"thumbnailUrl":"https:\/\/www.padreeustaquio.com.br\/wp-content\/uploads\/2023\/04\/teatro-paixao-e1681383688196.jpeg","articleSection":["Not\u00edcias"],"inLanguage":"en-US","potentialAction":[{"@type":"CommentAction","name":"Comment","target":["https:\/\/www.padreeustaquio.com.br\/tradicao-encenacao-da-paixao-de-cristo-reune-milhares-de-pessoas-mais-uma-vez\/#respond"]}]},{"@type":"WebPage","@id":"https:\/\/www.padreeustaquio.com.br\/tradicao-encenacao-da-paixao-de-cristo-reune-milhares-de-pessoas-mais-uma-vez\/","url":"https:\/\/www.padreeustaquio.com.br\/tradicao-encenacao-da-paixao-de-cristo-reune-milhares-de-pessoas-mais-uma-vez\/","name":"TRADITION: The Passion of Christ reenactment brings together thousands of people once again.","isPartOf":{"@id":"https:\/\/www.padreeustaquio.com.br\/#website"},"primaryImageOfPage":{"@id":"https:\/\/www.padreeustaquio.com.br\/tradicao-encenacao-da-paixao-de-cristo-reune-milhares-de-pessoas-mais-uma-vez\/#primaryimage"},"image":{"@id":"https:\/\/www.padreeustaquio.com.br\/tradicao-encenacao-da-paixao-de-cristo-reune-milhares-de-pessoas-mais-uma-vez\/#primaryimage"},"thumbnailUrl":"https:\/\/www.padreeustaquio.com.br\/wp-content\/uploads\/2023\/04\/teatro-paixao-e1681383688196.jpeg","datePublished":"2023-04-13T09:10:00+00:00","dateModified":"2023-04-13T11:05:23+00:00","description":"Performed and produced by young people active in the Sanctuary of Health and Peace, the Passion Play, already a tradition in the Church, gathered a large audience inside the temple and other viewers online. For the second consecutive year, the performance was broadcast live on the Padre Eust\u00e1quio Channel.","breadcrumb":{"@id":"https:\/\/www.padreeustaquio.com.br\/tradicao-encenacao-da-paixao-de-cristo-reune-milhares-de-pessoas-mais-uma-vez\/#breadcrumb"},"inLanguage":"en-US","potentialAction":[{"@type":"ReadAction","target":["https:\/\/www.padreeustaquio.com.br\/tradicao-encenacao-da-paixao-de-cristo-reune-milhares-de-pessoas-mais-uma-vez\/"]}]},{"@type":"ImageObject","inLanguage":"en-US","@id":"https:\/\/www.padreeustaquio.com.br\/tradicao-encenacao-da-paixao-de-cristo-reune-milhares-de-pessoas-mais-uma-vez\/#primaryimage","url":"https:\/\/www.padreeustaquio.com.br\/wp-content\/uploads\/2023\/04\/teatro-paixao-e1681383688196.jpeg","contentUrl":"https:\/\/www.padreeustaquio.com.br\/wp-content\/uploads\/2023\/04\/teatro-paixao-e1681383688196.jpeg","width":1200,"height":840},{"@type":"BreadcrumbList","@id":"https:\/\/www.padreeustaquio.com.br\/tradicao-encenacao-da-paixao-de-cristo-reune-milhares-de-pessoas-mais-uma-vez\/#breadcrumb","itemListElement":[{"@type":"ListItem","position":1,"name":"In\u00edcio","item":"https:\/\/www.padreeustaquio.com.br\/"},{"@type":"ListItem","position":2,"name":"TRADI\u00c7\u00c3O: Encena\u00e7\u00e3o da Paix\u00e3o de Cristo re\u00fane milhares de pessoas mais uma vez"}]},{"@type":"WebSite","@id":"https:\/\/www.padreeustaquio.com.br\/#website","url":"https:\/\/www.padreeustaquio.com.br\/","name":"FATHER EUST\u00c1QUIO","description":"Health and Peace","publisher":{"@id":"https:\/\/www.padreeustaquio.com.br\/#organization"},"potentialAction":[{"@type":"SearchAction","target":{"@type":"EntryPoint","urlTemplate":"https:\/\/www.padreeustaquio.com.br\/?s={search_term_string}"},"query-input":{"@type":"PropertyValueSpecification","valueRequired":true,"valueName":"search_term_string"}}],"inLanguage":"en-US"},{"@type":"Organization","@id":"https:\/\/www.padreeustaquio.com.br\/#organization","name":"FATHER EUST\u00c1QUIO","url":"https:\/\/www.padreeustaquio.com.br\/","logo":{"@type":"ImageObject","inLanguage":"en-US","@id":"https:\/\/www.padreeustaquio.com.br\/#\/schema\/logo\/image\/","url":"https:\/\/www.padreeustaquio.com.br\/wp-content\/uploads\/2019\/08\/marca.png","contentUrl":"https:\/\/www.padreeustaquio.com.br\/wp-content\/uploads\/2019\/08\/marca.png","width":350,"height":400,"caption":"Padre Eust\u00e1quio"},"image":{"@id":"https:\/\/www.padreeustaquio.com.br\/#\/schema\/logo\/image\/"},"sameAs":["https:\/\/www.facebook.com\/beatopadreeustaquio\/","https:\/\/x.com\/beatopeustaquio","https:\/\/www.instagram.com\/beatopadreeustaquio\/","https:\/\/www.youtube.com\/channel\/UCRhw7vfabnajwLxb1ZXMeIw"]},{"@type":"Person","@id":"https:\/\/www.padreeustaquio.com.br\/#\/schema\/person\/a2a51db1d00f1a7af0204a0f1ddb1566","name":"@sscc","image":{"@type":"ImageObject","inLanguage":"en-US","@id":"https:\/\/secure.gravatar.com\/avatar\/68cfafa5f44617fea54071e215026e0ff06be366c3d54a8425f04fdcb86f8c5f?s=96&d=mm&r=g","url":"https:\/\/secure.gravatar.com\/avatar\/68cfafa5f44617fea54071e215026e0ff06be366c3d54a8425f04fdcb86f8c5f?s=96&d=mm&r=g","contentUrl":"https:\/\/secure.gravatar.com\/avatar\/68cfafa5f44617fea54071e215026e0ff06be366c3d54a8425f04fdcb86f8c5f?s=96&d=mm&r=g","caption":"@sscc"},"url":"https:\/\/www.padreeustaquio.com.br\/en\/author\/sscc\/"}]}},"_links":{"self":[{"href":"https:\/\/www.padreeustaquio.com.br\/en\/wp-json\/wp\/v2\/posts\/10191","targetHints":{"allow":["GET"]}}],"collection":[{"href":"https:\/\/www.padreeustaquio.com.br\/en\/wp-json\/wp\/v2\/posts"}],"about":[{"href":"https:\/\/www.padreeustaquio.com.br\/en\/wp-json\/wp\/v2\/types\/post"}],"author":[{"embeddable":true,"href":"https:\/\/www.padreeustaquio.com.br\/en\/wp-json\/wp\/v2\/users\/2"}],"replies":[{"embeddable":true,"href":"https:\/\/www.padreeustaquio.com.br\/en\/wp-json\/wp\/v2\/comments?post=10191"}],"version-history":[{"count":0,"href":"https:\/\/www.padreeustaquio.com.br\/en\/wp-json\/wp\/v2\/posts\/10191\/revisions"}],"wp:featuredmedia":[{"embeddable":true,"href":"https:\/\/www.padreeustaquio.com.br\/en\/wp-json\/wp\/v2\/media\/10196"}],"wp:attachment":[{"href":"https:\/\/www.padreeustaquio.com.br\/en\/wp-json\/wp\/v2\/media?parent=10191"}],"wp:term":[{"taxonomy":"category","embeddable":true,"href":"https:\/\/www.padreeustaquio.com.br\/en\/wp-json\/wp\/v2\/categories?post=10191"},{"taxonomy":"post_tag","embeddable":true,"href":"https:\/\/www.padreeustaquio.com.br\/en\/wp-json\/wp\/v2\/tags?post=10191"}],"curies":[{"name":"wp","href":"https:\/\/api.w.org\/{rel}","templated":true}]}}