{"id":10185,"date":"2023-04-12T06:21:00","date_gmt":"2023-04-12T09:21:00","guid":{"rendered":"https:\/\/www.padreeustaquio.com.br\/?p=10185"},"modified":"2023-04-11T09:37:31","modified_gmt":"2023-04-11T12:37:31","slug":"the-afternoon-of-mercy-will-be-held-at-the-sanctuary-next-sunday","status":"publish","type":"post","link":"https:\/\/www.padreeustaquio.com.br\/en\/the-afternoon-of-mercy-will-be-held-at-the-sanctuary-next-sunday\/","title":{"rendered":"The Afternoon of Mercy will be held at the Sanctuary next Sunday."},"content":{"rendered":"<p>This Sunday, April 16th, an Afternoon of Mercy will be held at the Sanctuary of Health and Peace, Church of Blessed Father Eustace.<\/p>\n\n\n\n<p>The event will begin at 2:30 PM and end at 5:00 PM with the celebration of Holy Mass. There will be meditation on the Chaplet of Divine Mercy, praise, preaching, and a time for testimonies.<\/p>\n\n\n\n<p>Everyone is invited to participate in this moment of faith and devotion to Jesus the Merciful. No prior registration is necessary; simply arrive at the church and join in.<\/p>\n\n\n\n<p><strong>The Feast of Mercy<\/strong><\/p>\n\n\n\n<p>On the second Sunday of Easter, the Church celebrates the Feast of Divine Mercy. Saint John Paul II knew how to value the mystical experience of Saint Faustina Kowalska. Indeed, the Church always has the grace of counting on people who allow themselves to be captivated by the greatness of God&#039;s love, in order to proclaim it to others. It remains very valid to turn to mystics, whose perception of mysteries goes beyond the poor reasoning of humans.<\/p>\n\n\n\n<p>Saint Faustina writes: \u201cO my Jesus, you know that from my earliest years I desired to become a great saint, that is, I desired to love you with a love so great that no soul had ever loved you before\u201d (Diary 1372). We know that the Lord chose her for a special mission. After passing through the \u201cdark night\u201d of physical, moral, and spiritual trials, beginning in February 1931 in Plock, the Lord Jesus Christ himself began to manifest himself to Sister Faustina in a particular way, revealing in an extraordinary manner the centrality of the mystery of divine mercy for the world and history, present in all divine action, particularly in the redeeming Cross of Christ, and new forms of worship and apostolate in favor of this divine mercy. She describes this first vision: \u201cFrom the tunic, slightly open over her chest, came two large rays, one red and the other pale. Soon after, Jesus said to me: Paint an image according to the model you are seeing, with the inscription: Jesus, I trust in you\u201d (Diary 47). Throughout the Diary we discover that Jesus chooses her as secretary, apostle, witness, and dispenser of divine mercy.<\/p>\n\n\n\n<p><\/p>\n\n\n\n<p>**with information from <em><a href=\"https:\/\/formacao.cancaonova.com\/igreja\/catequese\/o-sentido-da-festa-da-divina-misericordia\/\" target=\"_blank\" rel=\"noreferrer noopener\">forma\u00e7\u00e3o.can\u00e7\u00e3onova.com<\/a><\/em><\/p>","protected":false},"excerpt":{"rendered":"<p>Neste domingo, dia 16 de abril, ser\u00e1 realizada uma Tarde da Miseric\u00f3rdia no Santu\u00e1rio da Sa\u00fade e da Paz, Igreja do Beato Padre Eust\u00e1quio. O evento come\u00e7ar\u00e1 \u00e0s 14h30 e se encerrar\u00e1 \u00e0s 17h com a celebra\u00e7\u00e3o da Santa Missa. Haver\u00e1 a medita\u00e7\u00e3o do Ter\u00e7o da Miseric\u00f3rdia, louvor, prega\u00e7\u00e3o e um momento destinado para testemunhos. Todas as pessoa s\u00e3o convidadas a participar deste momento de f\u00e9 e devo\u00e7\u00e3o \u00e0 Jesus Misericordioso. N\u00e3o \u00e9 necess\u00e1rio fazer inscri\u00e7\u00e3o antecipada, basta chegar na igreja e participar. A Festa da Miseric\u00f3rdia No segundo Domingo da P\u00e1scoa, a Igreja celebra a Festa da Divina Miseric\u00f3rdia. [&hellip;]<\/p>\n","protected":false},"author":2,"featured_media":10186,"comment_status":"open","ping_status":"closed","sticky":false,"template":"","format":"standard","meta":{"_acf_changed":false,"footnotes":""},"categories":[611],"tags":[],"class_list":["post-10185","post","type-post","status-publish","format-standard","has-post-thumbnail","hentry","category-noticias"],"acf":[],"yoast_head":"<!-- This site is optimized with the Yoast SEO plugin v27.2 - https:\/\/yoast.com\/product\/yoast-seo-wordpress\/ -->\n<title>Tarde da Miseric\u00f3rdia ser\u00e1 realizada no Santu\u00e1rio no pr\u00f3ximo domingo<\/title>\n<meta name=\"description\" content=\"Neste domingo, dia 16 de abril, ser\u00e1 realizada uma Tarde da Miseric\u00f3rdia no Santu\u00e1rio da Sa\u00fade e da Paz, Igreja do Beato Padre Eust\u00e1quio. O evento come\u00e7ar\u00e1 \u00e0s 14h30 e se encerrar\u00e1 \u00e0s 17h com a celebra\u00e7\u00e3o da Santa Missa. Haver\u00e1 a medita\u00e7\u00e3o do Ter\u00e7o da Miseric\u00f3rdia, louvor, prega\u00e7\u00e3o e um momento destinado para testemunhos.\" \/>\n<meta name=\"robots\" content=\"index, follow, max-snippet:-1, max-image-preview:large, max-video-preview:-1\" \/>\n<link rel=\"canonical\" href=\"https:\/\/www.padreeustaquio.com.br\/en\/the-afternoon-of-mercy-will-be-held-at-the-sanctuary-next-sunday\/\" \/>\n<meta property=\"og:locale\" content=\"en_US\" \/>\n<meta property=\"og:type\" content=\"article\" \/>\n<meta property=\"og:title\" content=\"Tarde da Miseric\u00f3rdia ser\u00e1 realizada no Santu\u00e1rio no pr\u00f3ximo domingo\" \/>\n<meta property=\"og:description\" content=\"Neste domingo, dia 16 de abril, ser\u00e1 realizada uma Tarde da Miseric\u00f3rdia no Santu\u00e1rio da Sa\u00fade e da Paz, Igreja do Beato Padre Eust\u00e1quio. O evento come\u00e7ar\u00e1 \u00e0s 14h30 e se encerrar\u00e1 \u00e0s 17h com a celebra\u00e7\u00e3o da Santa Missa. Haver\u00e1 a medita\u00e7\u00e3o do Ter\u00e7o da Miseric\u00f3rdia, louvor, prega\u00e7\u00e3o e um momento destinado para testemunhos.\" \/>\n<meta property=\"og:url\" content=\"https:\/\/www.padreeustaquio.com.br\/en\/the-afternoon-of-mercy-will-be-held-at-the-sanctuary-next-sunday\/\" \/>\n<meta property=\"og:site_name\" content=\"Padre Eust\u00e1quio\" \/>\n<meta property=\"article:publisher\" content=\"https:\/\/www.facebook.com\/beatopadreeustaquio\/\" \/>\n<meta property=\"article:published_time\" content=\"2023-04-12T09:21:00+00:00\" \/>\n<meta property=\"og:image\" content=\"https:\/\/www.padreeustaquio.com.br\/wp-content\/uploads\/2023\/04\/not_domingo_da_misericordia.png\" \/>\n\t<meta property=\"og:image:width\" content=\"565\" \/>\n\t<meta property=\"og:image:height\" content=\"300\" \/>\n\t<meta property=\"og:image:type\" content=\"image\/png\" \/>\n<meta name=\"author\" content=\"@sscc\" \/>\n<meta name=\"twitter:card\" content=\"summary_large_image\" \/>\n<meta name=\"twitter:creator\" content=\"@beatopeustaquio\" \/>\n<meta name=\"twitter:site\" content=\"@beatopeustaquio\" \/>\n<meta name=\"twitter:label1\" content=\"Written by\" \/>\n\t<meta name=\"twitter:data1\" content=\"@sscc\" \/>\n\t<meta name=\"twitter:label2\" content=\"Est. reading time\" \/>\n\t<meta name=\"twitter:data2\" content=\"2 minutes\" \/>\n<script type=\"application\/ld+json\" class=\"yoast-schema-graph\">{\"@context\":\"https:\/\/schema.org\",\"@graph\":[{\"@type\":\"Article\",\"@id\":\"https:\/\/www.padreeustaquio.com.br\/tarde-da-misericordia-sera-realizada-no-santuario-no-proximo-domingo\/#article\",\"isPartOf\":{\"@id\":\"https:\/\/www.padreeustaquio.com.br\/tarde-da-misericordia-sera-realizada-no-santuario-no-proximo-domingo\/\"},\"author\":{\"name\":\"@sscc\",\"@id\":\"https:\/\/www.padreeustaquio.com.br\/#\/schema\/person\/a2a51db1d00f1a7af0204a0f1ddb1566\"},\"headline\":\"Tarde da Miseric\u00f3rdia ser\u00e1 realizada no Santu\u00e1rio no pr\u00f3ximo domingo\",\"datePublished\":\"2023-04-12T09:21:00+00:00\",\"mainEntityOfPage\":{\"@id\":\"https:\/\/www.padreeustaquio.com.br\/tarde-da-misericordia-sera-realizada-no-santuario-no-proximo-domingo\/\"},\"wordCount\":417,\"commentCount\":0,\"publisher\":{\"@id\":\"https:\/\/www.padreeustaquio.com.br\/#organization\"},\"image\":{\"@id\":\"https:\/\/www.padreeustaquio.com.br\/tarde-da-misericordia-sera-realizada-no-santuario-no-proximo-domingo\/#primaryimage\"},\"thumbnailUrl\":\"https:\/\/www.padreeustaquio.com.br\/wp-content\/uploads\/2023\/04\/not_domingo_da_misericordia.png\",\"articleSection\":[\"Not\u00edcias\"],\"inLanguage\":\"en-US\",\"potentialAction\":[{\"@type\":\"CommentAction\",\"name\":\"Comment\",\"target\":[\"https:\/\/www.padreeustaquio.com.br\/tarde-da-misericordia-sera-realizada-no-santuario-no-proximo-domingo\/#respond\"]}]},{\"@type\":\"WebPage\",\"@id\":\"https:\/\/www.padreeustaquio.com.br\/tarde-da-misericordia-sera-realizada-no-santuario-no-proximo-domingo\/\",\"url\":\"https:\/\/www.padreeustaquio.com.br\/tarde-da-misericordia-sera-realizada-no-santuario-no-proximo-domingo\/\",\"name\":\"Tarde da Miseric\u00f3rdia ser\u00e1 realizada no Santu\u00e1rio no pr\u00f3ximo domingo\",\"isPartOf\":{\"@id\":\"https:\/\/www.padreeustaquio.com.br\/#website\"},\"primaryImageOfPage\":{\"@id\":\"https:\/\/www.padreeustaquio.com.br\/tarde-da-misericordia-sera-realizada-no-santuario-no-proximo-domingo\/#primaryimage\"},\"image\":{\"@id\":\"https:\/\/www.padreeustaquio.com.br\/tarde-da-misericordia-sera-realizada-no-santuario-no-proximo-domingo\/#primaryimage\"},\"thumbnailUrl\":\"https:\/\/www.padreeustaquio.com.br\/wp-content\/uploads\/2023\/04\/not_domingo_da_misericordia.png\",\"datePublished\":\"2023-04-12T09:21:00+00:00\",\"description\":\"Neste domingo, dia 16 de abril, ser\u00e1 realizada uma Tarde da Miseric\u00f3rdia no Santu\u00e1rio da Sa\u00fade e da Paz, Igreja do Beato Padre Eust\u00e1quio. O evento come\u00e7ar\u00e1 \u00e0s 14h30 e se encerrar\u00e1 \u00e0s 17h com a celebra\u00e7\u00e3o da Santa Missa. Haver\u00e1 a medita\u00e7\u00e3o do Ter\u00e7o da Miseric\u00f3rdia, louvor, prega\u00e7\u00e3o e um momento destinado para testemunhos.\",\"breadcrumb\":{\"@id\":\"https:\/\/www.padreeustaquio.com.br\/tarde-da-misericordia-sera-realizada-no-santuario-no-proximo-domingo\/#breadcrumb\"},\"inLanguage\":\"en-US\",\"potentialAction\":[{\"@type\":\"ReadAction\",\"target\":[\"https:\/\/www.padreeustaquio.com.br\/tarde-da-misericordia-sera-realizada-no-santuario-no-proximo-domingo\/\"]}]},{\"@type\":\"ImageObject\",\"inLanguage\":\"en-US\",\"@id\":\"https:\/\/www.padreeustaquio.com.br\/tarde-da-misericordia-sera-realizada-no-santuario-no-proximo-domingo\/#primaryimage\",\"url\":\"https:\/\/www.padreeustaquio.com.br\/wp-content\/uploads\/2023\/04\/not_domingo_da_misericordia.png\",\"contentUrl\":\"https:\/\/www.padreeustaquio.com.br\/wp-content\/uploads\/2023\/04\/not_domingo_da_misericordia.png\",\"width\":565,\"height\":300},{\"@type\":\"BreadcrumbList\",\"@id\":\"https:\/\/www.padreeustaquio.com.br\/tarde-da-misericordia-sera-realizada-no-santuario-no-proximo-domingo\/#breadcrumb\",\"itemListElement\":[{\"@type\":\"ListItem\",\"position\":1,\"name\":\"In\u00edcio\",\"item\":\"https:\/\/www.padreeustaquio.com.br\/\"},{\"@type\":\"ListItem\",\"position\":2,\"name\":\"Tarde da Miseric\u00f3rdia ser\u00e1 realizada no Santu\u00e1rio no pr\u00f3ximo domingo\"}]},{\"@type\":\"WebSite\",\"@id\":\"https:\/\/www.padreeustaquio.com.br\/#website\",\"url\":\"https:\/\/www.padreeustaquio.com.br\/\",\"name\":\"Padre Eust\u00e1quio\",\"description\":\"Sa\u00fade e Paz\",\"publisher\":{\"@id\":\"https:\/\/www.padreeustaquio.com.br\/#organization\"},\"potentialAction\":[{\"@type\":\"SearchAction\",\"target\":{\"@type\":\"EntryPoint\",\"urlTemplate\":\"https:\/\/www.padreeustaquio.com.br\/?s={search_term_string}\"},\"query-input\":{\"@type\":\"PropertyValueSpecification\",\"valueRequired\":true,\"valueName\":\"search_term_string\"}}],\"inLanguage\":\"en-US\"},{\"@type\":\"Organization\",\"@id\":\"https:\/\/www.padreeustaquio.com.br\/#organization\",\"name\":\"Padre Eust\u00e1quio\",\"url\":\"https:\/\/www.padreeustaquio.com.br\/\",\"logo\":{\"@type\":\"ImageObject\",\"inLanguage\":\"en-US\",\"@id\":\"https:\/\/www.padreeustaquio.com.br\/#\/schema\/logo\/image\/\",\"url\":\"https:\/\/www.padreeustaquio.com.br\/wp-content\/uploads\/2019\/08\/marca.png\",\"contentUrl\":\"https:\/\/www.padreeustaquio.com.br\/wp-content\/uploads\/2019\/08\/marca.png\",\"width\":350,\"height\":400,\"caption\":\"Padre Eust\u00e1quio\"},\"image\":{\"@id\":\"https:\/\/www.padreeustaquio.com.br\/#\/schema\/logo\/image\/\"},\"sameAs\":[\"https:\/\/www.facebook.com\/beatopadreeustaquio\/\",\"https:\/\/x.com\/beatopeustaquio\",\"https:\/\/www.instagram.com\/beatopadreeustaquio\/\",\"https:\/\/www.youtube.com\/channel\/UCRhw7vfabnajwLxb1ZXMeIw\"]},{\"@type\":\"Person\",\"@id\":\"https:\/\/www.padreeustaquio.com.br\/#\/schema\/person\/a2a51db1d00f1a7af0204a0f1ddb1566\",\"name\":\"@sscc\",\"image\":{\"@type\":\"ImageObject\",\"inLanguage\":\"en-US\",\"@id\":\"https:\/\/secure.gravatar.com\/avatar\/68cfafa5f44617fea54071e215026e0ff06be366c3d54a8425f04fdcb86f8c5f?s=96&d=mm&r=g\",\"url\":\"https:\/\/secure.gravatar.com\/avatar\/68cfafa5f44617fea54071e215026e0ff06be366c3d54a8425f04fdcb86f8c5f?s=96&d=mm&r=g\",\"contentUrl\":\"https:\/\/secure.gravatar.com\/avatar\/68cfafa5f44617fea54071e215026e0ff06be366c3d54a8425f04fdcb86f8c5f?s=96&d=mm&r=g\",\"caption\":\"@sscc\"},\"url\":\"https:\/\/www.padreeustaquio.com.br\/en\/author\/sscc\/\"}]}<\/script>\n<!-- \/ Yoast SEO plugin. -->","yoast_head_json":{"title":"The Afternoon of Mercy will be held at the Sanctuary next Sunday.","description":"This Sunday, April 16th, an Afternoon of Mercy will be held at the Sanctuary of Health and Peace, Church of Blessed Father Eustace. The event will begin at 2:30 PM and end at 5:00 PM with the celebration of Holy Mass. There will be meditation on the Chaplet of Divine Mercy, praise, preaching, and a time for testimonies.","robots":{"index":"index","follow":"follow","max-snippet":"max-snippet:-1","max-image-preview":"max-image-preview:large","max-video-preview":"max-video-preview:-1"},"canonical":"https:\/\/www.padreeustaquio.com.br\/en\/the-afternoon-of-mercy-will-be-held-at-the-sanctuary-next-sunday\/","og_locale":"en_US","og_type":"article","og_title":"Tarde da Miseric\u00f3rdia ser\u00e1 realizada no Santu\u00e1rio no pr\u00f3ximo domingo","og_description":"Neste domingo, dia 16 de abril, ser\u00e1 realizada uma Tarde da Miseric\u00f3rdia no Santu\u00e1rio da Sa\u00fade e da Paz, Igreja do Beato Padre Eust\u00e1quio. O evento come\u00e7ar\u00e1 \u00e0s 14h30 e se encerrar\u00e1 \u00e0s 17h com a celebra\u00e7\u00e3o da Santa Missa. Haver\u00e1 a medita\u00e7\u00e3o do Ter\u00e7o da Miseric\u00f3rdia, louvor, prega\u00e7\u00e3o e um momento destinado para testemunhos.","og_url":"https:\/\/www.padreeustaquio.com.br\/en\/the-afternoon-of-mercy-will-be-held-at-the-sanctuary-next-sunday\/","og_site_name":"Padre Eust\u00e1quio","article_publisher":"https:\/\/www.facebook.com\/beatopadreeustaquio\/","article_published_time":"2023-04-12T09:21:00+00:00","og_image":[{"width":565,"height":300,"url":"https:\/\/www.padreeustaquio.com.br\/wp-content\/uploads\/2023\/04\/not_domingo_da_misericordia.png","type":"image\/png"}],"author":"@sscc","twitter_card":"summary_large_image","twitter_creator":"@beatopeustaquio","twitter_site":"@beatopeustaquio","twitter_misc":{"Written by":"@sscc","Est. reading time":"2 minutes"},"schema":{"@context":"https:\/\/schema.org","@graph":[{"@type":"Article","@id":"https:\/\/www.padreeustaquio.com.br\/tarde-da-misericordia-sera-realizada-no-santuario-no-proximo-domingo\/#article","isPartOf":{"@id":"https:\/\/www.padreeustaquio.com.br\/tarde-da-misericordia-sera-realizada-no-santuario-no-proximo-domingo\/"},"author":{"name":"@sscc","@id":"https:\/\/www.padreeustaquio.com.br\/#\/schema\/person\/a2a51db1d00f1a7af0204a0f1ddb1566"},"headline":"Tarde da Miseric\u00f3rdia ser\u00e1 realizada no Santu\u00e1rio no pr\u00f3ximo domingo","datePublished":"2023-04-12T09:21:00+00:00","mainEntityOfPage":{"@id":"https:\/\/www.padreeustaquio.com.br\/tarde-da-misericordia-sera-realizada-no-santuario-no-proximo-domingo\/"},"wordCount":417,"commentCount":0,"publisher":{"@id":"https:\/\/www.padreeustaquio.com.br\/#organization"},"image":{"@id":"https:\/\/www.padreeustaquio.com.br\/tarde-da-misericordia-sera-realizada-no-santuario-no-proximo-domingo\/#primaryimage"},"thumbnailUrl":"https:\/\/www.padreeustaquio.com.br\/wp-content\/uploads\/2023\/04\/not_domingo_da_misericordia.png","articleSection":["Not\u00edcias"],"inLanguage":"en-US","potentialAction":[{"@type":"CommentAction","name":"Comment","target":["https:\/\/www.padreeustaquio.com.br\/tarde-da-misericordia-sera-realizada-no-santuario-no-proximo-domingo\/#respond"]}]},{"@type":"WebPage","@id":"https:\/\/www.padreeustaquio.com.br\/tarde-da-misericordia-sera-realizada-no-santuario-no-proximo-domingo\/","url":"https:\/\/www.padreeustaquio.com.br\/tarde-da-misericordia-sera-realizada-no-santuario-no-proximo-domingo\/","name":"The Afternoon of Mercy will be held at the Sanctuary next Sunday.","isPartOf":{"@id":"https:\/\/www.padreeustaquio.com.br\/#website"},"primaryImageOfPage":{"@id":"https:\/\/www.padreeustaquio.com.br\/tarde-da-misericordia-sera-realizada-no-santuario-no-proximo-domingo\/#primaryimage"},"image":{"@id":"https:\/\/www.padreeustaquio.com.br\/tarde-da-misericordia-sera-realizada-no-santuario-no-proximo-domingo\/#primaryimage"},"thumbnailUrl":"https:\/\/www.padreeustaquio.com.br\/wp-content\/uploads\/2023\/04\/not_domingo_da_misericordia.png","datePublished":"2023-04-12T09:21:00+00:00","description":"This Sunday, April 16th, an Afternoon of Mercy will be held at the Sanctuary of Health and Peace, Church of Blessed Father Eustace. The event will begin at 2:30 PM and end at 5:00 PM with the celebration of Holy Mass. There will be meditation on the Chaplet of Divine Mercy, praise, preaching, and a time for testimonies.","breadcrumb":{"@id":"https:\/\/www.padreeustaquio.com.br\/tarde-da-misericordia-sera-realizada-no-santuario-no-proximo-domingo\/#breadcrumb"},"inLanguage":"en-US","potentialAction":[{"@type":"ReadAction","target":["https:\/\/www.padreeustaquio.com.br\/tarde-da-misericordia-sera-realizada-no-santuario-no-proximo-domingo\/"]}]},{"@type":"ImageObject","inLanguage":"en-US","@id":"https:\/\/www.padreeustaquio.com.br\/tarde-da-misericordia-sera-realizada-no-santuario-no-proximo-domingo\/#primaryimage","url":"https:\/\/www.padreeustaquio.com.br\/wp-content\/uploads\/2023\/04\/not_domingo_da_misericordia.png","contentUrl":"https:\/\/www.padreeustaquio.com.br\/wp-content\/uploads\/2023\/04\/not_domingo_da_misericordia.png","width":565,"height":300},{"@type":"BreadcrumbList","@id":"https:\/\/www.padreeustaquio.com.br\/tarde-da-misericordia-sera-realizada-no-santuario-no-proximo-domingo\/#breadcrumb","itemListElement":[{"@type":"ListItem","position":1,"name":"In\u00edcio","item":"https:\/\/www.padreeustaquio.com.br\/"},{"@type":"ListItem","position":2,"name":"Tarde da Miseric\u00f3rdia ser\u00e1 realizada no Santu\u00e1rio no pr\u00f3ximo domingo"}]},{"@type":"WebSite","@id":"https:\/\/www.padreeustaquio.com.br\/#website","url":"https:\/\/www.padreeustaquio.com.br\/","name":"FATHER EUST\u00c1QUIO","description":"Health and Peace","publisher":{"@id":"https:\/\/www.padreeustaquio.com.br\/#organization"},"potentialAction":[{"@type":"SearchAction","target":{"@type":"EntryPoint","urlTemplate":"https:\/\/www.padreeustaquio.com.br\/?s={search_term_string}"},"query-input":{"@type":"PropertyValueSpecification","valueRequired":true,"valueName":"search_term_string"}}],"inLanguage":"en-US"},{"@type":"Organization","@id":"https:\/\/www.padreeustaquio.com.br\/#organization","name":"FATHER EUST\u00c1QUIO","url":"https:\/\/www.padreeustaquio.com.br\/","logo":{"@type":"ImageObject","inLanguage":"en-US","@id":"https:\/\/www.padreeustaquio.com.br\/#\/schema\/logo\/image\/","url":"https:\/\/www.padreeustaquio.com.br\/wp-content\/uploads\/2019\/08\/marca.png","contentUrl":"https:\/\/www.padreeustaquio.com.br\/wp-content\/uploads\/2019\/08\/marca.png","width":350,"height":400,"caption":"Padre Eust\u00e1quio"},"image":{"@id":"https:\/\/www.padreeustaquio.com.br\/#\/schema\/logo\/image\/"},"sameAs":["https:\/\/www.facebook.com\/beatopadreeustaquio\/","https:\/\/x.com\/beatopeustaquio","https:\/\/www.instagram.com\/beatopadreeustaquio\/","https:\/\/www.youtube.com\/channel\/UCRhw7vfabnajwLxb1ZXMeIw"]},{"@type":"Person","@id":"https:\/\/www.padreeustaquio.com.br\/#\/schema\/person\/a2a51db1d00f1a7af0204a0f1ddb1566","name":"@sscc","image":{"@type":"ImageObject","inLanguage":"en-US","@id":"https:\/\/secure.gravatar.com\/avatar\/68cfafa5f44617fea54071e215026e0ff06be366c3d54a8425f04fdcb86f8c5f?s=96&d=mm&r=g","url":"https:\/\/secure.gravatar.com\/avatar\/68cfafa5f44617fea54071e215026e0ff06be366c3d54a8425f04fdcb86f8c5f?s=96&d=mm&r=g","contentUrl":"https:\/\/secure.gravatar.com\/avatar\/68cfafa5f44617fea54071e215026e0ff06be366c3d54a8425f04fdcb86f8c5f?s=96&d=mm&r=g","caption":"@sscc"},"url":"https:\/\/www.padreeustaquio.com.br\/en\/author\/sscc\/"}]}},"_links":{"self":[{"href":"https:\/\/www.padreeustaquio.com.br\/en\/wp-json\/wp\/v2\/posts\/10185","targetHints":{"allow":["GET"]}}],"collection":[{"href":"https:\/\/www.padreeustaquio.com.br\/en\/wp-json\/wp\/v2\/posts"}],"about":[{"href":"https:\/\/www.padreeustaquio.com.br\/en\/wp-json\/wp\/v2\/types\/post"}],"author":[{"embeddable":true,"href":"https:\/\/www.padreeustaquio.com.br\/en\/wp-json\/wp\/v2\/users\/2"}],"replies":[{"embeddable":true,"href":"https:\/\/www.padreeustaquio.com.br\/en\/wp-json\/wp\/v2\/comments?post=10185"}],"version-history":[{"count":0,"href":"https:\/\/www.padreeustaquio.com.br\/en\/wp-json\/wp\/v2\/posts\/10185\/revisions"}],"wp:featuredmedia":[{"embeddable":true,"href":"https:\/\/www.padreeustaquio.com.br\/en\/wp-json\/wp\/v2\/media\/10186"}],"wp:attachment":[{"href":"https:\/\/www.padreeustaquio.com.br\/en\/wp-json\/wp\/v2\/media?parent=10185"}],"wp:term":[{"taxonomy":"category","embeddable":true,"href":"https:\/\/www.padreeustaquio.com.br\/en\/wp-json\/wp\/v2\/categories?post=10185"},{"taxonomy":"post_tag","embeddable":true,"href":"https:\/\/www.padreeustaquio.com.br\/en\/wp-json\/wp\/v2\/tags?post=10185"}],"curies":[{"name":"wp","href":"https:\/\/api.w.org\/{rel}","templated":true}]}}