{"id":10182,"date":"2023-04-11T06:33:00","date_gmt":"2023-04-11T09:33:00","guid":{"rendered":"https:\/\/www.padreeustaquio.com.br\/?p=10182"},"modified":"2023-04-10T15:43:47","modified_gmt":"2023-04-10T18:43:47","slug":"fake-news-text-about-attacks-on-priests-during-holy-week-is-a-lie","status":"publish","type":"post","link":"https:\/\/www.padreeustaquio.com.br\/en\/fake-news-text-about-attacks-on-priests-during-holy-week-is-a-lie\/","title":{"rendered":"FAKE NEWS: Text about attack on priests during Holy Week is false."},"content":{"rendered":"<p>A fake news story has been circulating in WhatsApp groups and other social media, claiming that the priests of the Sanctuary of Health and Peace, Church of Blessed Father Eust\u00e1quio, were the victims of an attack, with an attempted assassination using an axe. The material is an edited version of a news story, containing false information.<\/p>\n\n\n\n<p>The truth is that a 76-year-old man had a psychotic episode, entered the church screaming, and clung to one of the chairs in the presbytery. Similar incidents had happened before, but in this last case, it was necessary to call the police, who promptly removed the man from the premises.<\/p>\n\n\n\n<p>The rector of the Sanctuary, Father Vin\u00edcius Maciel, ss.cc, released a statement on his social media explaining the truth about the matter: <em>\u201c&quot;We reiterate that at no time was there any violence on the part of the man who invaded the altar. He even returned to the Sanctuary after receiving medical treatment and regaining his health, to personally apologize to the priests.&quot;<\/em>.\u201d, said Father Vinicius.<\/p>\n\n\n\n<p>During the celebration of Holy Mass at 7 PM, Father Vin\u00edcius explained to those who were attending in the church and watching the Mass broadcast on YouTube what really happened. <a href=\"https:\/\/www.instagram.com\/reel\/Cq3BMMQN6s-\/?igshid=YmMyMTA2M2Y%3D\" target=\"_blank\" rel=\"noreferrer noopener\">SEE HERE<\/a>.<\/p>\n\n\n\n<p><\/p>","protected":false},"excerpt":{"rendered":"<p>Uma fake News tem circulado nos grupos de WhatsApp e em outras redes sociais, divulgando que os padres do Santu\u00e1rio da Sa\u00fade e da Paz, Igreja do Beato Padre Eust\u00e1quio, teriam sofrido um atentado, com tentativa de assassinato usando um machado. O material trata-se de uma edi\u00e7\u00e3o feita em uma not\u00edcia, com informa\u00e7\u00f5es falsas. A verdade \u00e9 que um senhor, de 76 anos teve um surto psic\u00f3tico, entrou na igreja gritando e se agarrou a uma das cadeiras do presbit\u00e9rio. Fatos parecidos j\u00e1 haviam acontecido outras vezes, mas nesse \u00faltimo caso, foi necess\u00e1rio solicitar a interven\u00e7\u00e3o da pol\u00edcia, que prontamente [&hellip;]<\/p>\n","protected":false},"author":2,"featured_media":10183,"comment_status":"open","ping_status":"closed","sticky":false,"template":"","format":"standard","meta":{"_acf_changed":false,"footnotes":""},"categories":[611],"tags":[],"class_list":["post-10182","post","type-post","status-publish","format-standard","has-post-thumbnail","hentry","category-noticias"],"acf":[],"yoast_head":"<!-- This site is optimized with the Yoast SEO plugin v27.2 - https:\/\/yoast.com\/product\/yoast-seo-wordpress\/ -->\n<title>FAKE NEWS: Texto sobre ataque a padres durante a Semana Santa \u00e9 mentiroso<\/title>\n<meta name=\"description\" content=\"Uma fake News tem circulado nos grupos de WhatsApp e em outras redes sociais, divulgando que os padres do Santu\u00e1rio da Sa\u00fade e da Paz, Igreja do Beato Padre Eust\u00e1quio, teriam sofrido um atentado, com tentativa de assassinato usando um machado. O material trata-se de uma edi\u00e7\u00e3o feita em uma not\u00edcia, com informa\u00e7\u00f5es falsas.\" \/>\n<meta name=\"robots\" content=\"index, follow, max-snippet:-1, max-image-preview:large, max-video-preview:-1\" \/>\n<link rel=\"canonical\" href=\"https:\/\/www.padreeustaquio.com.br\/en\/fake-news-text-about-attacks-on-priests-during-holy-week-is-a-lie\/\" \/>\n<meta property=\"og:locale\" content=\"en_US\" \/>\n<meta property=\"og:type\" content=\"article\" \/>\n<meta property=\"og:title\" content=\"FAKE NEWS: Texto sobre ataque a padres durante a Semana Santa \u00e9 mentiroso\" \/>\n<meta property=\"og:description\" content=\"Uma fake News tem circulado nos grupos de WhatsApp e em outras redes sociais, divulgando que os padres do Santu\u00e1rio da Sa\u00fade e da Paz, Igreja do Beato Padre Eust\u00e1quio, teriam sofrido um atentado, com tentativa de assassinato usando um machado. O material trata-se de uma edi\u00e7\u00e3o feita em uma not\u00edcia, com informa\u00e7\u00f5es falsas.\" \/>\n<meta property=\"og:url\" content=\"https:\/\/www.padreeustaquio.com.br\/en\/fake-news-text-about-attacks-on-priests-during-holy-week-is-a-lie\/\" \/>\n<meta property=\"og:site_name\" content=\"Padre Eust\u00e1quio\" \/>\n<meta property=\"article:publisher\" content=\"https:\/\/www.facebook.com\/beatopadreeustaquio\/\" \/>\n<meta property=\"article:published_time\" content=\"2023-04-11T09:33:00+00:00\" \/>\n<meta property=\"og:image\" content=\"https:\/\/www.padreeustaquio.com.br\/wp-content\/uploads\/2023\/04\/fake-news.png\" \/>\n\t<meta property=\"og:image:width\" content=\"1000\" \/>\n\t<meta property=\"og:image:height\" content=\"558\" \/>\n\t<meta property=\"og:image:type\" content=\"image\/png\" \/>\n<meta name=\"author\" content=\"@sscc\" \/>\n<meta name=\"twitter:card\" content=\"summary_large_image\" \/>\n<meta name=\"twitter:creator\" content=\"@beatopeustaquio\" \/>\n<meta name=\"twitter:site\" content=\"@beatopeustaquio\" \/>\n<meta name=\"twitter:label1\" content=\"Written by\" \/>\n\t<meta name=\"twitter:data1\" content=\"@sscc\" \/>\n\t<meta name=\"twitter:label2\" content=\"Est. reading time\" \/>\n\t<meta name=\"twitter:data2\" content=\"2 minutes\" \/>\n<script type=\"application\/ld+json\" class=\"yoast-schema-graph\">{\"@context\":\"https:\/\/schema.org\",\"@graph\":[{\"@type\":\"Article\",\"@id\":\"https:\/\/www.padreeustaquio.com.br\/fake-news-texto-sobre-ataque-a-padres-durante-a-semana-santa-e-mentiroso\/#article\",\"isPartOf\":{\"@id\":\"https:\/\/www.padreeustaquio.com.br\/fake-news-texto-sobre-ataque-a-padres-durante-a-semana-santa-e-mentiroso\/\"},\"author\":{\"name\":\"@sscc\",\"@id\":\"https:\/\/www.padreeustaquio.com.br\/#\/schema\/person\/a2a51db1d00f1a7af0204a0f1ddb1566\"},\"headline\":\"FAKE NEWS: Texto sobre ataque a padres durante a Semana Santa \u00e9 mentiroso\",\"datePublished\":\"2023-04-11T09:33:00+00:00\",\"mainEntityOfPage\":{\"@id\":\"https:\/\/www.padreeustaquio.com.br\/fake-news-texto-sobre-ataque-a-padres-durante-a-semana-santa-e-mentiroso\/\"},\"wordCount\":222,\"commentCount\":0,\"publisher\":{\"@id\":\"https:\/\/www.padreeustaquio.com.br\/#organization\"},\"image\":{\"@id\":\"https:\/\/www.padreeustaquio.com.br\/fake-news-texto-sobre-ataque-a-padres-durante-a-semana-santa-e-mentiroso\/#primaryimage\"},\"thumbnailUrl\":\"https:\/\/www.padreeustaquio.com.br\/wp-content\/uploads\/2023\/04\/fake-news.png\",\"articleSection\":[\"Not\u00edcias\"],\"inLanguage\":\"en-US\",\"potentialAction\":[{\"@type\":\"CommentAction\",\"name\":\"Comment\",\"target\":[\"https:\/\/www.padreeustaquio.com.br\/fake-news-texto-sobre-ataque-a-padres-durante-a-semana-santa-e-mentiroso\/#respond\"]}]},{\"@type\":\"WebPage\",\"@id\":\"https:\/\/www.padreeustaquio.com.br\/fake-news-texto-sobre-ataque-a-padres-durante-a-semana-santa-e-mentiroso\/\",\"url\":\"https:\/\/www.padreeustaquio.com.br\/fake-news-texto-sobre-ataque-a-padres-durante-a-semana-santa-e-mentiroso\/\",\"name\":\"FAKE NEWS: Texto sobre ataque a padres durante a Semana Santa \u00e9 mentiroso\",\"isPartOf\":{\"@id\":\"https:\/\/www.padreeustaquio.com.br\/#website\"},\"primaryImageOfPage\":{\"@id\":\"https:\/\/www.padreeustaquio.com.br\/fake-news-texto-sobre-ataque-a-padres-durante-a-semana-santa-e-mentiroso\/#primaryimage\"},\"image\":{\"@id\":\"https:\/\/www.padreeustaquio.com.br\/fake-news-texto-sobre-ataque-a-padres-durante-a-semana-santa-e-mentiroso\/#primaryimage\"},\"thumbnailUrl\":\"https:\/\/www.padreeustaquio.com.br\/wp-content\/uploads\/2023\/04\/fake-news.png\",\"datePublished\":\"2023-04-11T09:33:00+00:00\",\"description\":\"Uma fake News tem circulado nos grupos de WhatsApp e em outras redes sociais, divulgando que os padres do Santu\u00e1rio da Sa\u00fade e da Paz, Igreja do Beato Padre Eust\u00e1quio, teriam sofrido um atentado, com tentativa de assassinato usando um machado. O material trata-se de uma edi\u00e7\u00e3o feita em uma not\u00edcia, com informa\u00e7\u00f5es falsas.\",\"breadcrumb\":{\"@id\":\"https:\/\/www.padreeustaquio.com.br\/fake-news-texto-sobre-ataque-a-padres-durante-a-semana-santa-e-mentiroso\/#breadcrumb\"},\"inLanguage\":\"en-US\",\"potentialAction\":[{\"@type\":\"ReadAction\",\"target\":[\"https:\/\/www.padreeustaquio.com.br\/fake-news-texto-sobre-ataque-a-padres-durante-a-semana-santa-e-mentiroso\/\"]}]},{\"@type\":\"ImageObject\",\"inLanguage\":\"en-US\",\"@id\":\"https:\/\/www.padreeustaquio.com.br\/fake-news-texto-sobre-ataque-a-padres-durante-a-semana-santa-e-mentiroso\/#primaryimage\",\"url\":\"https:\/\/www.padreeustaquio.com.br\/wp-content\/uploads\/2023\/04\/fake-news.png\",\"contentUrl\":\"https:\/\/www.padreeustaquio.com.br\/wp-content\/uploads\/2023\/04\/fake-news.png\",\"width\":1000,\"height\":558},{\"@type\":\"BreadcrumbList\",\"@id\":\"https:\/\/www.padreeustaquio.com.br\/fake-news-texto-sobre-ataque-a-padres-durante-a-semana-santa-e-mentiroso\/#breadcrumb\",\"itemListElement\":[{\"@type\":\"ListItem\",\"position\":1,\"name\":\"In\u00edcio\",\"item\":\"https:\/\/www.padreeustaquio.com.br\/\"},{\"@type\":\"ListItem\",\"position\":2,\"name\":\"FAKE NEWS: Texto sobre ataque a padres durante a Semana Santa \u00e9 mentiroso\"}]},{\"@type\":\"WebSite\",\"@id\":\"https:\/\/www.padreeustaquio.com.br\/#website\",\"url\":\"https:\/\/www.padreeustaquio.com.br\/\",\"name\":\"Padre Eust\u00e1quio\",\"description\":\"Sa\u00fade e Paz\",\"publisher\":{\"@id\":\"https:\/\/www.padreeustaquio.com.br\/#organization\"},\"potentialAction\":[{\"@type\":\"SearchAction\",\"target\":{\"@type\":\"EntryPoint\",\"urlTemplate\":\"https:\/\/www.padreeustaquio.com.br\/?s={search_term_string}\"},\"query-input\":{\"@type\":\"PropertyValueSpecification\",\"valueRequired\":true,\"valueName\":\"search_term_string\"}}],\"inLanguage\":\"en-US\"},{\"@type\":\"Organization\",\"@id\":\"https:\/\/www.padreeustaquio.com.br\/#organization\",\"name\":\"Padre Eust\u00e1quio\",\"url\":\"https:\/\/www.padreeustaquio.com.br\/\",\"logo\":{\"@type\":\"ImageObject\",\"inLanguage\":\"en-US\",\"@id\":\"https:\/\/www.padreeustaquio.com.br\/#\/schema\/logo\/image\/\",\"url\":\"https:\/\/www.padreeustaquio.com.br\/wp-content\/uploads\/2019\/08\/marca.png\",\"contentUrl\":\"https:\/\/www.padreeustaquio.com.br\/wp-content\/uploads\/2019\/08\/marca.png\",\"width\":350,\"height\":400,\"caption\":\"Padre Eust\u00e1quio\"},\"image\":{\"@id\":\"https:\/\/www.padreeustaquio.com.br\/#\/schema\/logo\/image\/\"},\"sameAs\":[\"https:\/\/www.facebook.com\/beatopadreeustaquio\/\",\"https:\/\/x.com\/beatopeustaquio\",\"https:\/\/www.instagram.com\/beatopadreeustaquio\/\",\"https:\/\/www.youtube.com\/channel\/UCRhw7vfabnajwLxb1ZXMeIw\"]},{\"@type\":\"Person\",\"@id\":\"https:\/\/www.padreeustaquio.com.br\/#\/schema\/person\/a2a51db1d00f1a7af0204a0f1ddb1566\",\"name\":\"@sscc\",\"image\":{\"@type\":\"ImageObject\",\"inLanguage\":\"en-US\",\"@id\":\"https:\/\/secure.gravatar.com\/avatar\/68cfafa5f44617fea54071e215026e0ff06be366c3d54a8425f04fdcb86f8c5f?s=96&d=mm&r=g\",\"url\":\"https:\/\/secure.gravatar.com\/avatar\/68cfafa5f44617fea54071e215026e0ff06be366c3d54a8425f04fdcb86f8c5f?s=96&d=mm&r=g\",\"contentUrl\":\"https:\/\/secure.gravatar.com\/avatar\/68cfafa5f44617fea54071e215026e0ff06be366c3d54a8425f04fdcb86f8c5f?s=96&d=mm&r=g\",\"caption\":\"@sscc\"},\"url\":\"https:\/\/www.padreeustaquio.com.br\/en\/author\/sscc\/\"}]}<\/script>\n<!-- \/ Yoast SEO plugin. -->","yoast_head_json":{"title":"FAKE NEWS: Text about attack on priests during Holy Week is false.","description":"A fake news story has been circulating in WhatsApp groups and other social media, claiming that the priests of the Sanctuary of Health and Peace, Church of Blessed Father Eust\u00e1quio, were the victims of an attack, with an attempted assassination using an axe. The material is an edited version of a news story, containing false information.","robots":{"index":"index","follow":"follow","max-snippet":"max-snippet:-1","max-image-preview":"max-image-preview:large","max-video-preview":"max-video-preview:-1"},"canonical":"https:\/\/www.padreeustaquio.com.br\/en\/fake-news-text-about-attacks-on-priests-during-holy-week-is-a-lie\/","og_locale":"en_US","og_type":"article","og_title":"FAKE NEWS: Texto sobre ataque a padres durante a Semana Santa \u00e9 mentiroso","og_description":"Uma fake News tem circulado nos grupos de WhatsApp e em outras redes sociais, divulgando que os padres do Santu\u00e1rio da Sa\u00fade e da Paz, Igreja do Beato Padre Eust\u00e1quio, teriam sofrido um atentado, com tentativa de assassinato usando um machado. O material trata-se de uma edi\u00e7\u00e3o feita em uma not\u00edcia, com informa\u00e7\u00f5es falsas.","og_url":"https:\/\/www.padreeustaquio.com.br\/en\/fake-news-text-about-attacks-on-priests-during-holy-week-is-a-lie\/","og_site_name":"Padre Eust\u00e1quio","article_publisher":"https:\/\/www.facebook.com\/beatopadreeustaquio\/","article_published_time":"2023-04-11T09:33:00+00:00","og_image":[{"width":1000,"height":558,"url":"https:\/\/www.padreeustaquio.com.br\/wp-content\/uploads\/2023\/04\/fake-news.png","type":"image\/png"}],"author":"@sscc","twitter_card":"summary_large_image","twitter_creator":"@beatopeustaquio","twitter_site":"@beatopeustaquio","twitter_misc":{"Written by":"@sscc","Est. reading time":"2 minutes"},"schema":{"@context":"https:\/\/schema.org","@graph":[{"@type":"Article","@id":"https:\/\/www.padreeustaquio.com.br\/fake-news-texto-sobre-ataque-a-padres-durante-a-semana-santa-e-mentiroso\/#article","isPartOf":{"@id":"https:\/\/www.padreeustaquio.com.br\/fake-news-texto-sobre-ataque-a-padres-durante-a-semana-santa-e-mentiroso\/"},"author":{"name":"@sscc","@id":"https:\/\/www.padreeustaquio.com.br\/#\/schema\/person\/a2a51db1d00f1a7af0204a0f1ddb1566"},"headline":"FAKE NEWS: Texto sobre ataque a padres durante a Semana Santa \u00e9 mentiroso","datePublished":"2023-04-11T09:33:00+00:00","mainEntityOfPage":{"@id":"https:\/\/www.padreeustaquio.com.br\/fake-news-texto-sobre-ataque-a-padres-durante-a-semana-santa-e-mentiroso\/"},"wordCount":222,"commentCount":0,"publisher":{"@id":"https:\/\/www.padreeustaquio.com.br\/#organization"},"image":{"@id":"https:\/\/www.padreeustaquio.com.br\/fake-news-texto-sobre-ataque-a-padres-durante-a-semana-santa-e-mentiroso\/#primaryimage"},"thumbnailUrl":"https:\/\/www.padreeustaquio.com.br\/wp-content\/uploads\/2023\/04\/fake-news.png","articleSection":["Not\u00edcias"],"inLanguage":"en-US","potentialAction":[{"@type":"CommentAction","name":"Comment","target":["https:\/\/www.padreeustaquio.com.br\/fake-news-texto-sobre-ataque-a-padres-durante-a-semana-santa-e-mentiroso\/#respond"]}]},{"@type":"WebPage","@id":"https:\/\/www.padreeustaquio.com.br\/fake-news-texto-sobre-ataque-a-padres-durante-a-semana-santa-e-mentiroso\/","url":"https:\/\/www.padreeustaquio.com.br\/fake-news-texto-sobre-ataque-a-padres-durante-a-semana-santa-e-mentiroso\/","name":"FAKE NEWS: Text about attack on priests during Holy Week is false.","isPartOf":{"@id":"https:\/\/www.padreeustaquio.com.br\/#website"},"primaryImageOfPage":{"@id":"https:\/\/www.padreeustaquio.com.br\/fake-news-texto-sobre-ataque-a-padres-durante-a-semana-santa-e-mentiroso\/#primaryimage"},"image":{"@id":"https:\/\/www.padreeustaquio.com.br\/fake-news-texto-sobre-ataque-a-padres-durante-a-semana-santa-e-mentiroso\/#primaryimage"},"thumbnailUrl":"https:\/\/www.padreeustaquio.com.br\/wp-content\/uploads\/2023\/04\/fake-news.png","datePublished":"2023-04-11T09:33:00+00:00","description":"A fake news story has been circulating in WhatsApp groups and other social media, claiming that the priests of the Sanctuary of Health and Peace, Church of Blessed Father Eust\u00e1quio, were the victims of an attack, with an attempted assassination using an axe. The material is an edited version of a news story, containing false information.","breadcrumb":{"@id":"https:\/\/www.padreeustaquio.com.br\/fake-news-texto-sobre-ataque-a-padres-durante-a-semana-santa-e-mentiroso\/#breadcrumb"},"inLanguage":"en-US","potentialAction":[{"@type":"ReadAction","target":["https:\/\/www.padreeustaquio.com.br\/fake-news-texto-sobre-ataque-a-padres-durante-a-semana-santa-e-mentiroso\/"]}]},{"@type":"ImageObject","inLanguage":"en-US","@id":"https:\/\/www.padreeustaquio.com.br\/fake-news-texto-sobre-ataque-a-padres-durante-a-semana-santa-e-mentiroso\/#primaryimage","url":"https:\/\/www.padreeustaquio.com.br\/wp-content\/uploads\/2023\/04\/fake-news.png","contentUrl":"https:\/\/www.padreeustaquio.com.br\/wp-content\/uploads\/2023\/04\/fake-news.png","width":1000,"height":558},{"@type":"BreadcrumbList","@id":"https:\/\/www.padreeustaquio.com.br\/fake-news-texto-sobre-ataque-a-padres-durante-a-semana-santa-e-mentiroso\/#breadcrumb","itemListElement":[{"@type":"ListItem","position":1,"name":"In\u00edcio","item":"https:\/\/www.padreeustaquio.com.br\/"},{"@type":"ListItem","position":2,"name":"FAKE NEWS: Texto sobre ataque a padres durante a Semana Santa \u00e9 mentiroso"}]},{"@type":"WebSite","@id":"https:\/\/www.padreeustaquio.com.br\/#website","url":"https:\/\/www.padreeustaquio.com.br\/","name":"FATHER EUST\u00c1QUIO","description":"Health and Peace","publisher":{"@id":"https:\/\/www.padreeustaquio.com.br\/#organization"},"potentialAction":[{"@type":"SearchAction","target":{"@type":"EntryPoint","urlTemplate":"https:\/\/www.padreeustaquio.com.br\/?s={search_term_string}"},"query-input":{"@type":"PropertyValueSpecification","valueRequired":true,"valueName":"search_term_string"}}],"inLanguage":"en-US"},{"@type":"Organization","@id":"https:\/\/www.padreeustaquio.com.br\/#organization","name":"FATHER EUST\u00c1QUIO","url":"https:\/\/www.padreeustaquio.com.br\/","logo":{"@type":"ImageObject","inLanguage":"en-US","@id":"https:\/\/www.padreeustaquio.com.br\/#\/schema\/logo\/image\/","url":"https:\/\/www.padreeustaquio.com.br\/wp-content\/uploads\/2019\/08\/marca.png","contentUrl":"https:\/\/www.padreeustaquio.com.br\/wp-content\/uploads\/2019\/08\/marca.png","width":350,"height":400,"caption":"Padre Eust\u00e1quio"},"image":{"@id":"https:\/\/www.padreeustaquio.com.br\/#\/schema\/logo\/image\/"},"sameAs":["https:\/\/www.facebook.com\/beatopadreeustaquio\/","https:\/\/x.com\/beatopeustaquio","https:\/\/www.instagram.com\/beatopadreeustaquio\/","https:\/\/www.youtube.com\/channel\/UCRhw7vfabnajwLxb1ZXMeIw"]},{"@type":"Person","@id":"https:\/\/www.padreeustaquio.com.br\/#\/schema\/person\/a2a51db1d00f1a7af0204a0f1ddb1566","name":"@sscc","image":{"@type":"ImageObject","inLanguage":"en-US","@id":"https:\/\/secure.gravatar.com\/avatar\/68cfafa5f44617fea54071e215026e0ff06be366c3d54a8425f04fdcb86f8c5f?s=96&d=mm&r=g","url":"https:\/\/secure.gravatar.com\/avatar\/68cfafa5f44617fea54071e215026e0ff06be366c3d54a8425f04fdcb86f8c5f?s=96&d=mm&r=g","contentUrl":"https:\/\/secure.gravatar.com\/avatar\/68cfafa5f44617fea54071e215026e0ff06be366c3d54a8425f04fdcb86f8c5f?s=96&d=mm&r=g","caption":"@sscc"},"url":"https:\/\/www.padreeustaquio.com.br\/en\/author\/sscc\/"}]}},"_links":{"self":[{"href":"https:\/\/www.padreeustaquio.com.br\/en\/wp-json\/wp\/v2\/posts\/10182","targetHints":{"allow":["GET"]}}],"collection":[{"href":"https:\/\/www.padreeustaquio.com.br\/en\/wp-json\/wp\/v2\/posts"}],"about":[{"href":"https:\/\/www.padreeustaquio.com.br\/en\/wp-json\/wp\/v2\/types\/post"}],"author":[{"embeddable":true,"href":"https:\/\/www.padreeustaquio.com.br\/en\/wp-json\/wp\/v2\/users\/2"}],"replies":[{"embeddable":true,"href":"https:\/\/www.padreeustaquio.com.br\/en\/wp-json\/wp\/v2\/comments?post=10182"}],"version-history":[{"count":0,"href":"https:\/\/www.padreeustaquio.com.br\/en\/wp-json\/wp\/v2\/posts\/10182\/revisions"}],"wp:featuredmedia":[{"embeddable":true,"href":"https:\/\/www.padreeustaquio.com.br\/en\/wp-json\/wp\/v2\/media\/10183"}],"wp:attachment":[{"href":"https:\/\/www.padreeustaquio.com.br\/en\/wp-json\/wp\/v2\/media?parent=10182"}],"wp:term":[{"taxonomy":"category","embeddable":true,"href":"https:\/\/www.padreeustaquio.com.br\/en\/wp-json\/wp\/v2\/categories?post=10182"},{"taxonomy":"post_tag","embeddable":true,"href":"https:\/\/www.padreeustaquio.com.br\/en\/wp-json\/wp\/v2\/tags?post=10182"}],"curies":[{"name":"wp","href":"https:\/\/api.w.org\/{rel}","templated":true}]}}