{"id":10172,"date":"2023-04-10T12:00:00","date_gmt":"2023-04-10T15:00:00","guid":{"rendered":"https:\/\/www.padreeustaquio.com.br\/?p=10172"},"modified":"2023-04-12T11:53:59","modified_gmt":"2023-04-12T14:53:59","slug":"see-how-holy-week-was-at-father-eustaquios-church-in-belo-horizonte","status":"publish","type":"post","link":"https:\/\/www.padreeustaquio.com.br\/en\/see-how-holy-week-was-at-father-eustaquios-church-in-belo-horizonte\/","title":{"rendered":"See what Holy Week was like at the Church of Father Eust\u00e1quio in Belo Horizonte."},"content":{"rendered":"<p>The activities began on the weekend of April 1st and 2nd, with six celebrations including the blessing of palms, one on Saturday and five on Sunday. A highlight was the 10:00 AM Sunday Mass, which began with the Blessing of the Palms at the Padre Eust\u00e1quio Marist School, followed by a procession of the faithful to the Sanctuary where the Holy Mass concluded. <a href=\"https:\/\/drive.google.com\/drive\/folders\/1lKOgvnW9oTLJeVjtZ6g5-tfZ8pqxK6Ak?usp=sharing\" target=\"_blank\" rel=\"noreferrer noopener\">SEE THE PHOTOS<\/a><\/p>\n\n\n<div class=\"wp-block-image\">\n<figure class=\"alignleft size-medium\"><img fetchpriority=\"high\" decoding=\"async\" width=\"300\" height=\"225\" src=\"https:\/\/www.padreeustaquio.com.br\/wp-content\/uploads\/2023\/04\/Lava-pes-300x225.jpeg\" alt=\"\" class=\"wp-image-10174\" srcset=\"https:\/\/www.padreeustaquio.com.br\/wp-content\/uploads\/2023\/04\/Lava-pes-300x225.jpeg 300w, https:\/\/www.padreeustaquio.com.br\/wp-content\/uploads\/2023\/04\/Lava-pes-1024x768.jpeg 1024w, https:\/\/www.padreeustaquio.com.br\/wp-content\/uploads\/2023\/04\/Lava-pes-768x576.jpeg 768w, https:\/\/www.padreeustaquio.com.br\/wp-content\/uploads\/2023\/04\/Lava-pes-1536x1152.jpeg 1536w, https:\/\/www.padreeustaquio.com.br\/wp-content\/uploads\/2023\/04\/Lava-pes-180x135.jpeg 180w, https:\/\/www.padreeustaquio.com.br\/wp-content\/uploads\/2023\/04\/Lava-pes-400x300.jpeg 400w, https:\/\/www.padreeustaquio.com.br\/wp-content\/uploads\/2023\/04\/Lava-pes-600x450.jpeg 600w, https:\/\/www.padreeustaquio.com.br\/wp-content\/uploads\/2023\/04\/Lava-pes-800x600.jpeg 800w, https:\/\/www.padreeustaquio.com.br\/wp-content\/uploads\/2023\/04\/Lava-pes-1200x900.jpeg 1200w, https:\/\/www.padreeustaquio.com.br\/wp-content\/uploads\/2023\/04\/Lava-pes.jpeg 1600w\" sizes=\"(max-width: 300px) 100vw, 300px\" \/><\/figure>\n<\/div>\n\n\n<p>On Monday and Tuesday, Holy Mass was celebrated at the Sanctuary of Health and Peace. On Wednesday, in addition to the celebration at the Sanctuary, the procession of the encounter took place. The image of Our Lord of the Steps departed from the Santos Dumont Complex, while the image of Our Lady of Sorrows followed in procession from the Dona Paula Home. The faithful accompanied the procession in prayer to the Sanctuary, where the meeting of mother and son took place. Brother Vanildo Sena, ss.cc., delivered the Sermon of the Encounter in the church square.<\/p>\n\n\n<div class=\"wp-block-image\">\n<figure class=\"alignright size-medium\"><img decoding=\"async\" width=\"225\" height=\"300\" src=\"https:\/\/www.padreeustaquio.com.br\/wp-content\/uploads\/2023\/04\/teatro-225x300.jpeg\" alt=\"\" class=\"wp-image-10176\" srcset=\"https:\/\/www.padreeustaquio.com.br\/wp-content\/uploads\/2023\/04\/teatro-225x300.jpeg 225w, https:\/\/www.padreeustaquio.com.br\/wp-content\/uploads\/2023\/04\/teatro-768x1024.jpeg 768w, https:\/\/www.padreeustaquio.com.br\/wp-content\/uploads\/2023\/04\/teatro-1152x1536.jpeg 1152w, https:\/\/www.padreeustaquio.com.br\/wp-content\/uploads\/2023\/04\/teatro.jpeg 1200w\" sizes=\"(max-width: 225px) 100vw, 225px\" \/><\/figure>\n<\/div>\n\n\n<p>On Holy Thursday, at 9:00 AM, priests, seminarians, and faithful from the Sanctuary of Health and Peace participated in the Mass of Unity (Holy Oils) at the Christ the King Cathedral. The celebration was presided over by the Metropolitan Archbishop of Belo Horizonte, Dom Walmor de Oliveira Azevedo. That evening, the Mass of the Washing of the Feet was held at the Sanctuary. This year, following the theme proposed by the 2023 Fraternity Campaign, &quot;Fraternity and Hunger,&quot; those invited to have their feet washed in the ceremony were people who work in social action programs at the Sanctuary. There were four representatives from the Ladies of Charity, four from the Vincentians, and four from the Padre Eust\u00e1quio Bazaar. After the celebration, presided over by the rector of the Sanctuary, Father Vin\u00edcius Maciel, the Eucharistic Vigil was held.<\/p>\n\n\n<div class=\"wp-block-image\">\n<figure class=\"alignleft size-medium\"><img decoding=\"async\" width=\"225\" height=\"300\" src=\"https:\/\/www.padreeustaquio.com.br\/wp-content\/uploads\/2023\/04\/vigilia-225x300.jpeg\" alt=\"\" class=\"wp-image-10178\" srcset=\"https:\/\/www.padreeustaquio.com.br\/wp-content\/uploads\/2023\/04\/vigilia-225x300.jpeg 225w, https:\/\/www.padreeustaquio.com.br\/wp-content\/uploads\/2023\/04\/vigilia-768x1024.jpeg 768w, https:\/\/www.padreeustaquio.com.br\/wp-content\/uploads\/2023\/04\/vigilia-1152x1536.jpeg 1152w, https:\/\/www.padreeustaquio.com.br\/wp-content\/uploads\/2023\/04\/vigilia.jpeg 1200w\" sizes=\"(max-width: 225px) 100vw, 225px\" \/><\/figure>\n<\/div>\n\n\n<p>On Good Friday, the program began early. At 7:00 AM, the Crown of Sorrows of Our Lady was celebrated at the Sanctuary. At the same time, a Stations of the Cross procession was held through the streets of the Padre Eust\u00e1quio neighborhood. At 12:00 PM, the Sermon of the Seven Last Words was delivered at the Church. At 3:00 PM, the Celebration of the Passion and Death of Our Lord Jesus Christ took place, with adoration of the Holy Cross. In the evening, many people attended the Passion Play.<\/p>\n\n\n\n<p>On Saturday, parishioners went to the Sanctuary for a cleanup effort. In the evening, there was a Blessing of the New Fire at the Padre Eust\u00e1quio Marist School, followed by a candlelight procession to the Church. After the celebration, there was a gathering at the Community Center. On Easter Sunday, concluding Holy Week 2023, there were five Masses at the Sanctuary.<\/p>\n\n\n\n<p>In addition to the thousands of faithful who attended Holy Week in person at the Sanctuary, thousands more followed along on the Padre Eust\u00e1quio YouTube Channel, which broadcast almost the entire program for those who were unable to attend the Sanctuary.<\/p>\n\n\n\n<p><a href=\"https:\/\/drive.google.com\/drive\/folders\/1lKOgvnW9oTLJeVjtZ6g5-tfZ8pqxK6Ak?usp=sharing\" target=\"_blank\" rel=\"noreferrer noopener\">CLICK HERE<\/a> And see all the photos from the 2023 Holy Week celebrations at the Sanctuary.<\/p>\n\n\n\n<p><\/p>","protected":false},"excerpt":{"rendered":"<p>As atividades come\u00e7aram no fim de semana dos dias 1\u00ba e 02 de abril, com seis celebra\u00e7\u00f5es com a b\u00ean\u00e7\u00e3o de ramos, uma no s\u00e1bado e cinco no domingo. Destaque para a Missa Dominical das 10h, que teve in\u00edcio com a B\u00ean\u00e7\u00e3o dos Ramos no Col\u00e9gio Marista Padre Eust\u00e1quio, em seguida, os fi\u00e9is seguiram em prociss\u00e3o at\u00e9 o Santu\u00e1rio onde a Santa Missa foi conclu\u00edda. VEJA AS FOTOS Na segunda e na ter\u00e7a-feira houve celebra\u00e7\u00f5es de Santa Missa no Santu\u00e1rio da Sa\u00fade e da Paz. Na quarta, al\u00e9m da celebra\u00e7\u00e3o no Santu\u00e1rio, foi realizada a prociss\u00e3o do encontro. A imagem [&hellip;]<\/p>\n","protected":false},"author":2,"featured_media":10173,"comment_status":"open","ping_status":"closed","sticky":false,"template":"","format":"standard","meta":{"_acf_changed":false,"footnotes":""},"categories":[611],"tags":[],"class_list":["post-10172","post","type-post","status-publish","format-standard","has-post-thumbnail","hentry","category-noticias"],"acf":[],"yoast_head":"<!-- This site is optimized with the Yoast SEO plugin v27.2 - https:\/\/yoast.com\/product\/yoast-seo-wordpress\/ -->\n<title>Veja como foi a Semana Santa na Igreja do Padre Eust\u00e1quio, em Belo Horizonte<\/title>\n<meta name=\"description\" content=\"As atividades come\u00e7aram no fim de semana dos dias 1\u00ba e 02 de abril, com seis celebra\u00e7\u00f5es com a b\u00ean\u00e7\u00e3o de ramos, uma no s\u00e1bado e cinco no domingo. Destaque para a Missa Dominical das 10h, que teve in\u00edcio com a B\u00ean\u00e7\u00e3o dos Ramos no Col\u00e9gio Marista Padre Eust\u00e1quio, em seguida, os fi\u00e9is seguiram em prociss\u00e3o at\u00e9 o Santu\u00e1rio onde a Santa Missa foi conclu\u00edda.\" \/>\n<meta name=\"robots\" content=\"index, follow, max-snippet:-1, max-image-preview:large, max-video-preview:-1\" \/>\n<link rel=\"canonical\" href=\"https:\/\/www.padreeustaquio.com.br\/en\/see-how-holy-week-was-at-father-eustaquios-church-in-belo-horizonte\/\" \/>\n<meta property=\"og:locale\" content=\"en_US\" \/>\n<meta property=\"og:type\" content=\"article\" \/>\n<meta property=\"og:title\" content=\"Veja como foi a Semana Santa na Igreja do Padre Eust\u00e1quio, em Belo Horizonte\" \/>\n<meta property=\"og:description\" content=\"As atividades come\u00e7aram no fim de semana dos dias 1\u00ba e 02 de abril, com seis celebra\u00e7\u00f5es com a b\u00ean\u00e7\u00e3o de ramos, uma no s\u00e1bado e cinco no domingo. Destaque para a Missa Dominical das 10h, que teve in\u00edcio com a B\u00ean\u00e7\u00e3o dos Ramos no Col\u00e9gio Marista Padre Eust\u00e1quio, em seguida, os fi\u00e9is seguiram em prociss\u00e3o at\u00e9 o Santu\u00e1rio onde a Santa Missa foi conclu\u00edda.\" \/>\n<meta property=\"og:url\" content=\"https:\/\/www.padreeustaquio.com.br\/en\/see-how-holy-week-was-at-father-eustaquios-church-in-belo-horizonte\/\" \/>\n<meta property=\"og:site_name\" content=\"Padre Eust\u00e1quio\" \/>\n<meta property=\"article:publisher\" content=\"https:\/\/www.facebook.com\/beatopadreeustaquio\/\" \/>\n<meta property=\"article:published_time\" content=\"2023-04-10T15:00:00+00:00\" \/>\n<meta property=\"article:modified_time\" content=\"2023-04-12T14:53:59+00:00\" \/>\n<meta property=\"og:image\" content=\"https:\/\/www.padreeustaquio.com.br\/wp-content\/uploads\/2023\/04\/domingo-de-ramos-e1681151358890.jpeg\" \/>\n\t<meta property=\"og:image:width\" content=\"1596\" \/>\n\t<meta property=\"og:image:height\" content=\"892\" \/>\n\t<meta property=\"og:image:type\" content=\"image\/jpeg\" \/>\n<meta name=\"author\" content=\"@sscc\" \/>\n<meta name=\"twitter:card\" content=\"summary_large_image\" \/>\n<meta name=\"twitter:creator\" content=\"@beatopeustaquio\" \/>\n<meta name=\"twitter:site\" content=\"@beatopeustaquio\" \/>\n<meta name=\"twitter:label1\" content=\"Written by\" \/>\n\t<meta name=\"twitter:data1\" content=\"@sscc\" \/>\n\t<meta name=\"twitter:label2\" content=\"Est. reading time\" \/>\n\t<meta name=\"twitter:data2\" content=\"4 minutes\" \/>\n<script type=\"application\/ld+json\" class=\"yoast-schema-graph\">{\"@context\":\"https:\/\/schema.org\",\"@graph\":[{\"@type\":\"Article\",\"@id\":\"https:\/\/www.padreeustaquio.com.br\/veja-como-foi-a-semana-santa-na-igreja-do-padre-eustaquio-em-belo-horizonte\/#article\",\"isPartOf\":{\"@id\":\"https:\/\/www.padreeustaquio.com.br\/veja-como-foi-a-semana-santa-na-igreja-do-padre-eustaquio-em-belo-horizonte\/\"},\"author\":{\"name\":\"@sscc\",\"@id\":\"https:\/\/www.padreeustaquio.com.br\/#\/schema\/person\/a2a51db1d00f1a7af0204a0f1ddb1566\"},\"headline\":\"Veja como foi a Semana Santa na Igreja do Padre Eust\u00e1quio, em Belo Horizonte\",\"datePublished\":\"2023-04-10T15:00:00+00:00\",\"dateModified\":\"2023-04-12T14:53:59+00:00\",\"mainEntityOfPage\":{\"@id\":\"https:\/\/www.padreeustaquio.com.br\/veja-como-foi-a-semana-santa-na-igreja-do-padre-eustaquio-em-belo-horizonte\/\"},\"wordCount\":546,\"commentCount\":0,\"publisher\":{\"@id\":\"https:\/\/www.padreeustaquio.com.br\/#organization\"},\"image\":{\"@id\":\"https:\/\/www.padreeustaquio.com.br\/veja-como-foi-a-semana-santa-na-igreja-do-padre-eustaquio-em-belo-horizonte\/#primaryimage\"},\"thumbnailUrl\":\"https:\/\/www.padreeustaquio.com.br\/wp-content\/uploads\/2023\/04\/domingo-de-ramos-e1681151358890.jpeg\",\"articleSection\":[\"Not\u00edcias\"],\"inLanguage\":\"en-US\",\"potentialAction\":[{\"@type\":\"CommentAction\",\"name\":\"Comment\",\"target\":[\"https:\/\/www.padreeustaquio.com.br\/veja-como-foi-a-semana-santa-na-igreja-do-padre-eustaquio-em-belo-horizonte\/#respond\"]}]},{\"@type\":\"WebPage\",\"@id\":\"https:\/\/www.padreeustaquio.com.br\/veja-como-foi-a-semana-santa-na-igreja-do-padre-eustaquio-em-belo-horizonte\/\",\"url\":\"https:\/\/www.padreeustaquio.com.br\/veja-como-foi-a-semana-santa-na-igreja-do-padre-eustaquio-em-belo-horizonte\/\",\"name\":\"Veja como foi a Semana Santa na Igreja do Padre Eust\u00e1quio, em Belo Horizonte\",\"isPartOf\":{\"@id\":\"https:\/\/www.padreeustaquio.com.br\/#website\"},\"primaryImageOfPage\":{\"@id\":\"https:\/\/www.padreeustaquio.com.br\/veja-como-foi-a-semana-santa-na-igreja-do-padre-eustaquio-em-belo-horizonte\/#primaryimage\"},\"image\":{\"@id\":\"https:\/\/www.padreeustaquio.com.br\/veja-como-foi-a-semana-santa-na-igreja-do-padre-eustaquio-em-belo-horizonte\/#primaryimage\"},\"thumbnailUrl\":\"https:\/\/www.padreeustaquio.com.br\/wp-content\/uploads\/2023\/04\/domingo-de-ramos-e1681151358890.jpeg\",\"datePublished\":\"2023-04-10T15:00:00+00:00\",\"dateModified\":\"2023-04-12T14:53:59+00:00\",\"description\":\"As atividades come\u00e7aram no fim de semana dos dias 1\u00ba e 02 de abril, com seis celebra\u00e7\u00f5es com a b\u00ean\u00e7\u00e3o de ramos, uma no s\u00e1bado e cinco no domingo. Destaque para a Missa Dominical das 10h, que teve in\u00edcio com a B\u00ean\u00e7\u00e3o dos Ramos no Col\u00e9gio Marista Padre Eust\u00e1quio, em seguida, os fi\u00e9is seguiram em prociss\u00e3o at\u00e9 o Santu\u00e1rio onde a Santa Missa foi conclu\u00edda.\",\"breadcrumb\":{\"@id\":\"https:\/\/www.padreeustaquio.com.br\/veja-como-foi-a-semana-santa-na-igreja-do-padre-eustaquio-em-belo-horizonte\/#breadcrumb\"},\"inLanguage\":\"en-US\",\"potentialAction\":[{\"@type\":\"ReadAction\",\"target\":[\"https:\/\/www.padreeustaquio.com.br\/veja-como-foi-a-semana-santa-na-igreja-do-padre-eustaquio-em-belo-horizonte\/\"]}]},{\"@type\":\"ImageObject\",\"inLanguage\":\"en-US\",\"@id\":\"https:\/\/www.padreeustaquio.com.br\/veja-como-foi-a-semana-santa-na-igreja-do-padre-eustaquio-em-belo-horizonte\/#primaryimage\",\"url\":\"https:\/\/www.padreeustaquio.com.br\/wp-content\/uploads\/2023\/04\/domingo-de-ramos-e1681151358890.jpeg\",\"contentUrl\":\"https:\/\/www.padreeustaquio.com.br\/wp-content\/uploads\/2023\/04\/domingo-de-ramos-e1681151358890.jpeg\",\"width\":1596,\"height\":892},{\"@type\":\"BreadcrumbList\",\"@id\":\"https:\/\/www.padreeustaquio.com.br\/veja-como-foi-a-semana-santa-na-igreja-do-padre-eustaquio-em-belo-horizonte\/#breadcrumb\",\"itemListElement\":[{\"@type\":\"ListItem\",\"position\":1,\"name\":\"In\u00edcio\",\"item\":\"https:\/\/www.padreeustaquio.com.br\/\"},{\"@type\":\"ListItem\",\"position\":2,\"name\":\"Veja como foi a Semana Santa na Igreja do Padre Eust\u00e1quio, em Belo Horizonte\"}]},{\"@type\":\"WebSite\",\"@id\":\"https:\/\/www.padreeustaquio.com.br\/#website\",\"url\":\"https:\/\/www.padreeustaquio.com.br\/\",\"name\":\"Padre Eust\u00e1quio\",\"description\":\"Sa\u00fade e Paz\",\"publisher\":{\"@id\":\"https:\/\/www.padreeustaquio.com.br\/#organization\"},\"potentialAction\":[{\"@type\":\"SearchAction\",\"target\":{\"@type\":\"EntryPoint\",\"urlTemplate\":\"https:\/\/www.padreeustaquio.com.br\/?s={search_term_string}\"},\"query-input\":{\"@type\":\"PropertyValueSpecification\",\"valueRequired\":true,\"valueName\":\"search_term_string\"}}],\"inLanguage\":\"en-US\"},{\"@type\":\"Organization\",\"@id\":\"https:\/\/www.padreeustaquio.com.br\/#organization\",\"name\":\"Padre Eust\u00e1quio\",\"url\":\"https:\/\/www.padreeustaquio.com.br\/\",\"logo\":{\"@type\":\"ImageObject\",\"inLanguage\":\"en-US\",\"@id\":\"https:\/\/www.padreeustaquio.com.br\/#\/schema\/logo\/image\/\",\"url\":\"https:\/\/www.padreeustaquio.com.br\/wp-content\/uploads\/2019\/08\/marca.png\",\"contentUrl\":\"https:\/\/www.padreeustaquio.com.br\/wp-content\/uploads\/2019\/08\/marca.png\",\"width\":350,\"height\":400,\"caption\":\"Padre Eust\u00e1quio\"},\"image\":{\"@id\":\"https:\/\/www.padreeustaquio.com.br\/#\/schema\/logo\/image\/\"},\"sameAs\":[\"https:\/\/www.facebook.com\/beatopadreeustaquio\/\",\"https:\/\/x.com\/beatopeustaquio\",\"https:\/\/www.instagram.com\/beatopadreeustaquio\/\",\"https:\/\/www.youtube.com\/channel\/UCRhw7vfabnajwLxb1ZXMeIw\"]},{\"@type\":\"Person\",\"@id\":\"https:\/\/www.padreeustaquio.com.br\/#\/schema\/person\/a2a51db1d00f1a7af0204a0f1ddb1566\",\"name\":\"@sscc\",\"image\":{\"@type\":\"ImageObject\",\"inLanguage\":\"en-US\",\"@id\":\"https:\/\/secure.gravatar.com\/avatar\/68cfafa5f44617fea54071e215026e0ff06be366c3d54a8425f04fdcb86f8c5f?s=96&d=mm&r=g\",\"url\":\"https:\/\/secure.gravatar.com\/avatar\/68cfafa5f44617fea54071e215026e0ff06be366c3d54a8425f04fdcb86f8c5f?s=96&d=mm&r=g\",\"contentUrl\":\"https:\/\/secure.gravatar.com\/avatar\/68cfafa5f44617fea54071e215026e0ff06be366c3d54a8425f04fdcb86f8c5f?s=96&d=mm&r=g\",\"caption\":\"@sscc\"},\"url\":\"https:\/\/www.padreeustaquio.com.br\/en\/author\/sscc\/\"}]}<\/script>\n<!-- \/ Yoast SEO plugin. -->","yoast_head_json":{"title":"See what Holy Week was like at the Church of Father Eust\u00e1quio in Belo Horizonte.","description":"The activities began on the weekend of April 1st and 2nd, with six celebrations including the blessing of palms, one on Saturday and five on Sunday. A highlight was the 10:00 AM Sunday Mass, which began with the Blessing of the Palms at the Padre Eust\u00e1quio Marist School, followed by a procession of the faithful to the Sanctuary where the Holy Mass concluded.","robots":{"index":"index","follow":"follow","max-snippet":"max-snippet:-1","max-image-preview":"max-image-preview:large","max-video-preview":"max-video-preview:-1"},"canonical":"https:\/\/www.padreeustaquio.com.br\/en\/see-how-holy-week-was-at-father-eustaquios-church-in-belo-horizonte\/","og_locale":"en_US","og_type":"article","og_title":"Veja como foi a Semana Santa na Igreja do Padre Eust\u00e1quio, em Belo Horizonte","og_description":"As atividades come\u00e7aram no fim de semana dos dias 1\u00ba e 02 de abril, com seis celebra\u00e7\u00f5es com a b\u00ean\u00e7\u00e3o de ramos, uma no s\u00e1bado e cinco no domingo. Destaque para a Missa Dominical das 10h, que teve in\u00edcio com a B\u00ean\u00e7\u00e3o dos Ramos no Col\u00e9gio Marista Padre Eust\u00e1quio, em seguida, os fi\u00e9is seguiram em prociss\u00e3o at\u00e9 o Santu\u00e1rio onde a Santa Missa foi conclu\u00edda.","og_url":"https:\/\/www.padreeustaquio.com.br\/en\/see-how-holy-week-was-at-father-eustaquios-church-in-belo-horizonte\/","og_site_name":"Padre Eust\u00e1quio","article_publisher":"https:\/\/www.facebook.com\/beatopadreeustaquio\/","article_published_time":"2023-04-10T15:00:00+00:00","article_modified_time":"2023-04-12T14:53:59+00:00","og_image":[{"width":1596,"height":892,"url":"https:\/\/www.padreeustaquio.com.br\/wp-content\/uploads\/2023\/04\/domingo-de-ramos-e1681151358890.jpeg","type":"image\/jpeg"}],"author":"@sscc","twitter_card":"summary_large_image","twitter_creator":"@beatopeustaquio","twitter_site":"@beatopeustaquio","twitter_misc":{"Written by":"@sscc","Est. reading time":"4 minutes"},"schema":{"@context":"https:\/\/schema.org","@graph":[{"@type":"Article","@id":"https:\/\/www.padreeustaquio.com.br\/veja-como-foi-a-semana-santa-na-igreja-do-padre-eustaquio-em-belo-horizonte\/#article","isPartOf":{"@id":"https:\/\/www.padreeustaquio.com.br\/veja-como-foi-a-semana-santa-na-igreja-do-padre-eustaquio-em-belo-horizonte\/"},"author":{"name":"@sscc","@id":"https:\/\/www.padreeustaquio.com.br\/#\/schema\/person\/a2a51db1d00f1a7af0204a0f1ddb1566"},"headline":"Veja como foi a Semana Santa na Igreja do Padre Eust\u00e1quio, em Belo Horizonte","datePublished":"2023-04-10T15:00:00+00:00","dateModified":"2023-04-12T14:53:59+00:00","mainEntityOfPage":{"@id":"https:\/\/www.padreeustaquio.com.br\/veja-como-foi-a-semana-santa-na-igreja-do-padre-eustaquio-em-belo-horizonte\/"},"wordCount":546,"commentCount":0,"publisher":{"@id":"https:\/\/www.padreeustaquio.com.br\/#organization"},"image":{"@id":"https:\/\/www.padreeustaquio.com.br\/veja-como-foi-a-semana-santa-na-igreja-do-padre-eustaquio-em-belo-horizonte\/#primaryimage"},"thumbnailUrl":"https:\/\/www.padreeustaquio.com.br\/wp-content\/uploads\/2023\/04\/domingo-de-ramos-e1681151358890.jpeg","articleSection":["Not\u00edcias"],"inLanguage":"en-US","potentialAction":[{"@type":"CommentAction","name":"Comment","target":["https:\/\/www.padreeustaquio.com.br\/veja-como-foi-a-semana-santa-na-igreja-do-padre-eustaquio-em-belo-horizonte\/#respond"]}]},{"@type":"WebPage","@id":"https:\/\/www.padreeustaquio.com.br\/veja-como-foi-a-semana-santa-na-igreja-do-padre-eustaquio-em-belo-horizonte\/","url":"https:\/\/www.padreeustaquio.com.br\/veja-como-foi-a-semana-santa-na-igreja-do-padre-eustaquio-em-belo-horizonte\/","name":"See what Holy Week was like at the Church of Father Eust\u00e1quio in Belo Horizonte.","isPartOf":{"@id":"https:\/\/www.padreeustaquio.com.br\/#website"},"primaryImageOfPage":{"@id":"https:\/\/www.padreeustaquio.com.br\/veja-como-foi-a-semana-santa-na-igreja-do-padre-eustaquio-em-belo-horizonte\/#primaryimage"},"image":{"@id":"https:\/\/www.padreeustaquio.com.br\/veja-como-foi-a-semana-santa-na-igreja-do-padre-eustaquio-em-belo-horizonte\/#primaryimage"},"thumbnailUrl":"https:\/\/www.padreeustaquio.com.br\/wp-content\/uploads\/2023\/04\/domingo-de-ramos-e1681151358890.jpeg","datePublished":"2023-04-10T15:00:00+00:00","dateModified":"2023-04-12T14:53:59+00:00","description":"The activities began on the weekend of April 1st and 2nd, with six celebrations including the blessing of palms, one on Saturday and five on Sunday. A highlight was the 10:00 AM Sunday Mass, which began with the Blessing of the Palms at the Padre Eust\u00e1quio Marist School, followed by a procession of the faithful to the Sanctuary where the Holy Mass concluded.","breadcrumb":{"@id":"https:\/\/www.padreeustaquio.com.br\/veja-como-foi-a-semana-santa-na-igreja-do-padre-eustaquio-em-belo-horizonte\/#breadcrumb"},"inLanguage":"en-US","potentialAction":[{"@type":"ReadAction","target":["https:\/\/www.padreeustaquio.com.br\/veja-como-foi-a-semana-santa-na-igreja-do-padre-eustaquio-em-belo-horizonte\/"]}]},{"@type":"ImageObject","inLanguage":"en-US","@id":"https:\/\/www.padreeustaquio.com.br\/veja-como-foi-a-semana-santa-na-igreja-do-padre-eustaquio-em-belo-horizonte\/#primaryimage","url":"https:\/\/www.padreeustaquio.com.br\/wp-content\/uploads\/2023\/04\/domingo-de-ramos-e1681151358890.jpeg","contentUrl":"https:\/\/www.padreeustaquio.com.br\/wp-content\/uploads\/2023\/04\/domingo-de-ramos-e1681151358890.jpeg","width":1596,"height":892},{"@type":"BreadcrumbList","@id":"https:\/\/www.padreeustaquio.com.br\/veja-como-foi-a-semana-santa-na-igreja-do-padre-eustaquio-em-belo-horizonte\/#breadcrumb","itemListElement":[{"@type":"ListItem","position":1,"name":"In\u00edcio","item":"https:\/\/www.padreeustaquio.com.br\/"},{"@type":"ListItem","position":2,"name":"Veja como foi a Semana Santa na Igreja do Padre Eust\u00e1quio, em Belo Horizonte"}]},{"@type":"WebSite","@id":"https:\/\/www.padreeustaquio.com.br\/#website","url":"https:\/\/www.padreeustaquio.com.br\/","name":"FATHER EUST\u00c1QUIO","description":"Health and Peace","publisher":{"@id":"https:\/\/www.padreeustaquio.com.br\/#organization"},"potentialAction":[{"@type":"SearchAction","target":{"@type":"EntryPoint","urlTemplate":"https:\/\/www.padreeustaquio.com.br\/?s={search_term_string}"},"query-input":{"@type":"PropertyValueSpecification","valueRequired":true,"valueName":"search_term_string"}}],"inLanguage":"en-US"},{"@type":"Organization","@id":"https:\/\/www.padreeustaquio.com.br\/#organization","name":"FATHER EUST\u00c1QUIO","url":"https:\/\/www.padreeustaquio.com.br\/","logo":{"@type":"ImageObject","inLanguage":"en-US","@id":"https:\/\/www.padreeustaquio.com.br\/#\/schema\/logo\/image\/","url":"https:\/\/www.padreeustaquio.com.br\/wp-content\/uploads\/2019\/08\/marca.png","contentUrl":"https:\/\/www.padreeustaquio.com.br\/wp-content\/uploads\/2019\/08\/marca.png","width":350,"height":400,"caption":"Padre Eust\u00e1quio"},"image":{"@id":"https:\/\/www.padreeustaquio.com.br\/#\/schema\/logo\/image\/"},"sameAs":["https:\/\/www.facebook.com\/beatopadreeustaquio\/","https:\/\/x.com\/beatopeustaquio","https:\/\/www.instagram.com\/beatopadreeustaquio\/","https:\/\/www.youtube.com\/channel\/UCRhw7vfabnajwLxb1ZXMeIw"]},{"@type":"Person","@id":"https:\/\/www.padreeustaquio.com.br\/#\/schema\/person\/a2a51db1d00f1a7af0204a0f1ddb1566","name":"@sscc","image":{"@type":"ImageObject","inLanguage":"en-US","@id":"https:\/\/secure.gravatar.com\/avatar\/68cfafa5f44617fea54071e215026e0ff06be366c3d54a8425f04fdcb86f8c5f?s=96&d=mm&r=g","url":"https:\/\/secure.gravatar.com\/avatar\/68cfafa5f44617fea54071e215026e0ff06be366c3d54a8425f04fdcb86f8c5f?s=96&d=mm&r=g","contentUrl":"https:\/\/secure.gravatar.com\/avatar\/68cfafa5f44617fea54071e215026e0ff06be366c3d54a8425f04fdcb86f8c5f?s=96&d=mm&r=g","caption":"@sscc"},"url":"https:\/\/www.padreeustaquio.com.br\/en\/author\/sscc\/"}]}},"_links":{"self":[{"href":"https:\/\/www.padreeustaquio.com.br\/en\/wp-json\/wp\/v2\/posts\/10172","targetHints":{"allow":["GET"]}}],"collection":[{"href":"https:\/\/www.padreeustaquio.com.br\/en\/wp-json\/wp\/v2\/posts"}],"about":[{"href":"https:\/\/www.padreeustaquio.com.br\/en\/wp-json\/wp\/v2\/types\/post"}],"author":[{"embeddable":true,"href":"https:\/\/www.padreeustaquio.com.br\/en\/wp-json\/wp\/v2\/users\/2"}],"replies":[{"embeddable":true,"href":"https:\/\/www.padreeustaquio.com.br\/en\/wp-json\/wp\/v2\/comments?post=10172"}],"version-history":[{"count":0,"href":"https:\/\/www.padreeustaquio.com.br\/en\/wp-json\/wp\/v2\/posts\/10172\/revisions"}],"wp:featuredmedia":[{"embeddable":true,"href":"https:\/\/www.padreeustaquio.com.br\/en\/wp-json\/wp\/v2\/media\/10173"}],"wp:attachment":[{"href":"https:\/\/www.padreeustaquio.com.br\/en\/wp-json\/wp\/v2\/media?parent=10172"}],"wp:term":[{"taxonomy":"category","embeddable":true,"href":"https:\/\/www.padreeustaquio.com.br\/en\/wp-json\/wp\/v2\/categories?post=10172"},{"taxonomy":"post_tag","embeddable":true,"href":"https:\/\/www.padreeustaquio.com.br\/en\/wp-json\/wp\/v2\/tags?post=10172"}],"curies":[{"name":"wp","href":"https:\/\/api.w.org\/{rel}","templated":true}]}}