{"id":10164,"date":"2023-04-08T18:49:00","date_gmt":"2023-04-08T21:49:00","guid":{"rendered":"https:\/\/www.padreeustaquio.com.br\/?p=10164"},"modified":"2023-04-09T21:35:59","modified_gmt":"2023-04-10T00:35:59","slug":"worshippers-participate-in-a-cleanup-effort-at-the-sanctuary","status":"publish","type":"post","link":"https:\/\/www.padreeustaquio.com.br\/en\/worshippers-participate-in-a-cleanup-effort-at-the-sanctuary\/","title":{"rendered":"Worshippers participate in a cleanup effort at the Sanctuary."},"content":{"rendered":"<p>In preparation for Easter, this Saturday (April 8th), about 100 people visited the Sanctuary of Health and Peace and helped maintain a tradition. The church cleaning effort began at 8 am and lasted until mid-afternoon.<\/p>\n\n\n<div class=\"wp-block-image\">\n<figure class=\"alignleft size-medium is-resized\"><img fetchpriority=\"high\" decoding=\"async\" src=\"https:\/\/www.padreeustaquio.com.br\/wp-content\/uploads\/2023\/04\/WhatsApp-Image-2023-04-09-at-21.31.21-300x169.jpeg\" alt=\"\" class=\"wp-image-10170\" width=\"388\" height=\"219\" srcset=\"https:\/\/www.padreeustaquio.com.br\/wp-content\/uploads\/2023\/04\/WhatsApp-Image-2023-04-09-at-21.31.21-300x169.jpeg 300w, https:\/\/www.padreeustaquio.com.br\/wp-content\/uploads\/2023\/04\/WhatsApp-Image-2023-04-09-at-21.31.21-1024x577.jpeg 1024w, https:\/\/www.padreeustaquio.com.br\/wp-content\/uploads\/2023\/04\/WhatsApp-Image-2023-04-09-at-21.31.21-768x432.jpeg 768w, https:\/\/www.padreeustaquio.com.br\/wp-content\/uploads\/2023\/04\/WhatsApp-Image-2023-04-09-at-21.31.21-1536x865.jpeg 1536w, https:\/\/www.padreeustaquio.com.br\/wp-content\/uploads\/2023\/04\/WhatsApp-Image-2023-04-09-at-21.31.21-400x225.jpeg 400w, https:\/\/www.padreeustaquio.com.br\/wp-content\/uploads\/2023\/04\/WhatsApp-Image-2023-04-09-at-21.31.21-600x338.jpeg 600w, https:\/\/www.padreeustaquio.com.br\/wp-content\/uploads\/2023\/04\/WhatsApp-Image-2023-04-09-at-21.31.21-800x450.jpeg 800w, https:\/\/www.padreeustaquio.com.br\/wp-content\/uploads\/2023\/04\/WhatsApp-Image-2023-04-09-at-21.31.21-1200x675.jpeg 1200w, https:\/\/www.padreeustaquio.com.br\/wp-content\/uploads\/2023\/04\/WhatsApp-Image-2023-04-09-at-21.31.21.jpeg 1600w\" sizes=\"(max-width: 388px) 100vw, 388px\" \/><\/figure>\n<\/div>\n\n\n<p>Parishioners and visitors moved the pews, cleaned the church, the gardens, and the Community Center. With much effort and joy, children and adults contributed to the physical cleaning of the church. The idea, which has been carried out for several years, is to promote this preparation for the arrival of Easter. Just as we prepare our hearts, we also &quot;tidy up the house&quot; to receive the Risen Christ.<\/p>\n\n\n\n<p>Many people who were unable to carry benches or scrub the floor went to the Sanctuary to offer a snack to those who had been working. In the evening, the church received hundreds of people for the Easter Vigil Celebration and the Easter Fellowship, promoted by the parish at the Community Center.<\/p>\n\n\n\n<p><\/p>","protected":false},"excerpt":{"rendered":"<p>Em prepara\u00e7\u00e3o para a P\u00e1scoa, nesse s\u00e1bado (08 de abril), cerca de 100 pessoas passaram pelo Santu\u00e1rio da Sa\u00fade e da Paz e ajudaram a manter uma tradi\u00e7\u00e3o. O mutir\u00e3o de limpeza da igreja come\u00e7ou \u00e0s 8h e foi at\u00e9 o meio da tarde. Paroquianos e visitantes, arrastaram os bancos, limparam o templo, os jardins e o Centro Comunit\u00e1rio. Com muito esfor\u00e7o e alegria, crian\u00e7as e adultos contribu\u00edram com a limpeza f\u00edsica da igreja. A ideia, realizada a v\u00e1rios anos, \u00e9 promover esta prepara\u00e7\u00e3o para a chegada da p\u00e1scoa. Assim como preparamos o nosso cora\u00e7\u00e3o, tamb\u00e9m &#8220;arrumamos a casa&#8221; para [&hellip;]<\/p>\n","protected":false},"author":2,"featured_media":10169,"comment_status":"open","ping_status":"closed","sticky":false,"template":"","format":"standard","meta":{"_acf_changed":false,"footnotes":""},"categories":[611],"tags":[],"class_list":["post-10164","post","type-post","status-publish","format-standard","has-post-thumbnail","hentry","category-noticias"],"acf":[],"yoast_head":"<!-- This site is optimized with the Yoast SEO plugin v27.2 - https:\/\/yoast.com\/product\/yoast-seo-wordpress\/ -->\n<title>Fieis participam de mutir\u00e3o de limpeza no Santu\u00e1rio<\/title>\n<meta name=\"description\" content=\"Em prepara\u00e7\u00e3o para a P\u00e1scoa, nesse s\u00e1bado (08 de abril), cerca de 100 pessoas passaram pelo Santu\u00e1rio da Sa\u00fade e da Paz e ajudaram a manter uma tradi\u00e7\u00e3o. O mutir\u00e3o de limpeza da igreja come\u00e7ou \u00e0s 8h e foi at\u00e9 o meio da tarde.\" \/>\n<meta name=\"robots\" content=\"index, follow, max-snippet:-1, max-image-preview:large, max-video-preview:-1\" \/>\n<link rel=\"canonical\" href=\"https:\/\/www.padreeustaquio.com.br\/en\/worshippers-participate-in-a-cleanup-effort-at-the-sanctuary\/\" \/>\n<meta property=\"og:locale\" content=\"en_US\" \/>\n<meta property=\"og:type\" content=\"article\" \/>\n<meta property=\"og:title\" content=\"Fieis participam de mutir\u00e3o de limpeza no Santu\u00e1rio\" \/>\n<meta property=\"og:description\" content=\"Em prepara\u00e7\u00e3o para a P\u00e1scoa, nesse s\u00e1bado (08 de abril), cerca de 100 pessoas passaram pelo Santu\u00e1rio da Sa\u00fade e da Paz e ajudaram a manter uma tradi\u00e7\u00e3o. O mutir\u00e3o de limpeza da igreja come\u00e7ou \u00e0s 8h e foi at\u00e9 o meio da tarde.\" \/>\n<meta property=\"og:url\" content=\"https:\/\/www.padreeustaquio.com.br\/en\/worshippers-participate-in-a-cleanup-effort-at-the-sanctuary\/\" \/>\n<meta property=\"og:site_name\" content=\"Padre Eust\u00e1quio\" \/>\n<meta property=\"article:publisher\" content=\"https:\/\/www.facebook.com\/beatopadreeustaquio\/\" \/>\n<meta property=\"article:published_time\" content=\"2023-04-08T21:49:00+00:00\" \/>\n<meta property=\"article:modified_time\" content=\"2023-04-10T00:35:59+00:00\" \/>\n<meta property=\"og:image\" content=\"https:\/\/www.padreeustaquio.com.br\/wp-content\/uploads\/2023\/04\/WhatsApp-Image-2023-04-09-at-21.31.31.jpeg\" \/>\n\t<meta property=\"og:image:width\" content=\"1600\" \/>\n\t<meta property=\"og:image:height\" content=\"901\" \/>\n\t<meta property=\"og:image:type\" content=\"image\/jpeg\" \/>\n<meta name=\"author\" content=\"@sscc\" \/>\n<meta name=\"twitter:card\" content=\"summary_large_image\" \/>\n<meta name=\"twitter:creator\" content=\"@beatopeustaquio\" \/>\n<meta name=\"twitter:site\" content=\"@beatopeustaquio\" \/>\n<meta name=\"twitter:label1\" content=\"Written by\" \/>\n\t<meta name=\"twitter:data1\" content=\"@sscc\" \/>\n\t<meta name=\"twitter:label2\" content=\"Est. reading time\" \/>\n\t<meta name=\"twitter:data2\" content=\"2 minutes\" \/>\n<script type=\"application\/ld+json\" class=\"yoast-schema-graph\">{\"@context\":\"https:\/\/schema.org\",\"@graph\":[{\"@type\":\"Article\",\"@id\":\"https:\/\/www.padreeustaquio.com.br\/fieis-participam-de-mutirao-de-limpeza-no-santuario\/#article\",\"isPartOf\":{\"@id\":\"https:\/\/www.padreeustaquio.com.br\/fieis-participam-de-mutirao-de-limpeza-no-santuario\/\"},\"author\":{\"name\":\"@sscc\",\"@id\":\"https:\/\/www.padreeustaquio.com.br\/#\/schema\/person\/a2a51db1d00f1a7af0204a0f1ddb1566\"},\"headline\":\"Fieis participam de mutir\u00e3o de limpeza no Santu\u00e1rio\",\"datePublished\":\"2023-04-08T21:49:00+00:00\",\"dateModified\":\"2023-04-10T00:35:59+00:00\",\"mainEntityOfPage\":{\"@id\":\"https:\/\/www.padreeustaquio.com.br\/fieis-participam-de-mutirao-de-limpeza-no-santuario\/\"},\"wordCount\":183,\"commentCount\":0,\"publisher\":{\"@id\":\"https:\/\/www.padreeustaquio.com.br\/#organization\"},\"image\":{\"@id\":\"https:\/\/www.padreeustaquio.com.br\/fieis-participam-de-mutirao-de-limpeza-no-santuario\/#primaryimage\"},\"thumbnailUrl\":\"https:\/\/www.padreeustaquio.com.br\/wp-content\/uploads\/2023\/04\/WhatsApp-Image-2023-04-09-at-21.31.31.jpeg\",\"articleSection\":[\"Not\u00edcias\"],\"inLanguage\":\"en-US\",\"potentialAction\":[{\"@type\":\"CommentAction\",\"name\":\"Comment\",\"target\":[\"https:\/\/www.padreeustaquio.com.br\/fieis-participam-de-mutirao-de-limpeza-no-santuario\/#respond\"]}]},{\"@type\":\"WebPage\",\"@id\":\"https:\/\/www.padreeustaquio.com.br\/fieis-participam-de-mutirao-de-limpeza-no-santuario\/\",\"url\":\"https:\/\/www.padreeustaquio.com.br\/fieis-participam-de-mutirao-de-limpeza-no-santuario\/\",\"name\":\"Fieis participam de mutir\u00e3o de limpeza no Santu\u00e1rio\",\"isPartOf\":{\"@id\":\"https:\/\/www.padreeustaquio.com.br\/#website\"},\"primaryImageOfPage\":{\"@id\":\"https:\/\/www.padreeustaquio.com.br\/fieis-participam-de-mutirao-de-limpeza-no-santuario\/#primaryimage\"},\"image\":{\"@id\":\"https:\/\/www.padreeustaquio.com.br\/fieis-participam-de-mutirao-de-limpeza-no-santuario\/#primaryimage\"},\"thumbnailUrl\":\"https:\/\/www.padreeustaquio.com.br\/wp-content\/uploads\/2023\/04\/WhatsApp-Image-2023-04-09-at-21.31.31.jpeg\",\"datePublished\":\"2023-04-08T21:49:00+00:00\",\"dateModified\":\"2023-04-10T00:35:59+00:00\",\"description\":\"Em prepara\u00e7\u00e3o para a P\u00e1scoa, nesse s\u00e1bado (08 de abril), cerca de 100 pessoas passaram pelo Santu\u00e1rio da Sa\u00fade e da Paz e ajudaram a manter uma tradi\u00e7\u00e3o. O mutir\u00e3o de limpeza da igreja come\u00e7ou \u00e0s 8h e foi at\u00e9 o meio da tarde.\",\"breadcrumb\":{\"@id\":\"https:\/\/www.padreeustaquio.com.br\/fieis-participam-de-mutirao-de-limpeza-no-santuario\/#breadcrumb\"},\"inLanguage\":\"en-US\",\"potentialAction\":[{\"@type\":\"ReadAction\",\"target\":[\"https:\/\/www.padreeustaquio.com.br\/fieis-participam-de-mutirao-de-limpeza-no-santuario\/\"]}]},{\"@type\":\"ImageObject\",\"inLanguage\":\"en-US\",\"@id\":\"https:\/\/www.padreeustaquio.com.br\/fieis-participam-de-mutirao-de-limpeza-no-santuario\/#primaryimage\",\"url\":\"https:\/\/www.padreeustaquio.com.br\/wp-content\/uploads\/2023\/04\/WhatsApp-Image-2023-04-09-at-21.31.31.jpeg\",\"contentUrl\":\"https:\/\/www.padreeustaquio.com.br\/wp-content\/uploads\/2023\/04\/WhatsApp-Image-2023-04-09-at-21.31.31.jpeg\",\"width\":1600,\"height\":901},{\"@type\":\"BreadcrumbList\",\"@id\":\"https:\/\/www.padreeustaquio.com.br\/fieis-participam-de-mutirao-de-limpeza-no-santuario\/#breadcrumb\",\"itemListElement\":[{\"@type\":\"ListItem\",\"position\":1,\"name\":\"In\u00edcio\",\"item\":\"https:\/\/www.padreeustaquio.com.br\/\"},{\"@type\":\"ListItem\",\"position\":2,\"name\":\"Fieis participam de mutir\u00e3o de limpeza no Santu\u00e1rio\"}]},{\"@type\":\"WebSite\",\"@id\":\"https:\/\/www.padreeustaquio.com.br\/#website\",\"url\":\"https:\/\/www.padreeustaquio.com.br\/\",\"name\":\"Padre Eust\u00e1quio\",\"description\":\"Sa\u00fade e Paz\",\"publisher\":{\"@id\":\"https:\/\/www.padreeustaquio.com.br\/#organization\"},\"potentialAction\":[{\"@type\":\"SearchAction\",\"target\":{\"@type\":\"EntryPoint\",\"urlTemplate\":\"https:\/\/www.padreeustaquio.com.br\/?s={search_term_string}\"},\"query-input\":{\"@type\":\"PropertyValueSpecification\",\"valueRequired\":true,\"valueName\":\"search_term_string\"}}],\"inLanguage\":\"en-US\"},{\"@type\":\"Organization\",\"@id\":\"https:\/\/www.padreeustaquio.com.br\/#organization\",\"name\":\"Padre Eust\u00e1quio\",\"url\":\"https:\/\/www.padreeustaquio.com.br\/\",\"logo\":{\"@type\":\"ImageObject\",\"inLanguage\":\"en-US\",\"@id\":\"https:\/\/www.padreeustaquio.com.br\/#\/schema\/logo\/image\/\",\"url\":\"https:\/\/www.padreeustaquio.com.br\/wp-content\/uploads\/2019\/08\/marca.png\",\"contentUrl\":\"https:\/\/www.padreeustaquio.com.br\/wp-content\/uploads\/2019\/08\/marca.png\",\"width\":350,\"height\":400,\"caption\":\"Padre Eust\u00e1quio\"},\"image\":{\"@id\":\"https:\/\/www.padreeustaquio.com.br\/#\/schema\/logo\/image\/\"},\"sameAs\":[\"https:\/\/www.facebook.com\/beatopadreeustaquio\/\",\"https:\/\/x.com\/beatopeustaquio\",\"https:\/\/www.instagram.com\/beatopadreeustaquio\/\",\"https:\/\/www.youtube.com\/channel\/UCRhw7vfabnajwLxb1ZXMeIw\"]},{\"@type\":\"Person\",\"@id\":\"https:\/\/www.padreeustaquio.com.br\/#\/schema\/person\/a2a51db1d00f1a7af0204a0f1ddb1566\",\"name\":\"@sscc\",\"image\":{\"@type\":\"ImageObject\",\"inLanguage\":\"en-US\",\"@id\":\"https:\/\/secure.gravatar.com\/avatar\/68cfafa5f44617fea54071e215026e0ff06be366c3d54a8425f04fdcb86f8c5f?s=96&d=mm&r=g\",\"url\":\"https:\/\/secure.gravatar.com\/avatar\/68cfafa5f44617fea54071e215026e0ff06be366c3d54a8425f04fdcb86f8c5f?s=96&d=mm&r=g\",\"contentUrl\":\"https:\/\/secure.gravatar.com\/avatar\/68cfafa5f44617fea54071e215026e0ff06be366c3d54a8425f04fdcb86f8c5f?s=96&d=mm&r=g\",\"caption\":\"@sscc\"},\"url\":\"https:\/\/www.padreeustaquio.com.br\/en\/author\/sscc\/\"}]}<\/script>\n<!-- \/ Yoast SEO plugin. -->","yoast_head_json":{"title":"Worshippers participate in a cleanup effort at the Sanctuary.","description":"In preparation for Easter, this Saturday (April 8th), about 100 people visited the Sanctuary of Health and Peace and helped maintain a tradition. The church cleaning effort began at 8 am and lasted until mid-afternoon.","robots":{"index":"index","follow":"follow","max-snippet":"max-snippet:-1","max-image-preview":"max-image-preview:large","max-video-preview":"max-video-preview:-1"},"canonical":"https:\/\/www.padreeustaquio.com.br\/en\/worshippers-participate-in-a-cleanup-effort-at-the-sanctuary\/","og_locale":"en_US","og_type":"article","og_title":"Fieis participam de mutir\u00e3o de limpeza no Santu\u00e1rio","og_description":"Em prepara\u00e7\u00e3o para a P\u00e1scoa, nesse s\u00e1bado (08 de abril), cerca de 100 pessoas passaram pelo Santu\u00e1rio da Sa\u00fade e da Paz e ajudaram a manter uma tradi\u00e7\u00e3o. O mutir\u00e3o de limpeza da igreja come\u00e7ou \u00e0s 8h e foi at\u00e9 o meio da tarde.","og_url":"https:\/\/www.padreeustaquio.com.br\/en\/worshippers-participate-in-a-cleanup-effort-at-the-sanctuary\/","og_site_name":"Padre Eust\u00e1quio","article_publisher":"https:\/\/www.facebook.com\/beatopadreeustaquio\/","article_published_time":"2023-04-08T21:49:00+00:00","article_modified_time":"2023-04-10T00:35:59+00:00","og_image":[{"width":1600,"height":901,"url":"https:\/\/www.padreeustaquio.com.br\/wp-content\/uploads\/2023\/04\/WhatsApp-Image-2023-04-09-at-21.31.31.jpeg","type":"image\/jpeg"}],"author":"@sscc","twitter_card":"summary_large_image","twitter_creator":"@beatopeustaquio","twitter_site":"@beatopeustaquio","twitter_misc":{"Written by":"@sscc","Est. reading time":"2 minutes"},"schema":{"@context":"https:\/\/schema.org","@graph":[{"@type":"Article","@id":"https:\/\/www.padreeustaquio.com.br\/fieis-participam-de-mutirao-de-limpeza-no-santuario\/#article","isPartOf":{"@id":"https:\/\/www.padreeustaquio.com.br\/fieis-participam-de-mutirao-de-limpeza-no-santuario\/"},"author":{"name":"@sscc","@id":"https:\/\/www.padreeustaquio.com.br\/#\/schema\/person\/a2a51db1d00f1a7af0204a0f1ddb1566"},"headline":"Fieis participam de mutir\u00e3o de limpeza no Santu\u00e1rio","datePublished":"2023-04-08T21:49:00+00:00","dateModified":"2023-04-10T00:35:59+00:00","mainEntityOfPage":{"@id":"https:\/\/www.padreeustaquio.com.br\/fieis-participam-de-mutirao-de-limpeza-no-santuario\/"},"wordCount":183,"commentCount":0,"publisher":{"@id":"https:\/\/www.padreeustaquio.com.br\/#organization"},"image":{"@id":"https:\/\/www.padreeustaquio.com.br\/fieis-participam-de-mutirao-de-limpeza-no-santuario\/#primaryimage"},"thumbnailUrl":"https:\/\/www.padreeustaquio.com.br\/wp-content\/uploads\/2023\/04\/WhatsApp-Image-2023-04-09-at-21.31.31.jpeg","articleSection":["Not\u00edcias"],"inLanguage":"en-US","potentialAction":[{"@type":"CommentAction","name":"Comment","target":["https:\/\/www.padreeustaquio.com.br\/fieis-participam-de-mutirao-de-limpeza-no-santuario\/#respond"]}]},{"@type":"WebPage","@id":"https:\/\/www.padreeustaquio.com.br\/fieis-participam-de-mutirao-de-limpeza-no-santuario\/","url":"https:\/\/www.padreeustaquio.com.br\/fieis-participam-de-mutirao-de-limpeza-no-santuario\/","name":"Worshippers participate in a cleanup effort at the Sanctuary.","isPartOf":{"@id":"https:\/\/www.padreeustaquio.com.br\/#website"},"primaryImageOfPage":{"@id":"https:\/\/www.padreeustaquio.com.br\/fieis-participam-de-mutirao-de-limpeza-no-santuario\/#primaryimage"},"image":{"@id":"https:\/\/www.padreeustaquio.com.br\/fieis-participam-de-mutirao-de-limpeza-no-santuario\/#primaryimage"},"thumbnailUrl":"https:\/\/www.padreeustaquio.com.br\/wp-content\/uploads\/2023\/04\/WhatsApp-Image-2023-04-09-at-21.31.31.jpeg","datePublished":"2023-04-08T21:49:00+00:00","dateModified":"2023-04-10T00:35:59+00:00","description":"In preparation for Easter, this Saturday (April 8th), about 100 people visited the Sanctuary of Health and Peace and helped maintain a tradition. The church cleaning effort began at 8 am and lasted until mid-afternoon.","breadcrumb":{"@id":"https:\/\/www.padreeustaquio.com.br\/fieis-participam-de-mutirao-de-limpeza-no-santuario\/#breadcrumb"},"inLanguage":"en-US","potentialAction":[{"@type":"ReadAction","target":["https:\/\/www.padreeustaquio.com.br\/fieis-participam-de-mutirao-de-limpeza-no-santuario\/"]}]},{"@type":"ImageObject","inLanguage":"en-US","@id":"https:\/\/www.padreeustaquio.com.br\/fieis-participam-de-mutirao-de-limpeza-no-santuario\/#primaryimage","url":"https:\/\/www.padreeustaquio.com.br\/wp-content\/uploads\/2023\/04\/WhatsApp-Image-2023-04-09-at-21.31.31.jpeg","contentUrl":"https:\/\/www.padreeustaquio.com.br\/wp-content\/uploads\/2023\/04\/WhatsApp-Image-2023-04-09-at-21.31.31.jpeg","width":1600,"height":901},{"@type":"BreadcrumbList","@id":"https:\/\/www.padreeustaquio.com.br\/fieis-participam-de-mutirao-de-limpeza-no-santuario\/#breadcrumb","itemListElement":[{"@type":"ListItem","position":1,"name":"In\u00edcio","item":"https:\/\/www.padreeustaquio.com.br\/"},{"@type":"ListItem","position":2,"name":"Fieis participam de mutir\u00e3o de limpeza no Santu\u00e1rio"}]},{"@type":"WebSite","@id":"https:\/\/www.padreeustaquio.com.br\/#website","url":"https:\/\/www.padreeustaquio.com.br\/","name":"FATHER EUST\u00c1QUIO","description":"Health and Peace","publisher":{"@id":"https:\/\/www.padreeustaquio.com.br\/#organization"},"potentialAction":[{"@type":"SearchAction","target":{"@type":"EntryPoint","urlTemplate":"https:\/\/www.padreeustaquio.com.br\/?s={search_term_string}"},"query-input":{"@type":"PropertyValueSpecification","valueRequired":true,"valueName":"search_term_string"}}],"inLanguage":"en-US"},{"@type":"Organization","@id":"https:\/\/www.padreeustaquio.com.br\/#organization","name":"FATHER EUST\u00c1QUIO","url":"https:\/\/www.padreeustaquio.com.br\/","logo":{"@type":"ImageObject","inLanguage":"en-US","@id":"https:\/\/www.padreeustaquio.com.br\/#\/schema\/logo\/image\/","url":"https:\/\/www.padreeustaquio.com.br\/wp-content\/uploads\/2019\/08\/marca.png","contentUrl":"https:\/\/www.padreeustaquio.com.br\/wp-content\/uploads\/2019\/08\/marca.png","width":350,"height":400,"caption":"Padre Eust\u00e1quio"},"image":{"@id":"https:\/\/www.padreeustaquio.com.br\/#\/schema\/logo\/image\/"},"sameAs":["https:\/\/www.facebook.com\/beatopadreeustaquio\/","https:\/\/x.com\/beatopeustaquio","https:\/\/www.instagram.com\/beatopadreeustaquio\/","https:\/\/www.youtube.com\/channel\/UCRhw7vfabnajwLxb1ZXMeIw"]},{"@type":"Person","@id":"https:\/\/www.padreeustaquio.com.br\/#\/schema\/person\/a2a51db1d00f1a7af0204a0f1ddb1566","name":"@sscc","image":{"@type":"ImageObject","inLanguage":"en-US","@id":"https:\/\/secure.gravatar.com\/avatar\/68cfafa5f44617fea54071e215026e0ff06be366c3d54a8425f04fdcb86f8c5f?s=96&d=mm&r=g","url":"https:\/\/secure.gravatar.com\/avatar\/68cfafa5f44617fea54071e215026e0ff06be366c3d54a8425f04fdcb86f8c5f?s=96&d=mm&r=g","contentUrl":"https:\/\/secure.gravatar.com\/avatar\/68cfafa5f44617fea54071e215026e0ff06be366c3d54a8425f04fdcb86f8c5f?s=96&d=mm&r=g","caption":"@sscc"},"url":"https:\/\/www.padreeustaquio.com.br\/en\/author\/sscc\/"}]}},"_links":{"self":[{"href":"https:\/\/www.padreeustaquio.com.br\/en\/wp-json\/wp\/v2\/posts\/10164","targetHints":{"allow":["GET"]}}],"collection":[{"href":"https:\/\/www.padreeustaquio.com.br\/en\/wp-json\/wp\/v2\/posts"}],"about":[{"href":"https:\/\/www.padreeustaquio.com.br\/en\/wp-json\/wp\/v2\/types\/post"}],"author":[{"embeddable":true,"href":"https:\/\/www.padreeustaquio.com.br\/en\/wp-json\/wp\/v2\/users\/2"}],"replies":[{"embeddable":true,"href":"https:\/\/www.padreeustaquio.com.br\/en\/wp-json\/wp\/v2\/comments?post=10164"}],"version-history":[{"count":0,"href":"https:\/\/www.padreeustaquio.com.br\/en\/wp-json\/wp\/v2\/posts\/10164\/revisions"}],"wp:featuredmedia":[{"embeddable":true,"href":"https:\/\/www.padreeustaquio.com.br\/en\/wp-json\/wp\/v2\/media\/10169"}],"wp:attachment":[{"href":"https:\/\/www.padreeustaquio.com.br\/en\/wp-json\/wp\/v2\/media?parent=10164"}],"wp:term":[{"taxonomy":"category","embeddable":true,"href":"https:\/\/www.padreeustaquio.com.br\/en\/wp-json\/wp\/v2\/categories?post=10164"},{"taxonomy":"post_tag","embeddable":true,"href":"https:\/\/www.padreeustaquio.com.br\/en\/wp-json\/wp\/v2\/tags?post=10164"}],"curies":[{"name":"wp","href":"https:\/\/api.w.org\/{rel}","templated":true}]}}