{"id":10159,"date":"2023-04-07T07:43:23","date_gmt":"2023-04-07T10:43:23","guid":{"rendered":"https:\/\/www.padreeustaquio.com.br\/?p=10159"},"modified":"2023-04-07T07:43:24","modified_gmt":"2023-04-07T10:43:24","slug":"follow-the-schedule-for-this-good-friday-at-the-sanctuary","status":"publish","type":"post","link":"https:\/\/www.padreeustaquio.com.br\/en\/follow-the-schedule-for-this-good-friday-at-the-sanctuary\/","title":{"rendered":"Follow the schedule for this Good Friday at the Sanctuary."},"content":{"rendered":"<p>Good Friday, also known as Holy Friday, is when we celebrate the Passion and Death of Jesus. Silence, fasting, and prayer should mark this moment. Contrary to what many believe, the Passion should not be experienced in a climate of mourning, but of profound respect and meditation before the death of the Lord, who, in dying, was victorious and brought salvation to all, rising again to eternal life.<\/p>\n\n\n\n<p>To mark the day, the Sanctuary of Health and Peace has prepared a special program.<\/p>\n\n\n\n<p>7am Crown of Sorrows of Our Lady (in the Church)<\/p>\n\n\n\n<p>7am Stations of the Cross procession through the streets of the neighborhood (starting at the corner of Par\u00e1 de Minas and Vila Rica streets)<\/p>\n\n\n\n<p>12 PM Sermon of the Seven Last Words<\/p>\n\n\n\n<p>3 PM Celebration of the Passion and Death of Our Lord Jesus Christ<\/p>\n\n\n\n<p>7 PM Passion Play, followed by the funeral procession.<\/p>\n\n\n\n<p><\/p>","protected":false},"excerpt":{"rendered":"<p>Sexta-feira Santa, conhecida como Sexta-feira Maior, celebramos a Paix\u00e3o e Morte de Jesus. O sil\u00eancio, o jejum e a ora\u00e7\u00e3o devem marcar este momento. Ao contr\u00e1rio do que muitos pensam, a Paix\u00e3o n\u00e3o deve ser vivida em clima de luto, mas de profundo respeito e medita\u00e7\u00e3o diante da morte do Senhor, que, ao morrer, foi vitorioso e trouxe a salva\u00e7\u00e3o para todos, ressurgindo para a vida eterna. Para marcar o dia, o Santu\u00e1rio da Sa\u00fade e da Paz preparou uma programa\u00e7\u00e3o especial. 7h Coroa das Dores de Nossa Senhora (na Igreja) 7h Via Sacra pelas ruas do bairro (sa\u00edda da [&hellip;]<\/p>\n","protected":false},"author":2,"featured_media":10160,"comment_status":"open","ping_status":"closed","sticky":false,"template":"","format":"standard","meta":{"_acf_changed":false,"footnotes":""},"categories":[611],"tags":[],"class_list":["post-10159","post","type-post","status-publish","format-standard","has-post-thumbnail","hentry","category-noticias"],"acf":[],"yoast_head":"<!-- This site is optimized with the Yoast SEO plugin v27.2 - https:\/\/yoast.com\/product\/yoast-seo-wordpress\/ -->\n<title>Acompanhe a programa\u00e7\u00e3o desta Sexta-feira da Paix\u00e3o no Santu\u00e1rio<\/title>\n<meta name=\"description\" content=\"Sexta-feira Santa, conhecida como Sexta-feira Maior, celebramos a Paix\u00e3o e Morte de Jesus. O sil\u00eancio, o jejum e a ora\u00e7\u00e3o devem marcar este momento. Ao contr\u00e1rio do que muitos pensam, a Paix\u00e3o n\u00e3o deve ser vivida em clima de luto, mas de profundo respeito e medita\u00e7\u00e3o diante da morte do Senhor, que, ao morrer, foi vitorioso e trouxe a salva\u00e7\u00e3o para todos, ressurgindo para a vida eterna.\" \/>\n<meta name=\"robots\" content=\"index, follow, max-snippet:-1, max-image-preview:large, max-video-preview:-1\" \/>\n<link rel=\"canonical\" href=\"https:\/\/www.padreeustaquio.com.br\/en\/follow-the-schedule-for-this-good-friday-at-the-sanctuary\/\" \/>\n<meta property=\"og:locale\" content=\"en_US\" \/>\n<meta property=\"og:type\" content=\"article\" \/>\n<meta property=\"og:title\" content=\"Acompanhe a programa\u00e7\u00e3o desta Sexta-feira da Paix\u00e3o no Santu\u00e1rio\" \/>\n<meta property=\"og:description\" content=\"Sexta-feira Santa, conhecida como Sexta-feira Maior, celebramos a Paix\u00e3o e Morte de Jesus. O sil\u00eancio, o jejum e a ora\u00e7\u00e3o devem marcar este momento. Ao contr\u00e1rio do que muitos pensam, a Paix\u00e3o n\u00e3o deve ser vivida em clima de luto, mas de profundo respeito e medita\u00e7\u00e3o diante da morte do Senhor, que, ao morrer, foi vitorioso e trouxe a salva\u00e7\u00e3o para todos, ressurgindo para a vida eterna.\" \/>\n<meta property=\"og:url\" content=\"https:\/\/www.padreeustaquio.com.br\/en\/follow-the-schedule-for-this-good-friday-at-the-sanctuary\/\" \/>\n<meta property=\"og:site_name\" content=\"Padre Eust\u00e1quio\" \/>\n<meta property=\"article:publisher\" content=\"https:\/\/www.facebook.com\/beatopadreeustaquio\/\" \/>\n<meta property=\"article:published_time\" content=\"2023-04-07T10:43:23+00:00\" \/>\n<meta property=\"article:modified_time\" content=\"2023-04-07T10:43:24+00:00\" \/>\n<meta property=\"og:image\" content=\"https:\/\/www.padreeustaquio.com.br\/wp-content\/uploads\/2023\/04\/WhatsApp-Image-2023-03-28-at-21.10.36.jpeg\" \/>\n\t<meta property=\"og:image:width\" content=\"1600\" \/>\n\t<meta property=\"og:image:height\" content=\"900\" \/>\n\t<meta property=\"og:image:type\" content=\"image\/jpeg\" \/>\n<meta name=\"author\" content=\"@sscc\" \/>\n<meta name=\"twitter:card\" content=\"summary_large_image\" \/>\n<meta name=\"twitter:creator\" content=\"@beatopeustaquio\" \/>\n<meta name=\"twitter:site\" content=\"@beatopeustaquio\" \/>\n<meta name=\"twitter:label1\" content=\"Written by\" \/>\n\t<meta name=\"twitter:data1\" content=\"@sscc\" \/>\n\t<meta name=\"twitter:label2\" content=\"Est. reading time\" \/>\n\t<meta name=\"twitter:data2\" content=\"1 minute\" \/>\n<script type=\"application\/ld+json\" class=\"yoast-schema-graph\">{\"@context\":\"https:\/\/schema.org\",\"@graph\":[{\"@type\":\"Article\",\"@id\":\"https:\/\/www.padreeustaquio.com.br\/acompanhe-a-programacao-desta-sexta-feira-da-paixao-no-santuario\/#article\",\"isPartOf\":{\"@id\":\"https:\/\/www.padreeustaquio.com.br\/acompanhe-a-programacao-desta-sexta-feira-da-paixao-no-santuario\/\"},\"author\":{\"name\":\"@sscc\",\"@id\":\"https:\/\/www.padreeustaquio.com.br\/#\/schema\/person\/a2a51db1d00f1a7af0204a0f1ddb1566\"},\"headline\":\"Acompanhe a programa\u00e7\u00e3o desta Sexta-feira da Paix\u00e3o no Santu\u00e1rio\",\"datePublished\":\"2023-04-07T10:43:23+00:00\",\"dateModified\":\"2023-04-07T10:43:24+00:00\",\"mainEntityOfPage\":{\"@id\":\"https:\/\/www.padreeustaquio.com.br\/acompanhe-a-programacao-desta-sexta-feira-da-paixao-no-santuario\/\"},\"wordCount\":163,\"commentCount\":0,\"publisher\":{\"@id\":\"https:\/\/www.padreeustaquio.com.br\/#organization\"},\"image\":{\"@id\":\"https:\/\/www.padreeustaquio.com.br\/acompanhe-a-programacao-desta-sexta-feira-da-paixao-no-santuario\/#primaryimage\"},\"thumbnailUrl\":\"https:\/\/www.padreeustaquio.com.br\/wp-content\/uploads\/2023\/04\/WhatsApp-Image-2023-03-28-at-21.10.36.jpeg\",\"articleSection\":[\"Not\u00edcias\"],\"inLanguage\":\"en-US\",\"potentialAction\":[{\"@type\":\"CommentAction\",\"name\":\"Comment\",\"target\":[\"https:\/\/www.padreeustaquio.com.br\/acompanhe-a-programacao-desta-sexta-feira-da-paixao-no-santuario\/#respond\"]}]},{\"@type\":\"WebPage\",\"@id\":\"https:\/\/www.padreeustaquio.com.br\/acompanhe-a-programacao-desta-sexta-feira-da-paixao-no-santuario\/\",\"url\":\"https:\/\/www.padreeustaquio.com.br\/acompanhe-a-programacao-desta-sexta-feira-da-paixao-no-santuario\/\",\"name\":\"Acompanhe a programa\u00e7\u00e3o desta Sexta-feira da Paix\u00e3o no Santu\u00e1rio\",\"isPartOf\":{\"@id\":\"https:\/\/www.padreeustaquio.com.br\/#website\"},\"primaryImageOfPage\":{\"@id\":\"https:\/\/www.padreeustaquio.com.br\/acompanhe-a-programacao-desta-sexta-feira-da-paixao-no-santuario\/#primaryimage\"},\"image\":{\"@id\":\"https:\/\/www.padreeustaquio.com.br\/acompanhe-a-programacao-desta-sexta-feira-da-paixao-no-santuario\/#primaryimage\"},\"thumbnailUrl\":\"https:\/\/www.padreeustaquio.com.br\/wp-content\/uploads\/2023\/04\/WhatsApp-Image-2023-03-28-at-21.10.36.jpeg\",\"datePublished\":\"2023-04-07T10:43:23+00:00\",\"dateModified\":\"2023-04-07T10:43:24+00:00\",\"description\":\"Sexta-feira Santa, conhecida como Sexta-feira Maior, celebramos a Paix\u00e3o e Morte de Jesus. O sil\u00eancio, o jejum e a ora\u00e7\u00e3o devem marcar este momento. Ao contr\u00e1rio do que muitos pensam, a Paix\u00e3o n\u00e3o deve ser vivida em clima de luto, mas de profundo respeito e medita\u00e7\u00e3o diante da morte do Senhor, que, ao morrer, foi vitorioso e trouxe a salva\u00e7\u00e3o para todos, ressurgindo para a vida eterna.\",\"breadcrumb\":{\"@id\":\"https:\/\/www.padreeustaquio.com.br\/acompanhe-a-programacao-desta-sexta-feira-da-paixao-no-santuario\/#breadcrumb\"},\"inLanguage\":\"en-US\",\"potentialAction\":[{\"@type\":\"ReadAction\",\"target\":[\"https:\/\/www.padreeustaquio.com.br\/acompanhe-a-programacao-desta-sexta-feira-da-paixao-no-santuario\/\"]}]},{\"@type\":\"ImageObject\",\"inLanguage\":\"en-US\",\"@id\":\"https:\/\/www.padreeustaquio.com.br\/acompanhe-a-programacao-desta-sexta-feira-da-paixao-no-santuario\/#primaryimage\",\"url\":\"https:\/\/www.padreeustaquio.com.br\/wp-content\/uploads\/2023\/04\/WhatsApp-Image-2023-03-28-at-21.10.36.jpeg\",\"contentUrl\":\"https:\/\/www.padreeustaquio.com.br\/wp-content\/uploads\/2023\/04\/WhatsApp-Image-2023-03-28-at-21.10.36.jpeg\",\"width\":1600,\"height\":900},{\"@type\":\"BreadcrumbList\",\"@id\":\"https:\/\/www.padreeustaquio.com.br\/acompanhe-a-programacao-desta-sexta-feira-da-paixao-no-santuario\/#breadcrumb\",\"itemListElement\":[{\"@type\":\"ListItem\",\"position\":1,\"name\":\"In\u00edcio\",\"item\":\"https:\/\/www.padreeustaquio.com.br\/\"},{\"@type\":\"ListItem\",\"position\":2,\"name\":\"Acompanhe a programa\u00e7\u00e3o desta Sexta-feira da Paix\u00e3o no Santu\u00e1rio\"}]},{\"@type\":\"WebSite\",\"@id\":\"https:\/\/www.padreeustaquio.com.br\/#website\",\"url\":\"https:\/\/www.padreeustaquio.com.br\/\",\"name\":\"Padre Eust\u00e1quio\",\"description\":\"Sa\u00fade e Paz\",\"publisher\":{\"@id\":\"https:\/\/www.padreeustaquio.com.br\/#organization\"},\"potentialAction\":[{\"@type\":\"SearchAction\",\"target\":{\"@type\":\"EntryPoint\",\"urlTemplate\":\"https:\/\/www.padreeustaquio.com.br\/?s={search_term_string}\"},\"query-input\":{\"@type\":\"PropertyValueSpecification\",\"valueRequired\":true,\"valueName\":\"search_term_string\"}}],\"inLanguage\":\"en-US\"},{\"@type\":\"Organization\",\"@id\":\"https:\/\/www.padreeustaquio.com.br\/#organization\",\"name\":\"Padre Eust\u00e1quio\",\"url\":\"https:\/\/www.padreeustaquio.com.br\/\",\"logo\":{\"@type\":\"ImageObject\",\"inLanguage\":\"en-US\",\"@id\":\"https:\/\/www.padreeustaquio.com.br\/#\/schema\/logo\/image\/\",\"url\":\"https:\/\/www.padreeustaquio.com.br\/wp-content\/uploads\/2019\/08\/marca.png\",\"contentUrl\":\"https:\/\/www.padreeustaquio.com.br\/wp-content\/uploads\/2019\/08\/marca.png\",\"width\":350,\"height\":400,\"caption\":\"Padre Eust\u00e1quio\"},\"image\":{\"@id\":\"https:\/\/www.padreeustaquio.com.br\/#\/schema\/logo\/image\/\"},\"sameAs\":[\"https:\/\/www.facebook.com\/beatopadreeustaquio\/\",\"https:\/\/x.com\/beatopeustaquio\",\"https:\/\/www.instagram.com\/beatopadreeustaquio\/\",\"https:\/\/www.youtube.com\/channel\/UCRhw7vfabnajwLxb1ZXMeIw\"]},{\"@type\":\"Person\",\"@id\":\"https:\/\/www.padreeustaquio.com.br\/#\/schema\/person\/a2a51db1d00f1a7af0204a0f1ddb1566\",\"name\":\"@sscc\",\"image\":{\"@type\":\"ImageObject\",\"inLanguage\":\"en-US\",\"@id\":\"https:\/\/secure.gravatar.com\/avatar\/68cfafa5f44617fea54071e215026e0ff06be366c3d54a8425f04fdcb86f8c5f?s=96&d=mm&r=g\",\"url\":\"https:\/\/secure.gravatar.com\/avatar\/68cfafa5f44617fea54071e215026e0ff06be366c3d54a8425f04fdcb86f8c5f?s=96&d=mm&r=g\",\"contentUrl\":\"https:\/\/secure.gravatar.com\/avatar\/68cfafa5f44617fea54071e215026e0ff06be366c3d54a8425f04fdcb86f8c5f?s=96&d=mm&r=g\",\"caption\":\"@sscc\"},\"url\":\"https:\/\/www.padreeustaquio.com.br\/en\/author\/sscc\/\"}]}<\/script>\n<!-- \/ Yoast SEO plugin. -->","yoast_head_json":{"title":"Follow the schedule for this Good Friday at the Sanctuary.","description":"Good Friday, also known as Holy Friday, is when we celebrate the Passion and Death of Jesus. Silence, fasting, and prayer should mark this moment. Contrary to what many believe, the Passion should not be experienced in a climate of mourning, but of profound respect and meditation before the death of the Lord, who, in dying, was victorious and brought salvation to all, rising again to eternal life.","robots":{"index":"index","follow":"follow","max-snippet":"max-snippet:-1","max-image-preview":"max-image-preview:large","max-video-preview":"max-video-preview:-1"},"canonical":"https:\/\/www.padreeustaquio.com.br\/en\/follow-the-schedule-for-this-good-friday-at-the-sanctuary\/","og_locale":"en_US","og_type":"article","og_title":"Acompanhe a programa\u00e7\u00e3o desta Sexta-feira da Paix\u00e3o no Santu\u00e1rio","og_description":"Sexta-feira Santa, conhecida como Sexta-feira Maior, celebramos a Paix\u00e3o e Morte de Jesus. O sil\u00eancio, o jejum e a ora\u00e7\u00e3o devem marcar este momento. Ao contr\u00e1rio do que muitos pensam, a Paix\u00e3o n\u00e3o deve ser vivida em clima de luto, mas de profundo respeito e medita\u00e7\u00e3o diante da morte do Senhor, que, ao morrer, foi vitorioso e trouxe a salva\u00e7\u00e3o para todos, ressurgindo para a vida eterna.","og_url":"https:\/\/www.padreeustaquio.com.br\/en\/follow-the-schedule-for-this-good-friday-at-the-sanctuary\/","og_site_name":"Padre Eust\u00e1quio","article_publisher":"https:\/\/www.facebook.com\/beatopadreeustaquio\/","article_published_time":"2023-04-07T10:43:23+00:00","article_modified_time":"2023-04-07T10:43:24+00:00","og_image":[{"width":1600,"height":900,"url":"https:\/\/www.padreeustaquio.com.br\/wp-content\/uploads\/2023\/04\/WhatsApp-Image-2023-03-28-at-21.10.36.jpeg","type":"image\/jpeg"}],"author":"@sscc","twitter_card":"summary_large_image","twitter_creator":"@beatopeustaquio","twitter_site":"@beatopeustaquio","twitter_misc":{"Written by":"@sscc","Est. reading time":"1 minute"},"schema":{"@context":"https:\/\/schema.org","@graph":[{"@type":"Article","@id":"https:\/\/www.padreeustaquio.com.br\/acompanhe-a-programacao-desta-sexta-feira-da-paixao-no-santuario\/#article","isPartOf":{"@id":"https:\/\/www.padreeustaquio.com.br\/acompanhe-a-programacao-desta-sexta-feira-da-paixao-no-santuario\/"},"author":{"name":"@sscc","@id":"https:\/\/www.padreeustaquio.com.br\/#\/schema\/person\/a2a51db1d00f1a7af0204a0f1ddb1566"},"headline":"Acompanhe a programa\u00e7\u00e3o desta Sexta-feira da Paix\u00e3o no Santu\u00e1rio","datePublished":"2023-04-07T10:43:23+00:00","dateModified":"2023-04-07T10:43:24+00:00","mainEntityOfPage":{"@id":"https:\/\/www.padreeustaquio.com.br\/acompanhe-a-programacao-desta-sexta-feira-da-paixao-no-santuario\/"},"wordCount":163,"commentCount":0,"publisher":{"@id":"https:\/\/www.padreeustaquio.com.br\/#organization"},"image":{"@id":"https:\/\/www.padreeustaquio.com.br\/acompanhe-a-programacao-desta-sexta-feira-da-paixao-no-santuario\/#primaryimage"},"thumbnailUrl":"https:\/\/www.padreeustaquio.com.br\/wp-content\/uploads\/2023\/04\/WhatsApp-Image-2023-03-28-at-21.10.36.jpeg","articleSection":["Not\u00edcias"],"inLanguage":"en-US","potentialAction":[{"@type":"CommentAction","name":"Comment","target":["https:\/\/www.padreeustaquio.com.br\/acompanhe-a-programacao-desta-sexta-feira-da-paixao-no-santuario\/#respond"]}]},{"@type":"WebPage","@id":"https:\/\/www.padreeustaquio.com.br\/acompanhe-a-programacao-desta-sexta-feira-da-paixao-no-santuario\/","url":"https:\/\/www.padreeustaquio.com.br\/acompanhe-a-programacao-desta-sexta-feira-da-paixao-no-santuario\/","name":"Follow the schedule for this Good Friday at the Sanctuary.","isPartOf":{"@id":"https:\/\/www.padreeustaquio.com.br\/#website"},"primaryImageOfPage":{"@id":"https:\/\/www.padreeustaquio.com.br\/acompanhe-a-programacao-desta-sexta-feira-da-paixao-no-santuario\/#primaryimage"},"image":{"@id":"https:\/\/www.padreeustaquio.com.br\/acompanhe-a-programacao-desta-sexta-feira-da-paixao-no-santuario\/#primaryimage"},"thumbnailUrl":"https:\/\/www.padreeustaquio.com.br\/wp-content\/uploads\/2023\/04\/WhatsApp-Image-2023-03-28-at-21.10.36.jpeg","datePublished":"2023-04-07T10:43:23+00:00","dateModified":"2023-04-07T10:43:24+00:00","description":"Good Friday, also known as Holy Friday, is when we celebrate the Passion and Death of Jesus. Silence, fasting, and prayer should mark this moment. Contrary to what many believe, the Passion should not be experienced in a climate of mourning, but of profound respect and meditation before the death of the Lord, who, in dying, was victorious and brought salvation to all, rising again to eternal life.","breadcrumb":{"@id":"https:\/\/www.padreeustaquio.com.br\/acompanhe-a-programacao-desta-sexta-feira-da-paixao-no-santuario\/#breadcrumb"},"inLanguage":"en-US","potentialAction":[{"@type":"ReadAction","target":["https:\/\/www.padreeustaquio.com.br\/acompanhe-a-programacao-desta-sexta-feira-da-paixao-no-santuario\/"]}]},{"@type":"ImageObject","inLanguage":"en-US","@id":"https:\/\/www.padreeustaquio.com.br\/acompanhe-a-programacao-desta-sexta-feira-da-paixao-no-santuario\/#primaryimage","url":"https:\/\/www.padreeustaquio.com.br\/wp-content\/uploads\/2023\/04\/WhatsApp-Image-2023-03-28-at-21.10.36.jpeg","contentUrl":"https:\/\/www.padreeustaquio.com.br\/wp-content\/uploads\/2023\/04\/WhatsApp-Image-2023-03-28-at-21.10.36.jpeg","width":1600,"height":900},{"@type":"BreadcrumbList","@id":"https:\/\/www.padreeustaquio.com.br\/acompanhe-a-programacao-desta-sexta-feira-da-paixao-no-santuario\/#breadcrumb","itemListElement":[{"@type":"ListItem","position":1,"name":"In\u00edcio","item":"https:\/\/www.padreeustaquio.com.br\/"},{"@type":"ListItem","position":2,"name":"Acompanhe a programa\u00e7\u00e3o desta Sexta-feira da Paix\u00e3o no Santu\u00e1rio"}]},{"@type":"WebSite","@id":"https:\/\/www.padreeustaquio.com.br\/#website","url":"https:\/\/www.padreeustaquio.com.br\/","name":"FATHER EUST\u00c1QUIO","description":"Health and Peace","publisher":{"@id":"https:\/\/www.padreeustaquio.com.br\/#organization"},"potentialAction":[{"@type":"SearchAction","target":{"@type":"EntryPoint","urlTemplate":"https:\/\/www.padreeustaquio.com.br\/?s={search_term_string}"},"query-input":{"@type":"PropertyValueSpecification","valueRequired":true,"valueName":"search_term_string"}}],"inLanguage":"en-US"},{"@type":"Organization","@id":"https:\/\/www.padreeustaquio.com.br\/#organization","name":"FATHER EUST\u00c1QUIO","url":"https:\/\/www.padreeustaquio.com.br\/","logo":{"@type":"ImageObject","inLanguage":"en-US","@id":"https:\/\/www.padreeustaquio.com.br\/#\/schema\/logo\/image\/","url":"https:\/\/www.padreeustaquio.com.br\/wp-content\/uploads\/2019\/08\/marca.png","contentUrl":"https:\/\/www.padreeustaquio.com.br\/wp-content\/uploads\/2019\/08\/marca.png","width":350,"height":400,"caption":"Padre Eust\u00e1quio"},"image":{"@id":"https:\/\/www.padreeustaquio.com.br\/#\/schema\/logo\/image\/"},"sameAs":["https:\/\/www.facebook.com\/beatopadreeustaquio\/","https:\/\/x.com\/beatopeustaquio","https:\/\/www.instagram.com\/beatopadreeustaquio\/","https:\/\/www.youtube.com\/channel\/UCRhw7vfabnajwLxb1ZXMeIw"]},{"@type":"Person","@id":"https:\/\/www.padreeustaquio.com.br\/#\/schema\/person\/a2a51db1d00f1a7af0204a0f1ddb1566","name":"@sscc","image":{"@type":"ImageObject","inLanguage":"en-US","@id":"https:\/\/secure.gravatar.com\/avatar\/68cfafa5f44617fea54071e215026e0ff06be366c3d54a8425f04fdcb86f8c5f?s=96&d=mm&r=g","url":"https:\/\/secure.gravatar.com\/avatar\/68cfafa5f44617fea54071e215026e0ff06be366c3d54a8425f04fdcb86f8c5f?s=96&d=mm&r=g","contentUrl":"https:\/\/secure.gravatar.com\/avatar\/68cfafa5f44617fea54071e215026e0ff06be366c3d54a8425f04fdcb86f8c5f?s=96&d=mm&r=g","caption":"@sscc"},"url":"https:\/\/www.padreeustaquio.com.br\/en\/author\/sscc\/"}]}},"_links":{"self":[{"href":"https:\/\/www.padreeustaquio.com.br\/en\/wp-json\/wp\/v2\/posts\/10159","targetHints":{"allow":["GET"]}}],"collection":[{"href":"https:\/\/www.padreeustaquio.com.br\/en\/wp-json\/wp\/v2\/posts"}],"about":[{"href":"https:\/\/www.padreeustaquio.com.br\/en\/wp-json\/wp\/v2\/types\/post"}],"author":[{"embeddable":true,"href":"https:\/\/www.padreeustaquio.com.br\/en\/wp-json\/wp\/v2\/users\/2"}],"replies":[{"embeddable":true,"href":"https:\/\/www.padreeustaquio.com.br\/en\/wp-json\/wp\/v2\/comments?post=10159"}],"version-history":[{"count":0,"href":"https:\/\/www.padreeustaquio.com.br\/en\/wp-json\/wp\/v2\/posts\/10159\/revisions"}],"wp:featuredmedia":[{"embeddable":true,"href":"https:\/\/www.padreeustaquio.com.br\/en\/wp-json\/wp\/v2\/media\/10160"}],"wp:attachment":[{"href":"https:\/\/www.padreeustaquio.com.br\/en\/wp-json\/wp\/v2\/media?parent=10159"}],"wp:term":[{"taxonomy":"category","embeddable":true,"href":"https:\/\/www.padreeustaquio.com.br\/en\/wp-json\/wp\/v2\/categories?post=10159"},{"taxonomy":"post_tag","embeddable":true,"href":"https:\/\/www.padreeustaquio.com.br\/en\/wp-json\/wp\/v2\/tags?post=10159"}],"curies":[{"name":"wp","href":"https:\/\/api.w.org\/{rel}","templated":true}]}}