{"id":10153,"date":"2023-04-05T07:47:15","date_gmt":"2023-04-05T10:47:15","guid":{"rendered":"https:\/\/www.padreeustaquio.com.br\/?p=10153"},"modified":"2023-04-05T07:47:16","modified_gmt":"2023-04-05T10:47:16","slug":"the-sanctuary-is-holding-a-procession-and-sermon-of-the-encounter-today-in-the-church-square","status":"publish","type":"post","link":"https:\/\/www.padreeustaquio.com.br\/en\/the-sanctuary-is-holding-a-procession-and-sermon-of-the-encounter-today-in-the-church-square\/","title":{"rendered":"The Sanctuary is holding a Procession and Sermon of the Encounter today in the church square."},"content":{"rendered":"<p>This Wednesday of Holy Week, the Sanctuary of Health and Peace, Church of Blessed Father Eustace, will hold the procession of the Encounter of Our Lord of the Steps and Our Lady of Sorrows.<\/p>\n\n\n\n<p>The images will leave at 7 PM. The procession of Our Lord of the Steps will depart from the Santos Dumont Complex. The procession with the image of Our Lady of Sorrows will depart from the Dona Paula Home. The meeting point will be at the Sanctuary of Health and Peace Square, where the Sermon of the Encounter will take place.<\/p>\n\n\n\n<p>At the same time, at 7 pm, there will be a Holy Mass celebration at the Sanctuary, followed by, around 8 pm, everyone is invited to go outside the church, to the square, to witness the arrival of the images and the sermon that will be delivered by Brother Vanildo Lima Sena, ss.cc.<\/p>\n\n\n\n<p><strong>The procession of the encounter<\/strong><\/p>\n\n\n\n<p>The procession of the encounter is a liturgical celebration of great piety, marking the meeting of the Virgin Mary with her Divine Son, carrying the Cross on the way to Calvary, through the streets of Jerusalem, after being scourged, crowned with thorns, and condemned to death by Pilate.<\/p>\n\n\n\n<p>It is a moment in which we meditate on the sorrowful encounter of the Virgin Mary with Jesus. It is a moment of profound reflection on the sorrows of the Mother of Jesus, from His birth to His death on the Cross. Jesus suffered the Passion; the Virgin suffered compassion for us.<\/p>\n\n\n\n<p><\/p>","protected":false},"excerpt":{"rendered":"<p>Nesta quarta-feira da Semana Santa, o Santu\u00e1rio da Sa\u00fade e da Paz, Igreja do Beato Padre Eust\u00e1quio, realizar\u00e1 a prociss\u00e3o do Encontro de Nosso Senhor dos Passos e de Nossa Senhora das Dores. As imagens sair\u00e3o \u00e0s 19h. A prociss\u00e3o de Nosso Senhor dos Passos sair\u00e1 do Conjunto Santos Dumont. J\u00e1 prociss\u00e3o com a imagem de Nossa Senhora das Dores sair\u00e1 do Lar Dona Paula. O encontro ser\u00e1 na Pra\u00e7a do Santu\u00e1rio da Sa\u00fade e da Paz, onde ocorrer\u00e1 o Serm\u00e3o do Encontro. No mesmo hor\u00e1rio, \u00e0s 19h, haver\u00e1 a Celebra\u00e7\u00e3o da Santa Missa no Santu\u00e1rio, em seguida, por volta [&hellip;]<\/p>\n","protected":false},"author":2,"featured_media":10154,"comment_status":"open","ping_status":"closed","sticky":false,"template":"","format":"standard","meta":{"_acf_changed":false,"footnotes":""},"categories":[611],"tags":[],"class_list":["post-10153","post","type-post","status-publish","format-standard","has-post-thumbnail","hentry","category-noticias"],"acf":[],"yoast_head":"<!-- This site is optimized with the Yoast SEO plugin v27.2 - https:\/\/yoast.com\/product\/yoast-seo-wordpress\/ -->\n<title>Santu\u00e1rio realiza hoje, Prociss\u00e3o e Serm\u00e3o do Encontro na pra\u00e7a da Igreja<\/title>\n<meta name=\"description\" content=\"As imagens sair\u00e3o \u00e0s 19h. A prociss\u00e3o de Nosso Senhor dos Passos sair\u00e1 do Conjunto Santos Dumont. J\u00e1 prociss\u00e3o com a imagem de Nossa Senhora das Dores sair\u00e1 do Lar Dona Paula. O encontro ser\u00e1 na Pra\u00e7a do Santu\u00e1rio da Sa\u00fade e da Paz, onde ocorrer\u00e1 o Serm\u00e3o do Encontro.\" \/>\n<meta name=\"robots\" content=\"index, follow, max-snippet:-1, max-image-preview:large, max-video-preview:-1\" \/>\n<link rel=\"canonical\" href=\"https:\/\/www.padreeustaquio.com.br\/en\/the-sanctuary-is-holding-a-procession-and-sermon-of-the-encounter-today-in-the-church-square\/\" \/>\n<meta property=\"og:locale\" content=\"en_US\" \/>\n<meta property=\"og:type\" content=\"article\" \/>\n<meta property=\"og:title\" content=\"Santu\u00e1rio realiza hoje, Prociss\u00e3o e Serm\u00e3o do Encontro na pra\u00e7a da Igreja\" \/>\n<meta property=\"og:description\" content=\"As imagens sair\u00e3o \u00e0s 19h. A prociss\u00e3o de Nosso Senhor dos Passos sair\u00e1 do Conjunto Santos Dumont. J\u00e1 prociss\u00e3o com a imagem de Nossa Senhora das Dores sair\u00e1 do Lar Dona Paula. O encontro ser\u00e1 na Pra\u00e7a do Santu\u00e1rio da Sa\u00fade e da Paz, onde ocorrer\u00e1 o Serm\u00e3o do Encontro.\" \/>\n<meta property=\"og:url\" content=\"https:\/\/www.padreeustaquio.com.br\/en\/the-sanctuary-is-holding-a-procession-and-sermon-of-the-encounter-today-in-the-church-square\/\" \/>\n<meta property=\"og:site_name\" content=\"Padre Eust\u00e1quio\" \/>\n<meta property=\"article:publisher\" content=\"https:\/\/www.facebook.com\/beatopadreeustaquio\/\" \/>\n<meta property=\"article:published_time\" content=\"2023-04-05T10:47:15+00:00\" \/>\n<meta property=\"article:modified_time\" content=\"2023-04-05T10:47:16+00:00\" \/>\n<meta property=\"og:image\" content=\"https:\/\/www.padreeustaquio.com.br\/wp-content\/uploads\/2023\/04\/WhatsApp-Image-2023-03-28-at-20.42.58.jpeg\" \/>\n\t<meta property=\"og:image:width\" content=\"768\" \/>\n\t<meta property=\"og:image:height\" content=\"470\" \/>\n\t<meta property=\"og:image:type\" content=\"image\/jpeg\" \/>\n<meta name=\"author\" content=\"@sscc\" \/>\n<meta name=\"twitter:card\" content=\"summary_large_image\" \/>\n<meta name=\"twitter:creator\" content=\"@beatopeustaquio\" \/>\n<meta name=\"twitter:site\" content=\"@beatopeustaquio\" \/>\n<meta name=\"twitter:label1\" content=\"Written by\" \/>\n\t<meta name=\"twitter:data1\" content=\"@sscc\" \/>\n\t<meta name=\"twitter:label2\" content=\"Est. reading time\" \/>\n\t<meta name=\"twitter:data2\" content=\"2 minutes\" \/>\n<script type=\"application\/ld+json\" class=\"yoast-schema-graph\">{\"@context\":\"https:\/\/schema.org\",\"@graph\":[{\"@type\":\"Article\",\"@id\":\"https:\/\/www.padreeustaquio.com.br\/santuario-realiza-hoje-procissao-e-sermao-do-encontro-na-praca-da-igreja\/#article\",\"isPartOf\":{\"@id\":\"https:\/\/www.padreeustaquio.com.br\/santuario-realiza-hoje-procissao-e-sermao-do-encontro-na-praca-da-igreja\/\"},\"author\":{\"name\":\"@sscc\",\"@id\":\"https:\/\/www.padreeustaquio.com.br\/#\/schema\/person\/a2a51db1d00f1a7af0204a0f1ddb1566\"},\"headline\":\"Santu\u00e1rio realiza hoje, Prociss\u00e3o e Serm\u00e3o do Encontro na pra\u00e7a da Igreja\",\"datePublished\":\"2023-04-05T10:47:15+00:00\",\"dateModified\":\"2023-04-05T10:47:16+00:00\",\"mainEntityOfPage\":{\"@id\":\"https:\/\/www.padreeustaquio.com.br\/santuario-realiza-hoje-procissao-e-sermao-do-encontro-na-praca-da-igreja\/\"},\"wordCount\":274,\"commentCount\":0,\"publisher\":{\"@id\":\"https:\/\/www.padreeustaquio.com.br\/#organization\"},\"image\":{\"@id\":\"https:\/\/www.padreeustaquio.com.br\/santuario-realiza-hoje-procissao-e-sermao-do-encontro-na-praca-da-igreja\/#primaryimage\"},\"thumbnailUrl\":\"https:\/\/www.padreeustaquio.com.br\/wp-content\/uploads\/2023\/04\/WhatsApp-Image-2023-03-28-at-20.42.58.jpeg\",\"articleSection\":[\"Not\u00edcias\"],\"inLanguage\":\"en-US\",\"potentialAction\":[{\"@type\":\"CommentAction\",\"name\":\"Comment\",\"target\":[\"https:\/\/www.padreeustaquio.com.br\/santuario-realiza-hoje-procissao-e-sermao-do-encontro-na-praca-da-igreja\/#respond\"]}]},{\"@type\":\"WebPage\",\"@id\":\"https:\/\/www.padreeustaquio.com.br\/santuario-realiza-hoje-procissao-e-sermao-do-encontro-na-praca-da-igreja\/\",\"url\":\"https:\/\/www.padreeustaquio.com.br\/santuario-realiza-hoje-procissao-e-sermao-do-encontro-na-praca-da-igreja\/\",\"name\":\"Santu\u00e1rio realiza hoje, Prociss\u00e3o e Serm\u00e3o do Encontro na pra\u00e7a da Igreja\",\"isPartOf\":{\"@id\":\"https:\/\/www.padreeustaquio.com.br\/#website\"},\"primaryImageOfPage\":{\"@id\":\"https:\/\/www.padreeustaquio.com.br\/santuario-realiza-hoje-procissao-e-sermao-do-encontro-na-praca-da-igreja\/#primaryimage\"},\"image\":{\"@id\":\"https:\/\/www.padreeustaquio.com.br\/santuario-realiza-hoje-procissao-e-sermao-do-encontro-na-praca-da-igreja\/#primaryimage\"},\"thumbnailUrl\":\"https:\/\/www.padreeustaquio.com.br\/wp-content\/uploads\/2023\/04\/WhatsApp-Image-2023-03-28-at-20.42.58.jpeg\",\"datePublished\":\"2023-04-05T10:47:15+00:00\",\"dateModified\":\"2023-04-05T10:47:16+00:00\",\"description\":\"As imagens sair\u00e3o \u00e0s 19h. A prociss\u00e3o de Nosso Senhor dos Passos sair\u00e1 do Conjunto Santos Dumont. J\u00e1 prociss\u00e3o com a imagem de Nossa Senhora das Dores sair\u00e1 do Lar Dona Paula. O encontro ser\u00e1 na Pra\u00e7a do Santu\u00e1rio da Sa\u00fade e da Paz, onde ocorrer\u00e1 o Serm\u00e3o do Encontro.\",\"breadcrumb\":{\"@id\":\"https:\/\/www.padreeustaquio.com.br\/santuario-realiza-hoje-procissao-e-sermao-do-encontro-na-praca-da-igreja\/#breadcrumb\"},\"inLanguage\":\"en-US\",\"potentialAction\":[{\"@type\":\"ReadAction\",\"target\":[\"https:\/\/www.padreeustaquio.com.br\/santuario-realiza-hoje-procissao-e-sermao-do-encontro-na-praca-da-igreja\/\"]}]},{\"@type\":\"ImageObject\",\"inLanguage\":\"en-US\",\"@id\":\"https:\/\/www.padreeustaquio.com.br\/santuario-realiza-hoje-procissao-e-sermao-do-encontro-na-praca-da-igreja\/#primaryimage\",\"url\":\"https:\/\/www.padreeustaquio.com.br\/wp-content\/uploads\/2023\/04\/WhatsApp-Image-2023-03-28-at-20.42.58.jpeg\",\"contentUrl\":\"https:\/\/www.padreeustaquio.com.br\/wp-content\/uploads\/2023\/04\/WhatsApp-Image-2023-03-28-at-20.42.58.jpeg\",\"width\":768,\"height\":470},{\"@type\":\"BreadcrumbList\",\"@id\":\"https:\/\/www.padreeustaquio.com.br\/santuario-realiza-hoje-procissao-e-sermao-do-encontro-na-praca-da-igreja\/#breadcrumb\",\"itemListElement\":[{\"@type\":\"ListItem\",\"position\":1,\"name\":\"In\u00edcio\",\"item\":\"https:\/\/www.padreeustaquio.com.br\/\"},{\"@type\":\"ListItem\",\"position\":2,\"name\":\"Santu\u00e1rio realiza hoje, Prociss\u00e3o e Serm\u00e3o do Encontro na pra\u00e7a da Igreja\"}]},{\"@type\":\"WebSite\",\"@id\":\"https:\/\/www.padreeustaquio.com.br\/#website\",\"url\":\"https:\/\/www.padreeustaquio.com.br\/\",\"name\":\"Padre Eust\u00e1quio\",\"description\":\"Sa\u00fade e Paz\",\"publisher\":{\"@id\":\"https:\/\/www.padreeustaquio.com.br\/#organization\"},\"potentialAction\":[{\"@type\":\"SearchAction\",\"target\":{\"@type\":\"EntryPoint\",\"urlTemplate\":\"https:\/\/www.padreeustaquio.com.br\/?s={search_term_string}\"},\"query-input\":{\"@type\":\"PropertyValueSpecification\",\"valueRequired\":true,\"valueName\":\"search_term_string\"}}],\"inLanguage\":\"en-US\"},{\"@type\":\"Organization\",\"@id\":\"https:\/\/www.padreeustaquio.com.br\/#organization\",\"name\":\"Padre Eust\u00e1quio\",\"url\":\"https:\/\/www.padreeustaquio.com.br\/\",\"logo\":{\"@type\":\"ImageObject\",\"inLanguage\":\"en-US\",\"@id\":\"https:\/\/www.padreeustaquio.com.br\/#\/schema\/logo\/image\/\",\"url\":\"https:\/\/www.padreeustaquio.com.br\/wp-content\/uploads\/2019\/08\/marca.png\",\"contentUrl\":\"https:\/\/www.padreeustaquio.com.br\/wp-content\/uploads\/2019\/08\/marca.png\",\"width\":350,\"height\":400,\"caption\":\"Padre Eust\u00e1quio\"},\"image\":{\"@id\":\"https:\/\/www.padreeustaquio.com.br\/#\/schema\/logo\/image\/\"},\"sameAs\":[\"https:\/\/www.facebook.com\/beatopadreeustaquio\/\",\"https:\/\/x.com\/beatopeustaquio\",\"https:\/\/www.instagram.com\/beatopadreeustaquio\/\",\"https:\/\/www.youtube.com\/channel\/UCRhw7vfabnajwLxb1ZXMeIw\"]},{\"@type\":\"Person\",\"@id\":\"https:\/\/www.padreeustaquio.com.br\/#\/schema\/person\/a2a51db1d00f1a7af0204a0f1ddb1566\",\"name\":\"@sscc\",\"image\":{\"@type\":\"ImageObject\",\"inLanguage\":\"en-US\",\"@id\":\"https:\/\/secure.gravatar.com\/avatar\/68cfafa5f44617fea54071e215026e0ff06be366c3d54a8425f04fdcb86f8c5f?s=96&d=mm&r=g\",\"url\":\"https:\/\/secure.gravatar.com\/avatar\/68cfafa5f44617fea54071e215026e0ff06be366c3d54a8425f04fdcb86f8c5f?s=96&d=mm&r=g\",\"contentUrl\":\"https:\/\/secure.gravatar.com\/avatar\/68cfafa5f44617fea54071e215026e0ff06be366c3d54a8425f04fdcb86f8c5f?s=96&d=mm&r=g\",\"caption\":\"@sscc\"},\"url\":\"https:\/\/www.padreeustaquio.com.br\/en\/author\/sscc\/\"}]}<\/script>\n<!-- \/ Yoast SEO plugin. -->","yoast_head_json":{"title":"The Sanctuary is holding a Procession and Sermon of the Encounter today in the church square.","description":"The images will leave at 7 PM. The procession of Our Lord of the Steps will depart from the Santos Dumont Complex. The procession with the image of Our Lady of Sorrows will depart from the Dona Paula Home. The meeting point will be at the Sanctuary of Health and Peace Square, where the Sermon of the Encounter will take place.","robots":{"index":"index","follow":"follow","max-snippet":"max-snippet:-1","max-image-preview":"max-image-preview:large","max-video-preview":"max-video-preview:-1"},"canonical":"https:\/\/www.padreeustaquio.com.br\/en\/the-sanctuary-is-holding-a-procession-and-sermon-of-the-encounter-today-in-the-church-square\/","og_locale":"en_US","og_type":"article","og_title":"Santu\u00e1rio realiza hoje, Prociss\u00e3o e Serm\u00e3o do Encontro na pra\u00e7a da Igreja","og_description":"As imagens sair\u00e3o \u00e0s 19h. A prociss\u00e3o de Nosso Senhor dos Passos sair\u00e1 do Conjunto Santos Dumont. J\u00e1 prociss\u00e3o com a imagem de Nossa Senhora das Dores sair\u00e1 do Lar Dona Paula. O encontro ser\u00e1 na Pra\u00e7a do Santu\u00e1rio da Sa\u00fade e da Paz, onde ocorrer\u00e1 o Serm\u00e3o do Encontro.","og_url":"https:\/\/www.padreeustaquio.com.br\/en\/the-sanctuary-is-holding-a-procession-and-sermon-of-the-encounter-today-in-the-church-square\/","og_site_name":"Padre Eust\u00e1quio","article_publisher":"https:\/\/www.facebook.com\/beatopadreeustaquio\/","article_published_time":"2023-04-05T10:47:15+00:00","article_modified_time":"2023-04-05T10:47:16+00:00","og_image":[{"width":768,"height":470,"url":"https:\/\/www.padreeustaquio.com.br\/wp-content\/uploads\/2023\/04\/WhatsApp-Image-2023-03-28-at-20.42.58.jpeg","type":"image\/jpeg"}],"author":"@sscc","twitter_card":"summary_large_image","twitter_creator":"@beatopeustaquio","twitter_site":"@beatopeustaquio","twitter_misc":{"Written by":"@sscc","Est. reading time":"2 minutes"},"schema":{"@context":"https:\/\/schema.org","@graph":[{"@type":"Article","@id":"https:\/\/www.padreeustaquio.com.br\/santuario-realiza-hoje-procissao-e-sermao-do-encontro-na-praca-da-igreja\/#article","isPartOf":{"@id":"https:\/\/www.padreeustaquio.com.br\/santuario-realiza-hoje-procissao-e-sermao-do-encontro-na-praca-da-igreja\/"},"author":{"name":"@sscc","@id":"https:\/\/www.padreeustaquio.com.br\/#\/schema\/person\/a2a51db1d00f1a7af0204a0f1ddb1566"},"headline":"Santu\u00e1rio realiza hoje, Prociss\u00e3o e Serm\u00e3o do Encontro na pra\u00e7a da Igreja","datePublished":"2023-04-05T10:47:15+00:00","dateModified":"2023-04-05T10:47:16+00:00","mainEntityOfPage":{"@id":"https:\/\/www.padreeustaquio.com.br\/santuario-realiza-hoje-procissao-e-sermao-do-encontro-na-praca-da-igreja\/"},"wordCount":274,"commentCount":0,"publisher":{"@id":"https:\/\/www.padreeustaquio.com.br\/#organization"},"image":{"@id":"https:\/\/www.padreeustaquio.com.br\/santuario-realiza-hoje-procissao-e-sermao-do-encontro-na-praca-da-igreja\/#primaryimage"},"thumbnailUrl":"https:\/\/www.padreeustaquio.com.br\/wp-content\/uploads\/2023\/04\/WhatsApp-Image-2023-03-28-at-20.42.58.jpeg","articleSection":["Not\u00edcias"],"inLanguage":"en-US","potentialAction":[{"@type":"CommentAction","name":"Comment","target":["https:\/\/www.padreeustaquio.com.br\/santuario-realiza-hoje-procissao-e-sermao-do-encontro-na-praca-da-igreja\/#respond"]}]},{"@type":"WebPage","@id":"https:\/\/www.padreeustaquio.com.br\/santuario-realiza-hoje-procissao-e-sermao-do-encontro-na-praca-da-igreja\/","url":"https:\/\/www.padreeustaquio.com.br\/santuario-realiza-hoje-procissao-e-sermao-do-encontro-na-praca-da-igreja\/","name":"The Sanctuary is holding a Procession and Sermon of the Encounter today in the church square.","isPartOf":{"@id":"https:\/\/www.padreeustaquio.com.br\/#website"},"primaryImageOfPage":{"@id":"https:\/\/www.padreeustaquio.com.br\/santuario-realiza-hoje-procissao-e-sermao-do-encontro-na-praca-da-igreja\/#primaryimage"},"image":{"@id":"https:\/\/www.padreeustaquio.com.br\/santuario-realiza-hoje-procissao-e-sermao-do-encontro-na-praca-da-igreja\/#primaryimage"},"thumbnailUrl":"https:\/\/www.padreeustaquio.com.br\/wp-content\/uploads\/2023\/04\/WhatsApp-Image-2023-03-28-at-20.42.58.jpeg","datePublished":"2023-04-05T10:47:15+00:00","dateModified":"2023-04-05T10:47:16+00:00","description":"The images will leave at 7 PM. The procession of Our Lord of the Steps will depart from the Santos Dumont Complex. The procession with the image of Our Lady of Sorrows will depart from the Dona Paula Home. The meeting point will be at the Sanctuary of Health and Peace Square, where the Sermon of the Encounter will take place.","breadcrumb":{"@id":"https:\/\/www.padreeustaquio.com.br\/santuario-realiza-hoje-procissao-e-sermao-do-encontro-na-praca-da-igreja\/#breadcrumb"},"inLanguage":"en-US","potentialAction":[{"@type":"ReadAction","target":["https:\/\/www.padreeustaquio.com.br\/santuario-realiza-hoje-procissao-e-sermao-do-encontro-na-praca-da-igreja\/"]}]},{"@type":"ImageObject","inLanguage":"en-US","@id":"https:\/\/www.padreeustaquio.com.br\/santuario-realiza-hoje-procissao-e-sermao-do-encontro-na-praca-da-igreja\/#primaryimage","url":"https:\/\/www.padreeustaquio.com.br\/wp-content\/uploads\/2023\/04\/WhatsApp-Image-2023-03-28-at-20.42.58.jpeg","contentUrl":"https:\/\/www.padreeustaquio.com.br\/wp-content\/uploads\/2023\/04\/WhatsApp-Image-2023-03-28-at-20.42.58.jpeg","width":768,"height":470},{"@type":"BreadcrumbList","@id":"https:\/\/www.padreeustaquio.com.br\/santuario-realiza-hoje-procissao-e-sermao-do-encontro-na-praca-da-igreja\/#breadcrumb","itemListElement":[{"@type":"ListItem","position":1,"name":"In\u00edcio","item":"https:\/\/www.padreeustaquio.com.br\/"},{"@type":"ListItem","position":2,"name":"Santu\u00e1rio realiza hoje, Prociss\u00e3o e Serm\u00e3o do Encontro na pra\u00e7a da Igreja"}]},{"@type":"WebSite","@id":"https:\/\/www.padreeustaquio.com.br\/#website","url":"https:\/\/www.padreeustaquio.com.br\/","name":"FATHER EUST\u00c1QUIO","description":"Health and Peace","publisher":{"@id":"https:\/\/www.padreeustaquio.com.br\/#organization"},"potentialAction":[{"@type":"SearchAction","target":{"@type":"EntryPoint","urlTemplate":"https:\/\/www.padreeustaquio.com.br\/?s={search_term_string}"},"query-input":{"@type":"PropertyValueSpecification","valueRequired":true,"valueName":"search_term_string"}}],"inLanguage":"en-US"},{"@type":"Organization","@id":"https:\/\/www.padreeustaquio.com.br\/#organization","name":"FATHER EUST\u00c1QUIO","url":"https:\/\/www.padreeustaquio.com.br\/","logo":{"@type":"ImageObject","inLanguage":"en-US","@id":"https:\/\/www.padreeustaquio.com.br\/#\/schema\/logo\/image\/","url":"https:\/\/www.padreeustaquio.com.br\/wp-content\/uploads\/2019\/08\/marca.png","contentUrl":"https:\/\/www.padreeustaquio.com.br\/wp-content\/uploads\/2019\/08\/marca.png","width":350,"height":400,"caption":"Padre Eust\u00e1quio"},"image":{"@id":"https:\/\/www.padreeustaquio.com.br\/#\/schema\/logo\/image\/"},"sameAs":["https:\/\/www.facebook.com\/beatopadreeustaquio\/","https:\/\/x.com\/beatopeustaquio","https:\/\/www.instagram.com\/beatopadreeustaquio\/","https:\/\/www.youtube.com\/channel\/UCRhw7vfabnajwLxb1ZXMeIw"]},{"@type":"Person","@id":"https:\/\/www.padreeustaquio.com.br\/#\/schema\/person\/a2a51db1d00f1a7af0204a0f1ddb1566","name":"@sscc","image":{"@type":"ImageObject","inLanguage":"en-US","@id":"https:\/\/secure.gravatar.com\/avatar\/68cfafa5f44617fea54071e215026e0ff06be366c3d54a8425f04fdcb86f8c5f?s=96&d=mm&r=g","url":"https:\/\/secure.gravatar.com\/avatar\/68cfafa5f44617fea54071e215026e0ff06be366c3d54a8425f04fdcb86f8c5f?s=96&d=mm&r=g","contentUrl":"https:\/\/secure.gravatar.com\/avatar\/68cfafa5f44617fea54071e215026e0ff06be366c3d54a8425f04fdcb86f8c5f?s=96&d=mm&r=g","caption":"@sscc"},"url":"https:\/\/www.padreeustaquio.com.br\/en\/author\/sscc\/"}]}},"_links":{"self":[{"href":"https:\/\/www.padreeustaquio.com.br\/en\/wp-json\/wp\/v2\/posts\/10153","targetHints":{"allow":["GET"]}}],"collection":[{"href":"https:\/\/www.padreeustaquio.com.br\/en\/wp-json\/wp\/v2\/posts"}],"about":[{"href":"https:\/\/www.padreeustaquio.com.br\/en\/wp-json\/wp\/v2\/types\/post"}],"author":[{"embeddable":true,"href":"https:\/\/www.padreeustaquio.com.br\/en\/wp-json\/wp\/v2\/users\/2"}],"replies":[{"embeddable":true,"href":"https:\/\/www.padreeustaquio.com.br\/en\/wp-json\/wp\/v2\/comments?post=10153"}],"version-history":[{"count":0,"href":"https:\/\/www.padreeustaquio.com.br\/en\/wp-json\/wp\/v2\/posts\/10153\/revisions"}],"wp:featuredmedia":[{"embeddable":true,"href":"https:\/\/www.padreeustaquio.com.br\/en\/wp-json\/wp\/v2\/media\/10154"}],"wp:attachment":[{"href":"https:\/\/www.padreeustaquio.com.br\/en\/wp-json\/wp\/v2\/media?parent=10153"}],"wp:term":[{"taxonomy":"category","embeddable":true,"href":"https:\/\/www.padreeustaquio.com.br\/en\/wp-json\/wp\/v2\/categories?post=10153"},{"taxonomy":"post_tag","embeddable":true,"href":"https:\/\/www.padreeustaquio.com.br\/en\/wp-json\/wp\/v2\/tags?post=10153"}],"curies":[{"name":"wp","href":"https:\/\/api.w.org\/{rel}","templated":true}]}}