{"id":10133,"date":"2023-04-03T07:41:50","date_gmt":"2023-04-03T10:41:50","guid":{"rendered":"https:\/\/www.padreeustaquio.com.br\/?p=10133"},"modified":"2023-04-04T09:08:50","modified_gmt":"2023-04-04T12:08:50","slug":"experience-the-week-at-the-sanctuary-of-health-and-peace-or-follow-along-on-our-channel","status":"publish","type":"post","link":"https:\/\/www.padreeustaquio.com.br\/en\/experience-the-week-at-the-sanctuary-of-health-and-peace-or-follow-along-on-our-channel\/","title":{"rendered":"Experience the Week at the Sanctuary of Health and Peace or follow along on our Channel."},"content":{"rendered":"<p>Yesterday, the Church throughout the world began the celebrations of Holy Week. This most important week, as it is also called, prepares us to experience intensely the Passion, Death, and Resurrection of Jesus Christ.<\/p>\n\n\n\n<p>At the beginning of this pilgrimage, the faithful were able to celebrate Jesus&#039; triumphal entry into Jerusalem through the Palm Sunday masses. At all times, the Eucharist included the blessing of palms. The 10:00 AM mass began at the Padre Eust\u00e1quio Marist School, after which the devotees went in procession through the streets of the neighborhood until they arrived at the Sanctuary, where the rector continued the ceremony. It is estimated that more than five thousand people participated in the celebrations this weekend.<\/p>\n\n\n\n<p>Check out the schedule for the rest of the week and join us:<\/p>\n\n\n\n<p><strong>HOLY MONDAY<\/strong><br>7pm Holy Mass<\/p>\n\n\n\n<p><strong>HOLY TUESDAY<\/strong><br>7am, 12pm and 7pm Holy Mass<\/p>\n\n\n\n<p><strong>HOLY WEDNESDAY<\/strong><br>7am, 12pm and 7pm Holy Mass at the Church<em><br>-At 7 PM, procession with the image of Our Lord of the Steps (departing from the Santos Dumont Complex) and procession with the image of Our Lady of Sorrows (departing from the Dona Paula Home).<br>-Sermon of the Encounter, around 8 pm, in the Sanctuary square.<\/em>.<\/p>\n\n\n\n<p><strong>HOLY THURSDAY<\/strong><br>9am Mass of Unity (Holy Oils) at Christ the King Cathedral<br>7 PM Mass with the Washing of the Feet ceremony at the Sanctuary of Health and Peace, followed by Eucharistic Vigil.<\/p>\n\n\n\n<p><strong>GOOD FRIDAY \u2013 DAY OF FASTING AND ABSTINENCE FROM MEAT<\/strong><br>7am Crown of Sorrows of Our Lady (in the Church)<br>7am Stations of the Cross procession through the streets of the neighborhood (starting at the corner of Par\u00e1 de Minas and Vila Rica streets)<br>12 PM Sermon of the Seven Last Words<br>3 PM Celebration of the Passion and Death of Our Lord Jesus Christ<br>7 PM Passion Play, followed by the funeral procession.<\/p>\n\n\n\n<p><strong>HOLY SATURDAY \u2013 EASTER VIGIL<\/strong><br>8am cleaning of the Padre Eust\u00e1quio Church<br>7pm blessing of the New Fire at Col\u00e9gio Marista Padre Eust\u00e1quio, followed by a candlelight procession to the Church.<br><em>Bring savory and sweet treats for the Easter gathering after the celebration.<\/em><\/p>\n\n\n\n<p><strong>EASTER SUNDAY<\/strong><br>Masses: 7am, 8:30am, 10am, 5pm and 7pm<\/p>\n\n\n\n<p><\/p>","protected":false},"excerpt":{"rendered":"<p>Ontem, a Igreja em todo o mundo deu in\u00edcio \u00e0s celebra\u00e7\u00f5es da Semana Santa. A semana maior, como tamb\u00e9m \u00e9 chamada, nos prepara para vivermos com intensidade a Paix\u00e3o, Morte e Ressurrei\u00e7\u00e3o de Jesus Cristo. No in\u00edcio desta caminhada, os fi\u00e9is puderam celebrar a entrada triunfal de Jesus em Jerusal\u00e9m, por meio das missas do Domingo de Ramos. Em todos os hor\u00e1rios a Eucaristia teve a b\u00ean\u00e7\u00e3o dos ramos. A missa das 10h, come\u00e7ou no Col\u00e9gio Marista Padre Eust\u00e1quio, em seguida os devotos sa\u00edram em prociss\u00e3o pelas ruas do bairro at\u00e9 chegarem ao Santu\u00e1rio, onde o reitor prosseguiu com a [&hellip;]<\/p>\n","protected":false},"author":2,"featured_media":10134,"comment_status":"open","ping_status":"closed","sticky":false,"template":"","format":"standard","meta":{"_acf_changed":false,"footnotes":""},"categories":[611],"tags":[],"class_list":["post-10133","post","type-post","status-publish","format-standard","has-post-thumbnail","hentry","category-noticias"],"acf":[],"yoast_head":"<!-- This site is optimized with the Yoast SEO plugin v27.2 - https:\/\/yoast.com\/product\/yoast-seo-wordpress\/ -->\n<title>Vivencie a Semana no Santu\u00e1rio da Sa\u00fade e da Paz ou acompanhe pelo nosso Canal<\/title>\n<meta name=\"description\" content=\"Ontem, a Igreja em todo o mundo deu in\u00edcio \u00e0s celebra\u00e7\u00f5es da Semana Santa. A semana maior, como tamb\u00e9m \u00e9 chamada, nos prepara para vivermos com intensidade a Paix\u00e3o, Morte e Ressurrei\u00e7\u00e3o de Jesus Cristo.\" \/>\n<meta name=\"robots\" content=\"index, follow, max-snippet:-1, max-image-preview:large, max-video-preview:-1\" \/>\n<link rel=\"canonical\" href=\"https:\/\/www.padreeustaquio.com.br\/en\/experience-the-week-at-the-sanctuary-of-health-and-peace-or-follow-along-on-our-channel\/\" \/>\n<meta property=\"og:locale\" content=\"en_US\" \/>\n<meta property=\"og:type\" content=\"article\" \/>\n<meta property=\"og:title\" content=\"Vivencie a Semana no Santu\u00e1rio da Sa\u00fade e da Paz ou acompanhe pelo nosso Canal\" \/>\n<meta property=\"og:description\" content=\"Ontem, a Igreja em todo o mundo deu in\u00edcio \u00e0s celebra\u00e7\u00f5es da Semana Santa. A semana maior, como tamb\u00e9m \u00e9 chamada, nos prepara para vivermos com intensidade a Paix\u00e3o, Morte e Ressurrei\u00e7\u00e3o de Jesus Cristo.\" \/>\n<meta property=\"og:url\" content=\"https:\/\/www.padreeustaquio.com.br\/en\/experience-the-week-at-the-sanctuary-of-health-and-peace-or-follow-along-on-our-channel\/\" \/>\n<meta property=\"og:site_name\" content=\"Padre Eust\u00e1quio\" \/>\n<meta property=\"article:publisher\" content=\"https:\/\/www.facebook.com\/beatopadreeustaquio\/\" \/>\n<meta property=\"article:published_time\" content=\"2023-04-03T10:41:50+00:00\" \/>\n<meta property=\"article:modified_time\" content=\"2023-04-04T12:08:50+00:00\" \/>\n<meta property=\"og:image\" content=\"https:\/\/www.padreeustaquio.com.br\/wp-content\/uploads\/2023\/04\/WhatsApp-Image-2023-03-28-at-20.42.59.jpeg\" \/>\n\t<meta property=\"og:image:width\" content=\"1600\" \/>\n\t<meta property=\"og:image:height\" content=\"900\" \/>\n\t<meta property=\"og:image:type\" content=\"image\/jpeg\" \/>\n<meta name=\"author\" content=\"@sscc\" \/>\n<meta name=\"twitter:card\" content=\"summary_large_image\" \/>\n<meta name=\"twitter:creator\" content=\"@beatopeustaquio\" \/>\n<meta name=\"twitter:site\" content=\"@beatopeustaquio\" \/>\n<meta name=\"twitter:label1\" content=\"Written by\" \/>\n\t<meta name=\"twitter:data1\" content=\"@sscc\" \/>\n\t<meta name=\"twitter:label2\" content=\"Est. reading time\" \/>\n\t<meta name=\"twitter:data2\" content=\"2 minutes\" \/>\n<script type=\"application\/ld+json\" class=\"yoast-schema-graph\">{\"@context\":\"https:\/\/schema.org\",\"@graph\":[{\"@type\":\"Article\",\"@id\":\"https:\/\/www.padreeustaquio.com.br\/vivencie-a-semana-no-santuario-da-saude-e-da-paz-ou-acompanhe-pelo-nosso-canal\/#article\",\"isPartOf\":{\"@id\":\"https:\/\/www.padreeustaquio.com.br\/vivencie-a-semana-no-santuario-da-saude-e-da-paz-ou-acompanhe-pelo-nosso-canal\/\"},\"author\":{\"name\":\"@sscc\",\"@id\":\"https:\/\/www.padreeustaquio.com.br\/#\/schema\/person\/a2a51db1d00f1a7af0204a0f1ddb1566\"},\"headline\":\"Vivencie a Semana no Santu\u00e1rio da Sa\u00fade e da Paz ou acompanhe pelo nosso Canal\",\"datePublished\":\"2023-04-03T10:41:50+00:00\",\"dateModified\":\"2023-04-04T12:08:50+00:00\",\"mainEntityOfPage\":{\"@id\":\"https:\/\/www.padreeustaquio.com.br\/vivencie-a-semana-no-santuario-da-saude-e-da-paz-ou-acompanhe-pelo-nosso-canal\/\"},\"wordCount\":402,\"commentCount\":0,\"publisher\":{\"@id\":\"https:\/\/www.padreeustaquio.com.br\/#organization\"},\"image\":{\"@id\":\"https:\/\/www.padreeustaquio.com.br\/vivencie-a-semana-no-santuario-da-saude-e-da-paz-ou-acompanhe-pelo-nosso-canal\/#primaryimage\"},\"thumbnailUrl\":\"https:\/\/www.padreeustaquio.com.br\/wp-content\/uploads\/2023\/04\/WhatsApp-Image-2023-03-28-at-20.42.59.jpeg\",\"articleSection\":[\"Not\u00edcias\"],\"inLanguage\":\"en-US\",\"potentialAction\":[{\"@type\":\"CommentAction\",\"name\":\"Comment\",\"target\":[\"https:\/\/www.padreeustaquio.com.br\/vivencie-a-semana-no-santuario-da-saude-e-da-paz-ou-acompanhe-pelo-nosso-canal\/#respond\"]}]},{\"@type\":\"WebPage\",\"@id\":\"https:\/\/www.padreeustaquio.com.br\/vivencie-a-semana-no-santuario-da-saude-e-da-paz-ou-acompanhe-pelo-nosso-canal\/\",\"url\":\"https:\/\/www.padreeustaquio.com.br\/vivencie-a-semana-no-santuario-da-saude-e-da-paz-ou-acompanhe-pelo-nosso-canal\/\",\"name\":\"Vivencie a Semana no Santu\u00e1rio da Sa\u00fade e da Paz ou acompanhe pelo nosso Canal\",\"isPartOf\":{\"@id\":\"https:\/\/www.padreeustaquio.com.br\/#website\"},\"primaryImageOfPage\":{\"@id\":\"https:\/\/www.padreeustaquio.com.br\/vivencie-a-semana-no-santuario-da-saude-e-da-paz-ou-acompanhe-pelo-nosso-canal\/#primaryimage\"},\"image\":{\"@id\":\"https:\/\/www.padreeustaquio.com.br\/vivencie-a-semana-no-santuario-da-saude-e-da-paz-ou-acompanhe-pelo-nosso-canal\/#primaryimage\"},\"thumbnailUrl\":\"https:\/\/www.padreeustaquio.com.br\/wp-content\/uploads\/2023\/04\/WhatsApp-Image-2023-03-28-at-20.42.59.jpeg\",\"datePublished\":\"2023-04-03T10:41:50+00:00\",\"dateModified\":\"2023-04-04T12:08:50+00:00\",\"description\":\"Ontem, a Igreja em todo o mundo deu in\u00edcio \u00e0s celebra\u00e7\u00f5es da Semana Santa. A semana maior, como tamb\u00e9m \u00e9 chamada, nos prepara para vivermos com intensidade a Paix\u00e3o, Morte e Ressurrei\u00e7\u00e3o de Jesus Cristo.\",\"breadcrumb\":{\"@id\":\"https:\/\/www.padreeustaquio.com.br\/vivencie-a-semana-no-santuario-da-saude-e-da-paz-ou-acompanhe-pelo-nosso-canal\/#breadcrumb\"},\"inLanguage\":\"en-US\",\"potentialAction\":[{\"@type\":\"ReadAction\",\"target\":[\"https:\/\/www.padreeustaquio.com.br\/vivencie-a-semana-no-santuario-da-saude-e-da-paz-ou-acompanhe-pelo-nosso-canal\/\"]}]},{\"@type\":\"ImageObject\",\"inLanguage\":\"en-US\",\"@id\":\"https:\/\/www.padreeustaquio.com.br\/vivencie-a-semana-no-santuario-da-saude-e-da-paz-ou-acompanhe-pelo-nosso-canal\/#primaryimage\",\"url\":\"https:\/\/www.padreeustaquio.com.br\/wp-content\/uploads\/2023\/04\/WhatsApp-Image-2023-03-28-at-20.42.59.jpeg\",\"contentUrl\":\"https:\/\/www.padreeustaquio.com.br\/wp-content\/uploads\/2023\/04\/WhatsApp-Image-2023-03-28-at-20.42.59.jpeg\",\"width\":1600,\"height\":900},{\"@type\":\"BreadcrumbList\",\"@id\":\"https:\/\/www.padreeustaquio.com.br\/vivencie-a-semana-no-santuario-da-saude-e-da-paz-ou-acompanhe-pelo-nosso-canal\/#breadcrumb\",\"itemListElement\":[{\"@type\":\"ListItem\",\"position\":1,\"name\":\"In\u00edcio\",\"item\":\"https:\/\/www.padreeustaquio.com.br\/\"},{\"@type\":\"ListItem\",\"position\":2,\"name\":\"Vivencie a Semana no Santu\u00e1rio da Sa\u00fade e da Paz ou acompanhe pelo nosso Canal\"}]},{\"@type\":\"WebSite\",\"@id\":\"https:\/\/www.padreeustaquio.com.br\/#website\",\"url\":\"https:\/\/www.padreeustaquio.com.br\/\",\"name\":\"Padre Eust\u00e1quio\",\"description\":\"Sa\u00fade e Paz\",\"publisher\":{\"@id\":\"https:\/\/www.padreeustaquio.com.br\/#organization\"},\"potentialAction\":[{\"@type\":\"SearchAction\",\"target\":{\"@type\":\"EntryPoint\",\"urlTemplate\":\"https:\/\/www.padreeustaquio.com.br\/?s={search_term_string}\"},\"query-input\":{\"@type\":\"PropertyValueSpecification\",\"valueRequired\":true,\"valueName\":\"search_term_string\"}}],\"inLanguage\":\"en-US\"},{\"@type\":\"Organization\",\"@id\":\"https:\/\/www.padreeustaquio.com.br\/#organization\",\"name\":\"Padre Eust\u00e1quio\",\"url\":\"https:\/\/www.padreeustaquio.com.br\/\",\"logo\":{\"@type\":\"ImageObject\",\"inLanguage\":\"en-US\",\"@id\":\"https:\/\/www.padreeustaquio.com.br\/#\/schema\/logo\/image\/\",\"url\":\"https:\/\/www.padreeustaquio.com.br\/wp-content\/uploads\/2019\/08\/marca.png\",\"contentUrl\":\"https:\/\/www.padreeustaquio.com.br\/wp-content\/uploads\/2019\/08\/marca.png\",\"width\":350,\"height\":400,\"caption\":\"Padre Eust\u00e1quio\"},\"image\":{\"@id\":\"https:\/\/www.padreeustaquio.com.br\/#\/schema\/logo\/image\/\"},\"sameAs\":[\"https:\/\/www.facebook.com\/beatopadreeustaquio\/\",\"https:\/\/x.com\/beatopeustaquio\",\"https:\/\/www.instagram.com\/beatopadreeustaquio\/\",\"https:\/\/www.youtube.com\/channel\/UCRhw7vfabnajwLxb1ZXMeIw\"]},{\"@type\":\"Person\",\"@id\":\"https:\/\/www.padreeustaquio.com.br\/#\/schema\/person\/a2a51db1d00f1a7af0204a0f1ddb1566\",\"name\":\"@sscc\",\"image\":{\"@type\":\"ImageObject\",\"inLanguage\":\"en-US\",\"@id\":\"https:\/\/secure.gravatar.com\/avatar\/68cfafa5f44617fea54071e215026e0ff06be366c3d54a8425f04fdcb86f8c5f?s=96&d=mm&r=g\",\"url\":\"https:\/\/secure.gravatar.com\/avatar\/68cfafa5f44617fea54071e215026e0ff06be366c3d54a8425f04fdcb86f8c5f?s=96&d=mm&r=g\",\"contentUrl\":\"https:\/\/secure.gravatar.com\/avatar\/68cfafa5f44617fea54071e215026e0ff06be366c3d54a8425f04fdcb86f8c5f?s=96&d=mm&r=g\",\"caption\":\"@sscc\"},\"url\":\"https:\/\/www.padreeustaquio.com.br\/en\/author\/sscc\/\"}]}<\/script>\n<!-- \/ Yoast SEO plugin. -->","yoast_head_json":{"title":"Experience the Week at the Sanctuary of Health and Peace or follow along on our Channel.","description":"Yesterday, the Church throughout the world began the celebrations of Holy Week. This most important week, as it is also called, prepares us to experience intensely the Passion, Death, and Resurrection of Jesus Christ.","robots":{"index":"index","follow":"follow","max-snippet":"max-snippet:-1","max-image-preview":"max-image-preview:large","max-video-preview":"max-video-preview:-1"},"canonical":"https:\/\/www.padreeustaquio.com.br\/en\/experience-the-week-at-the-sanctuary-of-health-and-peace-or-follow-along-on-our-channel\/","og_locale":"en_US","og_type":"article","og_title":"Vivencie a Semana no Santu\u00e1rio da Sa\u00fade e da Paz ou acompanhe pelo nosso Canal","og_description":"Ontem, a Igreja em todo o mundo deu in\u00edcio \u00e0s celebra\u00e7\u00f5es da Semana Santa. A semana maior, como tamb\u00e9m \u00e9 chamada, nos prepara para vivermos com intensidade a Paix\u00e3o, Morte e Ressurrei\u00e7\u00e3o de Jesus Cristo.","og_url":"https:\/\/www.padreeustaquio.com.br\/en\/experience-the-week-at-the-sanctuary-of-health-and-peace-or-follow-along-on-our-channel\/","og_site_name":"Padre Eust\u00e1quio","article_publisher":"https:\/\/www.facebook.com\/beatopadreeustaquio\/","article_published_time":"2023-04-03T10:41:50+00:00","article_modified_time":"2023-04-04T12:08:50+00:00","og_image":[{"width":1600,"height":900,"url":"https:\/\/www.padreeustaquio.com.br\/wp-content\/uploads\/2023\/04\/WhatsApp-Image-2023-03-28-at-20.42.59.jpeg","type":"image\/jpeg"}],"author":"@sscc","twitter_card":"summary_large_image","twitter_creator":"@beatopeustaquio","twitter_site":"@beatopeustaquio","twitter_misc":{"Written by":"@sscc","Est. reading time":"2 minutes"},"schema":{"@context":"https:\/\/schema.org","@graph":[{"@type":"Article","@id":"https:\/\/www.padreeustaquio.com.br\/vivencie-a-semana-no-santuario-da-saude-e-da-paz-ou-acompanhe-pelo-nosso-canal\/#article","isPartOf":{"@id":"https:\/\/www.padreeustaquio.com.br\/vivencie-a-semana-no-santuario-da-saude-e-da-paz-ou-acompanhe-pelo-nosso-canal\/"},"author":{"name":"@sscc","@id":"https:\/\/www.padreeustaquio.com.br\/#\/schema\/person\/a2a51db1d00f1a7af0204a0f1ddb1566"},"headline":"Vivencie a Semana no Santu\u00e1rio da Sa\u00fade e da Paz ou acompanhe pelo nosso Canal","datePublished":"2023-04-03T10:41:50+00:00","dateModified":"2023-04-04T12:08:50+00:00","mainEntityOfPage":{"@id":"https:\/\/www.padreeustaquio.com.br\/vivencie-a-semana-no-santuario-da-saude-e-da-paz-ou-acompanhe-pelo-nosso-canal\/"},"wordCount":402,"commentCount":0,"publisher":{"@id":"https:\/\/www.padreeustaquio.com.br\/#organization"},"image":{"@id":"https:\/\/www.padreeustaquio.com.br\/vivencie-a-semana-no-santuario-da-saude-e-da-paz-ou-acompanhe-pelo-nosso-canal\/#primaryimage"},"thumbnailUrl":"https:\/\/www.padreeustaquio.com.br\/wp-content\/uploads\/2023\/04\/WhatsApp-Image-2023-03-28-at-20.42.59.jpeg","articleSection":["Not\u00edcias"],"inLanguage":"en-US","potentialAction":[{"@type":"CommentAction","name":"Comment","target":["https:\/\/www.padreeustaquio.com.br\/vivencie-a-semana-no-santuario-da-saude-e-da-paz-ou-acompanhe-pelo-nosso-canal\/#respond"]}]},{"@type":"WebPage","@id":"https:\/\/www.padreeustaquio.com.br\/vivencie-a-semana-no-santuario-da-saude-e-da-paz-ou-acompanhe-pelo-nosso-canal\/","url":"https:\/\/www.padreeustaquio.com.br\/vivencie-a-semana-no-santuario-da-saude-e-da-paz-ou-acompanhe-pelo-nosso-canal\/","name":"Experience the Week at the Sanctuary of Health and Peace or follow along on our Channel.","isPartOf":{"@id":"https:\/\/www.padreeustaquio.com.br\/#website"},"primaryImageOfPage":{"@id":"https:\/\/www.padreeustaquio.com.br\/vivencie-a-semana-no-santuario-da-saude-e-da-paz-ou-acompanhe-pelo-nosso-canal\/#primaryimage"},"image":{"@id":"https:\/\/www.padreeustaquio.com.br\/vivencie-a-semana-no-santuario-da-saude-e-da-paz-ou-acompanhe-pelo-nosso-canal\/#primaryimage"},"thumbnailUrl":"https:\/\/www.padreeustaquio.com.br\/wp-content\/uploads\/2023\/04\/WhatsApp-Image-2023-03-28-at-20.42.59.jpeg","datePublished":"2023-04-03T10:41:50+00:00","dateModified":"2023-04-04T12:08:50+00:00","description":"Yesterday, the Church throughout the world began the celebrations of Holy Week. This most important week, as it is also called, prepares us to experience intensely the Passion, Death, and Resurrection of Jesus Christ.","breadcrumb":{"@id":"https:\/\/www.padreeustaquio.com.br\/vivencie-a-semana-no-santuario-da-saude-e-da-paz-ou-acompanhe-pelo-nosso-canal\/#breadcrumb"},"inLanguage":"en-US","potentialAction":[{"@type":"ReadAction","target":["https:\/\/www.padreeustaquio.com.br\/vivencie-a-semana-no-santuario-da-saude-e-da-paz-ou-acompanhe-pelo-nosso-canal\/"]}]},{"@type":"ImageObject","inLanguage":"en-US","@id":"https:\/\/www.padreeustaquio.com.br\/vivencie-a-semana-no-santuario-da-saude-e-da-paz-ou-acompanhe-pelo-nosso-canal\/#primaryimage","url":"https:\/\/www.padreeustaquio.com.br\/wp-content\/uploads\/2023\/04\/WhatsApp-Image-2023-03-28-at-20.42.59.jpeg","contentUrl":"https:\/\/www.padreeustaquio.com.br\/wp-content\/uploads\/2023\/04\/WhatsApp-Image-2023-03-28-at-20.42.59.jpeg","width":1600,"height":900},{"@type":"BreadcrumbList","@id":"https:\/\/www.padreeustaquio.com.br\/vivencie-a-semana-no-santuario-da-saude-e-da-paz-ou-acompanhe-pelo-nosso-canal\/#breadcrumb","itemListElement":[{"@type":"ListItem","position":1,"name":"In\u00edcio","item":"https:\/\/www.padreeustaquio.com.br\/"},{"@type":"ListItem","position":2,"name":"Vivencie a Semana no Santu\u00e1rio da Sa\u00fade e da Paz ou acompanhe pelo nosso Canal"}]},{"@type":"WebSite","@id":"https:\/\/www.padreeustaquio.com.br\/#website","url":"https:\/\/www.padreeustaquio.com.br\/","name":"FATHER EUST\u00c1QUIO","description":"Health and Peace","publisher":{"@id":"https:\/\/www.padreeustaquio.com.br\/#organization"},"potentialAction":[{"@type":"SearchAction","target":{"@type":"EntryPoint","urlTemplate":"https:\/\/www.padreeustaquio.com.br\/?s={search_term_string}"},"query-input":{"@type":"PropertyValueSpecification","valueRequired":true,"valueName":"search_term_string"}}],"inLanguage":"en-US"},{"@type":"Organization","@id":"https:\/\/www.padreeustaquio.com.br\/#organization","name":"FATHER EUST\u00c1QUIO","url":"https:\/\/www.padreeustaquio.com.br\/","logo":{"@type":"ImageObject","inLanguage":"en-US","@id":"https:\/\/www.padreeustaquio.com.br\/#\/schema\/logo\/image\/","url":"https:\/\/www.padreeustaquio.com.br\/wp-content\/uploads\/2019\/08\/marca.png","contentUrl":"https:\/\/www.padreeustaquio.com.br\/wp-content\/uploads\/2019\/08\/marca.png","width":350,"height":400,"caption":"Padre Eust\u00e1quio"},"image":{"@id":"https:\/\/www.padreeustaquio.com.br\/#\/schema\/logo\/image\/"},"sameAs":["https:\/\/www.facebook.com\/beatopadreeustaquio\/","https:\/\/x.com\/beatopeustaquio","https:\/\/www.instagram.com\/beatopadreeustaquio\/","https:\/\/www.youtube.com\/channel\/UCRhw7vfabnajwLxb1ZXMeIw"]},{"@type":"Person","@id":"https:\/\/www.padreeustaquio.com.br\/#\/schema\/person\/a2a51db1d00f1a7af0204a0f1ddb1566","name":"@sscc","image":{"@type":"ImageObject","inLanguage":"en-US","@id":"https:\/\/secure.gravatar.com\/avatar\/68cfafa5f44617fea54071e215026e0ff06be366c3d54a8425f04fdcb86f8c5f?s=96&d=mm&r=g","url":"https:\/\/secure.gravatar.com\/avatar\/68cfafa5f44617fea54071e215026e0ff06be366c3d54a8425f04fdcb86f8c5f?s=96&d=mm&r=g","contentUrl":"https:\/\/secure.gravatar.com\/avatar\/68cfafa5f44617fea54071e215026e0ff06be366c3d54a8425f04fdcb86f8c5f?s=96&d=mm&r=g","caption":"@sscc"},"url":"https:\/\/www.padreeustaquio.com.br\/en\/author\/sscc\/"}]}},"_links":{"self":[{"href":"https:\/\/www.padreeustaquio.com.br\/en\/wp-json\/wp\/v2\/posts\/10133","targetHints":{"allow":["GET"]}}],"collection":[{"href":"https:\/\/www.padreeustaquio.com.br\/en\/wp-json\/wp\/v2\/posts"}],"about":[{"href":"https:\/\/www.padreeustaquio.com.br\/en\/wp-json\/wp\/v2\/types\/post"}],"author":[{"embeddable":true,"href":"https:\/\/www.padreeustaquio.com.br\/en\/wp-json\/wp\/v2\/users\/2"}],"replies":[{"embeddable":true,"href":"https:\/\/www.padreeustaquio.com.br\/en\/wp-json\/wp\/v2\/comments?post=10133"}],"version-history":[{"count":0,"href":"https:\/\/www.padreeustaquio.com.br\/en\/wp-json\/wp\/v2\/posts\/10133\/revisions"}],"wp:featuredmedia":[{"embeddable":true,"href":"https:\/\/www.padreeustaquio.com.br\/en\/wp-json\/wp\/v2\/media\/10134"}],"wp:attachment":[{"href":"https:\/\/www.padreeustaquio.com.br\/en\/wp-json\/wp\/v2\/media?parent=10133"}],"wp:term":[{"taxonomy":"category","embeddable":true,"href":"https:\/\/www.padreeustaquio.com.br\/en\/wp-json\/wp\/v2\/categories?post=10133"},{"taxonomy":"post_tag","embeddable":true,"href":"https:\/\/www.padreeustaquio.com.br\/en\/wp-json\/wp\/v2\/tags?post=10133"}],"curies":[{"name":"wp","href":"https:\/\/api.w.org\/{rel}","templated":true}]}}