{"id":10098,"date":"2023-03-29T08:16:19","date_gmt":"2023-03-29T11:16:19","guid":{"rendered":"https:\/\/www.padreeustaquio.com.br\/?p=10098"},"modified":"2023-03-29T08:16:20","modified_gmt":"2023-03-29T11:16:20","slug":"the-womens-rosary-is-held-at-the-sanctuary-of-health-and-peace","status":"publish","type":"post","link":"https:\/\/www.padreeustaquio.com.br\/en\/the-womens-rosary-is-held-at-the-sanctuary-of-health-and-peace\/","title":{"rendered":"The women&#039;s rosary is held at the Sanctuary of Health and Peace."},"content":{"rendered":"<p>Started about 6 months ago, the Women&#039;s Rosary arose from a request by the rector of the Sanctuary of Health and Peace, Father Vin\u00edcius Maciel, ss.cc, and was very well received by Dona Mira, who mobilized the beginning of the prayers.<\/p>\n\n\n\n<p>The meeting takes place every Wednesday at 4 PM in the Sanctuary and is dedicated to Our Lady of Aparecida.<\/p>\n\n\n\n<p>Today, around 20 women participate in the rosary, praying for families, the clergy, the souls in purgatory, people going through wars, nations, and for the individual intentions of each participant and their families.<\/p>\n\n\n\n<p>Through the prayer of the Rosary of Women, many graces are obtained. Read one of them below:<\/p>\n\n\n\n<p><em>A very distressed woman had gone to church to pray for her brother who had died a month earlier and for her other brother who was hospitalized in the ICU. At the end, she was calmer and declared that Father Eust\u00e1quio had guided her to the church, especially during that moment of the rosary, which was very important to her.<\/em><\/p>\n\n\n\n<p>Join us for the Women&#039;s Rosary, every Wednesday (including today), at 4 PM, at the Sanctuary of Health and Peace, the Church of Blessed Father Eust\u00e1quio, in Belo Horizonte-MG.<\/p>\n\n\n\n<p><\/p>","protected":false},"excerpt":{"rendered":"<p>Iniciado h\u00e1 cerca de 6 meses, o Ter\u00e7o das Mulheres surgiu de um pedido do reitor do Santu\u00e1rio da Sa\u00fade e da Paz, Padre Vin\u00edcius Maciel, ss.cc, e foi muito bem recebido por Dona Mira, que mobilizou o in\u00edcio das ora\u00e7\u00f5es. A reuni\u00e3o acontece todas as quartas-feiras, \u00e0s 16h, no Santu\u00e1rio e tem como padroeira Nossa Senhora Aparecida. Hoje cerca de 20 mulheres participam do ter\u00e7o, e rezam pelas fam\u00edlias, pelo clero, pelas almas do purgat\u00f3rio, pelas pessoas que passam por guerras, pelas na\u00e7\u00f5es e pelas inten\u00e7\u00f5es individuais de cada participante e de seus familiares. Por meio da ora\u00e7\u00e3o do [&hellip;]<\/p>\n","protected":false},"author":2,"featured_media":10099,"comment_status":"open","ping_status":"closed","sticky":false,"template":"","format":"standard","meta":{"_acf_changed":false,"footnotes":""},"categories":[611],"tags":[],"class_list":["post-10098","post","type-post","status-publish","format-standard","has-post-thumbnail","hentry","category-noticias"],"acf":[],"yoast_head":"<!-- This site is optimized with the Yoast SEO plugin v27.2 - https:\/\/yoast.com\/product\/yoast-seo-wordpress\/ -->\n<title>Ter\u00e7o das mulheres \u00e9 realizado no Santu\u00e1rio da Sa\u00fade e da Paz<\/title>\n<meta name=\"description\" content=\"Iniciado h\u00e1 cerca de 6 meses, o Ter\u00e7o das Mulheres surgiu de um pedido do reitor do Santu\u00e1rio da Sa\u00fade e da Paz, Padre Vin\u00edcius Maciel, ss.cc, e foi muito bem recebido por Dona Mira, que mobilizou o in\u00edcio das ora\u00e7\u00f5es. A reuni\u00e3o acontece todas as quartas-feiras, \u00e0s 16h, no Santu\u00e1rio e tem como padroeira Nossa Senhora Aparecida.\" \/>\n<meta name=\"robots\" content=\"index, follow, max-snippet:-1, max-image-preview:large, max-video-preview:-1\" \/>\n<link rel=\"canonical\" href=\"https:\/\/www.padreeustaquio.com.br\/en\/the-womens-rosary-is-held-at-the-sanctuary-of-health-and-peace\/\" \/>\n<meta property=\"og:locale\" content=\"en_US\" \/>\n<meta property=\"og:type\" content=\"article\" \/>\n<meta property=\"og:title\" content=\"Ter\u00e7o das mulheres \u00e9 realizado no Santu\u00e1rio da Sa\u00fade e da Paz\" \/>\n<meta property=\"og:description\" content=\"Iniciado h\u00e1 cerca de 6 meses, o Ter\u00e7o das Mulheres surgiu de um pedido do reitor do Santu\u00e1rio da Sa\u00fade e da Paz, Padre Vin\u00edcius Maciel, ss.cc, e foi muito bem recebido por Dona Mira, que mobilizou o in\u00edcio das ora\u00e7\u00f5es. A reuni\u00e3o acontece todas as quartas-feiras, \u00e0s 16h, no Santu\u00e1rio e tem como padroeira Nossa Senhora Aparecida.\" \/>\n<meta property=\"og:url\" content=\"https:\/\/www.padreeustaquio.com.br\/en\/the-womens-rosary-is-held-at-the-sanctuary-of-health-and-peace\/\" \/>\n<meta property=\"og:site_name\" content=\"Padre Eust\u00e1quio\" \/>\n<meta property=\"article:publisher\" content=\"https:\/\/www.facebook.com\/beatopadreeustaquio\/\" \/>\n<meta property=\"article:published_time\" content=\"2023-03-29T11:16:19+00:00\" \/>\n<meta property=\"article:modified_time\" content=\"2023-03-29T11:16:20+00:00\" \/>\n<meta property=\"og:image\" content=\"https:\/\/www.padreeustaquio.com.br\/wp-content\/uploads\/2023\/03\/terco-das-mulheres.jpeg\" \/>\n\t<meta property=\"og:image:width\" content=\"1600\" \/>\n\t<meta property=\"og:image:height\" content=\"1200\" \/>\n\t<meta property=\"og:image:type\" content=\"image\/jpeg\" \/>\n<meta name=\"author\" content=\"@sscc\" \/>\n<meta name=\"twitter:card\" content=\"summary_large_image\" \/>\n<meta name=\"twitter:creator\" content=\"@beatopeustaquio\" \/>\n<meta name=\"twitter:site\" content=\"@beatopeustaquio\" \/>\n<meta name=\"twitter:label1\" content=\"Written by\" \/>\n\t<meta name=\"twitter:data1\" content=\"@sscc\" \/>\n\t<meta name=\"twitter:label2\" content=\"Est. reading time\" \/>\n\t<meta name=\"twitter:data2\" content=\"2 minutes\" \/>\n<script type=\"application\/ld+json\" class=\"yoast-schema-graph\">{\"@context\":\"https:\/\/schema.org\",\"@graph\":[{\"@type\":\"Article\",\"@id\":\"https:\/\/www.padreeustaquio.com.br\/terco-das-mulheres-e-realizado-no-santuario-da-saude-e-da-paz\/#article\",\"isPartOf\":{\"@id\":\"https:\/\/www.padreeustaquio.com.br\/terco-das-mulheres-e-realizado-no-santuario-da-saude-e-da-paz\/\"},\"author\":{\"name\":\"@sscc\",\"@id\":\"https:\/\/www.padreeustaquio.com.br\/#\/schema\/person\/a2a51db1d00f1a7af0204a0f1ddb1566\"},\"headline\":\"Ter\u00e7o das mulheres \u00e9 realizado no Santu\u00e1rio da Sa\u00fade e da Paz\",\"datePublished\":\"2023-03-29T11:16:19+00:00\",\"dateModified\":\"2023-03-29T11:16:20+00:00\",\"mainEntityOfPage\":{\"@id\":\"https:\/\/www.padreeustaquio.com.br\/terco-das-mulheres-e-realizado-no-santuario-da-saude-e-da-paz\/\"},\"wordCount\":235,\"commentCount\":0,\"publisher\":{\"@id\":\"https:\/\/www.padreeustaquio.com.br\/#organization\"},\"image\":{\"@id\":\"https:\/\/www.padreeustaquio.com.br\/terco-das-mulheres-e-realizado-no-santuario-da-saude-e-da-paz\/#primaryimage\"},\"thumbnailUrl\":\"https:\/\/www.padreeustaquio.com.br\/wp-content\/uploads\/2023\/03\/terco-das-mulheres.jpeg\",\"articleSection\":[\"Not\u00edcias\"],\"inLanguage\":\"en-US\",\"potentialAction\":[{\"@type\":\"CommentAction\",\"name\":\"Comment\",\"target\":[\"https:\/\/www.padreeustaquio.com.br\/terco-das-mulheres-e-realizado-no-santuario-da-saude-e-da-paz\/#respond\"]}]},{\"@type\":\"WebPage\",\"@id\":\"https:\/\/www.padreeustaquio.com.br\/terco-das-mulheres-e-realizado-no-santuario-da-saude-e-da-paz\/\",\"url\":\"https:\/\/www.padreeustaquio.com.br\/terco-das-mulheres-e-realizado-no-santuario-da-saude-e-da-paz\/\",\"name\":\"Ter\u00e7o das mulheres \u00e9 realizado no Santu\u00e1rio da Sa\u00fade e da Paz\",\"isPartOf\":{\"@id\":\"https:\/\/www.padreeustaquio.com.br\/#website\"},\"primaryImageOfPage\":{\"@id\":\"https:\/\/www.padreeustaquio.com.br\/terco-das-mulheres-e-realizado-no-santuario-da-saude-e-da-paz\/#primaryimage\"},\"image\":{\"@id\":\"https:\/\/www.padreeustaquio.com.br\/terco-das-mulheres-e-realizado-no-santuario-da-saude-e-da-paz\/#primaryimage\"},\"thumbnailUrl\":\"https:\/\/www.padreeustaquio.com.br\/wp-content\/uploads\/2023\/03\/terco-das-mulheres.jpeg\",\"datePublished\":\"2023-03-29T11:16:19+00:00\",\"dateModified\":\"2023-03-29T11:16:20+00:00\",\"description\":\"Iniciado h\u00e1 cerca de 6 meses, o Ter\u00e7o das Mulheres surgiu de um pedido do reitor do Santu\u00e1rio da Sa\u00fade e da Paz, Padre Vin\u00edcius Maciel, ss.cc, e foi muito bem recebido por Dona Mira, que mobilizou o in\u00edcio das ora\u00e7\u00f5es. A reuni\u00e3o acontece todas as quartas-feiras, \u00e0s 16h, no Santu\u00e1rio e tem como padroeira Nossa Senhora Aparecida.\",\"breadcrumb\":{\"@id\":\"https:\/\/www.padreeustaquio.com.br\/terco-das-mulheres-e-realizado-no-santuario-da-saude-e-da-paz\/#breadcrumb\"},\"inLanguage\":\"en-US\",\"potentialAction\":[{\"@type\":\"ReadAction\",\"target\":[\"https:\/\/www.padreeustaquio.com.br\/terco-das-mulheres-e-realizado-no-santuario-da-saude-e-da-paz\/\"]}]},{\"@type\":\"ImageObject\",\"inLanguage\":\"en-US\",\"@id\":\"https:\/\/www.padreeustaquio.com.br\/terco-das-mulheres-e-realizado-no-santuario-da-saude-e-da-paz\/#primaryimage\",\"url\":\"https:\/\/www.padreeustaquio.com.br\/wp-content\/uploads\/2023\/03\/terco-das-mulheres.jpeg\",\"contentUrl\":\"https:\/\/www.padreeustaquio.com.br\/wp-content\/uploads\/2023\/03\/terco-das-mulheres.jpeg\",\"width\":1600,\"height\":1200},{\"@type\":\"BreadcrumbList\",\"@id\":\"https:\/\/www.padreeustaquio.com.br\/terco-das-mulheres-e-realizado-no-santuario-da-saude-e-da-paz\/#breadcrumb\",\"itemListElement\":[{\"@type\":\"ListItem\",\"position\":1,\"name\":\"In\u00edcio\",\"item\":\"https:\/\/www.padreeustaquio.com.br\/\"},{\"@type\":\"ListItem\",\"position\":2,\"name\":\"Ter\u00e7o das mulheres \u00e9 realizado no Santu\u00e1rio da Sa\u00fade e da Paz\"}]},{\"@type\":\"WebSite\",\"@id\":\"https:\/\/www.padreeustaquio.com.br\/#website\",\"url\":\"https:\/\/www.padreeustaquio.com.br\/\",\"name\":\"Padre Eust\u00e1quio\",\"description\":\"Sa\u00fade e Paz\",\"publisher\":{\"@id\":\"https:\/\/www.padreeustaquio.com.br\/#organization\"},\"potentialAction\":[{\"@type\":\"SearchAction\",\"target\":{\"@type\":\"EntryPoint\",\"urlTemplate\":\"https:\/\/www.padreeustaquio.com.br\/?s={search_term_string}\"},\"query-input\":{\"@type\":\"PropertyValueSpecification\",\"valueRequired\":true,\"valueName\":\"search_term_string\"}}],\"inLanguage\":\"en-US\"},{\"@type\":\"Organization\",\"@id\":\"https:\/\/www.padreeustaquio.com.br\/#organization\",\"name\":\"Padre Eust\u00e1quio\",\"url\":\"https:\/\/www.padreeustaquio.com.br\/\",\"logo\":{\"@type\":\"ImageObject\",\"inLanguage\":\"en-US\",\"@id\":\"https:\/\/www.padreeustaquio.com.br\/#\/schema\/logo\/image\/\",\"url\":\"https:\/\/www.padreeustaquio.com.br\/wp-content\/uploads\/2019\/08\/marca.png\",\"contentUrl\":\"https:\/\/www.padreeustaquio.com.br\/wp-content\/uploads\/2019\/08\/marca.png\",\"width\":350,\"height\":400,\"caption\":\"Padre Eust\u00e1quio\"},\"image\":{\"@id\":\"https:\/\/www.padreeustaquio.com.br\/#\/schema\/logo\/image\/\"},\"sameAs\":[\"https:\/\/www.facebook.com\/beatopadreeustaquio\/\",\"https:\/\/x.com\/beatopeustaquio\",\"https:\/\/www.instagram.com\/beatopadreeustaquio\/\",\"https:\/\/www.youtube.com\/channel\/UCRhw7vfabnajwLxb1ZXMeIw\"]},{\"@type\":\"Person\",\"@id\":\"https:\/\/www.padreeustaquio.com.br\/#\/schema\/person\/a2a51db1d00f1a7af0204a0f1ddb1566\",\"name\":\"@sscc\",\"image\":{\"@type\":\"ImageObject\",\"inLanguage\":\"en-US\",\"@id\":\"https:\/\/secure.gravatar.com\/avatar\/68cfafa5f44617fea54071e215026e0ff06be366c3d54a8425f04fdcb86f8c5f?s=96&d=mm&r=g\",\"url\":\"https:\/\/secure.gravatar.com\/avatar\/68cfafa5f44617fea54071e215026e0ff06be366c3d54a8425f04fdcb86f8c5f?s=96&d=mm&r=g\",\"contentUrl\":\"https:\/\/secure.gravatar.com\/avatar\/68cfafa5f44617fea54071e215026e0ff06be366c3d54a8425f04fdcb86f8c5f?s=96&d=mm&r=g\",\"caption\":\"@sscc\"},\"url\":\"https:\/\/www.padreeustaquio.com.br\/en\/author\/sscc\/\"}]}<\/script>\n<!-- \/ Yoast SEO plugin. -->","yoast_head_json":{"title":"The women&#039;s rosary is held at the Sanctuary of Health and Peace.","description":"Started about 6 months ago, the Women&#039;s Rosary group arose from a request by the rector of the Sanctuary of Health and Peace, Father Vin\u00edcius Maciel, ss.cc, and was very well received by Dona Mira, who mobilized the beginning of the prayers. The meeting takes place every Wednesday at 4 pm in the Sanctuary and has Our Lady of Aparecida as its patron saint.","robots":{"index":"index","follow":"follow","max-snippet":"max-snippet:-1","max-image-preview":"max-image-preview:large","max-video-preview":"max-video-preview:-1"},"canonical":"https:\/\/www.padreeustaquio.com.br\/en\/the-womens-rosary-is-held-at-the-sanctuary-of-health-and-peace\/","og_locale":"en_US","og_type":"article","og_title":"Ter\u00e7o das mulheres \u00e9 realizado no Santu\u00e1rio da Sa\u00fade e da Paz","og_description":"Iniciado h\u00e1 cerca de 6 meses, o Ter\u00e7o das Mulheres surgiu de um pedido do reitor do Santu\u00e1rio da Sa\u00fade e da Paz, Padre Vin\u00edcius Maciel, ss.cc, e foi muito bem recebido por Dona Mira, que mobilizou o in\u00edcio das ora\u00e7\u00f5es. A reuni\u00e3o acontece todas as quartas-feiras, \u00e0s 16h, no Santu\u00e1rio e tem como padroeira Nossa Senhora Aparecida.","og_url":"https:\/\/www.padreeustaquio.com.br\/en\/the-womens-rosary-is-held-at-the-sanctuary-of-health-and-peace\/","og_site_name":"Padre Eust\u00e1quio","article_publisher":"https:\/\/www.facebook.com\/beatopadreeustaquio\/","article_published_time":"2023-03-29T11:16:19+00:00","article_modified_time":"2023-03-29T11:16:20+00:00","og_image":[{"width":1600,"height":1200,"url":"https:\/\/www.padreeustaquio.com.br\/wp-content\/uploads\/2023\/03\/terco-das-mulheres.jpeg","type":"image\/jpeg"}],"author":"@sscc","twitter_card":"summary_large_image","twitter_creator":"@beatopeustaquio","twitter_site":"@beatopeustaquio","twitter_misc":{"Written by":"@sscc","Est. reading time":"2 minutes"},"schema":{"@context":"https:\/\/schema.org","@graph":[{"@type":"Article","@id":"https:\/\/www.padreeustaquio.com.br\/terco-das-mulheres-e-realizado-no-santuario-da-saude-e-da-paz\/#article","isPartOf":{"@id":"https:\/\/www.padreeustaquio.com.br\/terco-das-mulheres-e-realizado-no-santuario-da-saude-e-da-paz\/"},"author":{"name":"@sscc","@id":"https:\/\/www.padreeustaquio.com.br\/#\/schema\/person\/a2a51db1d00f1a7af0204a0f1ddb1566"},"headline":"Ter\u00e7o das mulheres \u00e9 realizado no Santu\u00e1rio da Sa\u00fade e da Paz","datePublished":"2023-03-29T11:16:19+00:00","dateModified":"2023-03-29T11:16:20+00:00","mainEntityOfPage":{"@id":"https:\/\/www.padreeustaquio.com.br\/terco-das-mulheres-e-realizado-no-santuario-da-saude-e-da-paz\/"},"wordCount":235,"commentCount":0,"publisher":{"@id":"https:\/\/www.padreeustaquio.com.br\/#organization"},"image":{"@id":"https:\/\/www.padreeustaquio.com.br\/terco-das-mulheres-e-realizado-no-santuario-da-saude-e-da-paz\/#primaryimage"},"thumbnailUrl":"https:\/\/www.padreeustaquio.com.br\/wp-content\/uploads\/2023\/03\/terco-das-mulheres.jpeg","articleSection":["Not\u00edcias"],"inLanguage":"en-US","potentialAction":[{"@type":"CommentAction","name":"Comment","target":["https:\/\/www.padreeustaquio.com.br\/terco-das-mulheres-e-realizado-no-santuario-da-saude-e-da-paz\/#respond"]}]},{"@type":"WebPage","@id":"https:\/\/www.padreeustaquio.com.br\/terco-das-mulheres-e-realizado-no-santuario-da-saude-e-da-paz\/","url":"https:\/\/www.padreeustaquio.com.br\/terco-das-mulheres-e-realizado-no-santuario-da-saude-e-da-paz\/","name":"The women&#039;s rosary is held at the Sanctuary of Health and Peace.","isPartOf":{"@id":"https:\/\/www.padreeustaquio.com.br\/#website"},"primaryImageOfPage":{"@id":"https:\/\/www.padreeustaquio.com.br\/terco-das-mulheres-e-realizado-no-santuario-da-saude-e-da-paz\/#primaryimage"},"image":{"@id":"https:\/\/www.padreeustaquio.com.br\/terco-das-mulheres-e-realizado-no-santuario-da-saude-e-da-paz\/#primaryimage"},"thumbnailUrl":"https:\/\/www.padreeustaquio.com.br\/wp-content\/uploads\/2023\/03\/terco-das-mulheres.jpeg","datePublished":"2023-03-29T11:16:19+00:00","dateModified":"2023-03-29T11:16:20+00:00","description":"Started about 6 months ago, the Women&#039;s Rosary group arose from a request by the rector of the Sanctuary of Health and Peace, Father Vin\u00edcius Maciel, ss.cc, and was very well received by Dona Mira, who mobilized the beginning of the prayers. The meeting takes place every Wednesday at 4 pm in the Sanctuary and has Our Lady of Aparecida as its patron saint.","breadcrumb":{"@id":"https:\/\/www.padreeustaquio.com.br\/terco-das-mulheres-e-realizado-no-santuario-da-saude-e-da-paz\/#breadcrumb"},"inLanguage":"en-US","potentialAction":[{"@type":"ReadAction","target":["https:\/\/www.padreeustaquio.com.br\/terco-das-mulheres-e-realizado-no-santuario-da-saude-e-da-paz\/"]}]},{"@type":"ImageObject","inLanguage":"en-US","@id":"https:\/\/www.padreeustaquio.com.br\/terco-das-mulheres-e-realizado-no-santuario-da-saude-e-da-paz\/#primaryimage","url":"https:\/\/www.padreeustaquio.com.br\/wp-content\/uploads\/2023\/03\/terco-das-mulheres.jpeg","contentUrl":"https:\/\/www.padreeustaquio.com.br\/wp-content\/uploads\/2023\/03\/terco-das-mulheres.jpeg","width":1600,"height":1200},{"@type":"BreadcrumbList","@id":"https:\/\/www.padreeustaquio.com.br\/terco-das-mulheres-e-realizado-no-santuario-da-saude-e-da-paz\/#breadcrumb","itemListElement":[{"@type":"ListItem","position":1,"name":"In\u00edcio","item":"https:\/\/www.padreeustaquio.com.br\/"},{"@type":"ListItem","position":2,"name":"Ter\u00e7o das mulheres \u00e9 realizado no Santu\u00e1rio da Sa\u00fade e da Paz"}]},{"@type":"WebSite","@id":"https:\/\/www.padreeustaquio.com.br\/#website","url":"https:\/\/www.padreeustaquio.com.br\/","name":"FATHER EUST\u00c1QUIO","description":"Health and Peace","publisher":{"@id":"https:\/\/www.padreeustaquio.com.br\/#organization"},"potentialAction":[{"@type":"SearchAction","target":{"@type":"EntryPoint","urlTemplate":"https:\/\/www.padreeustaquio.com.br\/?s={search_term_string}"},"query-input":{"@type":"PropertyValueSpecification","valueRequired":true,"valueName":"search_term_string"}}],"inLanguage":"en-US"},{"@type":"Organization","@id":"https:\/\/www.padreeustaquio.com.br\/#organization","name":"FATHER EUST\u00c1QUIO","url":"https:\/\/www.padreeustaquio.com.br\/","logo":{"@type":"ImageObject","inLanguage":"en-US","@id":"https:\/\/www.padreeustaquio.com.br\/#\/schema\/logo\/image\/","url":"https:\/\/www.padreeustaquio.com.br\/wp-content\/uploads\/2019\/08\/marca.png","contentUrl":"https:\/\/www.padreeustaquio.com.br\/wp-content\/uploads\/2019\/08\/marca.png","width":350,"height":400,"caption":"Padre Eust\u00e1quio"},"image":{"@id":"https:\/\/www.padreeustaquio.com.br\/#\/schema\/logo\/image\/"},"sameAs":["https:\/\/www.facebook.com\/beatopadreeustaquio\/","https:\/\/x.com\/beatopeustaquio","https:\/\/www.instagram.com\/beatopadreeustaquio\/","https:\/\/www.youtube.com\/channel\/UCRhw7vfabnajwLxb1ZXMeIw"]},{"@type":"Person","@id":"https:\/\/www.padreeustaquio.com.br\/#\/schema\/person\/a2a51db1d00f1a7af0204a0f1ddb1566","name":"@sscc","image":{"@type":"ImageObject","inLanguage":"en-US","@id":"https:\/\/secure.gravatar.com\/avatar\/68cfafa5f44617fea54071e215026e0ff06be366c3d54a8425f04fdcb86f8c5f?s=96&d=mm&r=g","url":"https:\/\/secure.gravatar.com\/avatar\/68cfafa5f44617fea54071e215026e0ff06be366c3d54a8425f04fdcb86f8c5f?s=96&d=mm&r=g","contentUrl":"https:\/\/secure.gravatar.com\/avatar\/68cfafa5f44617fea54071e215026e0ff06be366c3d54a8425f04fdcb86f8c5f?s=96&d=mm&r=g","caption":"@sscc"},"url":"https:\/\/www.padreeustaquio.com.br\/en\/author\/sscc\/"}]}},"_links":{"self":[{"href":"https:\/\/www.padreeustaquio.com.br\/en\/wp-json\/wp\/v2\/posts\/10098","targetHints":{"allow":["GET"]}}],"collection":[{"href":"https:\/\/www.padreeustaquio.com.br\/en\/wp-json\/wp\/v2\/posts"}],"about":[{"href":"https:\/\/www.padreeustaquio.com.br\/en\/wp-json\/wp\/v2\/types\/post"}],"author":[{"embeddable":true,"href":"https:\/\/www.padreeustaquio.com.br\/en\/wp-json\/wp\/v2\/users\/2"}],"replies":[{"embeddable":true,"href":"https:\/\/www.padreeustaquio.com.br\/en\/wp-json\/wp\/v2\/comments?post=10098"}],"version-history":[{"count":0,"href":"https:\/\/www.padreeustaquio.com.br\/en\/wp-json\/wp\/v2\/posts\/10098\/revisions"}],"wp:featuredmedia":[{"embeddable":true,"href":"https:\/\/www.padreeustaquio.com.br\/en\/wp-json\/wp\/v2\/media\/10099"}],"wp:attachment":[{"href":"https:\/\/www.padreeustaquio.com.br\/en\/wp-json\/wp\/v2\/media?parent=10098"}],"wp:term":[{"taxonomy":"category","embeddable":true,"href":"https:\/\/www.padreeustaquio.com.br\/en\/wp-json\/wp\/v2\/categories?post=10098"},{"taxonomy":"post_tag","embeddable":true,"href":"https:\/\/www.padreeustaquio.com.br\/en\/wp-json\/wp\/v2\/tags?post=10098"}],"curies":[{"name":"wp","href":"https:\/\/api.w.org\/{rel}","templated":true}]}}