{"id":10094,"date":"2023-03-28T08:15:01","date_gmt":"2023-03-28T11:15:01","guid":{"rendered":"https:\/\/www.padreeustaquio.com.br\/?p=10094"},"modified":"2023-03-28T08:15:03","modified_gmt":"2023-03-28T11:15:03","slug":"tv-evangelizar-will-rebroadcast-todays-mass-from-father-eustaquios-church","status":"publish","type":"post","link":"https:\/\/www.padreeustaquio.com.br\/en\/tv-evangelizar-will-rebroadcast-todays-mass-from-father-eustaquios-church\/","title":{"rendered":"TV Evangelizar will rebroadcast today&#039;s mass from the Church of Father Eust\u00e1quio."},"content":{"rendered":"<p>Based in Curitiba, Paran\u00e1, TV Evangelizar will broadcast the Holy Mass today (March 28th) at 7 PM, live from the Sanctuary of Health and Peace. The broadcast is done in partnership with the National Secretariat for the Cause of Canonization, through the Padre Eust\u00e1quio Channel.<\/p>\n\n\n\n<p>The interest in broadcasting another of the Sanctuary&#039;s celebrations arose after the station aired, on national television, the opening Eucharist for the 80th anniversary of the Blessed One&#039;s death on January 31st of this year. The liturgy will be that of this Tuesday of the Fifth Week of Lent and will feature the participation of singers, readers, and commentators from the community. <\/p>\n\n\n\n<p><strong>Evangelize TV<\/strong><\/p>\n\n\n\n<p>TV Evangelizar is a Brazilian television network based in Curitiba, the capital of the state of Paran\u00e1. Religious in nature, it belongs to the Evangelizar \u00e9 Preciso Association, maintained by Father Reginaldo Manzotti. The station emerged on December 16, 2011, initially under the name TV Lumen, when PUC-PR, facing difficulties operating the station commercially, ceded the channel to the Evangelizar \u00e9 Preciso Association.<\/p>\n\n\n\n<p>Available on free-to-air channels in several Brazilian cities, TV Evangelizar is present in 16 Brazilian states via conventional antenna, satellite, or cable TV providers.\u00a0<a href=\"https:\/\/www.padrereginaldomanzotti.org.br\/rec\/tv-evangelizar\/\" target=\"_blank\" rel=\"noreferrer noopener\">CLICK HERE\u00a0<\/a>to watch the channel online.<\/p>\n\n\n\n<p><\/p>","protected":false},"excerpt":{"rendered":"<p>Com sede em Curitiba, no Paran\u00e1, a TV Evangelizar transmite hoje (28\/03) \u00e0s 19h, a Santa Missa direto do Santu\u00e1rio da Sa\u00fade e da Paz. A transmiss\u00e3o \u00e9 feita em parceria com o Secretariado Nacional para a Causa de Canoniza\u00e7\u00e3o, por meio do Canal Padre Eust\u00e1quio. O interesse em transmitir mais uma das celebra\u00e7\u00f5es do Santu\u00e1rio, surgiu depois que a emissora exibiu, em rede nacional, a Eucaristia de abertura dos 80 anos da morte do Bem-Aventurado, no dia 31 de janeiro deste ano. A liturgia ser\u00e1 a desta ter\u00e7a-feira da Quinta Semana da Quaresma e contar\u00e1 com a participa\u00e7\u00e3o de [&hellip;]<\/p>\n","protected":false},"author":2,"featured_media":9662,"comment_status":"open","ping_status":"closed","sticky":false,"template":"","format":"standard","meta":{"_acf_changed":false,"footnotes":""},"categories":[611],"tags":[],"class_list":["post-10094","post","type-post","status-publish","format-standard","has-post-thumbnail","hentry","category-noticias"],"acf":[],"yoast_head":"<!-- This site is optimized with the Yoast SEO plugin v27.2 - https:\/\/yoast.com\/product\/yoast-seo-wordpress\/ -->\n<title>TV Evangelizar retransmite hoje missa da Igreja do Padre Eust\u00e1quio<\/title>\n<meta name=\"description\" content=\"Com sede em Curitiba, no Paran\u00e1, a TV Evangelizar transmite hoje (28\/03) \u00e0s 19h, a Santa Missa direto do Santu\u00e1rio da Sa\u00fade e da Paz. A transmiss\u00e3o \u00e9 feita em parceria com o Secretariado Nacional para a Causa de Canoniza\u00e7\u00e3o, por meio do Canal Padre Eust\u00e1quio.\" \/>\n<meta name=\"robots\" content=\"index, follow, max-snippet:-1, max-image-preview:large, max-video-preview:-1\" \/>\n<link rel=\"canonical\" href=\"https:\/\/www.padreeustaquio.com.br\/en\/tv-evangelizar-will-rebroadcast-todays-mass-from-father-eustaquios-church\/\" \/>\n<meta property=\"og:locale\" content=\"en_US\" \/>\n<meta property=\"og:type\" content=\"article\" \/>\n<meta property=\"og:title\" content=\"TV Evangelizar retransmite hoje missa da Igreja do Padre Eust\u00e1quio\" \/>\n<meta property=\"og:description\" content=\"Com sede em Curitiba, no Paran\u00e1, a TV Evangelizar transmite hoje (28\/03) \u00e0s 19h, a Santa Missa direto do Santu\u00e1rio da Sa\u00fade e da Paz. A transmiss\u00e3o \u00e9 feita em parceria com o Secretariado Nacional para a Causa de Canoniza\u00e7\u00e3o, por meio do Canal Padre Eust\u00e1quio.\" \/>\n<meta property=\"og:url\" content=\"https:\/\/www.padreeustaquio.com.br\/en\/tv-evangelizar-will-rebroadcast-todays-mass-from-father-eustaquios-church\/\" \/>\n<meta property=\"og:site_name\" content=\"Padre Eust\u00e1quio\" \/>\n<meta property=\"article:publisher\" content=\"https:\/\/www.facebook.com\/beatopadreeustaquio\/\" \/>\n<meta property=\"article:published_time\" content=\"2023-03-28T11:15:01+00:00\" \/>\n<meta property=\"article:modified_time\" content=\"2023-03-28T11:15:03+00:00\" \/>\n<meta property=\"og:image\" content=\"https:\/\/www.padreeustaquio.com.br\/wp-content\/uploads\/2022\/12\/tv-evangelizar.jpg\" \/>\n\t<meta property=\"og:image:width\" content=\"748\" \/>\n\t<meta property=\"og:image:height\" content=\"394\" \/>\n\t<meta property=\"og:image:type\" content=\"image\/jpeg\" \/>\n<meta name=\"author\" content=\"@sscc\" \/>\n<meta name=\"twitter:card\" content=\"summary_large_image\" \/>\n<meta name=\"twitter:creator\" content=\"@beatopeustaquio\" \/>\n<meta name=\"twitter:site\" content=\"@beatopeustaquio\" \/>\n<meta name=\"twitter:label1\" content=\"Written by\" \/>\n\t<meta name=\"twitter:data1\" content=\"@sscc\" \/>\n\t<meta name=\"twitter:label2\" content=\"Est. reading time\" \/>\n\t<meta name=\"twitter:data2\" content=\"2 minutes\" \/>\n<script type=\"application\/ld+json\" class=\"yoast-schema-graph\">{\"@context\":\"https:\/\/schema.org\",\"@graph\":[{\"@type\":\"Article\",\"@id\":\"https:\/\/www.padreeustaquio.com.br\/tv-evangelizar-retransmite-hoje-missa-da-igreja-do-padre-eustaquio\/#article\",\"isPartOf\":{\"@id\":\"https:\/\/www.padreeustaquio.com.br\/tv-evangelizar-retransmite-hoje-missa-da-igreja-do-padre-eustaquio\/\"},\"author\":{\"name\":\"@sscc\",\"@id\":\"https:\/\/www.padreeustaquio.com.br\/#\/schema\/person\/a2a51db1d00f1a7af0204a0f1ddb1566\"},\"headline\":\"TV Evangelizar retransmite hoje missa da Igreja do Padre Eust\u00e1quio\",\"datePublished\":\"2023-03-28T11:15:01+00:00\",\"dateModified\":\"2023-03-28T11:15:03+00:00\",\"mainEntityOfPage\":{\"@id\":\"https:\/\/www.padreeustaquio.com.br\/tv-evangelizar-retransmite-hoje-missa-da-igreja-do-padre-eustaquio\/\"},\"wordCount\":232,\"commentCount\":0,\"publisher\":{\"@id\":\"https:\/\/www.padreeustaquio.com.br\/#organization\"},\"image\":{\"@id\":\"https:\/\/www.padreeustaquio.com.br\/tv-evangelizar-retransmite-hoje-missa-da-igreja-do-padre-eustaquio\/#primaryimage\"},\"thumbnailUrl\":\"https:\/\/www.padreeustaquio.com.br\/wp-content\/uploads\/2022\/12\/tv-evangelizar.jpg\",\"articleSection\":[\"Not\u00edcias\"],\"inLanguage\":\"en-US\",\"potentialAction\":[{\"@type\":\"CommentAction\",\"name\":\"Comment\",\"target\":[\"https:\/\/www.padreeustaquio.com.br\/tv-evangelizar-retransmite-hoje-missa-da-igreja-do-padre-eustaquio\/#respond\"]}]},{\"@type\":\"WebPage\",\"@id\":\"https:\/\/www.padreeustaquio.com.br\/tv-evangelizar-retransmite-hoje-missa-da-igreja-do-padre-eustaquio\/\",\"url\":\"https:\/\/www.padreeustaquio.com.br\/tv-evangelizar-retransmite-hoje-missa-da-igreja-do-padre-eustaquio\/\",\"name\":\"TV Evangelizar retransmite hoje missa da Igreja do Padre Eust\u00e1quio\",\"isPartOf\":{\"@id\":\"https:\/\/www.padreeustaquio.com.br\/#website\"},\"primaryImageOfPage\":{\"@id\":\"https:\/\/www.padreeustaquio.com.br\/tv-evangelizar-retransmite-hoje-missa-da-igreja-do-padre-eustaquio\/#primaryimage\"},\"image\":{\"@id\":\"https:\/\/www.padreeustaquio.com.br\/tv-evangelizar-retransmite-hoje-missa-da-igreja-do-padre-eustaquio\/#primaryimage\"},\"thumbnailUrl\":\"https:\/\/www.padreeustaquio.com.br\/wp-content\/uploads\/2022\/12\/tv-evangelizar.jpg\",\"datePublished\":\"2023-03-28T11:15:01+00:00\",\"dateModified\":\"2023-03-28T11:15:03+00:00\",\"description\":\"Com sede em Curitiba, no Paran\u00e1, a TV Evangelizar transmite hoje (28\/03) \u00e0s 19h, a Santa Missa direto do Santu\u00e1rio da Sa\u00fade e da Paz. A transmiss\u00e3o \u00e9 feita em parceria com o Secretariado Nacional para a Causa de Canoniza\u00e7\u00e3o, por meio do Canal Padre Eust\u00e1quio.\",\"breadcrumb\":{\"@id\":\"https:\/\/www.padreeustaquio.com.br\/tv-evangelizar-retransmite-hoje-missa-da-igreja-do-padre-eustaquio\/#breadcrumb\"},\"inLanguage\":\"en-US\",\"potentialAction\":[{\"@type\":\"ReadAction\",\"target\":[\"https:\/\/www.padreeustaquio.com.br\/tv-evangelizar-retransmite-hoje-missa-da-igreja-do-padre-eustaquio\/\"]}]},{\"@type\":\"ImageObject\",\"inLanguage\":\"en-US\",\"@id\":\"https:\/\/www.padreeustaquio.com.br\/tv-evangelizar-retransmite-hoje-missa-da-igreja-do-padre-eustaquio\/#primaryimage\",\"url\":\"https:\/\/www.padreeustaquio.com.br\/wp-content\/uploads\/2022\/12\/tv-evangelizar.jpg\",\"contentUrl\":\"https:\/\/www.padreeustaquio.com.br\/wp-content\/uploads\/2022\/12\/tv-evangelizar.jpg\",\"width\":748,\"height\":394},{\"@type\":\"BreadcrumbList\",\"@id\":\"https:\/\/www.padreeustaquio.com.br\/tv-evangelizar-retransmite-hoje-missa-da-igreja-do-padre-eustaquio\/#breadcrumb\",\"itemListElement\":[{\"@type\":\"ListItem\",\"position\":1,\"name\":\"In\u00edcio\",\"item\":\"https:\/\/www.padreeustaquio.com.br\/\"},{\"@type\":\"ListItem\",\"position\":2,\"name\":\"TV Evangelizar retransmite hoje missa da Igreja do Padre Eust\u00e1quio\"}]},{\"@type\":\"WebSite\",\"@id\":\"https:\/\/www.padreeustaquio.com.br\/#website\",\"url\":\"https:\/\/www.padreeustaquio.com.br\/\",\"name\":\"Padre Eust\u00e1quio\",\"description\":\"Sa\u00fade e Paz\",\"publisher\":{\"@id\":\"https:\/\/www.padreeustaquio.com.br\/#organization\"},\"potentialAction\":[{\"@type\":\"SearchAction\",\"target\":{\"@type\":\"EntryPoint\",\"urlTemplate\":\"https:\/\/www.padreeustaquio.com.br\/?s={search_term_string}\"},\"query-input\":{\"@type\":\"PropertyValueSpecification\",\"valueRequired\":true,\"valueName\":\"search_term_string\"}}],\"inLanguage\":\"en-US\"},{\"@type\":\"Organization\",\"@id\":\"https:\/\/www.padreeustaquio.com.br\/#organization\",\"name\":\"Padre Eust\u00e1quio\",\"url\":\"https:\/\/www.padreeustaquio.com.br\/\",\"logo\":{\"@type\":\"ImageObject\",\"inLanguage\":\"en-US\",\"@id\":\"https:\/\/www.padreeustaquio.com.br\/#\/schema\/logo\/image\/\",\"url\":\"https:\/\/www.padreeustaquio.com.br\/wp-content\/uploads\/2019\/08\/marca.png\",\"contentUrl\":\"https:\/\/www.padreeustaquio.com.br\/wp-content\/uploads\/2019\/08\/marca.png\",\"width\":350,\"height\":400,\"caption\":\"Padre Eust\u00e1quio\"},\"image\":{\"@id\":\"https:\/\/www.padreeustaquio.com.br\/#\/schema\/logo\/image\/\"},\"sameAs\":[\"https:\/\/www.facebook.com\/beatopadreeustaquio\/\",\"https:\/\/x.com\/beatopeustaquio\",\"https:\/\/www.instagram.com\/beatopadreeustaquio\/\",\"https:\/\/www.youtube.com\/channel\/UCRhw7vfabnajwLxb1ZXMeIw\"]},{\"@type\":\"Person\",\"@id\":\"https:\/\/www.padreeustaquio.com.br\/#\/schema\/person\/a2a51db1d00f1a7af0204a0f1ddb1566\",\"name\":\"@sscc\",\"image\":{\"@type\":\"ImageObject\",\"inLanguage\":\"en-US\",\"@id\":\"https:\/\/secure.gravatar.com\/avatar\/68cfafa5f44617fea54071e215026e0ff06be366c3d54a8425f04fdcb86f8c5f?s=96&d=mm&r=g\",\"url\":\"https:\/\/secure.gravatar.com\/avatar\/68cfafa5f44617fea54071e215026e0ff06be366c3d54a8425f04fdcb86f8c5f?s=96&d=mm&r=g\",\"contentUrl\":\"https:\/\/secure.gravatar.com\/avatar\/68cfafa5f44617fea54071e215026e0ff06be366c3d54a8425f04fdcb86f8c5f?s=96&d=mm&r=g\",\"caption\":\"@sscc\"},\"url\":\"https:\/\/www.padreeustaquio.com.br\/en\/author\/sscc\/\"}]}<\/script>\n<!-- \/ Yoast SEO plugin. -->","yoast_head_json":{"title":"TV Evangelizar will rebroadcast today&#039;s mass from the Church of Father Eust\u00e1quio.","description":"Based in Curitiba, Paran\u00e1, TV Evangelizar will broadcast the Holy Mass today (March 28th) at 7 PM, live from the Sanctuary of Health and Peace. The broadcast is done in partnership with the National Secretariat for the Cause of Canonization, through the Padre Eust\u00e1quio Channel.","robots":{"index":"index","follow":"follow","max-snippet":"max-snippet:-1","max-image-preview":"max-image-preview:large","max-video-preview":"max-video-preview:-1"},"canonical":"https:\/\/www.padreeustaquio.com.br\/en\/tv-evangelizar-will-rebroadcast-todays-mass-from-father-eustaquios-church\/","og_locale":"en_US","og_type":"article","og_title":"TV Evangelizar retransmite hoje missa da Igreja do Padre Eust\u00e1quio","og_description":"Com sede em Curitiba, no Paran\u00e1, a TV Evangelizar transmite hoje (28\/03) \u00e0s 19h, a Santa Missa direto do Santu\u00e1rio da Sa\u00fade e da Paz. A transmiss\u00e3o \u00e9 feita em parceria com o Secretariado Nacional para a Causa de Canoniza\u00e7\u00e3o, por meio do Canal Padre Eust\u00e1quio.","og_url":"https:\/\/www.padreeustaquio.com.br\/en\/tv-evangelizar-will-rebroadcast-todays-mass-from-father-eustaquios-church\/","og_site_name":"Padre Eust\u00e1quio","article_publisher":"https:\/\/www.facebook.com\/beatopadreeustaquio\/","article_published_time":"2023-03-28T11:15:01+00:00","article_modified_time":"2023-03-28T11:15:03+00:00","og_image":[{"width":748,"height":394,"url":"https:\/\/www.padreeustaquio.com.br\/wp-content\/uploads\/2022\/12\/tv-evangelizar.jpg","type":"image\/jpeg"}],"author":"@sscc","twitter_card":"summary_large_image","twitter_creator":"@beatopeustaquio","twitter_site":"@beatopeustaquio","twitter_misc":{"Written by":"@sscc","Est. reading time":"2 minutes"},"schema":{"@context":"https:\/\/schema.org","@graph":[{"@type":"Article","@id":"https:\/\/www.padreeustaquio.com.br\/tv-evangelizar-retransmite-hoje-missa-da-igreja-do-padre-eustaquio\/#article","isPartOf":{"@id":"https:\/\/www.padreeustaquio.com.br\/tv-evangelizar-retransmite-hoje-missa-da-igreja-do-padre-eustaquio\/"},"author":{"name":"@sscc","@id":"https:\/\/www.padreeustaquio.com.br\/#\/schema\/person\/a2a51db1d00f1a7af0204a0f1ddb1566"},"headline":"TV Evangelizar retransmite hoje missa da Igreja do Padre Eust\u00e1quio","datePublished":"2023-03-28T11:15:01+00:00","dateModified":"2023-03-28T11:15:03+00:00","mainEntityOfPage":{"@id":"https:\/\/www.padreeustaquio.com.br\/tv-evangelizar-retransmite-hoje-missa-da-igreja-do-padre-eustaquio\/"},"wordCount":232,"commentCount":0,"publisher":{"@id":"https:\/\/www.padreeustaquio.com.br\/#organization"},"image":{"@id":"https:\/\/www.padreeustaquio.com.br\/tv-evangelizar-retransmite-hoje-missa-da-igreja-do-padre-eustaquio\/#primaryimage"},"thumbnailUrl":"https:\/\/www.padreeustaquio.com.br\/wp-content\/uploads\/2022\/12\/tv-evangelizar.jpg","articleSection":["Not\u00edcias"],"inLanguage":"en-US","potentialAction":[{"@type":"CommentAction","name":"Comment","target":["https:\/\/www.padreeustaquio.com.br\/tv-evangelizar-retransmite-hoje-missa-da-igreja-do-padre-eustaquio\/#respond"]}]},{"@type":"WebPage","@id":"https:\/\/www.padreeustaquio.com.br\/tv-evangelizar-retransmite-hoje-missa-da-igreja-do-padre-eustaquio\/","url":"https:\/\/www.padreeustaquio.com.br\/tv-evangelizar-retransmite-hoje-missa-da-igreja-do-padre-eustaquio\/","name":"TV Evangelizar will rebroadcast today&#039;s mass from the Church of Father Eust\u00e1quio.","isPartOf":{"@id":"https:\/\/www.padreeustaquio.com.br\/#website"},"primaryImageOfPage":{"@id":"https:\/\/www.padreeustaquio.com.br\/tv-evangelizar-retransmite-hoje-missa-da-igreja-do-padre-eustaquio\/#primaryimage"},"image":{"@id":"https:\/\/www.padreeustaquio.com.br\/tv-evangelizar-retransmite-hoje-missa-da-igreja-do-padre-eustaquio\/#primaryimage"},"thumbnailUrl":"https:\/\/www.padreeustaquio.com.br\/wp-content\/uploads\/2022\/12\/tv-evangelizar.jpg","datePublished":"2023-03-28T11:15:01+00:00","dateModified":"2023-03-28T11:15:03+00:00","description":"Based in Curitiba, Paran\u00e1, TV Evangelizar will broadcast the Holy Mass today (March 28th) at 7 PM, live from the Sanctuary of Health and Peace. The broadcast is done in partnership with the National Secretariat for the Cause of Canonization, through the Padre Eust\u00e1quio Channel.","breadcrumb":{"@id":"https:\/\/www.padreeustaquio.com.br\/tv-evangelizar-retransmite-hoje-missa-da-igreja-do-padre-eustaquio\/#breadcrumb"},"inLanguage":"en-US","potentialAction":[{"@type":"ReadAction","target":["https:\/\/www.padreeustaquio.com.br\/tv-evangelizar-retransmite-hoje-missa-da-igreja-do-padre-eustaquio\/"]}]},{"@type":"ImageObject","inLanguage":"en-US","@id":"https:\/\/www.padreeustaquio.com.br\/tv-evangelizar-retransmite-hoje-missa-da-igreja-do-padre-eustaquio\/#primaryimage","url":"https:\/\/www.padreeustaquio.com.br\/wp-content\/uploads\/2022\/12\/tv-evangelizar.jpg","contentUrl":"https:\/\/www.padreeustaquio.com.br\/wp-content\/uploads\/2022\/12\/tv-evangelizar.jpg","width":748,"height":394},{"@type":"BreadcrumbList","@id":"https:\/\/www.padreeustaquio.com.br\/tv-evangelizar-retransmite-hoje-missa-da-igreja-do-padre-eustaquio\/#breadcrumb","itemListElement":[{"@type":"ListItem","position":1,"name":"In\u00edcio","item":"https:\/\/www.padreeustaquio.com.br\/"},{"@type":"ListItem","position":2,"name":"TV Evangelizar retransmite hoje missa da Igreja do Padre Eust\u00e1quio"}]},{"@type":"WebSite","@id":"https:\/\/www.padreeustaquio.com.br\/#website","url":"https:\/\/www.padreeustaquio.com.br\/","name":"FATHER EUST\u00c1QUIO","description":"Health and Peace","publisher":{"@id":"https:\/\/www.padreeustaquio.com.br\/#organization"},"potentialAction":[{"@type":"SearchAction","target":{"@type":"EntryPoint","urlTemplate":"https:\/\/www.padreeustaquio.com.br\/?s={search_term_string}"},"query-input":{"@type":"PropertyValueSpecification","valueRequired":true,"valueName":"search_term_string"}}],"inLanguage":"en-US"},{"@type":"Organization","@id":"https:\/\/www.padreeustaquio.com.br\/#organization","name":"FATHER EUST\u00c1QUIO","url":"https:\/\/www.padreeustaquio.com.br\/","logo":{"@type":"ImageObject","inLanguage":"en-US","@id":"https:\/\/www.padreeustaquio.com.br\/#\/schema\/logo\/image\/","url":"https:\/\/www.padreeustaquio.com.br\/wp-content\/uploads\/2019\/08\/marca.png","contentUrl":"https:\/\/www.padreeustaquio.com.br\/wp-content\/uploads\/2019\/08\/marca.png","width":350,"height":400,"caption":"Padre Eust\u00e1quio"},"image":{"@id":"https:\/\/www.padreeustaquio.com.br\/#\/schema\/logo\/image\/"},"sameAs":["https:\/\/www.facebook.com\/beatopadreeustaquio\/","https:\/\/x.com\/beatopeustaquio","https:\/\/www.instagram.com\/beatopadreeustaquio\/","https:\/\/www.youtube.com\/channel\/UCRhw7vfabnajwLxb1ZXMeIw"]},{"@type":"Person","@id":"https:\/\/www.padreeustaquio.com.br\/#\/schema\/person\/a2a51db1d00f1a7af0204a0f1ddb1566","name":"@sscc","image":{"@type":"ImageObject","inLanguage":"en-US","@id":"https:\/\/secure.gravatar.com\/avatar\/68cfafa5f44617fea54071e215026e0ff06be366c3d54a8425f04fdcb86f8c5f?s=96&d=mm&r=g","url":"https:\/\/secure.gravatar.com\/avatar\/68cfafa5f44617fea54071e215026e0ff06be366c3d54a8425f04fdcb86f8c5f?s=96&d=mm&r=g","contentUrl":"https:\/\/secure.gravatar.com\/avatar\/68cfafa5f44617fea54071e215026e0ff06be366c3d54a8425f04fdcb86f8c5f?s=96&d=mm&r=g","caption":"@sscc"},"url":"https:\/\/www.padreeustaquio.com.br\/en\/author\/sscc\/"}]}},"_links":{"self":[{"href":"https:\/\/www.padreeustaquio.com.br\/en\/wp-json\/wp\/v2\/posts\/10094","targetHints":{"allow":["GET"]}}],"collection":[{"href":"https:\/\/www.padreeustaquio.com.br\/en\/wp-json\/wp\/v2\/posts"}],"about":[{"href":"https:\/\/www.padreeustaquio.com.br\/en\/wp-json\/wp\/v2\/types\/post"}],"author":[{"embeddable":true,"href":"https:\/\/www.padreeustaquio.com.br\/en\/wp-json\/wp\/v2\/users\/2"}],"replies":[{"embeddable":true,"href":"https:\/\/www.padreeustaquio.com.br\/en\/wp-json\/wp\/v2\/comments?post=10094"}],"version-history":[{"count":0,"href":"https:\/\/www.padreeustaquio.com.br\/en\/wp-json\/wp\/v2\/posts\/10094\/revisions"}],"wp:featuredmedia":[{"embeddable":true,"href":"https:\/\/www.padreeustaquio.com.br\/en\/wp-json\/wp\/v2\/media\/9662"}],"wp:attachment":[{"href":"https:\/\/www.padreeustaquio.com.br\/en\/wp-json\/wp\/v2\/media?parent=10094"}],"wp:term":[{"taxonomy":"category","embeddable":true,"href":"https:\/\/www.padreeustaquio.com.br\/en\/wp-json\/wp\/v2\/categories?post=10094"},{"taxonomy":"post_tag","embeddable":true,"href":"https:\/\/www.padreeustaquio.com.br\/en\/wp-json\/wp\/v2\/tags?post=10094"}],"curies":[{"name":"wp","href":"https:\/\/api.w.org\/{rel}","templated":true}]}}