{"id":10090,"date":"2023-03-27T08:30:34","date_gmt":"2023-03-27T11:30:34","guid":{"rendered":"https:\/\/www.padreeustaquio.com.br\/?p=10090"},"modified":"2023-03-27T08:32:15","modified_gmt":"2023-03-27T11:32:15","slug":"provincial-leaves-message-on-the-day-of-the-founder-of-the-sacred-hearts","status":"publish","type":"post","link":"https:\/\/www.padreeustaquio.com.br\/en\/provincial-leaves-message-on-the-day-of-the-founder-of-the-sacred-hearts\/","title":{"rendered":"Provincial leaves a message on the day of the Founder of the Sacred Hearts."},"content":{"rendered":"<p>Today, March 27th, the Congregation of the Sacred Hearts commemorates the death of its founder, Father Jos\u00e9 Maria Coudrin, ss.cc. Marking this important date for the Church, the Provincial Father of Brazil \u2013 Paraguay region, leaves a message for all religious men and women, lay people, and others. Read the full message below:<\/p>\n\n\n\n<p><em>Dear Brothers, as we commemorate today, March 27th, the 186th anniversary of the death of our founder, I want to encourage each Brother to live with boldness and renewed missionary zeal the ideals that we received as a spiritual inheritance from our founders on the day of our Religious Consecration.<\/em><\/p>\n\n\n\n<p><em>The charism of our religious family continues to be a gift from God to be shared through our actions and attitudes in the community and mission where we are involved. Here we must recall some fundamental values of this charism, the hallmark of our identity as Children of the Sacred Hearts: Consecration to the Sacred Hearts; Reparation (Adoration); Apostolic Zeal (Mission); Eucharist and Fraternal Life (Family Spirit). These are the five fundamental elements that we need to constantly reclaim in order to respond faithfully to the call that God makes to us in the present moment of our history as consecrated persons. It is necessary to rekindle the gift of God that is within us, as the Apostle Paul reminds us (2 Tim 1:6).<\/em><\/p>\n\n\n\n<p><em>Following Jesus, we learn to be disciples, allowing ourselves to be guided by the One who called us. To be a disciple of Jesus means to conform to Him who made himself a servant even to the point of giving himself on the cross (Phil 2:5-8). We know that the mystery of the cross is a legacy we received from our founder, when he himself said that the Children of the Sacred Hearts are the Children of the Cross.<\/em><\/p>\n\n\n\n<p><em>We celebrate the feast of our founder during this Lenten season, a journey that leads us towards the celebration of Easter. Father Coudrin lived his last days on this earth, enduring illness, precisely during Lent, and was able to celebrate his definitive Easter on Easter Monday, March 27, 1837. The fruits of this grain of wheat fallen to the ground (John 12:24) spread throughout the world, making the dream of our founder a reality. This intuition should always accompany us; we cannot stop dreaming. But as the song says: &quot;a dream dreamed alone can be pure illusion, but a dream dreamed together is a sign of solution,&quot; therefore let us not stop dreaming together.<\/em><\/p>\n\n\n\n<p><em>In this celebration of the definitive Easter of our \u201cGood Father,\u201d I wish each Brother and their respective communities a Happy Easter! This wish extends to our Sisters and lay men and women of the Secular Branch. May the light of the Risen One illuminate our lives, our projects, and the mission we have undertaken as sons and daughters of the Sacred Hearts.<\/em><\/p>\n\n\n\n<p><em>To the Sacred Hearts of Jesus and Mary, all honor and all glory.<\/em><\/p>\n\n\n\n<p><em>Fraternal embrace: Fr. Osv\u00e2nio Humberto Mariano, ss.cc.<\/em><\/p>\n\n\n\n<p><\/p>\n\n\n\n<p><strong>Source: <a href=\"https:\/\/www.sscc.org.br\/noticia\/post\/dia-do-fundador--mensagem-do-provincial\" target=\"_blank\" rel=\"noreferrer noopener\">sscc.org.br<\/a><\/strong><\/p>","protected":false},"excerpt":{"rendered":"<p>Hoje, dia 27 de mar\u00e7o, a Congrega\u00e7\u00e3o dos Sagrados Cora\u00e7\u00f5es faz mem\u00f3ria \u00e0 morte de seu fundador, o padre Jos\u00e9 Maria Coudrin, ss.cc. Marcando a data, t\u00e3o importante para a Igreja, o padre provincial do Brasil &#8211; regi\u00e3o do Paraguai, deixa uma mensagem a todos os religiosos, religiosas, leigos e leigas. Confira na \u00edntegra: Queridos Irm\u00e3os, ao comemorarmos neste dia 27 de mar\u00e7o os 186 anos da morte de nosso fundador, quero animar a cada Irm\u00e3o a viver com ousadia e renovado ardor mission\u00e1rio os ideais que recebemos como heran\u00e7a espiritual de nossos fundadores no dia de nossa Consagra\u00e7\u00e3o Religiosa. [&hellip;]<\/p>\n","protected":false},"author":2,"featured_media":10091,"comment_status":"open","ping_status":"closed","sticky":false,"template":"","format":"standard","meta":{"_acf_changed":false,"footnotes":""},"categories":[611],"tags":[],"class_list":["post-10090","post","type-post","status-publish","format-standard","has-post-thumbnail","hentry","category-noticias"],"acf":[],"yoast_head":"<!-- This site is optimized with the Yoast SEO plugin v27.2 - https:\/\/yoast.com\/product\/yoast-seo-wordpress\/ -->\n<title>Provincial deixa mensagem no dia do Fundador dos Sagrados Cora\u00e7\u00f5es<\/title>\n<meta name=\"description\" content=\"Hoje, dia 27 de mar\u00e7o, a Congrega\u00e7\u00e3o dos Sagrados Cora\u00e7\u00f5es faz mem\u00f3ria \u00e0 morte de seu fundador, o padre Jos\u00e9 Maria Coudrin, ss.cc. Marcando a data, t\u00e3o importante para a Igreja, o padre provincial do Brasil - regi\u00e3o do Paraguai, deixa uma mensagem a todos os religiosos, religiosas, leigos e leigas. Confira na \u00edntegra!\" \/>\n<meta name=\"robots\" content=\"index, follow, max-snippet:-1, max-image-preview:large, max-video-preview:-1\" \/>\n<link rel=\"canonical\" href=\"https:\/\/www.padreeustaquio.com.br\/en\/provincial-leaves-message-on-the-day-of-the-founder-of-the-sacred-hearts\/\" \/>\n<meta property=\"og:locale\" content=\"en_US\" \/>\n<meta property=\"og:type\" content=\"article\" \/>\n<meta property=\"og:title\" content=\"Provincial deixa mensagem no dia do Fundador dos Sagrados Cora\u00e7\u00f5es\" \/>\n<meta property=\"og:description\" content=\"Hoje, dia 27 de mar\u00e7o, a Congrega\u00e7\u00e3o dos Sagrados Cora\u00e7\u00f5es faz mem\u00f3ria \u00e0 morte de seu fundador, o padre Jos\u00e9 Maria Coudrin, ss.cc. Marcando a data, t\u00e3o importante para a Igreja, o padre provincial do Brasil - regi\u00e3o do Paraguai, deixa uma mensagem a todos os religiosos, religiosas, leigos e leigas. Confira na \u00edntegra!\" \/>\n<meta property=\"og:url\" content=\"https:\/\/www.padreeustaquio.com.br\/en\/provincial-leaves-message-on-the-day-of-the-founder-of-the-sacred-hearts\/\" \/>\n<meta property=\"og:site_name\" content=\"Padre Eust\u00e1quio\" \/>\n<meta property=\"article:publisher\" content=\"https:\/\/www.facebook.com\/beatopadreeustaquio\/\" \/>\n<meta property=\"article:published_time\" content=\"2023-03-27T11:30:34+00:00\" \/>\n<meta property=\"article:modified_time\" content=\"2023-03-27T11:32:15+00:00\" \/>\n<meta property=\"og:image\" content=\"https:\/\/www.padreeustaquio.com.br\/wp-content\/uploads\/2023\/03\/bom-pai-e1679916711995.png\" \/>\n\t<meta property=\"og:image:width\" content=\"899\" \/>\n\t<meta property=\"og:image:height\" content=\"416\" \/>\n\t<meta property=\"og:image:type\" content=\"image\/png\" \/>\n<meta name=\"author\" content=\"@sscc\" \/>\n<meta name=\"twitter:card\" content=\"summary_large_image\" \/>\n<meta name=\"twitter:creator\" content=\"@beatopeustaquio\" \/>\n<meta name=\"twitter:site\" content=\"@beatopeustaquio\" \/>\n<meta name=\"twitter:label1\" content=\"Written by\" \/>\n\t<meta name=\"twitter:data1\" content=\"@sscc\" \/>\n\t<meta name=\"twitter:label2\" content=\"Est. reading time\" \/>\n\t<meta name=\"twitter:data2\" content=\"3 minutes\" \/>\n<script type=\"application\/ld+json\" class=\"yoast-schema-graph\">{\"@context\":\"https:\/\/schema.org\",\"@graph\":[{\"@type\":\"Article\",\"@id\":\"https:\/\/www.padreeustaquio.com.br\/provincial-deixa-mensagem-no-dia-do-fundador-dos-sagrados-coracoes\/#article\",\"isPartOf\":{\"@id\":\"https:\/\/www.padreeustaquio.com.br\/provincial-deixa-mensagem-no-dia-do-fundador-dos-sagrados-coracoes\/\"},\"author\":{\"name\":\"@sscc\",\"@id\":\"https:\/\/www.padreeustaquio.com.br\/#\/schema\/person\/a2a51db1d00f1a7af0204a0f1ddb1566\"},\"headline\":\"Provincial deixa mensagem no dia do Fundador dos Sagrados Cora\u00e7\u00f5es\",\"datePublished\":\"2023-03-27T11:30:34+00:00\",\"dateModified\":\"2023-03-27T11:32:15+00:00\",\"mainEntityOfPage\":{\"@id\":\"https:\/\/www.padreeustaquio.com.br\/provincial-deixa-mensagem-no-dia-do-fundador-dos-sagrados-coracoes\/\"},\"wordCount\":540,\"commentCount\":0,\"publisher\":{\"@id\":\"https:\/\/www.padreeustaquio.com.br\/#organization\"},\"image\":{\"@id\":\"https:\/\/www.padreeustaquio.com.br\/provincial-deixa-mensagem-no-dia-do-fundador-dos-sagrados-coracoes\/#primaryimage\"},\"thumbnailUrl\":\"https:\/\/www.padreeustaquio.com.br\/wp-content\/uploads\/2023\/03\/bom-pai-e1679916711995.png\",\"articleSection\":[\"Not\u00edcias\"],\"inLanguage\":\"en-US\",\"potentialAction\":[{\"@type\":\"CommentAction\",\"name\":\"Comment\",\"target\":[\"https:\/\/www.padreeustaquio.com.br\/provincial-deixa-mensagem-no-dia-do-fundador-dos-sagrados-coracoes\/#respond\"]}]},{\"@type\":\"WebPage\",\"@id\":\"https:\/\/www.padreeustaquio.com.br\/provincial-deixa-mensagem-no-dia-do-fundador-dos-sagrados-coracoes\/\",\"url\":\"https:\/\/www.padreeustaquio.com.br\/provincial-deixa-mensagem-no-dia-do-fundador-dos-sagrados-coracoes\/\",\"name\":\"Provincial deixa mensagem no dia do Fundador dos Sagrados Cora\u00e7\u00f5es\",\"isPartOf\":{\"@id\":\"https:\/\/www.padreeustaquio.com.br\/#website\"},\"primaryImageOfPage\":{\"@id\":\"https:\/\/www.padreeustaquio.com.br\/provincial-deixa-mensagem-no-dia-do-fundador-dos-sagrados-coracoes\/#primaryimage\"},\"image\":{\"@id\":\"https:\/\/www.padreeustaquio.com.br\/provincial-deixa-mensagem-no-dia-do-fundador-dos-sagrados-coracoes\/#primaryimage\"},\"thumbnailUrl\":\"https:\/\/www.padreeustaquio.com.br\/wp-content\/uploads\/2023\/03\/bom-pai-e1679916711995.png\",\"datePublished\":\"2023-03-27T11:30:34+00:00\",\"dateModified\":\"2023-03-27T11:32:15+00:00\",\"description\":\"Hoje, dia 27 de mar\u00e7o, a Congrega\u00e7\u00e3o dos Sagrados Cora\u00e7\u00f5es faz mem\u00f3ria \u00e0 morte de seu fundador, o padre Jos\u00e9 Maria Coudrin, ss.cc. Marcando a data, t\u00e3o importante para a Igreja, o padre provincial do Brasil - regi\u00e3o do Paraguai, deixa uma mensagem a todos os religiosos, religiosas, leigos e leigas. Confira na \u00edntegra!\",\"breadcrumb\":{\"@id\":\"https:\/\/www.padreeustaquio.com.br\/provincial-deixa-mensagem-no-dia-do-fundador-dos-sagrados-coracoes\/#breadcrumb\"},\"inLanguage\":\"en-US\",\"potentialAction\":[{\"@type\":\"ReadAction\",\"target\":[\"https:\/\/www.padreeustaquio.com.br\/provincial-deixa-mensagem-no-dia-do-fundador-dos-sagrados-coracoes\/\"]}]},{\"@type\":\"ImageObject\",\"inLanguage\":\"en-US\",\"@id\":\"https:\/\/www.padreeustaquio.com.br\/provincial-deixa-mensagem-no-dia-do-fundador-dos-sagrados-coracoes\/#primaryimage\",\"url\":\"https:\/\/www.padreeustaquio.com.br\/wp-content\/uploads\/2023\/03\/bom-pai-e1679916711995.png\",\"contentUrl\":\"https:\/\/www.padreeustaquio.com.br\/wp-content\/uploads\/2023\/03\/bom-pai-e1679916711995.png\",\"width\":899,\"height\":416},{\"@type\":\"BreadcrumbList\",\"@id\":\"https:\/\/www.padreeustaquio.com.br\/provincial-deixa-mensagem-no-dia-do-fundador-dos-sagrados-coracoes\/#breadcrumb\",\"itemListElement\":[{\"@type\":\"ListItem\",\"position\":1,\"name\":\"In\u00edcio\",\"item\":\"https:\/\/www.padreeustaquio.com.br\/\"},{\"@type\":\"ListItem\",\"position\":2,\"name\":\"Provincial deixa mensagem no dia do Fundador dos Sagrados Cora\u00e7\u00f5es\"}]},{\"@type\":\"WebSite\",\"@id\":\"https:\/\/www.padreeustaquio.com.br\/#website\",\"url\":\"https:\/\/www.padreeustaquio.com.br\/\",\"name\":\"Padre Eust\u00e1quio\",\"description\":\"Sa\u00fade e Paz\",\"publisher\":{\"@id\":\"https:\/\/www.padreeustaquio.com.br\/#organization\"},\"potentialAction\":[{\"@type\":\"SearchAction\",\"target\":{\"@type\":\"EntryPoint\",\"urlTemplate\":\"https:\/\/www.padreeustaquio.com.br\/?s={search_term_string}\"},\"query-input\":{\"@type\":\"PropertyValueSpecification\",\"valueRequired\":true,\"valueName\":\"search_term_string\"}}],\"inLanguage\":\"en-US\"},{\"@type\":\"Organization\",\"@id\":\"https:\/\/www.padreeustaquio.com.br\/#organization\",\"name\":\"Padre Eust\u00e1quio\",\"url\":\"https:\/\/www.padreeustaquio.com.br\/\",\"logo\":{\"@type\":\"ImageObject\",\"inLanguage\":\"en-US\",\"@id\":\"https:\/\/www.padreeustaquio.com.br\/#\/schema\/logo\/image\/\",\"url\":\"https:\/\/www.padreeustaquio.com.br\/wp-content\/uploads\/2019\/08\/marca.png\",\"contentUrl\":\"https:\/\/www.padreeustaquio.com.br\/wp-content\/uploads\/2019\/08\/marca.png\",\"width\":350,\"height\":400,\"caption\":\"Padre Eust\u00e1quio\"},\"image\":{\"@id\":\"https:\/\/www.padreeustaquio.com.br\/#\/schema\/logo\/image\/\"},\"sameAs\":[\"https:\/\/www.facebook.com\/beatopadreeustaquio\/\",\"https:\/\/x.com\/beatopeustaquio\",\"https:\/\/www.instagram.com\/beatopadreeustaquio\/\",\"https:\/\/www.youtube.com\/channel\/UCRhw7vfabnajwLxb1ZXMeIw\"]},{\"@type\":\"Person\",\"@id\":\"https:\/\/www.padreeustaquio.com.br\/#\/schema\/person\/a2a51db1d00f1a7af0204a0f1ddb1566\",\"name\":\"@sscc\",\"image\":{\"@type\":\"ImageObject\",\"inLanguage\":\"en-US\",\"@id\":\"https:\/\/secure.gravatar.com\/avatar\/68cfafa5f44617fea54071e215026e0ff06be366c3d54a8425f04fdcb86f8c5f?s=96&d=mm&r=g\",\"url\":\"https:\/\/secure.gravatar.com\/avatar\/68cfafa5f44617fea54071e215026e0ff06be366c3d54a8425f04fdcb86f8c5f?s=96&d=mm&r=g\",\"contentUrl\":\"https:\/\/secure.gravatar.com\/avatar\/68cfafa5f44617fea54071e215026e0ff06be366c3d54a8425f04fdcb86f8c5f?s=96&d=mm&r=g\",\"caption\":\"@sscc\"},\"url\":\"https:\/\/www.padreeustaquio.com.br\/en\/author\/sscc\/\"}]}<\/script>\n<!-- \/ Yoast SEO plugin. -->","yoast_head_json":{"title":"Provincial leaves a message on the day of the Founder of the Sacred Hearts.","description":"Today, March 27th, the Congregation of the Sacred Hearts commemorates the death of its founder, Father Jos\u00e9 Maria Coudrin, ss.cc. Marking this important date for the Church, the Provincial Father of Brazil - Paraguay region, leaves a message for all religious men and women, lay people, and lay people. Read the full message below!","robots":{"index":"index","follow":"follow","max-snippet":"max-snippet:-1","max-image-preview":"max-image-preview:large","max-video-preview":"max-video-preview:-1"},"canonical":"https:\/\/www.padreeustaquio.com.br\/en\/provincial-leaves-message-on-the-day-of-the-founder-of-the-sacred-hearts\/","og_locale":"en_US","og_type":"article","og_title":"Provincial deixa mensagem no dia do Fundador dos Sagrados Cora\u00e7\u00f5es","og_description":"Hoje, dia 27 de mar\u00e7o, a Congrega\u00e7\u00e3o dos Sagrados Cora\u00e7\u00f5es faz mem\u00f3ria \u00e0 morte de seu fundador, o padre Jos\u00e9 Maria Coudrin, ss.cc. Marcando a data, t\u00e3o importante para a Igreja, o padre provincial do Brasil - regi\u00e3o do Paraguai, deixa uma mensagem a todos os religiosos, religiosas, leigos e leigas. Confira na \u00edntegra!","og_url":"https:\/\/www.padreeustaquio.com.br\/en\/provincial-leaves-message-on-the-day-of-the-founder-of-the-sacred-hearts\/","og_site_name":"Padre Eust\u00e1quio","article_publisher":"https:\/\/www.facebook.com\/beatopadreeustaquio\/","article_published_time":"2023-03-27T11:30:34+00:00","article_modified_time":"2023-03-27T11:32:15+00:00","og_image":[{"width":899,"height":416,"url":"https:\/\/www.padreeustaquio.com.br\/wp-content\/uploads\/2023\/03\/bom-pai-e1679916711995.png","type":"image\/png"}],"author":"@sscc","twitter_card":"summary_large_image","twitter_creator":"@beatopeustaquio","twitter_site":"@beatopeustaquio","twitter_misc":{"Written by":"@sscc","Est. reading time":"3 minutes"},"schema":{"@context":"https:\/\/schema.org","@graph":[{"@type":"Article","@id":"https:\/\/www.padreeustaquio.com.br\/provincial-deixa-mensagem-no-dia-do-fundador-dos-sagrados-coracoes\/#article","isPartOf":{"@id":"https:\/\/www.padreeustaquio.com.br\/provincial-deixa-mensagem-no-dia-do-fundador-dos-sagrados-coracoes\/"},"author":{"name":"@sscc","@id":"https:\/\/www.padreeustaquio.com.br\/#\/schema\/person\/a2a51db1d00f1a7af0204a0f1ddb1566"},"headline":"Provincial deixa mensagem no dia do Fundador dos Sagrados Cora\u00e7\u00f5es","datePublished":"2023-03-27T11:30:34+00:00","dateModified":"2023-03-27T11:32:15+00:00","mainEntityOfPage":{"@id":"https:\/\/www.padreeustaquio.com.br\/provincial-deixa-mensagem-no-dia-do-fundador-dos-sagrados-coracoes\/"},"wordCount":540,"commentCount":0,"publisher":{"@id":"https:\/\/www.padreeustaquio.com.br\/#organization"},"image":{"@id":"https:\/\/www.padreeustaquio.com.br\/provincial-deixa-mensagem-no-dia-do-fundador-dos-sagrados-coracoes\/#primaryimage"},"thumbnailUrl":"https:\/\/www.padreeustaquio.com.br\/wp-content\/uploads\/2023\/03\/bom-pai-e1679916711995.png","articleSection":["Not\u00edcias"],"inLanguage":"en-US","potentialAction":[{"@type":"CommentAction","name":"Comment","target":["https:\/\/www.padreeustaquio.com.br\/provincial-deixa-mensagem-no-dia-do-fundador-dos-sagrados-coracoes\/#respond"]}]},{"@type":"WebPage","@id":"https:\/\/www.padreeustaquio.com.br\/provincial-deixa-mensagem-no-dia-do-fundador-dos-sagrados-coracoes\/","url":"https:\/\/www.padreeustaquio.com.br\/provincial-deixa-mensagem-no-dia-do-fundador-dos-sagrados-coracoes\/","name":"Provincial leaves a message on the day of the Founder of the Sacred Hearts.","isPartOf":{"@id":"https:\/\/www.padreeustaquio.com.br\/#website"},"primaryImageOfPage":{"@id":"https:\/\/www.padreeustaquio.com.br\/provincial-deixa-mensagem-no-dia-do-fundador-dos-sagrados-coracoes\/#primaryimage"},"image":{"@id":"https:\/\/www.padreeustaquio.com.br\/provincial-deixa-mensagem-no-dia-do-fundador-dos-sagrados-coracoes\/#primaryimage"},"thumbnailUrl":"https:\/\/www.padreeustaquio.com.br\/wp-content\/uploads\/2023\/03\/bom-pai-e1679916711995.png","datePublished":"2023-03-27T11:30:34+00:00","dateModified":"2023-03-27T11:32:15+00:00","description":"Today, March 27th, the Congregation of the Sacred Hearts commemorates the death of its founder, Father Jos\u00e9 Maria Coudrin, ss.cc. Marking this important date for the Church, the Provincial Father of Brazil - Paraguay region, leaves a message for all religious men and women, lay people, and lay people. Read the full message below!","breadcrumb":{"@id":"https:\/\/www.padreeustaquio.com.br\/provincial-deixa-mensagem-no-dia-do-fundador-dos-sagrados-coracoes\/#breadcrumb"},"inLanguage":"en-US","potentialAction":[{"@type":"ReadAction","target":["https:\/\/www.padreeustaquio.com.br\/provincial-deixa-mensagem-no-dia-do-fundador-dos-sagrados-coracoes\/"]}]},{"@type":"ImageObject","inLanguage":"en-US","@id":"https:\/\/www.padreeustaquio.com.br\/provincial-deixa-mensagem-no-dia-do-fundador-dos-sagrados-coracoes\/#primaryimage","url":"https:\/\/www.padreeustaquio.com.br\/wp-content\/uploads\/2023\/03\/bom-pai-e1679916711995.png","contentUrl":"https:\/\/www.padreeustaquio.com.br\/wp-content\/uploads\/2023\/03\/bom-pai-e1679916711995.png","width":899,"height":416},{"@type":"BreadcrumbList","@id":"https:\/\/www.padreeustaquio.com.br\/provincial-deixa-mensagem-no-dia-do-fundador-dos-sagrados-coracoes\/#breadcrumb","itemListElement":[{"@type":"ListItem","position":1,"name":"In\u00edcio","item":"https:\/\/www.padreeustaquio.com.br\/"},{"@type":"ListItem","position":2,"name":"Provincial deixa mensagem no dia do Fundador dos Sagrados Cora\u00e7\u00f5es"}]},{"@type":"WebSite","@id":"https:\/\/www.padreeustaquio.com.br\/#website","url":"https:\/\/www.padreeustaquio.com.br\/","name":"FATHER EUST\u00c1QUIO","description":"Health and Peace","publisher":{"@id":"https:\/\/www.padreeustaquio.com.br\/#organization"},"potentialAction":[{"@type":"SearchAction","target":{"@type":"EntryPoint","urlTemplate":"https:\/\/www.padreeustaquio.com.br\/?s={search_term_string}"},"query-input":{"@type":"PropertyValueSpecification","valueRequired":true,"valueName":"search_term_string"}}],"inLanguage":"en-US"},{"@type":"Organization","@id":"https:\/\/www.padreeustaquio.com.br\/#organization","name":"FATHER EUST\u00c1QUIO","url":"https:\/\/www.padreeustaquio.com.br\/","logo":{"@type":"ImageObject","inLanguage":"en-US","@id":"https:\/\/www.padreeustaquio.com.br\/#\/schema\/logo\/image\/","url":"https:\/\/www.padreeustaquio.com.br\/wp-content\/uploads\/2019\/08\/marca.png","contentUrl":"https:\/\/www.padreeustaquio.com.br\/wp-content\/uploads\/2019\/08\/marca.png","width":350,"height":400,"caption":"Padre Eust\u00e1quio"},"image":{"@id":"https:\/\/www.padreeustaquio.com.br\/#\/schema\/logo\/image\/"},"sameAs":["https:\/\/www.facebook.com\/beatopadreeustaquio\/","https:\/\/x.com\/beatopeustaquio","https:\/\/www.instagram.com\/beatopadreeustaquio\/","https:\/\/www.youtube.com\/channel\/UCRhw7vfabnajwLxb1ZXMeIw"]},{"@type":"Person","@id":"https:\/\/www.padreeustaquio.com.br\/#\/schema\/person\/a2a51db1d00f1a7af0204a0f1ddb1566","name":"@sscc","image":{"@type":"ImageObject","inLanguage":"en-US","@id":"https:\/\/secure.gravatar.com\/avatar\/68cfafa5f44617fea54071e215026e0ff06be366c3d54a8425f04fdcb86f8c5f?s=96&d=mm&r=g","url":"https:\/\/secure.gravatar.com\/avatar\/68cfafa5f44617fea54071e215026e0ff06be366c3d54a8425f04fdcb86f8c5f?s=96&d=mm&r=g","contentUrl":"https:\/\/secure.gravatar.com\/avatar\/68cfafa5f44617fea54071e215026e0ff06be366c3d54a8425f04fdcb86f8c5f?s=96&d=mm&r=g","caption":"@sscc"},"url":"https:\/\/www.padreeustaquio.com.br\/en\/author\/sscc\/"}]}},"_links":{"self":[{"href":"https:\/\/www.padreeustaquio.com.br\/en\/wp-json\/wp\/v2\/posts\/10090","targetHints":{"allow":["GET"]}}],"collection":[{"href":"https:\/\/www.padreeustaquio.com.br\/en\/wp-json\/wp\/v2\/posts"}],"about":[{"href":"https:\/\/www.padreeustaquio.com.br\/en\/wp-json\/wp\/v2\/types\/post"}],"author":[{"embeddable":true,"href":"https:\/\/www.padreeustaquio.com.br\/en\/wp-json\/wp\/v2\/users\/2"}],"replies":[{"embeddable":true,"href":"https:\/\/www.padreeustaquio.com.br\/en\/wp-json\/wp\/v2\/comments?post=10090"}],"version-history":[{"count":0,"href":"https:\/\/www.padreeustaquio.com.br\/en\/wp-json\/wp\/v2\/posts\/10090\/revisions"}],"wp:featuredmedia":[{"embeddable":true,"href":"https:\/\/www.padreeustaquio.com.br\/en\/wp-json\/wp\/v2\/media\/10091"}],"wp:attachment":[{"href":"https:\/\/www.padreeustaquio.com.br\/en\/wp-json\/wp\/v2\/media?parent=10090"}],"wp:term":[{"taxonomy":"category","embeddable":true,"href":"https:\/\/www.padreeustaquio.com.br\/en\/wp-json\/wp\/v2\/categories?post=10090"},{"taxonomy":"post_tag","embeddable":true,"href":"https:\/\/www.padreeustaquio.com.br\/en\/wp-json\/wp\/v2\/tags?post=10090"}],"curies":[{"name":"wp","href":"https:\/\/api.w.org\/{rel}","templated":true}]}}