{"id":10081,"date":"2023-03-23T08:29:30","date_gmt":"2023-03-23T11:29:30","guid":{"rendered":"https:\/\/www.padreeustaquio.com.br\/?p=10081"},"modified":"2023-03-23T08:30:04","modified_gmt":"2023-03-23T11:30:04","slug":"discover-the-history-of-the-santa-casa-de-misericordia-padre-eustaquio-in-ibia-mg","status":"publish","type":"post","link":"https:\/\/www.padreeustaquio.com.br\/en\/discover-the-history-of-the-santa-casa-de-misericordia-padre-eustaquio-in-ibia-mg\/","title":{"rendered":"Learn about the history of the Santa Casa de Miseric\u00f3rdia Padre Eust\u00e1quio, in Ibi\u00e1-MG."},"content":{"rendered":"<p>In 1942, Father Eust\u00e1quio was sent as a temporary parish priest to the city of Ibi\u00e1-MG, where he stayed for less than two months, but he left behind the project for the Santa Casa (Holy House) that today bears his name.<\/p>\n\n\n\n<p>In the parish register of S\u00e3o Pedro de Alc\u00e2ntara, in the city of Ibi\u00e1, Father Eust\u00e1quio wrote about having received land for the construction of an asylum and a charitable institution.<\/p>\n\n\n\n<p><em>\u201c&quot;There was a donation of land of approximately 3 alqueires (approximately 7.26 hectares) by the distinguished caretaker of Elisena, for the benefit of a charitable institution and an asylum. The deed was registered in the name of the Church of Saint Peter of Alcantara. Another plot of land for the benefit of the charitable institution was donated to the parish church by the benevolent lady, Dona Modesta.&quot;.<br>&quot;May God bless this beautiful parish with its good people, its school with the most worthy Chaplain Canon-Mgr Almir, who has assisted us so much in the ministry of the parish.&quot;\u201d<\/em><\/p>\n\n\n\n<p>Inspired by Father Eust\u00e1quio&#039;s work with the sick and needy, the Santa Casa de Miseric\u00f3rdia Padre Eust\u00e1quio was inaugurated in 1956 and continues to serve the population to this day in the square that bears the same name as the Blessed: Pra\u00e7a Padre Eust\u00e1quio, in the center of Ibi\u00e1, a city in the Alto Parana\u00edba region of Minas Gerais.<\/p>\n\n\n\n<p> <\/p>","protected":false},"excerpt":{"rendered":"<p>Em 1942, Padre Eust\u00e1quio foi enviado como p\u00e1roco provis\u00f3rio \u00e0 cidade de Ibi\u00e1-MG, onde nem completou dois meses, mas deixou plantado o projeto da Santa Casa que hoje leva o nome dele. No livro de tombo da Par\u00f3quia S\u00e3o Pedro de Alc\u00e2ntara, da cidade de Ibi\u00e1, Padre Eust\u00e1quio escreveu sobre ter ganhado um terreno para a constru\u00e7\u00e3o de um Asilo e de uma Santa Casa. \u201c Houve uma doa\u00e7\u00e3o de terreno de mais ou menos 3 alqueires pela distinta zeladora da Elisena, em benef\u00edcio de uma santa casa e um asilo. A escritura foi registrada em nome da Igreja de [&hellip;]<\/p>\n","protected":false},"author":2,"featured_media":10082,"comment_status":"open","ping_status":"closed","sticky":false,"template":"","format":"standard","meta":{"_acf_changed":false,"footnotes":""},"categories":[611],"tags":[],"class_list":["post-10081","post","type-post","status-publish","format-standard","has-post-thumbnail","hentry","category-noticias"],"acf":[],"yoast_head":"<!-- This site is optimized with the Yoast SEO plugin v27.2 - https:\/\/yoast.com\/product\/yoast-seo-wordpress\/ -->\n<title>Conhe\u00e7a a hist\u00f3ria da Santa Casa de Miseric\u00f3rdia Padre Eust\u00e1quio, em Ibi\u00e1-MG<\/title>\n<meta name=\"description\" content=\"Em 1942, Padre Eust\u00e1quio foi enviado como p\u00e1roco provis\u00f3rio \u00e0 cidade de Ibi\u00e1-MG, onde nem completou dois meses, mas deixou plantado o projeto da Santa Casa que hoje leva o nome dele. No livro de tombo da Par\u00f3quia S\u00e3o Pedro de Alc\u00e2ntara, da cidade de Ibi\u00e1, Padre Eust\u00e1quio escreveu sobre ter ganhado um terreno para a constru\u00e7\u00e3o de um Asilo e de uma Santa Casa.\" \/>\n<meta name=\"robots\" content=\"index, follow, max-snippet:-1, max-image-preview:large, max-video-preview:-1\" \/>\n<link rel=\"canonical\" href=\"https:\/\/www.padreeustaquio.com.br\/en\/discover-the-history-of-the-santa-casa-de-misericordia-padre-eustaquio-in-ibia-mg\/\" \/>\n<meta property=\"og:locale\" content=\"en_US\" \/>\n<meta property=\"og:type\" content=\"article\" \/>\n<meta property=\"og:title\" content=\"Conhe\u00e7a a hist\u00f3ria da Santa Casa de Miseric\u00f3rdia Padre Eust\u00e1quio, em Ibi\u00e1-MG\" \/>\n<meta property=\"og:description\" content=\"Em 1942, Padre Eust\u00e1quio foi enviado como p\u00e1roco provis\u00f3rio \u00e0 cidade de Ibi\u00e1-MG, onde nem completou dois meses, mas deixou plantado o projeto da Santa Casa que hoje leva o nome dele. No livro de tombo da Par\u00f3quia S\u00e3o Pedro de Alc\u00e2ntara, da cidade de Ibi\u00e1, Padre Eust\u00e1quio escreveu sobre ter ganhado um terreno para a constru\u00e7\u00e3o de um Asilo e de uma Santa Casa.\" \/>\n<meta property=\"og:url\" content=\"https:\/\/www.padreeustaquio.com.br\/en\/discover-the-history-of-the-santa-casa-de-misericordia-padre-eustaquio-in-ibia-mg\/\" \/>\n<meta property=\"og:site_name\" content=\"Padre Eust\u00e1quio\" \/>\n<meta property=\"article:publisher\" content=\"https:\/\/www.facebook.com\/beatopadreeustaquio\/\" \/>\n<meta property=\"article:published_time\" content=\"2023-03-23T11:29:30+00:00\" \/>\n<meta property=\"article:modified_time\" content=\"2023-03-23T11:30:04+00:00\" \/>\n<meta property=\"og:image\" content=\"https:\/\/www.padreeustaquio.com.br\/wp-content\/uploads\/2023\/03\/santa-casa-de-ibia.jpeg\" \/>\n\t<meta property=\"og:image:width\" content=\"680\" \/>\n\t<meta property=\"og:image:height\" content=\"382\" \/>\n\t<meta property=\"og:image:type\" content=\"image\/jpeg\" \/>\n<meta name=\"author\" content=\"@sscc\" \/>\n<meta name=\"twitter:card\" content=\"summary_large_image\" \/>\n<meta name=\"twitter:creator\" content=\"@beatopeustaquio\" \/>\n<meta name=\"twitter:site\" content=\"@beatopeustaquio\" \/>\n<meta name=\"twitter:label1\" content=\"Written by\" \/>\n\t<meta name=\"twitter:data1\" content=\"@sscc\" \/>\n<script type=\"application\/ld+json\" class=\"yoast-schema-graph\">{\"@context\":\"https:\/\/schema.org\",\"@graph\":[{\"@type\":\"Article\",\"@id\":\"https:\/\/www.padreeustaquio.com.br\/conheca-a-historia-da-santa-casa-de-misericordia-padre-eustaquio-em-ibia-mg\/#article\",\"isPartOf\":{\"@id\":\"https:\/\/www.padreeustaquio.com.br\/conheca-a-historia-da-santa-casa-de-misericordia-padre-eustaquio-em-ibia-mg\/\"},\"author\":{\"name\":\"@sscc\",\"@id\":\"https:\/\/www.padreeustaquio.com.br\/#\/schema\/person\/a2a51db1d00f1a7af0204a0f1ddb1566\"},\"headline\":\"Conhe\u00e7a a hist\u00f3ria da Santa Casa de Miseric\u00f3rdia Padre Eust\u00e1quio, em Ibi\u00e1-MG\",\"datePublished\":\"2023-03-23T11:29:30+00:00\",\"dateModified\":\"2023-03-23T11:30:04+00:00\",\"mainEntityOfPage\":{\"@id\":\"https:\/\/www.padreeustaquio.com.br\/conheca-a-historia-da-santa-casa-de-misericordia-padre-eustaquio-em-ibia-mg\/\"},\"wordCount\":238,\"commentCount\":0,\"publisher\":{\"@id\":\"https:\/\/www.padreeustaquio.com.br\/#organization\"},\"image\":{\"@id\":\"https:\/\/www.padreeustaquio.com.br\/conheca-a-historia-da-santa-casa-de-misericordia-padre-eustaquio-em-ibia-mg\/#primaryimage\"},\"thumbnailUrl\":\"https:\/\/www.padreeustaquio.com.br\/wp-content\/uploads\/2023\/03\/santa-casa-de-ibia.jpeg\",\"articleSection\":[\"Not\u00edcias\"],\"inLanguage\":\"en-US\",\"potentialAction\":[{\"@type\":\"CommentAction\",\"name\":\"Comment\",\"target\":[\"https:\/\/www.padreeustaquio.com.br\/conheca-a-historia-da-santa-casa-de-misericordia-padre-eustaquio-em-ibia-mg\/#respond\"]}]},{\"@type\":\"WebPage\",\"@id\":\"https:\/\/www.padreeustaquio.com.br\/conheca-a-historia-da-santa-casa-de-misericordia-padre-eustaquio-em-ibia-mg\/\",\"url\":\"https:\/\/www.padreeustaquio.com.br\/conheca-a-historia-da-santa-casa-de-misericordia-padre-eustaquio-em-ibia-mg\/\",\"name\":\"Conhe\u00e7a a hist\u00f3ria da Santa Casa de Miseric\u00f3rdia Padre Eust\u00e1quio, em Ibi\u00e1-MG\",\"isPartOf\":{\"@id\":\"https:\/\/www.padreeustaquio.com.br\/#website\"},\"primaryImageOfPage\":{\"@id\":\"https:\/\/www.padreeustaquio.com.br\/conheca-a-historia-da-santa-casa-de-misericordia-padre-eustaquio-em-ibia-mg\/#primaryimage\"},\"image\":{\"@id\":\"https:\/\/www.padreeustaquio.com.br\/conheca-a-historia-da-santa-casa-de-misericordia-padre-eustaquio-em-ibia-mg\/#primaryimage\"},\"thumbnailUrl\":\"https:\/\/www.padreeustaquio.com.br\/wp-content\/uploads\/2023\/03\/santa-casa-de-ibia.jpeg\",\"datePublished\":\"2023-03-23T11:29:30+00:00\",\"dateModified\":\"2023-03-23T11:30:04+00:00\",\"description\":\"Em 1942, Padre Eust\u00e1quio foi enviado como p\u00e1roco provis\u00f3rio \u00e0 cidade de Ibi\u00e1-MG, onde nem completou dois meses, mas deixou plantado o projeto da Santa Casa que hoje leva o nome dele. No livro de tombo da Par\u00f3quia S\u00e3o Pedro de Alc\u00e2ntara, da cidade de Ibi\u00e1, Padre Eust\u00e1quio escreveu sobre ter ganhado um terreno para a constru\u00e7\u00e3o de um Asilo e de uma Santa Casa.\",\"breadcrumb\":{\"@id\":\"https:\/\/www.padreeustaquio.com.br\/conheca-a-historia-da-santa-casa-de-misericordia-padre-eustaquio-em-ibia-mg\/#breadcrumb\"},\"inLanguage\":\"en-US\",\"potentialAction\":[{\"@type\":\"ReadAction\",\"target\":[\"https:\/\/www.padreeustaquio.com.br\/conheca-a-historia-da-santa-casa-de-misericordia-padre-eustaquio-em-ibia-mg\/\"]}]},{\"@type\":\"ImageObject\",\"inLanguage\":\"en-US\",\"@id\":\"https:\/\/www.padreeustaquio.com.br\/conheca-a-historia-da-santa-casa-de-misericordia-padre-eustaquio-em-ibia-mg\/#primaryimage\",\"url\":\"https:\/\/www.padreeustaquio.com.br\/wp-content\/uploads\/2023\/03\/santa-casa-de-ibia.jpeg\",\"contentUrl\":\"https:\/\/www.padreeustaquio.com.br\/wp-content\/uploads\/2023\/03\/santa-casa-de-ibia.jpeg\",\"width\":680,\"height\":382},{\"@type\":\"BreadcrumbList\",\"@id\":\"https:\/\/www.padreeustaquio.com.br\/conheca-a-historia-da-santa-casa-de-misericordia-padre-eustaquio-em-ibia-mg\/#breadcrumb\",\"itemListElement\":[{\"@type\":\"ListItem\",\"position\":1,\"name\":\"In\u00edcio\",\"item\":\"https:\/\/www.padreeustaquio.com.br\/\"},{\"@type\":\"ListItem\",\"position\":2,\"name\":\"Conhe\u00e7a a hist\u00f3ria da Santa Casa de Miseric\u00f3rdia Padre Eust\u00e1quio, em Ibi\u00e1-MG\"}]},{\"@type\":\"WebSite\",\"@id\":\"https:\/\/www.padreeustaquio.com.br\/#website\",\"url\":\"https:\/\/www.padreeustaquio.com.br\/\",\"name\":\"Padre Eust\u00e1quio\",\"description\":\"Sa\u00fade e Paz\",\"publisher\":{\"@id\":\"https:\/\/www.padreeustaquio.com.br\/#organization\"},\"potentialAction\":[{\"@type\":\"SearchAction\",\"target\":{\"@type\":\"EntryPoint\",\"urlTemplate\":\"https:\/\/www.padreeustaquio.com.br\/?s={search_term_string}\"},\"query-input\":{\"@type\":\"PropertyValueSpecification\",\"valueRequired\":true,\"valueName\":\"search_term_string\"}}],\"inLanguage\":\"en-US\"},{\"@type\":\"Organization\",\"@id\":\"https:\/\/www.padreeustaquio.com.br\/#organization\",\"name\":\"Padre Eust\u00e1quio\",\"url\":\"https:\/\/www.padreeustaquio.com.br\/\",\"logo\":{\"@type\":\"ImageObject\",\"inLanguage\":\"en-US\",\"@id\":\"https:\/\/www.padreeustaquio.com.br\/#\/schema\/logo\/image\/\",\"url\":\"https:\/\/www.padreeustaquio.com.br\/wp-content\/uploads\/2019\/08\/marca.png\",\"contentUrl\":\"https:\/\/www.padreeustaquio.com.br\/wp-content\/uploads\/2019\/08\/marca.png\",\"width\":350,\"height\":400,\"caption\":\"Padre Eust\u00e1quio\"},\"image\":{\"@id\":\"https:\/\/www.padreeustaquio.com.br\/#\/schema\/logo\/image\/\"},\"sameAs\":[\"https:\/\/www.facebook.com\/beatopadreeustaquio\/\",\"https:\/\/x.com\/beatopeustaquio\",\"https:\/\/www.instagram.com\/beatopadreeustaquio\/\",\"https:\/\/www.youtube.com\/channel\/UCRhw7vfabnajwLxb1ZXMeIw\"]},{\"@type\":\"Person\",\"@id\":\"https:\/\/www.padreeustaquio.com.br\/#\/schema\/person\/a2a51db1d00f1a7af0204a0f1ddb1566\",\"name\":\"@sscc\",\"image\":{\"@type\":\"ImageObject\",\"inLanguage\":\"en-US\",\"@id\":\"https:\/\/secure.gravatar.com\/avatar\/68cfafa5f44617fea54071e215026e0ff06be366c3d54a8425f04fdcb86f8c5f?s=96&d=mm&r=g\",\"url\":\"https:\/\/secure.gravatar.com\/avatar\/68cfafa5f44617fea54071e215026e0ff06be366c3d54a8425f04fdcb86f8c5f?s=96&d=mm&r=g\",\"contentUrl\":\"https:\/\/secure.gravatar.com\/avatar\/68cfafa5f44617fea54071e215026e0ff06be366c3d54a8425f04fdcb86f8c5f?s=96&d=mm&r=g\",\"caption\":\"@sscc\"},\"url\":\"https:\/\/www.padreeustaquio.com.br\/en\/author\/sscc\/\"}]}<\/script>\n<!-- \/ Yoast SEO plugin. -->","yoast_head_json":{"title":"Learn about the history of the Santa Casa de Miseric\u00f3rdia Padre Eust\u00e1quio, in Ibi\u00e1-MG.","description":"In 1942, Father Eust\u00e1quio was sent as a temporary parish priest to the city of Ibi\u00e1-MG, where he stayed for less than two months, but he had already planted the project for the Santa Casa (charitable institution) that today bears his name. In the parish register of S\u00e3o Pedro de Alc\u00e2ntara, in the city of Ibi\u00e1, Father Eust\u00e1quio wrote about having received land for the construction of an asylum and a Santa Casa.","robots":{"index":"index","follow":"follow","max-snippet":"max-snippet:-1","max-image-preview":"max-image-preview:large","max-video-preview":"max-video-preview:-1"},"canonical":"https:\/\/www.padreeustaquio.com.br\/en\/discover-the-history-of-the-santa-casa-de-misericordia-padre-eustaquio-in-ibia-mg\/","og_locale":"en_US","og_type":"article","og_title":"Conhe\u00e7a a hist\u00f3ria da Santa Casa de Miseric\u00f3rdia Padre Eust\u00e1quio, em Ibi\u00e1-MG","og_description":"Em 1942, Padre Eust\u00e1quio foi enviado como p\u00e1roco provis\u00f3rio \u00e0 cidade de Ibi\u00e1-MG, onde nem completou dois meses, mas deixou plantado o projeto da Santa Casa que hoje leva o nome dele. No livro de tombo da Par\u00f3quia S\u00e3o Pedro de Alc\u00e2ntara, da cidade de Ibi\u00e1, Padre Eust\u00e1quio escreveu sobre ter ganhado um terreno para a constru\u00e7\u00e3o de um Asilo e de uma Santa Casa.","og_url":"https:\/\/www.padreeustaquio.com.br\/en\/discover-the-history-of-the-santa-casa-de-misericordia-padre-eustaquio-in-ibia-mg\/","og_site_name":"Padre Eust\u00e1quio","article_publisher":"https:\/\/www.facebook.com\/beatopadreeustaquio\/","article_published_time":"2023-03-23T11:29:30+00:00","article_modified_time":"2023-03-23T11:30:04+00:00","og_image":[{"width":680,"height":382,"url":"https:\/\/www.padreeustaquio.com.br\/wp-content\/uploads\/2023\/03\/santa-casa-de-ibia.jpeg","type":"image\/jpeg"}],"author":"@sscc","twitter_card":"summary_large_image","twitter_creator":"@beatopeustaquio","twitter_site":"@beatopeustaquio","twitter_misc":{"Written by":"@sscc"},"schema":{"@context":"https:\/\/schema.org","@graph":[{"@type":"Article","@id":"https:\/\/www.padreeustaquio.com.br\/conheca-a-historia-da-santa-casa-de-misericordia-padre-eustaquio-em-ibia-mg\/#article","isPartOf":{"@id":"https:\/\/www.padreeustaquio.com.br\/conheca-a-historia-da-santa-casa-de-misericordia-padre-eustaquio-em-ibia-mg\/"},"author":{"name":"@sscc","@id":"https:\/\/www.padreeustaquio.com.br\/#\/schema\/person\/a2a51db1d00f1a7af0204a0f1ddb1566"},"headline":"Conhe\u00e7a a hist\u00f3ria da Santa Casa de Miseric\u00f3rdia Padre Eust\u00e1quio, em Ibi\u00e1-MG","datePublished":"2023-03-23T11:29:30+00:00","dateModified":"2023-03-23T11:30:04+00:00","mainEntityOfPage":{"@id":"https:\/\/www.padreeustaquio.com.br\/conheca-a-historia-da-santa-casa-de-misericordia-padre-eustaquio-em-ibia-mg\/"},"wordCount":238,"commentCount":0,"publisher":{"@id":"https:\/\/www.padreeustaquio.com.br\/#organization"},"image":{"@id":"https:\/\/www.padreeustaquio.com.br\/conheca-a-historia-da-santa-casa-de-misericordia-padre-eustaquio-em-ibia-mg\/#primaryimage"},"thumbnailUrl":"https:\/\/www.padreeustaquio.com.br\/wp-content\/uploads\/2023\/03\/santa-casa-de-ibia.jpeg","articleSection":["Not\u00edcias"],"inLanguage":"en-US","potentialAction":[{"@type":"CommentAction","name":"Comment","target":["https:\/\/www.padreeustaquio.com.br\/conheca-a-historia-da-santa-casa-de-misericordia-padre-eustaquio-em-ibia-mg\/#respond"]}]},{"@type":"WebPage","@id":"https:\/\/www.padreeustaquio.com.br\/conheca-a-historia-da-santa-casa-de-misericordia-padre-eustaquio-em-ibia-mg\/","url":"https:\/\/www.padreeustaquio.com.br\/conheca-a-historia-da-santa-casa-de-misericordia-padre-eustaquio-em-ibia-mg\/","name":"Learn about the history of the Santa Casa de Miseric\u00f3rdia Padre Eust\u00e1quio, in Ibi\u00e1-MG.","isPartOf":{"@id":"https:\/\/www.padreeustaquio.com.br\/#website"},"primaryImageOfPage":{"@id":"https:\/\/www.padreeustaquio.com.br\/conheca-a-historia-da-santa-casa-de-misericordia-padre-eustaquio-em-ibia-mg\/#primaryimage"},"image":{"@id":"https:\/\/www.padreeustaquio.com.br\/conheca-a-historia-da-santa-casa-de-misericordia-padre-eustaquio-em-ibia-mg\/#primaryimage"},"thumbnailUrl":"https:\/\/www.padreeustaquio.com.br\/wp-content\/uploads\/2023\/03\/santa-casa-de-ibia.jpeg","datePublished":"2023-03-23T11:29:30+00:00","dateModified":"2023-03-23T11:30:04+00:00","description":"In 1942, Father Eust\u00e1quio was sent as a temporary parish priest to the city of Ibi\u00e1-MG, where he stayed for less than two months, but he had already planted the project for the Santa Casa (charitable institution) that today bears his name. In the parish register of S\u00e3o Pedro de Alc\u00e2ntara, in the city of Ibi\u00e1, Father Eust\u00e1quio wrote about having received land for the construction of an asylum and a Santa Casa.","breadcrumb":{"@id":"https:\/\/www.padreeustaquio.com.br\/conheca-a-historia-da-santa-casa-de-misericordia-padre-eustaquio-em-ibia-mg\/#breadcrumb"},"inLanguage":"en-US","potentialAction":[{"@type":"ReadAction","target":["https:\/\/www.padreeustaquio.com.br\/conheca-a-historia-da-santa-casa-de-misericordia-padre-eustaquio-em-ibia-mg\/"]}]},{"@type":"ImageObject","inLanguage":"en-US","@id":"https:\/\/www.padreeustaquio.com.br\/conheca-a-historia-da-santa-casa-de-misericordia-padre-eustaquio-em-ibia-mg\/#primaryimage","url":"https:\/\/www.padreeustaquio.com.br\/wp-content\/uploads\/2023\/03\/santa-casa-de-ibia.jpeg","contentUrl":"https:\/\/www.padreeustaquio.com.br\/wp-content\/uploads\/2023\/03\/santa-casa-de-ibia.jpeg","width":680,"height":382},{"@type":"BreadcrumbList","@id":"https:\/\/www.padreeustaquio.com.br\/conheca-a-historia-da-santa-casa-de-misericordia-padre-eustaquio-em-ibia-mg\/#breadcrumb","itemListElement":[{"@type":"ListItem","position":1,"name":"In\u00edcio","item":"https:\/\/www.padreeustaquio.com.br\/"},{"@type":"ListItem","position":2,"name":"Conhe\u00e7a a hist\u00f3ria da Santa Casa de Miseric\u00f3rdia Padre Eust\u00e1quio, em Ibi\u00e1-MG"}]},{"@type":"WebSite","@id":"https:\/\/www.padreeustaquio.com.br\/#website","url":"https:\/\/www.padreeustaquio.com.br\/","name":"FATHER EUST\u00c1QUIO","description":"Health and Peace","publisher":{"@id":"https:\/\/www.padreeustaquio.com.br\/#organization"},"potentialAction":[{"@type":"SearchAction","target":{"@type":"EntryPoint","urlTemplate":"https:\/\/www.padreeustaquio.com.br\/?s={search_term_string}"},"query-input":{"@type":"PropertyValueSpecification","valueRequired":true,"valueName":"search_term_string"}}],"inLanguage":"en-US"},{"@type":"Organization","@id":"https:\/\/www.padreeustaquio.com.br\/#organization","name":"FATHER EUST\u00c1QUIO","url":"https:\/\/www.padreeustaquio.com.br\/","logo":{"@type":"ImageObject","inLanguage":"en-US","@id":"https:\/\/www.padreeustaquio.com.br\/#\/schema\/logo\/image\/","url":"https:\/\/www.padreeustaquio.com.br\/wp-content\/uploads\/2019\/08\/marca.png","contentUrl":"https:\/\/www.padreeustaquio.com.br\/wp-content\/uploads\/2019\/08\/marca.png","width":350,"height":400,"caption":"Padre Eust\u00e1quio"},"image":{"@id":"https:\/\/www.padreeustaquio.com.br\/#\/schema\/logo\/image\/"},"sameAs":["https:\/\/www.facebook.com\/beatopadreeustaquio\/","https:\/\/x.com\/beatopeustaquio","https:\/\/www.instagram.com\/beatopadreeustaquio\/","https:\/\/www.youtube.com\/channel\/UCRhw7vfabnajwLxb1ZXMeIw"]},{"@type":"Person","@id":"https:\/\/www.padreeustaquio.com.br\/#\/schema\/person\/a2a51db1d00f1a7af0204a0f1ddb1566","name":"@sscc","image":{"@type":"ImageObject","inLanguage":"en-US","@id":"https:\/\/secure.gravatar.com\/avatar\/68cfafa5f44617fea54071e215026e0ff06be366c3d54a8425f04fdcb86f8c5f?s=96&d=mm&r=g","url":"https:\/\/secure.gravatar.com\/avatar\/68cfafa5f44617fea54071e215026e0ff06be366c3d54a8425f04fdcb86f8c5f?s=96&d=mm&r=g","contentUrl":"https:\/\/secure.gravatar.com\/avatar\/68cfafa5f44617fea54071e215026e0ff06be366c3d54a8425f04fdcb86f8c5f?s=96&d=mm&r=g","caption":"@sscc"},"url":"https:\/\/www.padreeustaquio.com.br\/en\/author\/sscc\/"}]}},"_links":{"self":[{"href":"https:\/\/www.padreeustaquio.com.br\/en\/wp-json\/wp\/v2\/posts\/10081","targetHints":{"allow":["GET"]}}],"collection":[{"href":"https:\/\/www.padreeustaquio.com.br\/en\/wp-json\/wp\/v2\/posts"}],"about":[{"href":"https:\/\/www.padreeustaquio.com.br\/en\/wp-json\/wp\/v2\/types\/post"}],"author":[{"embeddable":true,"href":"https:\/\/www.padreeustaquio.com.br\/en\/wp-json\/wp\/v2\/users\/2"}],"replies":[{"embeddable":true,"href":"https:\/\/www.padreeustaquio.com.br\/en\/wp-json\/wp\/v2\/comments?post=10081"}],"version-history":[{"count":0,"href":"https:\/\/www.padreeustaquio.com.br\/en\/wp-json\/wp\/v2\/posts\/10081\/revisions"}],"wp:featuredmedia":[{"embeddable":true,"href":"https:\/\/www.padreeustaquio.com.br\/en\/wp-json\/wp\/v2\/media\/10082"}],"wp:attachment":[{"href":"https:\/\/www.padreeustaquio.com.br\/en\/wp-json\/wp\/v2\/media?parent=10081"}],"wp:term":[{"taxonomy":"category","embeddable":true,"href":"https:\/\/www.padreeustaquio.com.br\/en\/wp-json\/wp\/v2\/categories?post=10081"},{"taxonomy":"post_tag","embeddable":true,"href":"https:\/\/www.padreeustaquio.com.br\/en\/wp-json\/wp\/v2\/tags?post=10081"}],"curies":[{"name":"wp","href":"https:\/\/api.w.org\/{rel}","templated":true}]}}