{"id":10078,"date":"2023-03-21T06:26:00","date_gmt":"2023-03-21T09:26:00","guid":{"rendered":"https:\/\/www.padreeustaquio.com.br\/?p=10078"},"modified":"2023-03-20T08:35:37","modified_gmt":"2023-03-20T11:35:37","slug":"ecc-will-hold-a-bazaar-at-the-sanctuary-of-health-and-peace","status":"publish","type":"post","link":"https:\/\/www.padreeustaquio.com.br\/en\/ecc-will-hold-a-bazaar-at-the-sanctuary-of-health-and-peace\/","title":{"rendered":"ECC will hold a bazaar at the Sanctuary of Health and Peace."},"content":{"rendered":"<p>The ECC (Encounter of Couples with Christ) group, from the Archdiocesan Sanctuary of Health and Peace, Padre Eust\u00e1quio Church, will hold a bazaar to raise funds for the next meeting. The bazaar will take place on Sunday, April 16th, at the Sacred Hearts Community Center, next to Padre Eust\u00e1quio Church.<\/p>\n\n\n\n<p>For the Bazaar, ECC is accepting donations of women&#039;s, men&#039;s, and children&#039;s clothing, household items, bedding, towels, books, and other materials in good condition.<\/p>\n\n\n\n<p>Donations can be left at the Parish Office of the Sanctuary. Remember to indicate when you drop them off that the items are intended for the ECC (Encontro de Casais com Cristo - Encounter of Couples with Christ).<\/p>\n\n\n\n<p><\/p>","protected":false},"excerpt":{"rendered":"<p>O ECC, Encontro de Casais com Cristo, do Santu\u00e1rio Arquidiocesano da Sa\u00fade e da Paz, Igreja do Padre Eust\u00e1quio, ir\u00e1 realizar um bazar para arrecadar fundos para a realiza\u00e7\u00e3o do pr\u00f3ximo encontro. O bazar ser\u00e1 realizado no domingo 16 de abril, no Centro Comunit\u00e1rio dos Sagrados Cora\u00e7\u00f5es, anexo \u00e0 Igreja do Padre Eust\u00e1quio. Para a realiza\u00e7\u00e3o do Bazar, o ECC est\u00e1 recebendo doa\u00e7\u00f5es de roupas femininas, masculinas, infantil, utens\u00edlios de casa, roupas de cama, toalhas, livros, entre outros materiais em bom estado de conserva\u00e7\u00e3o. As doa\u00e7\u00f5es podem ser deixadas na Secretaria Paroquial do Santu\u00e1rio. N\u00e3o esque\u00e7a de sinalizar no ato [&hellip;]<\/p>\n","protected":false},"author":2,"featured_media":10079,"comment_status":"open","ping_status":"closed","sticky":false,"template":"","format":"standard","meta":{"_acf_changed":false,"footnotes":""},"categories":[611],"tags":[],"class_list":["post-10078","post","type-post","status-publish","format-standard","has-post-thumbnail","hentry","category-noticias"],"acf":[],"yoast_head":"<!-- This site is optimized with the Yoast SEO plugin v27.2 - https:\/\/yoast.com\/product\/yoast-seo-wordpress\/ -->\n<title>ECC realizar\u00e1 bazar no Santu\u00e1rio da Sa\u00fade e da Paz<\/title>\n<meta name=\"description\" content=\"O ECC, Encontro de Casais com Cristo, do Santu\u00e1rio Arquidiocesano da Sa\u00fade e da Paz, Igreja do Padre Eust\u00e1quio, ir\u00e1 realizar um bazar para arrecadar fundos para a realiza\u00e7\u00e3o do pr\u00f3ximo encontro. O bazar ser\u00e1 realizado no domingo 16 de abril, no Centro Comunit\u00e1rio dos Sagrados Cora\u00e7\u00f5es, anexo \u00e0 Igreja do Padre Eust\u00e1quio.\" \/>\n<meta name=\"robots\" content=\"index, follow, max-snippet:-1, max-image-preview:large, max-video-preview:-1\" \/>\n<link rel=\"canonical\" href=\"https:\/\/www.padreeustaquio.com.br\/en\/ecc-will-hold-a-bazaar-at-the-sanctuary-of-health-and-peace\/\" \/>\n<meta property=\"og:locale\" content=\"en_US\" \/>\n<meta property=\"og:type\" content=\"article\" \/>\n<meta property=\"og:title\" content=\"ECC realizar\u00e1 bazar no Santu\u00e1rio da Sa\u00fade e da Paz\" \/>\n<meta property=\"og:description\" content=\"O ECC, Encontro de Casais com Cristo, do Santu\u00e1rio Arquidiocesano da Sa\u00fade e da Paz, Igreja do Padre Eust\u00e1quio, ir\u00e1 realizar um bazar para arrecadar fundos para a realiza\u00e7\u00e3o do pr\u00f3ximo encontro. O bazar ser\u00e1 realizado no domingo 16 de abril, no Centro Comunit\u00e1rio dos Sagrados Cora\u00e7\u00f5es, anexo \u00e0 Igreja do Padre Eust\u00e1quio.\" \/>\n<meta property=\"og:url\" content=\"https:\/\/www.padreeustaquio.com.br\/en\/ecc-will-hold-a-bazaar-at-the-sanctuary-of-health-and-peace\/\" \/>\n<meta property=\"og:site_name\" content=\"Padre Eust\u00e1quio\" \/>\n<meta property=\"article:publisher\" content=\"https:\/\/www.facebook.com\/beatopadreeustaquio\/\" \/>\n<meta property=\"article:published_time\" content=\"2023-03-21T09:26:00+00:00\" \/>\n<meta property=\"og:image\" content=\"https:\/\/www.padreeustaquio.com.br\/wp-content\/uploads\/2023\/03\/bazar-ecc.jpeg\" \/>\n\t<meta property=\"og:image:width\" content=\"1600\" \/>\n\t<meta property=\"og:image:height\" content=\"900\" \/>\n\t<meta property=\"og:image:type\" content=\"image\/jpeg\" \/>\n<meta name=\"author\" content=\"@sscc\" \/>\n<meta name=\"twitter:card\" content=\"summary_large_image\" \/>\n<meta name=\"twitter:creator\" content=\"@beatopeustaquio\" \/>\n<meta name=\"twitter:site\" content=\"@beatopeustaquio\" \/>\n<meta name=\"twitter:label1\" content=\"Written by\" \/>\n\t<meta name=\"twitter:data1\" content=\"@sscc\" \/>\n\t<meta name=\"twitter:label2\" content=\"Est. reading time\" \/>\n\t<meta name=\"twitter:data2\" content=\"1 minute\" \/>\n<script type=\"application\/ld+json\" class=\"yoast-schema-graph\">{\"@context\":\"https:\/\/schema.org\",\"@graph\":[{\"@type\":\"Article\",\"@id\":\"https:\/\/www.padreeustaquio.com.br\/ecc-realizara-bazar-no-santuario-da-saude-e-da-paz\/#article\",\"isPartOf\":{\"@id\":\"https:\/\/www.padreeustaquio.com.br\/ecc-realizara-bazar-no-santuario-da-saude-e-da-paz\/\"},\"author\":{\"name\":\"@sscc\",\"@id\":\"https:\/\/www.padreeustaquio.com.br\/#\/schema\/person\/a2a51db1d00f1a7af0204a0f1ddb1566\"},\"headline\":\"ECC realizar\u00e1 bazar no Santu\u00e1rio da Sa\u00fade e da Paz\",\"datePublished\":\"2023-03-21T09:26:00+00:00\",\"mainEntityOfPage\":{\"@id\":\"https:\/\/www.padreeustaquio.com.br\/ecc-realizara-bazar-no-santuario-da-saude-e-da-paz\/\"},\"wordCount\":136,\"commentCount\":0,\"publisher\":{\"@id\":\"https:\/\/www.padreeustaquio.com.br\/#organization\"},\"image\":{\"@id\":\"https:\/\/www.padreeustaquio.com.br\/ecc-realizara-bazar-no-santuario-da-saude-e-da-paz\/#primaryimage\"},\"thumbnailUrl\":\"https:\/\/www.padreeustaquio.com.br\/wp-content\/uploads\/2023\/03\/bazar-ecc.jpeg\",\"articleSection\":[\"Not\u00edcias\"],\"inLanguage\":\"en-US\",\"potentialAction\":[{\"@type\":\"CommentAction\",\"name\":\"Comment\",\"target\":[\"https:\/\/www.padreeustaquio.com.br\/ecc-realizara-bazar-no-santuario-da-saude-e-da-paz\/#respond\"]}]},{\"@type\":\"WebPage\",\"@id\":\"https:\/\/www.padreeustaquio.com.br\/ecc-realizara-bazar-no-santuario-da-saude-e-da-paz\/\",\"url\":\"https:\/\/www.padreeustaquio.com.br\/ecc-realizara-bazar-no-santuario-da-saude-e-da-paz\/\",\"name\":\"ECC realizar\u00e1 bazar no Santu\u00e1rio da Sa\u00fade e da Paz\",\"isPartOf\":{\"@id\":\"https:\/\/www.padreeustaquio.com.br\/#website\"},\"primaryImageOfPage\":{\"@id\":\"https:\/\/www.padreeustaquio.com.br\/ecc-realizara-bazar-no-santuario-da-saude-e-da-paz\/#primaryimage\"},\"image\":{\"@id\":\"https:\/\/www.padreeustaquio.com.br\/ecc-realizara-bazar-no-santuario-da-saude-e-da-paz\/#primaryimage\"},\"thumbnailUrl\":\"https:\/\/www.padreeustaquio.com.br\/wp-content\/uploads\/2023\/03\/bazar-ecc.jpeg\",\"datePublished\":\"2023-03-21T09:26:00+00:00\",\"description\":\"O ECC, Encontro de Casais com Cristo, do Santu\u00e1rio Arquidiocesano da Sa\u00fade e da Paz, Igreja do Padre Eust\u00e1quio, ir\u00e1 realizar um bazar para arrecadar fundos para a realiza\u00e7\u00e3o do pr\u00f3ximo encontro. O bazar ser\u00e1 realizado no domingo 16 de abril, no Centro Comunit\u00e1rio dos Sagrados Cora\u00e7\u00f5es, anexo \u00e0 Igreja do Padre Eust\u00e1quio.\",\"breadcrumb\":{\"@id\":\"https:\/\/www.padreeustaquio.com.br\/ecc-realizara-bazar-no-santuario-da-saude-e-da-paz\/#breadcrumb\"},\"inLanguage\":\"en-US\",\"potentialAction\":[{\"@type\":\"ReadAction\",\"target\":[\"https:\/\/www.padreeustaquio.com.br\/ecc-realizara-bazar-no-santuario-da-saude-e-da-paz\/\"]}]},{\"@type\":\"ImageObject\",\"inLanguage\":\"en-US\",\"@id\":\"https:\/\/www.padreeustaquio.com.br\/ecc-realizara-bazar-no-santuario-da-saude-e-da-paz\/#primaryimage\",\"url\":\"https:\/\/www.padreeustaquio.com.br\/wp-content\/uploads\/2023\/03\/bazar-ecc.jpeg\",\"contentUrl\":\"https:\/\/www.padreeustaquio.com.br\/wp-content\/uploads\/2023\/03\/bazar-ecc.jpeg\",\"width\":1600,\"height\":900},{\"@type\":\"BreadcrumbList\",\"@id\":\"https:\/\/www.padreeustaquio.com.br\/ecc-realizara-bazar-no-santuario-da-saude-e-da-paz\/#breadcrumb\",\"itemListElement\":[{\"@type\":\"ListItem\",\"position\":1,\"name\":\"In\u00edcio\",\"item\":\"https:\/\/www.padreeustaquio.com.br\/\"},{\"@type\":\"ListItem\",\"position\":2,\"name\":\"ECC realizar\u00e1 bazar no Santu\u00e1rio da Sa\u00fade e da Paz\"}]},{\"@type\":\"WebSite\",\"@id\":\"https:\/\/www.padreeustaquio.com.br\/#website\",\"url\":\"https:\/\/www.padreeustaquio.com.br\/\",\"name\":\"Padre Eust\u00e1quio\",\"description\":\"Sa\u00fade e Paz\",\"publisher\":{\"@id\":\"https:\/\/www.padreeustaquio.com.br\/#organization\"},\"potentialAction\":[{\"@type\":\"SearchAction\",\"target\":{\"@type\":\"EntryPoint\",\"urlTemplate\":\"https:\/\/www.padreeustaquio.com.br\/?s={search_term_string}\"},\"query-input\":{\"@type\":\"PropertyValueSpecification\",\"valueRequired\":true,\"valueName\":\"search_term_string\"}}],\"inLanguage\":\"en-US\"},{\"@type\":\"Organization\",\"@id\":\"https:\/\/www.padreeustaquio.com.br\/#organization\",\"name\":\"Padre Eust\u00e1quio\",\"url\":\"https:\/\/www.padreeustaquio.com.br\/\",\"logo\":{\"@type\":\"ImageObject\",\"inLanguage\":\"en-US\",\"@id\":\"https:\/\/www.padreeustaquio.com.br\/#\/schema\/logo\/image\/\",\"url\":\"https:\/\/www.padreeustaquio.com.br\/wp-content\/uploads\/2019\/08\/marca.png\",\"contentUrl\":\"https:\/\/www.padreeustaquio.com.br\/wp-content\/uploads\/2019\/08\/marca.png\",\"width\":350,\"height\":400,\"caption\":\"Padre Eust\u00e1quio\"},\"image\":{\"@id\":\"https:\/\/www.padreeustaquio.com.br\/#\/schema\/logo\/image\/\"},\"sameAs\":[\"https:\/\/www.facebook.com\/beatopadreeustaquio\/\",\"https:\/\/x.com\/beatopeustaquio\",\"https:\/\/www.instagram.com\/beatopadreeustaquio\/\",\"https:\/\/www.youtube.com\/channel\/UCRhw7vfabnajwLxb1ZXMeIw\"]},{\"@type\":\"Person\",\"@id\":\"https:\/\/www.padreeustaquio.com.br\/#\/schema\/person\/a2a51db1d00f1a7af0204a0f1ddb1566\",\"name\":\"@sscc\",\"image\":{\"@type\":\"ImageObject\",\"inLanguage\":\"en-US\",\"@id\":\"https:\/\/secure.gravatar.com\/avatar\/68cfafa5f44617fea54071e215026e0ff06be366c3d54a8425f04fdcb86f8c5f?s=96&d=mm&r=g\",\"url\":\"https:\/\/secure.gravatar.com\/avatar\/68cfafa5f44617fea54071e215026e0ff06be366c3d54a8425f04fdcb86f8c5f?s=96&d=mm&r=g\",\"contentUrl\":\"https:\/\/secure.gravatar.com\/avatar\/68cfafa5f44617fea54071e215026e0ff06be366c3d54a8425f04fdcb86f8c5f?s=96&d=mm&r=g\",\"caption\":\"@sscc\"},\"url\":\"https:\/\/www.padreeustaquio.com.br\/en\/author\/sscc\/\"}]}<\/script>\n<!-- \/ Yoast SEO plugin. -->","yoast_head_json":{"title":"ECC will hold a bazaar at the Sanctuary of Health and Peace.","description":"The ECC (Encounter of Couples with Christ) group, from the Archdiocesan Sanctuary of Health and Peace, Padre Eust\u00e1quio Church, will hold a bazaar to raise funds for the next meeting. The bazaar will take place on Sunday, April 16th, at the Sacred Hearts Community Center, next to Padre Eust\u00e1quio Church.","robots":{"index":"index","follow":"follow","max-snippet":"max-snippet:-1","max-image-preview":"max-image-preview:large","max-video-preview":"max-video-preview:-1"},"canonical":"https:\/\/www.padreeustaquio.com.br\/en\/ecc-will-hold-a-bazaar-at-the-sanctuary-of-health-and-peace\/","og_locale":"en_US","og_type":"article","og_title":"ECC realizar\u00e1 bazar no Santu\u00e1rio da Sa\u00fade e da Paz","og_description":"O ECC, Encontro de Casais com Cristo, do Santu\u00e1rio Arquidiocesano da Sa\u00fade e da Paz, Igreja do Padre Eust\u00e1quio, ir\u00e1 realizar um bazar para arrecadar fundos para a realiza\u00e7\u00e3o do pr\u00f3ximo encontro. O bazar ser\u00e1 realizado no domingo 16 de abril, no Centro Comunit\u00e1rio dos Sagrados Cora\u00e7\u00f5es, anexo \u00e0 Igreja do Padre Eust\u00e1quio.","og_url":"https:\/\/www.padreeustaquio.com.br\/en\/ecc-will-hold-a-bazaar-at-the-sanctuary-of-health-and-peace\/","og_site_name":"Padre Eust\u00e1quio","article_publisher":"https:\/\/www.facebook.com\/beatopadreeustaquio\/","article_published_time":"2023-03-21T09:26:00+00:00","og_image":[{"width":1600,"height":900,"url":"https:\/\/www.padreeustaquio.com.br\/wp-content\/uploads\/2023\/03\/bazar-ecc.jpeg","type":"image\/jpeg"}],"author":"@sscc","twitter_card":"summary_large_image","twitter_creator":"@beatopeustaquio","twitter_site":"@beatopeustaquio","twitter_misc":{"Written by":"@sscc","Est. reading time":"1 minute"},"schema":{"@context":"https:\/\/schema.org","@graph":[{"@type":"Article","@id":"https:\/\/www.padreeustaquio.com.br\/ecc-realizara-bazar-no-santuario-da-saude-e-da-paz\/#article","isPartOf":{"@id":"https:\/\/www.padreeustaquio.com.br\/ecc-realizara-bazar-no-santuario-da-saude-e-da-paz\/"},"author":{"name":"@sscc","@id":"https:\/\/www.padreeustaquio.com.br\/#\/schema\/person\/a2a51db1d00f1a7af0204a0f1ddb1566"},"headline":"ECC realizar\u00e1 bazar no Santu\u00e1rio da Sa\u00fade e da Paz","datePublished":"2023-03-21T09:26:00+00:00","mainEntityOfPage":{"@id":"https:\/\/www.padreeustaquio.com.br\/ecc-realizara-bazar-no-santuario-da-saude-e-da-paz\/"},"wordCount":136,"commentCount":0,"publisher":{"@id":"https:\/\/www.padreeustaquio.com.br\/#organization"},"image":{"@id":"https:\/\/www.padreeustaquio.com.br\/ecc-realizara-bazar-no-santuario-da-saude-e-da-paz\/#primaryimage"},"thumbnailUrl":"https:\/\/www.padreeustaquio.com.br\/wp-content\/uploads\/2023\/03\/bazar-ecc.jpeg","articleSection":["Not\u00edcias"],"inLanguage":"en-US","potentialAction":[{"@type":"CommentAction","name":"Comment","target":["https:\/\/www.padreeustaquio.com.br\/ecc-realizara-bazar-no-santuario-da-saude-e-da-paz\/#respond"]}]},{"@type":"WebPage","@id":"https:\/\/www.padreeustaquio.com.br\/ecc-realizara-bazar-no-santuario-da-saude-e-da-paz\/","url":"https:\/\/www.padreeustaquio.com.br\/ecc-realizara-bazar-no-santuario-da-saude-e-da-paz\/","name":"ECC will hold a bazaar at the Sanctuary of Health and Peace.","isPartOf":{"@id":"https:\/\/www.padreeustaquio.com.br\/#website"},"primaryImageOfPage":{"@id":"https:\/\/www.padreeustaquio.com.br\/ecc-realizara-bazar-no-santuario-da-saude-e-da-paz\/#primaryimage"},"image":{"@id":"https:\/\/www.padreeustaquio.com.br\/ecc-realizara-bazar-no-santuario-da-saude-e-da-paz\/#primaryimage"},"thumbnailUrl":"https:\/\/www.padreeustaquio.com.br\/wp-content\/uploads\/2023\/03\/bazar-ecc.jpeg","datePublished":"2023-03-21T09:26:00+00:00","description":"The ECC (Encounter of Couples with Christ) group, from the Archdiocesan Sanctuary of Health and Peace, Padre Eust\u00e1quio Church, will hold a bazaar to raise funds for the next meeting. The bazaar will take place on Sunday, April 16th, at the Sacred Hearts Community Center, next to Padre Eust\u00e1quio Church.","breadcrumb":{"@id":"https:\/\/www.padreeustaquio.com.br\/ecc-realizara-bazar-no-santuario-da-saude-e-da-paz\/#breadcrumb"},"inLanguage":"en-US","potentialAction":[{"@type":"ReadAction","target":["https:\/\/www.padreeustaquio.com.br\/ecc-realizara-bazar-no-santuario-da-saude-e-da-paz\/"]}]},{"@type":"ImageObject","inLanguage":"en-US","@id":"https:\/\/www.padreeustaquio.com.br\/ecc-realizara-bazar-no-santuario-da-saude-e-da-paz\/#primaryimage","url":"https:\/\/www.padreeustaquio.com.br\/wp-content\/uploads\/2023\/03\/bazar-ecc.jpeg","contentUrl":"https:\/\/www.padreeustaquio.com.br\/wp-content\/uploads\/2023\/03\/bazar-ecc.jpeg","width":1600,"height":900},{"@type":"BreadcrumbList","@id":"https:\/\/www.padreeustaquio.com.br\/ecc-realizara-bazar-no-santuario-da-saude-e-da-paz\/#breadcrumb","itemListElement":[{"@type":"ListItem","position":1,"name":"In\u00edcio","item":"https:\/\/www.padreeustaquio.com.br\/"},{"@type":"ListItem","position":2,"name":"ECC realizar\u00e1 bazar no Santu\u00e1rio da Sa\u00fade e da Paz"}]},{"@type":"WebSite","@id":"https:\/\/www.padreeustaquio.com.br\/#website","url":"https:\/\/www.padreeustaquio.com.br\/","name":"FATHER EUST\u00c1QUIO","description":"Health and Peace","publisher":{"@id":"https:\/\/www.padreeustaquio.com.br\/#organization"},"potentialAction":[{"@type":"SearchAction","target":{"@type":"EntryPoint","urlTemplate":"https:\/\/www.padreeustaquio.com.br\/?s={search_term_string}"},"query-input":{"@type":"PropertyValueSpecification","valueRequired":true,"valueName":"search_term_string"}}],"inLanguage":"en-US"},{"@type":"Organization","@id":"https:\/\/www.padreeustaquio.com.br\/#organization","name":"FATHER EUST\u00c1QUIO","url":"https:\/\/www.padreeustaquio.com.br\/","logo":{"@type":"ImageObject","inLanguage":"en-US","@id":"https:\/\/www.padreeustaquio.com.br\/#\/schema\/logo\/image\/","url":"https:\/\/www.padreeustaquio.com.br\/wp-content\/uploads\/2019\/08\/marca.png","contentUrl":"https:\/\/www.padreeustaquio.com.br\/wp-content\/uploads\/2019\/08\/marca.png","width":350,"height":400,"caption":"Padre Eust\u00e1quio"},"image":{"@id":"https:\/\/www.padreeustaquio.com.br\/#\/schema\/logo\/image\/"},"sameAs":["https:\/\/www.facebook.com\/beatopadreeustaquio\/","https:\/\/x.com\/beatopeustaquio","https:\/\/www.instagram.com\/beatopadreeustaquio\/","https:\/\/www.youtube.com\/channel\/UCRhw7vfabnajwLxb1ZXMeIw"]},{"@type":"Person","@id":"https:\/\/www.padreeustaquio.com.br\/#\/schema\/person\/a2a51db1d00f1a7af0204a0f1ddb1566","name":"@sscc","image":{"@type":"ImageObject","inLanguage":"en-US","@id":"https:\/\/secure.gravatar.com\/avatar\/68cfafa5f44617fea54071e215026e0ff06be366c3d54a8425f04fdcb86f8c5f?s=96&d=mm&r=g","url":"https:\/\/secure.gravatar.com\/avatar\/68cfafa5f44617fea54071e215026e0ff06be366c3d54a8425f04fdcb86f8c5f?s=96&d=mm&r=g","contentUrl":"https:\/\/secure.gravatar.com\/avatar\/68cfafa5f44617fea54071e215026e0ff06be366c3d54a8425f04fdcb86f8c5f?s=96&d=mm&r=g","caption":"@sscc"},"url":"https:\/\/www.padreeustaquio.com.br\/en\/author\/sscc\/"}]}},"_links":{"self":[{"href":"https:\/\/www.padreeustaquio.com.br\/en\/wp-json\/wp\/v2\/posts\/10078","targetHints":{"allow":["GET"]}}],"collection":[{"href":"https:\/\/www.padreeustaquio.com.br\/en\/wp-json\/wp\/v2\/posts"}],"about":[{"href":"https:\/\/www.padreeustaquio.com.br\/en\/wp-json\/wp\/v2\/types\/post"}],"author":[{"embeddable":true,"href":"https:\/\/www.padreeustaquio.com.br\/en\/wp-json\/wp\/v2\/users\/2"}],"replies":[{"embeddable":true,"href":"https:\/\/www.padreeustaquio.com.br\/en\/wp-json\/wp\/v2\/comments?post=10078"}],"version-history":[{"count":0,"href":"https:\/\/www.padreeustaquio.com.br\/en\/wp-json\/wp\/v2\/posts\/10078\/revisions"}],"wp:featuredmedia":[{"embeddable":true,"href":"https:\/\/www.padreeustaquio.com.br\/en\/wp-json\/wp\/v2\/media\/10079"}],"wp:attachment":[{"href":"https:\/\/www.padreeustaquio.com.br\/en\/wp-json\/wp\/v2\/media?parent=10078"}],"wp:term":[{"taxonomy":"category","embeddable":true,"href":"https:\/\/www.padreeustaquio.com.br\/en\/wp-json\/wp\/v2\/categories?post=10078"},{"taxonomy":"post_tag","embeddable":true,"href":"https:\/\/www.padreeustaquio.com.br\/en\/wp-json\/wp\/v2\/tags?post=10078"}],"curies":[{"name":"wp","href":"https:\/\/api.w.org\/{rel}","templated":true}]}}