{"id":10050,"date":"2023-03-20T06:40:00","date_gmt":"2023-03-20T09:40:00","guid":{"rendered":"https:\/\/www.padreeustaquio.com.br\/?p=10050"},"modified":"2023-03-15T09:00:53","modified_gmt":"2023-03-15T12:00:53","slug":"the-paschal-candle-for-families-is-now-available-at-padre-eustaquios-store","status":"publish","type":"post","link":"https:\/\/www.padreeustaquio.com.br\/en\/the-paschal-candle-for-families-is-now-available-at-padre-eustaquios-store\/","title":{"rendered":"The Family Easter Candle is now available at the Padre Eust\u00e1quio Store."},"content":{"rendered":"<p>The Family Paschal Candle has arrived at Padre Eust\u00e1quio&#039;s store. The price is R$19. The candle is available in two colors: white and yellow. All models come with a prayer leaflet to be used with the family. In addition, the candle comes with mini cloves to be placed during the prayer.<\/p>\n\n\n\n<p><strong>The importance of<\/strong> <strong>Family Easter Candle<\/strong><\/p>\n\n\n\n<p>One of the most important symbols of Easter is the Paschal Candle. It represents the &quot;Light of the world,&quot; which comes from the resurrected Christ. And to symbolize this light in our homes, it is possible to purchase a smaller version of the candle for families.<\/p>\n\n\n\n<p>The Family Paschal Candle is based on the traditional candle used in churches for celebrations, however, in a much smaller size. It can be lit at Easter lunch and also throughout the year by the people of the house when they gather for prayers.<\/p>\n\n\n\n<p>Padre Eust\u00e1quio Store is located next to the Sanctuary of Health and Peace. For more information, call or contact us via WhatsApp. <a href=\"https:\/\/wa.me\/553135670314\" target=\"_blank\" rel=\"noreferrer noopener\">(31) 3567-0314<\/a><\/p>\n\n\n\n<p><\/p>","protected":false},"excerpt":{"rendered":"<p>Chegou na Loja do Padre Eust\u00e1quio o C\u00edrio Pascal da Fam\u00edlia. O valor \u00e9 R$19. A vela est\u00e1 dispon\u00edvel em duas cores: branca e amarela. Todos os modelos vem com folheto de ora\u00e7\u00e3o para ser feita com a fam\u00edlia. Al\u00e9m disso, o c\u00edrio vem com mini cravos para serem colocados durante a ora\u00e7\u00e3o. A import\u00e2ncia do C\u00edrio Pascal da Fam\u00edlia Um dos s\u00edmbolos mais importantes da P\u00e1scoa \u00e9 o C\u00edrio Pascal. Ele representa a \u201cLuz do mundo\u201d, vinda do Cristo ressuscitado. E para simbolizar essa luz nas nossas casas, \u00e9 poss\u00edvel adquirir a vela em vers\u00e3o reduzida, para as fam\u00edlias. [&hellip;]<\/p>\n","protected":false},"author":2,"featured_media":10051,"comment_status":"open","ping_status":"closed","sticky":false,"template":"","format":"standard","meta":{"_acf_changed":false,"footnotes":""},"categories":[611],"tags":[],"class_list":["post-10050","post","type-post","status-publish","format-standard","has-post-thumbnail","hentry","category-noticias"],"acf":[],"yoast_head":"<!-- This site is optimized with the Yoast SEO plugin v27.2 - https:\/\/yoast.com\/product\/yoast-seo-wordpress\/ -->\n<title>C\u00edrio Pascal da Fam\u00edlia j\u00e1 est\u00e1 dispon\u00edvel na Loja do Padre Eust\u00e1quio<\/title>\n<meta name=\"description\" content=\"Chegou na Loja do Padre Eust\u00e1quio o C\u00edrio Pascal da Fam\u00edlia. O valor \u00e9 R$19. A vela est\u00e1 dispon\u00edvel em duas cores: branca e amarela. Todos os modelos vem com folheto de ora\u00e7\u00e3o para ser feita com a fam\u00edlia. Al\u00e9m disso, o c\u00edrio vem com mini cravos para serem colocados durante a ora\u00e7\u00e3o.\" \/>\n<meta name=\"robots\" content=\"index, follow, max-snippet:-1, max-image-preview:large, max-video-preview:-1\" \/>\n<link rel=\"canonical\" href=\"https:\/\/www.padreeustaquio.com.br\/en\/the-paschal-candle-for-families-is-now-available-at-padre-eustaquios-store\/\" \/>\n<meta property=\"og:locale\" content=\"en_US\" \/>\n<meta property=\"og:type\" content=\"article\" \/>\n<meta property=\"og:title\" content=\"C\u00edrio Pascal da Fam\u00edlia j\u00e1 est\u00e1 dispon\u00edvel na Loja do Padre Eust\u00e1quio\" \/>\n<meta property=\"og:description\" content=\"Chegou na Loja do Padre Eust\u00e1quio o C\u00edrio Pascal da Fam\u00edlia. O valor \u00e9 R$19. A vela est\u00e1 dispon\u00edvel em duas cores: branca e amarela. Todos os modelos vem com folheto de ora\u00e7\u00e3o para ser feita com a fam\u00edlia. Al\u00e9m disso, o c\u00edrio vem com mini cravos para serem colocados durante a ora\u00e7\u00e3o.\" \/>\n<meta property=\"og:url\" content=\"https:\/\/www.padreeustaquio.com.br\/en\/the-paschal-candle-for-families-is-now-available-at-padre-eustaquios-store\/\" \/>\n<meta property=\"og:site_name\" content=\"Padre Eust\u00e1quio\" \/>\n<meta property=\"article:publisher\" content=\"https:\/\/www.facebook.com\/beatopadreeustaquio\/\" \/>\n<meta property=\"article:published_time\" content=\"2023-03-20T09:40:00+00:00\" \/>\n<meta property=\"og:image\" content=\"https:\/\/www.padreeustaquio.com.br\/wp-content\/uploads\/2023\/03\/cirio-da-familia.jpeg\" \/>\n\t<meta property=\"og:image:width\" content=\"1600\" \/>\n\t<meta property=\"og:image:height\" content=\"900\" \/>\n\t<meta property=\"og:image:type\" content=\"image\/jpeg\" \/>\n<meta name=\"author\" content=\"@sscc\" \/>\n<meta name=\"twitter:card\" content=\"summary_large_image\" \/>\n<meta name=\"twitter:creator\" content=\"@beatopeustaquio\" \/>\n<meta name=\"twitter:site\" content=\"@beatopeustaquio\" \/>\n<meta name=\"twitter:label1\" content=\"Written by\" \/>\n\t<meta name=\"twitter:data1\" content=\"@sscc\" \/>\n\t<meta name=\"twitter:label2\" content=\"Est. reading time\" \/>\n\t<meta name=\"twitter:data2\" content=\"1 minute\" \/>\n<script type=\"application\/ld+json\" class=\"yoast-schema-graph\">{\"@context\":\"https:\/\/schema.org\",\"@graph\":[{\"@type\":\"Article\",\"@id\":\"https:\/\/www.padreeustaquio.com.br\/cirio-pascal-da-familia-ja-esta-disponivel-na-loja-do-padre-eustaquio\/#article\",\"isPartOf\":{\"@id\":\"https:\/\/www.padreeustaquio.com.br\/cirio-pascal-da-familia-ja-esta-disponivel-na-loja-do-padre-eustaquio\/\"},\"author\":{\"name\":\"@sscc\",\"@id\":\"https:\/\/www.padreeustaquio.com.br\/#\/schema\/person\/a2a51db1d00f1a7af0204a0f1ddb1566\"},\"headline\":\"C\u00edrio Pascal da Fam\u00edlia j\u00e1 est\u00e1 dispon\u00edvel na Loja do Padre Eust\u00e1quio\",\"datePublished\":\"2023-03-20T09:40:00+00:00\",\"mainEntityOfPage\":{\"@id\":\"https:\/\/www.padreeustaquio.com.br\/cirio-pascal-da-familia-ja-esta-disponivel-na-loja-do-padre-eustaquio\/\"},\"wordCount\":214,\"commentCount\":0,\"publisher\":{\"@id\":\"https:\/\/www.padreeustaquio.com.br\/#organization\"},\"image\":{\"@id\":\"https:\/\/www.padreeustaquio.com.br\/cirio-pascal-da-familia-ja-esta-disponivel-na-loja-do-padre-eustaquio\/#primaryimage\"},\"thumbnailUrl\":\"https:\/\/www.padreeustaquio.com.br\/wp-content\/uploads\/2023\/03\/cirio-da-familia.jpeg\",\"articleSection\":[\"Not\u00edcias\"],\"inLanguage\":\"en-US\",\"potentialAction\":[{\"@type\":\"CommentAction\",\"name\":\"Comment\",\"target\":[\"https:\/\/www.padreeustaquio.com.br\/cirio-pascal-da-familia-ja-esta-disponivel-na-loja-do-padre-eustaquio\/#respond\"]}]},{\"@type\":\"WebPage\",\"@id\":\"https:\/\/www.padreeustaquio.com.br\/cirio-pascal-da-familia-ja-esta-disponivel-na-loja-do-padre-eustaquio\/\",\"url\":\"https:\/\/www.padreeustaquio.com.br\/cirio-pascal-da-familia-ja-esta-disponivel-na-loja-do-padre-eustaquio\/\",\"name\":\"C\u00edrio Pascal da Fam\u00edlia j\u00e1 est\u00e1 dispon\u00edvel na Loja do Padre Eust\u00e1quio\",\"isPartOf\":{\"@id\":\"https:\/\/www.padreeustaquio.com.br\/#website\"},\"primaryImageOfPage\":{\"@id\":\"https:\/\/www.padreeustaquio.com.br\/cirio-pascal-da-familia-ja-esta-disponivel-na-loja-do-padre-eustaquio\/#primaryimage\"},\"image\":{\"@id\":\"https:\/\/www.padreeustaquio.com.br\/cirio-pascal-da-familia-ja-esta-disponivel-na-loja-do-padre-eustaquio\/#primaryimage\"},\"thumbnailUrl\":\"https:\/\/www.padreeustaquio.com.br\/wp-content\/uploads\/2023\/03\/cirio-da-familia.jpeg\",\"datePublished\":\"2023-03-20T09:40:00+00:00\",\"description\":\"Chegou na Loja do Padre Eust\u00e1quio o C\u00edrio Pascal da Fam\u00edlia. O valor \u00e9 R$19. A vela est\u00e1 dispon\u00edvel em duas cores: branca e amarela. Todos os modelos vem com folheto de ora\u00e7\u00e3o para ser feita com a fam\u00edlia. Al\u00e9m disso, o c\u00edrio vem com mini cravos para serem colocados durante a ora\u00e7\u00e3o.\",\"breadcrumb\":{\"@id\":\"https:\/\/www.padreeustaquio.com.br\/cirio-pascal-da-familia-ja-esta-disponivel-na-loja-do-padre-eustaquio\/#breadcrumb\"},\"inLanguage\":\"en-US\",\"potentialAction\":[{\"@type\":\"ReadAction\",\"target\":[\"https:\/\/www.padreeustaquio.com.br\/cirio-pascal-da-familia-ja-esta-disponivel-na-loja-do-padre-eustaquio\/\"]}]},{\"@type\":\"ImageObject\",\"inLanguage\":\"en-US\",\"@id\":\"https:\/\/www.padreeustaquio.com.br\/cirio-pascal-da-familia-ja-esta-disponivel-na-loja-do-padre-eustaquio\/#primaryimage\",\"url\":\"https:\/\/www.padreeustaquio.com.br\/wp-content\/uploads\/2023\/03\/cirio-da-familia.jpeg\",\"contentUrl\":\"https:\/\/www.padreeustaquio.com.br\/wp-content\/uploads\/2023\/03\/cirio-da-familia.jpeg\",\"width\":1600,\"height\":900},{\"@type\":\"BreadcrumbList\",\"@id\":\"https:\/\/www.padreeustaquio.com.br\/cirio-pascal-da-familia-ja-esta-disponivel-na-loja-do-padre-eustaquio\/#breadcrumb\",\"itemListElement\":[{\"@type\":\"ListItem\",\"position\":1,\"name\":\"In\u00edcio\",\"item\":\"https:\/\/www.padreeustaquio.com.br\/\"},{\"@type\":\"ListItem\",\"position\":2,\"name\":\"C\u00edrio Pascal da Fam\u00edlia j\u00e1 est\u00e1 dispon\u00edvel na Loja do Padre Eust\u00e1quio\"}]},{\"@type\":\"WebSite\",\"@id\":\"https:\/\/www.padreeustaquio.com.br\/#website\",\"url\":\"https:\/\/www.padreeustaquio.com.br\/\",\"name\":\"Padre Eust\u00e1quio\",\"description\":\"Sa\u00fade e Paz\",\"publisher\":{\"@id\":\"https:\/\/www.padreeustaquio.com.br\/#organization\"},\"potentialAction\":[{\"@type\":\"SearchAction\",\"target\":{\"@type\":\"EntryPoint\",\"urlTemplate\":\"https:\/\/www.padreeustaquio.com.br\/?s={search_term_string}\"},\"query-input\":{\"@type\":\"PropertyValueSpecification\",\"valueRequired\":true,\"valueName\":\"search_term_string\"}}],\"inLanguage\":\"en-US\"},{\"@type\":\"Organization\",\"@id\":\"https:\/\/www.padreeustaquio.com.br\/#organization\",\"name\":\"Padre Eust\u00e1quio\",\"url\":\"https:\/\/www.padreeustaquio.com.br\/\",\"logo\":{\"@type\":\"ImageObject\",\"inLanguage\":\"en-US\",\"@id\":\"https:\/\/www.padreeustaquio.com.br\/#\/schema\/logo\/image\/\",\"url\":\"https:\/\/www.padreeustaquio.com.br\/wp-content\/uploads\/2019\/08\/marca.png\",\"contentUrl\":\"https:\/\/www.padreeustaquio.com.br\/wp-content\/uploads\/2019\/08\/marca.png\",\"width\":350,\"height\":400,\"caption\":\"Padre Eust\u00e1quio\"},\"image\":{\"@id\":\"https:\/\/www.padreeustaquio.com.br\/#\/schema\/logo\/image\/\"},\"sameAs\":[\"https:\/\/www.facebook.com\/beatopadreeustaquio\/\",\"https:\/\/x.com\/beatopeustaquio\",\"https:\/\/www.instagram.com\/beatopadreeustaquio\/\",\"https:\/\/www.youtube.com\/channel\/UCRhw7vfabnajwLxb1ZXMeIw\"]},{\"@type\":\"Person\",\"@id\":\"https:\/\/www.padreeustaquio.com.br\/#\/schema\/person\/a2a51db1d00f1a7af0204a0f1ddb1566\",\"name\":\"@sscc\",\"image\":{\"@type\":\"ImageObject\",\"inLanguage\":\"en-US\",\"@id\":\"https:\/\/secure.gravatar.com\/avatar\/68cfafa5f44617fea54071e215026e0ff06be366c3d54a8425f04fdcb86f8c5f?s=96&d=mm&r=g\",\"url\":\"https:\/\/secure.gravatar.com\/avatar\/68cfafa5f44617fea54071e215026e0ff06be366c3d54a8425f04fdcb86f8c5f?s=96&d=mm&r=g\",\"contentUrl\":\"https:\/\/secure.gravatar.com\/avatar\/68cfafa5f44617fea54071e215026e0ff06be366c3d54a8425f04fdcb86f8c5f?s=96&d=mm&r=g\",\"caption\":\"@sscc\"},\"url\":\"https:\/\/www.padreeustaquio.com.br\/en\/author\/sscc\/\"}]}<\/script>\n<!-- \/ Yoast SEO plugin. -->","yoast_head_json":{"title":"The Family Easter Candle is now available at the Padre Eust\u00e1quio Store.","description":"The Family Paschal Candle has arrived at Padre Eust\u00e1quio&#039;s store. The price is R$19. The candle is available in two colors: white and yellow. All models come with a prayer leaflet to be used with the family. In addition, the candle comes with mini cloves to be placed during the prayer.","robots":{"index":"index","follow":"follow","max-snippet":"max-snippet:-1","max-image-preview":"max-image-preview:large","max-video-preview":"max-video-preview:-1"},"canonical":"https:\/\/www.padreeustaquio.com.br\/en\/the-paschal-candle-for-families-is-now-available-at-padre-eustaquios-store\/","og_locale":"en_US","og_type":"article","og_title":"C\u00edrio Pascal da Fam\u00edlia j\u00e1 est\u00e1 dispon\u00edvel na Loja do Padre Eust\u00e1quio","og_description":"Chegou na Loja do Padre Eust\u00e1quio o C\u00edrio Pascal da Fam\u00edlia. O valor \u00e9 R$19. A vela est\u00e1 dispon\u00edvel em duas cores: branca e amarela. Todos os modelos vem com folheto de ora\u00e7\u00e3o para ser feita com a fam\u00edlia. Al\u00e9m disso, o c\u00edrio vem com mini cravos para serem colocados durante a ora\u00e7\u00e3o.","og_url":"https:\/\/www.padreeustaquio.com.br\/en\/the-paschal-candle-for-families-is-now-available-at-padre-eustaquios-store\/","og_site_name":"Padre Eust\u00e1quio","article_publisher":"https:\/\/www.facebook.com\/beatopadreeustaquio\/","article_published_time":"2023-03-20T09:40:00+00:00","og_image":[{"width":1600,"height":900,"url":"https:\/\/www.padreeustaquio.com.br\/wp-content\/uploads\/2023\/03\/cirio-da-familia.jpeg","type":"image\/jpeg"}],"author":"@sscc","twitter_card":"summary_large_image","twitter_creator":"@beatopeustaquio","twitter_site":"@beatopeustaquio","twitter_misc":{"Written by":"@sscc","Est. reading time":"1 minute"},"schema":{"@context":"https:\/\/schema.org","@graph":[{"@type":"Article","@id":"https:\/\/www.padreeustaquio.com.br\/cirio-pascal-da-familia-ja-esta-disponivel-na-loja-do-padre-eustaquio\/#article","isPartOf":{"@id":"https:\/\/www.padreeustaquio.com.br\/cirio-pascal-da-familia-ja-esta-disponivel-na-loja-do-padre-eustaquio\/"},"author":{"name":"@sscc","@id":"https:\/\/www.padreeustaquio.com.br\/#\/schema\/person\/a2a51db1d00f1a7af0204a0f1ddb1566"},"headline":"C\u00edrio Pascal da Fam\u00edlia j\u00e1 est\u00e1 dispon\u00edvel na Loja do Padre Eust\u00e1quio","datePublished":"2023-03-20T09:40:00+00:00","mainEntityOfPage":{"@id":"https:\/\/www.padreeustaquio.com.br\/cirio-pascal-da-familia-ja-esta-disponivel-na-loja-do-padre-eustaquio\/"},"wordCount":214,"commentCount":0,"publisher":{"@id":"https:\/\/www.padreeustaquio.com.br\/#organization"},"image":{"@id":"https:\/\/www.padreeustaquio.com.br\/cirio-pascal-da-familia-ja-esta-disponivel-na-loja-do-padre-eustaquio\/#primaryimage"},"thumbnailUrl":"https:\/\/www.padreeustaquio.com.br\/wp-content\/uploads\/2023\/03\/cirio-da-familia.jpeg","articleSection":["Not\u00edcias"],"inLanguage":"en-US","potentialAction":[{"@type":"CommentAction","name":"Comment","target":["https:\/\/www.padreeustaquio.com.br\/cirio-pascal-da-familia-ja-esta-disponivel-na-loja-do-padre-eustaquio\/#respond"]}]},{"@type":"WebPage","@id":"https:\/\/www.padreeustaquio.com.br\/cirio-pascal-da-familia-ja-esta-disponivel-na-loja-do-padre-eustaquio\/","url":"https:\/\/www.padreeustaquio.com.br\/cirio-pascal-da-familia-ja-esta-disponivel-na-loja-do-padre-eustaquio\/","name":"The Family Easter Candle is now available at the Padre Eust\u00e1quio Store.","isPartOf":{"@id":"https:\/\/www.padreeustaquio.com.br\/#website"},"primaryImageOfPage":{"@id":"https:\/\/www.padreeustaquio.com.br\/cirio-pascal-da-familia-ja-esta-disponivel-na-loja-do-padre-eustaquio\/#primaryimage"},"image":{"@id":"https:\/\/www.padreeustaquio.com.br\/cirio-pascal-da-familia-ja-esta-disponivel-na-loja-do-padre-eustaquio\/#primaryimage"},"thumbnailUrl":"https:\/\/www.padreeustaquio.com.br\/wp-content\/uploads\/2023\/03\/cirio-da-familia.jpeg","datePublished":"2023-03-20T09:40:00+00:00","description":"The Family Paschal Candle has arrived at Padre Eust\u00e1quio&#039;s store. The price is R$19. The candle is available in two colors: white and yellow. All models come with a prayer leaflet to be used with the family. In addition, the candle comes with mini cloves to be placed during the prayer.","breadcrumb":{"@id":"https:\/\/www.padreeustaquio.com.br\/cirio-pascal-da-familia-ja-esta-disponivel-na-loja-do-padre-eustaquio\/#breadcrumb"},"inLanguage":"en-US","potentialAction":[{"@type":"ReadAction","target":["https:\/\/www.padreeustaquio.com.br\/cirio-pascal-da-familia-ja-esta-disponivel-na-loja-do-padre-eustaquio\/"]}]},{"@type":"ImageObject","inLanguage":"en-US","@id":"https:\/\/www.padreeustaquio.com.br\/cirio-pascal-da-familia-ja-esta-disponivel-na-loja-do-padre-eustaquio\/#primaryimage","url":"https:\/\/www.padreeustaquio.com.br\/wp-content\/uploads\/2023\/03\/cirio-da-familia.jpeg","contentUrl":"https:\/\/www.padreeustaquio.com.br\/wp-content\/uploads\/2023\/03\/cirio-da-familia.jpeg","width":1600,"height":900},{"@type":"BreadcrumbList","@id":"https:\/\/www.padreeustaquio.com.br\/cirio-pascal-da-familia-ja-esta-disponivel-na-loja-do-padre-eustaquio\/#breadcrumb","itemListElement":[{"@type":"ListItem","position":1,"name":"In\u00edcio","item":"https:\/\/www.padreeustaquio.com.br\/"},{"@type":"ListItem","position":2,"name":"C\u00edrio Pascal da Fam\u00edlia j\u00e1 est\u00e1 dispon\u00edvel na Loja do Padre Eust\u00e1quio"}]},{"@type":"WebSite","@id":"https:\/\/www.padreeustaquio.com.br\/#website","url":"https:\/\/www.padreeustaquio.com.br\/","name":"FATHER EUST\u00c1QUIO","description":"Health and Peace","publisher":{"@id":"https:\/\/www.padreeustaquio.com.br\/#organization"},"potentialAction":[{"@type":"SearchAction","target":{"@type":"EntryPoint","urlTemplate":"https:\/\/www.padreeustaquio.com.br\/?s={search_term_string}"},"query-input":{"@type":"PropertyValueSpecification","valueRequired":true,"valueName":"search_term_string"}}],"inLanguage":"en-US"},{"@type":"Organization","@id":"https:\/\/www.padreeustaquio.com.br\/#organization","name":"FATHER EUST\u00c1QUIO","url":"https:\/\/www.padreeustaquio.com.br\/","logo":{"@type":"ImageObject","inLanguage":"en-US","@id":"https:\/\/www.padreeustaquio.com.br\/#\/schema\/logo\/image\/","url":"https:\/\/www.padreeustaquio.com.br\/wp-content\/uploads\/2019\/08\/marca.png","contentUrl":"https:\/\/www.padreeustaquio.com.br\/wp-content\/uploads\/2019\/08\/marca.png","width":350,"height":400,"caption":"Padre Eust\u00e1quio"},"image":{"@id":"https:\/\/www.padreeustaquio.com.br\/#\/schema\/logo\/image\/"},"sameAs":["https:\/\/www.facebook.com\/beatopadreeustaquio\/","https:\/\/x.com\/beatopeustaquio","https:\/\/www.instagram.com\/beatopadreeustaquio\/","https:\/\/www.youtube.com\/channel\/UCRhw7vfabnajwLxb1ZXMeIw"]},{"@type":"Person","@id":"https:\/\/www.padreeustaquio.com.br\/#\/schema\/person\/a2a51db1d00f1a7af0204a0f1ddb1566","name":"@sscc","image":{"@type":"ImageObject","inLanguage":"en-US","@id":"https:\/\/secure.gravatar.com\/avatar\/68cfafa5f44617fea54071e215026e0ff06be366c3d54a8425f04fdcb86f8c5f?s=96&d=mm&r=g","url":"https:\/\/secure.gravatar.com\/avatar\/68cfafa5f44617fea54071e215026e0ff06be366c3d54a8425f04fdcb86f8c5f?s=96&d=mm&r=g","contentUrl":"https:\/\/secure.gravatar.com\/avatar\/68cfafa5f44617fea54071e215026e0ff06be366c3d54a8425f04fdcb86f8c5f?s=96&d=mm&r=g","caption":"@sscc"},"url":"https:\/\/www.padreeustaquio.com.br\/en\/author\/sscc\/"}]}},"_links":{"self":[{"href":"https:\/\/www.padreeustaquio.com.br\/en\/wp-json\/wp\/v2\/posts\/10050","targetHints":{"allow":["GET"]}}],"collection":[{"href":"https:\/\/www.padreeustaquio.com.br\/en\/wp-json\/wp\/v2\/posts"}],"about":[{"href":"https:\/\/www.padreeustaquio.com.br\/en\/wp-json\/wp\/v2\/types\/post"}],"author":[{"embeddable":true,"href":"https:\/\/www.padreeustaquio.com.br\/en\/wp-json\/wp\/v2\/users\/2"}],"replies":[{"embeddable":true,"href":"https:\/\/www.padreeustaquio.com.br\/en\/wp-json\/wp\/v2\/comments?post=10050"}],"version-history":[{"count":0,"href":"https:\/\/www.padreeustaquio.com.br\/en\/wp-json\/wp\/v2\/posts\/10050\/revisions"}],"wp:featuredmedia":[{"embeddable":true,"href":"https:\/\/www.padreeustaquio.com.br\/en\/wp-json\/wp\/v2\/media\/10051"}],"wp:attachment":[{"href":"https:\/\/www.padreeustaquio.com.br\/en\/wp-json\/wp\/v2\/media?parent=10050"}],"wp:term":[{"taxonomy":"category","embeddable":true,"href":"https:\/\/www.padreeustaquio.com.br\/en\/wp-json\/wp\/v2\/categories?post=10050"},{"taxonomy":"post_tag","embeddable":true,"href":"https:\/\/www.padreeustaquio.com.br\/en\/wp-json\/wp\/v2\/tags?post=10050"}],"curies":[{"name":"wp","href":"https:\/\/api.w.org\/{rel}","templated":true}]}}