{"id":10043,"date":"2023-03-17T06:25:00","date_gmt":"2023-03-17T09:25:00","guid":{"rendered":"https:\/\/www.padreeustaquio.com.br\/?p=10043"},"modified":"2023-03-15T09:48:31","modified_gmt":"2023-03-15T12:48:31","slug":"registration-open-for-father-eustaquios-missionary-childhood-and-adolescence","status":"publish","type":"post","link":"https:\/\/www.padreeustaquio.com.br\/en\/registration-open-for-father-eustaquios-missionary-childhood-and-adolescence\/","title":{"rendered":"Registration is open for the Missionary Childhood and Adolescence program of Father Eust\u00e1quio."},"content":{"rendered":"<p>The Missionary Childhood and Adolescence (IAM) group at the Sanctuary of Health and Peace, Church of Blessed Father Eustace, is now accepting registrations. Those interested should go to the parish office to register. Children and teenagers up to 14 years old can participate.<\/p>\n\n\n\n<p>At the Sanctuary, the Missionary Childhood and Adolescence group celebrated its 7th anniversary this week. Meetings are held every Saturday from 10 am to 11 am. More information can be found on Instagram. <a href=\"https:\/\/www.instagram.com\/iam_padreeustaquio\/\" target=\"_blank\" rel=\"noreferrer noopener\">@iam_padreeustaquio<\/a><\/p>\n\n\n\n<p><strong>The story of Missionary Childhood and Adolescence<\/strong> <strong>in the world<\/strong><\/p>\n\n\n\n<p>The Pontifical Society of the Holy Childhood (IAM) was founded on May 19, 1843. This occurred when Bishop Charles August Marie Joseph de Forbin-Janson of Nancy (France) was moved by the reality described by the missionaries who evangelized in China, with whom he had a close connection since adolescence.<\/p>\n\n\n\n<p>To fulfill the missionaries&#039; request, Bishop Carlos called upon the children of France to help other children. Driven by this missionary zeal, the bishop spoke with Pauline Jaricot, founder of the Pontifical Society for the Propagation of the Faith. Thus, the French children committed themselves to praying a Hail Mary daily for the children of China and to helping them with a coin each month, an expression of Christian charity and universal solidarity.<\/p>\n\n\n\n<p>In 1922, Pope Pius XI declared the Society of the Holy Childhood as &quot;Pontifical,&quot; meaning that it differs from transitory apostolic activity because its organization and witness are approved and assumed as an evangelizing work at the service of the entire Church.<\/p>\n\n\n\n<p><\/p>\n\n\n\n<p><strong><em>***with information from <a href=\"https:\/\/www.pom.org.br\/conheca-a-iam\/\" target=\"_blank\" rel=\"noreferrer noopener\">pom.org.br<\/a><\/em><\/strong><\/p>","protected":false},"excerpt":{"rendered":"<p>A IAM, Inf\u00e2ncia e Adolesc\u00eancia Mission\u00e1ria, do Santu\u00e1rio da Sa\u00fade e da Paz, Igreja do Beato Padre Eust\u00e1quio est\u00e1 com inscri\u00e7\u00f5es abertas. Os interessados devem comparecer \u00e0 secretaria paroquial para se cadastrar. Podem participar crian\u00e7as e adolescentes at\u00e9 14 anos. No Santu\u00e1rio, a Inf\u00e2ncia e Adolesc\u00eancia Mission\u00e1ria completou 7 anos esta semana. As reuni\u00f5es s\u00e3o realizadas todos os s\u00e1bados, de 10h \u00e0s 11h. Mais informa\u00e7\u00f5es no Instagram @iam_padreeustaquio A hist\u00f3ria da Inf\u00e2ncia e Adolesc\u00eancia Mission\u00e1ria no mundo A Pontif\u00edcia Obra da Inf\u00e2ncia e Adolesc\u00eancia Mission\u00e1ria (IAM) tem sua data de funda\u00e7\u00e3o em 19 de maio de 1843. Foi quando Dom [&hellip;]<\/p>\n","protected":false},"author":2,"featured_media":10058,"comment_status":"open","ping_status":"closed","sticky":false,"template":"","format":"standard","meta":{"_acf_changed":false,"footnotes":""},"categories":[611],"tags":[],"class_list":["post-10043","post","type-post","status-publish","format-standard","has-post-thumbnail","hentry","category-noticias"],"acf":[],"yoast_head":"<!-- This site is optimized with the Yoast SEO plugin v27.2 - https:\/\/yoast.com\/product\/yoast-seo-wordpress\/ -->\n<title>Inscri\u00e7\u00f5es abertas para a Inf\u00e2ncia e Adolesc\u00eancia Mission\u00e1ria do Padre Eust\u00e1quio<\/title>\n<meta name=\"description\" content=\"A IAM, Inf\u00e2ncia e Adolesc\u00eancia Mission\u00e1ria, do Santu\u00e1rio da Sa\u00fade e da Paz, Igreja do Beato Padre Eust\u00e1quio est\u00e1 com inscri\u00e7\u00f5es abertas. Os interessados devem comparecer \u00e0 secretaria paroquial para se cadastrar. Podem participar crian\u00e7as e adolescentes at\u00e9 14 anos.\" \/>\n<meta name=\"robots\" content=\"index, follow, max-snippet:-1, max-image-preview:large, max-video-preview:-1\" \/>\n<link rel=\"canonical\" href=\"https:\/\/www.padreeustaquio.com.br\/en\/registration-open-for-father-eustaquios-missionary-childhood-and-adolescence\/\" \/>\n<meta property=\"og:locale\" content=\"en_US\" \/>\n<meta property=\"og:type\" content=\"article\" \/>\n<meta property=\"og:title\" content=\"Inscri\u00e7\u00f5es abertas para a Inf\u00e2ncia e Adolesc\u00eancia Mission\u00e1ria do Padre Eust\u00e1quio\" \/>\n<meta property=\"og:description\" content=\"A IAM, Inf\u00e2ncia e Adolesc\u00eancia Mission\u00e1ria, do Santu\u00e1rio da Sa\u00fade e da Paz, Igreja do Beato Padre Eust\u00e1quio est\u00e1 com inscri\u00e7\u00f5es abertas. Os interessados devem comparecer \u00e0 secretaria paroquial para se cadastrar. Podem participar crian\u00e7as e adolescentes at\u00e9 14 anos.\" \/>\n<meta property=\"og:url\" content=\"https:\/\/www.padreeustaquio.com.br\/en\/registration-open-for-father-eustaquios-missionary-childhood-and-adolescence\/\" \/>\n<meta property=\"og:site_name\" content=\"Padre Eust\u00e1quio\" \/>\n<meta property=\"article:publisher\" content=\"https:\/\/www.facebook.com\/beatopadreeustaquio\/\" \/>\n<meta property=\"article:published_time\" content=\"2023-03-17T09:25:00+00:00\" \/>\n<meta property=\"og:image\" content=\"https:\/\/www.padreeustaquio.com.br\/wp-content\/uploads\/2023\/03\/iam-vale-este.jpeg\" \/>\n\t<meta property=\"og:image:width\" content=\"1600\" \/>\n\t<meta property=\"og:image:height\" content=\"1200\" \/>\n\t<meta property=\"og:image:type\" content=\"image\/jpeg\" \/>\n<meta name=\"author\" content=\"@sscc\" \/>\n<meta name=\"twitter:card\" content=\"summary_large_image\" \/>\n<meta name=\"twitter:creator\" content=\"@beatopeustaquio\" \/>\n<meta name=\"twitter:site\" content=\"@beatopeustaquio\" \/>\n<meta name=\"twitter:label1\" content=\"Written by\" \/>\n\t<meta name=\"twitter:data1\" content=\"@sscc\" \/>\n\t<meta name=\"twitter:label2\" content=\"Est. reading time\" \/>\n\t<meta name=\"twitter:data2\" content=\"2 minutes\" \/>\n<script type=\"application\/ld+json\" class=\"yoast-schema-graph\">{\"@context\":\"https:\/\/schema.org\",\"@graph\":[{\"@type\":\"Article\",\"@id\":\"https:\/\/www.padreeustaquio.com.br\/inscricoes-abertas-para-a-infancia-e-adolescencia-missionaria-do-padre-eustaquio\/#article\",\"isPartOf\":{\"@id\":\"https:\/\/www.padreeustaquio.com.br\/inscricoes-abertas-para-a-infancia-e-adolescencia-missionaria-do-padre-eustaquio\/\"},\"author\":{\"name\":\"@sscc\",\"@id\":\"https:\/\/www.padreeustaquio.com.br\/#\/schema\/person\/a2a51db1d00f1a7af0204a0f1ddb1566\"},\"headline\":\"Inscri\u00e7\u00f5es abertas para a Inf\u00e2ncia e Adolesc\u00eancia Mission\u00e1ria do Padre Eust\u00e1quio\",\"datePublished\":\"2023-03-17T09:25:00+00:00\",\"mainEntityOfPage\":{\"@id\":\"https:\/\/www.padreeustaquio.com.br\/inscricoes-abertas-para-a-infancia-e-adolescencia-missionaria-do-padre-eustaquio\/\"},\"wordCount\":306,\"commentCount\":0,\"publisher\":{\"@id\":\"https:\/\/www.padreeustaquio.com.br\/#organization\"},\"image\":{\"@id\":\"https:\/\/www.padreeustaquio.com.br\/inscricoes-abertas-para-a-infancia-e-adolescencia-missionaria-do-padre-eustaquio\/#primaryimage\"},\"thumbnailUrl\":\"https:\/\/www.padreeustaquio.com.br\/wp-content\/uploads\/2023\/03\/iam-vale-este.jpeg\",\"articleSection\":[\"Not\u00edcias\"],\"inLanguage\":\"en-US\",\"potentialAction\":[{\"@type\":\"CommentAction\",\"name\":\"Comment\",\"target\":[\"https:\/\/www.padreeustaquio.com.br\/inscricoes-abertas-para-a-infancia-e-adolescencia-missionaria-do-padre-eustaquio\/#respond\"]}]},{\"@type\":\"WebPage\",\"@id\":\"https:\/\/www.padreeustaquio.com.br\/inscricoes-abertas-para-a-infancia-e-adolescencia-missionaria-do-padre-eustaquio\/\",\"url\":\"https:\/\/www.padreeustaquio.com.br\/inscricoes-abertas-para-a-infancia-e-adolescencia-missionaria-do-padre-eustaquio\/\",\"name\":\"Inscri\u00e7\u00f5es abertas para a Inf\u00e2ncia e Adolesc\u00eancia Mission\u00e1ria do Padre Eust\u00e1quio\",\"isPartOf\":{\"@id\":\"https:\/\/www.padreeustaquio.com.br\/#website\"},\"primaryImageOfPage\":{\"@id\":\"https:\/\/www.padreeustaquio.com.br\/inscricoes-abertas-para-a-infancia-e-adolescencia-missionaria-do-padre-eustaquio\/#primaryimage\"},\"image\":{\"@id\":\"https:\/\/www.padreeustaquio.com.br\/inscricoes-abertas-para-a-infancia-e-adolescencia-missionaria-do-padre-eustaquio\/#primaryimage\"},\"thumbnailUrl\":\"https:\/\/www.padreeustaquio.com.br\/wp-content\/uploads\/2023\/03\/iam-vale-este.jpeg\",\"datePublished\":\"2023-03-17T09:25:00+00:00\",\"description\":\"A IAM, Inf\u00e2ncia e Adolesc\u00eancia Mission\u00e1ria, do Santu\u00e1rio da Sa\u00fade e da Paz, Igreja do Beato Padre Eust\u00e1quio est\u00e1 com inscri\u00e7\u00f5es abertas. Os interessados devem comparecer \u00e0 secretaria paroquial para se cadastrar. Podem participar crian\u00e7as e adolescentes at\u00e9 14 anos.\",\"breadcrumb\":{\"@id\":\"https:\/\/www.padreeustaquio.com.br\/inscricoes-abertas-para-a-infancia-e-adolescencia-missionaria-do-padre-eustaquio\/#breadcrumb\"},\"inLanguage\":\"en-US\",\"potentialAction\":[{\"@type\":\"ReadAction\",\"target\":[\"https:\/\/www.padreeustaquio.com.br\/inscricoes-abertas-para-a-infancia-e-adolescencia-missionaria-do-padre-eustaquio\/\"]}]},{\"@type\":\"ImageObject\",\"inLanguage\":\"en-US\",\"@id\":\"https:\/\/www.padreeustaquio.com.br\/inscricoes-abertas-para-a-infancia-e-adolescencia-missionaria-do-padre-eustaquio\/#primaryimage\",\"url\":\"https:\/\/www.padreeustaquio.com.br\/wp-content\/uploads\/2023\/03\/iam-vale-este.jpeg\",\"contentUrl\":\"https:\/\/www.padreeustaquio.com.br\/wp-content\/uploads\/2023\/03\/iam-vale-este.jpeg\",\"width\":1600,\"height\":1200},{\"@type\":\"BreadcrumbList\",\"@id\":\"https:\/\/www.padreeustaquio.com.br\/inscricoes-abertas-para-a-infancia-e-adolescencia-missionaria-do-padre-eustaquio\/#breadcrumb\",\"itemListElement\":[{\"@type\":\"ListItem\",\"position\":1,\"name\":\"In\u00edcio\",\"item\":\"https:\/\/www.padreeustaquio.com.br\/\"},{\"@type\":\"ListItem\",\"position\":2,\"name\":\"Inscri\u00e7\u00f5es abertas para a Inf\u00e2ncia e Adolesc\u00eancia Mission\u00e1ria do Padre Eust\u00e1quio\"}]},{\"@type\":\"WebSite\",\"@id\":\"https:\/\/www.padreeustaquio.com.br\/#website\",\"url\":\"https:\/\/www.padreeustaquio.com.br\/\",\"name\":\"Padre Eust\u00e1quio\",\"description\":\"Sa\u00fade e Paz\",\"publisher\":{\"@id\":\"https:\/\/www.padreeustaquio.com.br\/#organization\"},\"potentialAction\":[{\"@type\":\"SearchAction\",\"target\":{\"@type\":\"EntryPoint\",\"urlTemplate\":\"https:\/\/www.padreeustaquio.com.br\/?s={search_term_string}\"},\"query-input\":{\"@type\":\"PropertyValueSpecification\",\"valueRequired\":true,\"valueName\":\"search_term_string\"}}],\"inLanguage\":\"en-US\"},{\"@type\":\"Organization\",\"@id\":\"https:\/\/www.padreeustaquio.com.br\/#organization\",\"name\":\"Padre Eust\u00e1quio\",\"url\":\"https:\/\/www.padreeustaquio.com.br\/\",\"logo\":{\"@type\":\"ImageObject\",\"inLanguage\":\"en-US\",\"@id\":\"https:\/\/www.padreeustaquio.com.br\/#\/schema\/logo\/image\/\",\"url\":\"https:\/\/www.padreeustaquio.com.br\/wp-content\/uploads\/2019\/08\/marca.png\",\"contentUrl\":\"https:\/\/www.padreeustaquio.com.br\/wp-content\/uploads\/2019\/08\/marca.png\",\"width\":350,\"height\":400,\"caption\":\"Padre Eust\u00e1quio\"},\"image\":{\"@id\":\"https:\/\/www.padreeustaquio.com.br\/#\/schema\/logo\/image\/\"},\"sameAs\":[\"https:\/\/www.facebook.com\/beatopadreeustaquio\/\",\"https:\/\/x.com\/beatopeustaquio\",\"https:\/\/www.instagram.com\/beatopadreeustaquio\/\",\"https:\/\/www.youtube.com\/channel\/UCRhw7vfabnajwLxb1ZXMeIw\"]},{\"@type\":\"Person\",\"@id\":\"https:\/\/www.padreeustaquio.com.br\/#\/schema\/person\/a2a51db1d00f1a7af0204a0f1ddb1566\",\"name\":\"@sscc\",\"image\":{\"@type\":\"ImageObject\",\"inLanguage\":\"en-US\",\"@id\":\"https:\/\/secure.gravatar.com\/avatar\/68cfafa5f44617fea54071e215026e0ff06be366c3d54a8425f04fdcb86f8c5f?s=96&d=mm&r=g\",\"url\":\"https:\/\/secure.gravatar.com\/avatar\/68cfafa5f44617fea54071e215026e0ff06be366c3d54a8425f04fdcb86f8c5f?s=96&d=mm&r=g\",\"contentUrl\":\"https:\/\/secure.gravatar.com\/avatar\/68cfafa5f44617fea54071e215026e0ff06be366c3d54a8425f04fdcb86f8c5f?s=96&d=mm&r=g\",\"caption\":\"@sscc\"},\"url\":\"https:\/\/www.padreeustaquio.com.br\/en\/author\/sscc\/\"}]}<\/script>\n<!-- \/ Yoast SEO plugin. -->","yoast_head_json":{"title":"Registration is open for the Missionary Childhood and Adolescence program of Father Eust\u00e1quio.","description":"The Missionary Childhood and Adolescence (IAM) group at the Sanctuary of Health and Peace, Church of Blessed Father Eustace, is now accepting registrations. Those interested should go to the parish office to register. Children and teenagers up to 14 years old can participate.","robots":{"index":"index","follow":"follow","max-snippet":"max-snippet:-1","max-image-preview":"max-image-preview:large","max-video-preview":"max-video-preview:-1"},"canonical":"https:\/\/www.padreeustaquio.com.br\/en\/registration-open-for-father-eustaquios-missionary-childhood-and-adolescence\/","og_locale":"en_US","og_type":"article","og_title":"Inscri\u00e7\u00f5es abertas para a Inf\u00e2ncia e Adolesc\u00eancia Mission\u00e1ria do Padre Eust\u00e1quio","og_description":"A IAM, Inf\u00e2ncia e Adolesc\u00eancia Mission\u00e1ria, do Santu\u00e1rio da Sa\u00fade e da Paz, Igreja do Beato Padre Eust\u00e1quio est\u00e1 com inscri\u00e7\u00f5es abertas. Os interessados devem comparecer \u00e0 secretaria paroquial para se cadastrar. Podem participar crian\u00e7as e adolescentes at\u00e9 14 anos.","og_url":"https:\/\/www.padreeustaquio.com.br\/en\/registration-open-for-father-eustaquios-missionary-childhood-and-adolescence\/","og_site_name":"Padre Eust\u00e1quio","article_publisher":"https:\/\/www.facebook.com\/beatopadreeustaquio\/","article_published_time":"2023-03-17T09:25:00+00:00","og_image":[{"width":1600,"height":1200,"url":"https:\/\/www.padreeustaquio.com.br\/wp-content\/uploads\/2023\/03\/iam-vale-este.jpeg","type":"image\/jpeg"}],"author":"@sscc","twitter_card":"summary_large_image","twitter_creator":"@beatopeustaquio","twitter_site":"@beatopeustaquio","twitter_misc":{"Written by":"@sscc","Est. reading time":"2 minutes"},"schema":{"@context":"https:\/\/schema.org","@graph":[{"@type":"Article","@id":"https:\/\/www.padreeustaquio.com.br\/inscricoes-abertas-para-a-infancia-e-adolescencia-missionaria-do-padre-eustaquio\/#article","isPartOf":{"@id":"https:\/\/www.padreeustaquio.com.br\/inscricoes-abertas-para-a-infancia-e-adolescencia-missionaria-do-padre-eustaquio\/"},"author":{"name":"@sscc","@id":"https:\/\/www.padreeustaquio.com.br\/#\/schema\/person\/a2a51db1d00f1a7af0204a0f1ddb1566"},"headline":"Inscri\u00e7\u00f5es abertas para a Inf\u00e2ncia e Adolesc\u00eancia Mission\u00e1ria do Padre Eust\u00e1quio","datePublished":"2023-03-17T09:25:00+00:00","mainEntityOfPage":{"@id":"https:\/\/www.padreeustaquio.com.br\/inscricoes-abertas-para-a-infancia-e-adolescencia-missionaria-do-padre-eustaquio\/"},"wordCount":306,"commentCount":0,"publisher":{"@id":"https:\/\/www.padreeustaquio.com.br\/#organization"},"image":{"@id":"https:\/\/www.padreeustaquio.com.br\/inscricoes-abertas-para-a-infancia-e-adolescencia-missionaria-do-padre-eustaquio\/#primaryimage"},"thumbnailUrl":"https:\/\/www.padreeustaquio.com.br\/wp-content\/uploads\/2023\/03\/iam-vale-este.jpeg","articleSection":["Not\u00edcias"],"inLanguage":"en-US","potentialAction":[{"@type":"CommentAction","name":"Comment","target":["https:\/\/www.padreeustaquio.com.br\/inscricoes-abertas-para-a-infancia-e-adolescencia-missionaria-do-padre-eustaquio\/#respond"]}]},{"@type":"WebPage","@id":"https:\/\/www.padreeustaquio.com.br\/inscricoes-abertas-para-a-infancia-e-adolescencia-missionaria-do-padre-eustaquio\/","url":"https:\/\/www.padreeustaquio.com.br\/inscricoes-abertas-para-a-infancia-e-adolescencia-missionaria-do-padre-eustaquio\/","name":"Registration is open for the Missionary Childhood and Adolescence program of Father Eust\u00e1quio.","isPartOf":{"@id":"https:\/\/www.padreeustaquio.com.br\/#website"},"primaryImageOfPage":{"@id":"https:\/\/www.padreeustaquio.com.br\/inscricoes-abertas-para-a-infancia-e-adolescencia-missionaria-do-padre-eustaquio\/#primaryimage"},"image":{"@id":"https:\/\/www.padreeustaquio.com.br\/inscricoes-abertas-para-a-infancia-e-adolescencia-missionaria-do-padre-eustaquio\/#primaryimage"},"thumbnailUrl":"https:\/\/www.padreeustaquio.com.br\/wp-content\/uploads\/2023\/03\/iam-vale-este.jpeg","datePublished":"2023-03-17T09:25:00+00:00","description":"The Missionary Childhood and Adolescence (IAM) group at the Sanctuary of Health and Peace, Church of Blessed Father Eustace, is now accepting registrations. Those interested should go to the parish office to register. Children and teenagers up to 14 years old can participate.","breadcrumb":{"@id":"https:\/\/www.padreeustaquio.com.br\/inscricoes-abertas-para-a-infancia-e-adolescencia-missionaria-do-padre-eustaquio\/#breadcrumb"},"inLanguage":"en-US","potentialAction":[{"@type":"ReadAction","target":["https:\/\/www.padreeustaquio.com.br\/inscricoes-abertas-para-a-infancia-e-adolescencia-missionaria-do-padre-eustaquio\/"]}]},{"@type":"ImageObject","inLanguage":"en-US","@id":"https:\/\/www.padreeustaquio.com.br\/inscricoes-abertas-para-a-infancia-e-adolescencia-missionaria-do-padre-eustaquio\/#primaryimage","url":"https:\/\/www.padreeustaquio.com.br\/wp-content\/uploads\/2023\/03\/iam-vale-este.jpeg","contentUrl":"https:\/\/www.padreeustaquio.com.br\/wp-content\/uploads\/2023\/03\/iam-vale-este.jpeg","width":1600,"height":1200},{"@type":"BreadcrumbList","@id":"https:\/\/www.padreeustaquio.com.br\/inscricoes-abertas-para-a-infancia-e-adolescencia-missionaria-do-padre-eustaquio\/#breadcrumb","itemListElement":[{"@type":"ListItem","position":1,"name":"In\u00edcio","item":"https:\/\/www.padreeustaquio.com.br\/"},{"@type":"ListItem","position":2,"name":"Inscri\u00e7\u00f5es abertas para a Inf\u00e2ncia e Adolesc\u00eancia Mission\u00e1ria do Padre Eust\u00e1quio"}]},{"@type":"WebSite","@id":"https:\/\/www.padreeustaquio.com.br\/#website","url":"https:\/\/www.padreeustaquio.com.br\/","name":"FATHER EUST\u00c1QUIO","description":"Health and Peace","publisher":{"@id":"https:\/\/www.padreeustaquio.com.br\/#organization"},"potentialAction":[{"@type":"SearchAction","target":{"@type":"EntryPoint","urlTemplate":"https:\/\/www.padreeustaquio.com.br\/?s={search_term_string}"},"query-input":{"@type":"PropertyValueSpecification","valueRequired":true,"valueName":"search_term_string"}}],"inLanguage":"en-US"},{"@type":"Organization","@id":"https:\/\/www.padreeustaquio.com.br\/#organization","name":"FATHER EUST\u00c1QUIO","url":"https:\/\/www.padreeustaquio.com.br\/","logo":{"@type":"ImageObject","inLanguage":"en-US","@id":"https:\/\/www.padreeustaquio.com.br\/#\/schema\/logo\/image\/","url":"https:\/\/www.padreeustaquio.com.br\/wp-content\/uploads\/2019\/08\/marca.png","contentUrl":"https:\/\/www.padreeustaquio.com.br\/wp-content\/uploads\/2019\/08\/marca.png","width":350,"height":400,"caption":"Padre Eust\u00e1quio"},"image":{"@id":"https:\/\/www.padreeustaquio.com.br\/#\/schema\/logo\/image\/"},"sameAs":["https:\/\/www.facebook.com\/beatopadreeustaquio\/","https:\/\/x.com\/beatopeustaquio","https:\/\/www.instagram.com\/beatopadreeustaquio\/","https:\/\/www.youtube.com\/channel\/UCRhw7vfabnajwLxb1ZXMeIw"]},{"@type":"Person","@id":"https:\/\/www.padreeustaquio.com.br\/#\/schema\/person\/a2a51db1d00f1a7af0204a0f1ddb1566","name":"@sscc","image":{"@type":"ImageObject","inLanguage":"en-US","@id":"https:\/\/secure.gravatar.com\/avatar\/68cfafa5f44617fea54071e215026e0ff06be366c3d54a8425f04fdcb86f8c5f?s=96&d=mm&r=g","url":"https:\/\/secure.gravatar.com\/avatar\/68cfafa5f44617fea54071e215026e0ff06be366c3d54a8425f04fdcb86f8c5f?s=96&d=mm&r=g","contentUrl":"https:\/\/secure.gravatar.com\/avatar\/68cfafa5f44617fea54071e215026e0ff06be366c3d54a8425f04fdcb86f8c5f?s=96&d=mm&r=g","caption":"@sscc"},"url":"https:\/\/www.padreeustaquio.com.br\/en\/author\/sscc\/"}]}},"_links":{"self":[{"href":"https:\/\/www.padreeustaquio.com.br\/en\/wp-json\/wp\/v2\/posts\/10043","targetHints":{"allow":["GET"]}}],"collection":[{"href":"https:\/\/www.padreeustaquio.com.br\/en\/wp-json\/wp\/v2\/posts"}],"about":[{"href":"https:\/\/www.padreeustaquio.com.br\/en\/wp-json\/wp\/v2\/types\/post"}],"author":[{"embeddable":true,"href":"https:\/\/www.padreeustaquio.com.br\/en\/wp-json\/wp\/v2\/users\/2"}],"replies":[{"embeddable":true,"href":"https:\/\/www.padreeustaquio.com.br\/en\/wp-json\/wp\/v2\/comments?post=10043"}],"version-history":[{"count":0,"href":"https:\/\/www.padreeustaquio.com.br\/en\/wp-json\/wp\/v2\/posts\/10043\/revisions"}],"wp:featuredmedia":[{"embeddable":true,"href":"https:\/\/www.padreeustaquio.com.br\/en\/wp-json\/wp\/v2\/media\/10058"}],"wp:attachment":[{"href":"https:\/\/www.padreeustaquio.com.br\/en\/wp-json\/wp\/v2\/media?parent=10043"}],"wp:term":[{"taxonomy":"category","embeddable":true,"href":"https:\/\/www.padreeustaquio.com.br\/en\/wp-json\/wp\/v2\/categories?post=10043"},{"taxonomy":"post_tag","embeddable":true,"href":"https:\/\/www.padreeustaquio.com.br\/en\/wp-json\/wp\/v2\/tags?post=10043"}],"curies":[{"name":"wp","href":"https:\/\/api.w.org\/{rel}","templated":true}]}}