{"id":10040,"date":"2023-03-16T06:20:00","date_gmt":"2023-03-16T09:20:00","guid":{"rendered":"https:\/\/www.padreeustaquio.com.br\/?p=10040"},"modified":"2023-03-14T08:26:36","modified_gmt":"2023-03-14T11:26:36","slug":"vocational-pastoral-care-is-presented-to-the-church-community-of-father-eustace","status":"publish","type":"post","link":"https:\/\/www.padreeustaquio.com.br\/en\/vocational-pastoral-care-is-presented-to-the-church-community-of-father-eustace\/","title":{"rendered":"The Vocation Ministry is presented to the community of the Father Eust\u00e1quio Church."},"content":{"rendered":"<p>It was during the Holy Mass held at the Sanctuary of Health and Peace, Church of Blessed Father Eustace, last Sunday, March 12th, that the members of the Sanctuary&#039;s Vocational Pastoral team were presented. The team is composed of postulants of the Sacred Hearts and volunteers who seek to awaken religious vocations in young people.<\/p>\n\n\n\n<p><strong>Vocational Year<\/strong><\/p>\n\n\n\n<p>2023 was established as the Year of Vocations for the Church in Brazil. The celebrations began in November of last year and will continue until November of this year. The initiative commemorates the 40th anniversary of the first thematic year dedicated to reflection, prayer, and the promotion of vocations in the country.<\/p>\n\n\n\n<p>The choice of theme was inspired by the Final Document of the Synod of Bishops on \u201cYoung People, the Faith and Vocational Discernment\u201d. This year&#039;s theme is \u201cVocation: Grace and Mission\u201d and the motto is \u201cBurning heart, feet on the way\u201d (cf. Lk 24:32-33).<\/p>\n\n\n\n<p><strong>Prayer for the Year of Vocations 2023<\/strong><\/p>\n\n\n\n<p><em>\u201cLord Jesus, sent by the Father and anointed by the Holy Spirit, who makes hearts burn and feet set out on the path, help us to discern the grace of your call and the urgency of the mission. Continue to enchant families, children, adolescents, young people and adults, so that they may be able to dream and dedicate themselves, with generosity and vigor, to the service of the Kingdom, in your Church and in the world. Awaken new generations to the vocation to lay ministries, to Marriage, to Consecrated Life and to Ordained Ministries. Mary, Mother, Teacher and Missionary Disciple, teach us to hear the Gospel of Vocation and to respond with joy.\u201d.<br>Amen!&quot;\u201d<\/em><\/p>\n\n\n\n<p><\/p>","protected":false},"excerpt":{"rendered":"<p>Foi durante a Santa Missa realizada no Santu\u00e1rio da Sa\u00fade e da Paz, Igreja do Beato Padre Eust\u00e1quio, no \u00faltimo domingo, 12 de mar\u00e7o, que foram apresentados os membros da Pastoral Vocacional do Santu\u00e1rio. A equipe \u00e9 composta por postulantes dos Sagrados Cora\u00e7\u00f5es e por volunt\u00e1rios que buscam despertar a voca\u00e7\u00e3o religiosa nos jovens. Ano Vocacional 2023 foi institu\u00eddo como o Ano Vocacional da Igreja no Brasil. As celebra\u00e7\u00f5es come\u00e7aram em novembro do ano passado e v\u00e3o at\u00e9 novembro deste ano. A iniciativa comemora os 40 anos do primeiro ano tem\u00e1tico dedicado \u00e0 reflex\u00e3o, ora\u00e7\u00e3o e promo\u00e7\u00e3o das voca\u00e7\u00f5es no [&hellip;]<\/p>\n","protected":false},"author":2,"featured_media":10041,"comment_status":"open","ping_status":"closed","sticky":false,"template":"","format":"standard","meta":{"_acf_changed":false,"footnotes":""},"categories":[611],"tags":[],"class_list":["post-10040","post","type-post","status-publish","format-standard","has-post-thumbnail","hentry","category-noticias"],"acf":[],"yoast_head":"<!-- This site is optimized with the Yoast SEO plugin v27.2 - https:\/\/yoast.com\/product\/yoast-seo-wordpress\/ -->\n<title>Pastoral Vocacional \u00e9 apresentada \u00e0 comunidade da Igreja do Padre Eust\u00e1quio<\/title>\n<meta name=\"description\" content=\"Foi durante a Santa Missa realizada no Santu\u00e1rio da Sa\u00fade e da Paz, Igreja do Beato Padre Eust\u00e1quio, no \u00faltimo domingo, 12 de mar\u00e7o, que foram apresentados os membros da Pastoral Vocacional do Santu\u00e1rio. A equipe \u00e9 composta por postulantes dos Sagrados Cora\u00e7\u00f5es e por volunt\u00e1rios que buscam despertar a voca\u00e7\u00e3o religiosa nos jovens.\" \/>\n<meta name=\"robots\" content=\"index, follow, max-snippet:-1, max-image-preview:large, max-video-preview:-1\" \/>\n<link rel=\"canonical\" href=\"https:\/\/www.padreeustaquio.com.br\/en\/vocational-pastoral-care-is-presented-to-the-church-community-of-father-eustace\/\" \/>\n<meta property=\"og:locale\" content=\"en_US\" \/>\n<meta property=\"og:type\" content=\"article\" \/>\n<meta property=\"og:title\" content=\"Pastoral Vocacional \u00e9 apresentada \u00e0 comunidade da Igreja do Padre Eust\u00e1quio\" \/>\n<meta property=\"og:description\" content=\"Foi durante a Santa Missa realizada no Santu\u00e1rio da Sa\u00fade e da Paz, Igreja do Beato Padre Eust\u00e1quio, no \u00faltimo domingo, 12 de mar\u00e7o, que foram apresentados os membros da Pastoral Vocacional do Santu\u00e1rio. A equipe \u00e9 composta por postulantes dos Sagrados Cora\u00e7\u00f5es e por volunt\u00e1rios que buscam despertar a voca\u00e7\u00e3o religiosa nos jovens.\" \/>\n<meta property=\"og:url\" content=\"https:\/\/www.padreeustaquio.com.br\/en\/vocational-pastoral-care-is-presented-to-the-church-community-of-father-eustace\/\" \/>\n<meta property=\"og:site_name\" content=\"Padre Eust\u00e1quio\" \/>\n<meta property=\"article:publisher\" content=\"https:\/\/www.facebook.com\/beatopadreeustaquio\/\" \/>\n<meta property=\"article:published_time\" content=\"2023-03-16T09:20:00+00:00\" \/>\n<meta property=\"og:image\" content=\"https:\/\/www.padreeustaquio.com.br\/wp-content\/uploads\/2023\/03\/missa-pastoral-vocacional.jpeg\" \/>\n\t<meta property=\"og:image:width\" content=\"1280\" \/>\n\t<meta property=\"og:image:height\" content=\"720\" \/>\n\t<meta property=\"og:image:type\" content=\"image\/jpeg\" \/>\n<meta name=\"author\" content=\"@sscc\" \/>\n<meta name=\"twitter:card\" content=\"summary_large_image\" \/>\n<meta name=\"twitter:creator\" content=\"@beatopeustaquio\" \/>\n<meta name=\"twitter:site\" content=\"@beatopeustaquio\" \/>\n<meta name=\"twitter:label1\" content=\"Written by\" \/>\n\t<meta name=\"twitter:data1\" content=\"@sscc\" \/>\n\t<meta name=\"twitter:label2\" content=\"Est. reading time\" \/>\n\t<meta name=\"twitter:data2\" content=\"2 minutes\" \/>\n<script type=\"application\/ld+json\" class=\"yoast-schema-graph\">{\"@context\":\"https:\/\/schema.org\",\"@graph\":[{\"@type\":\"Article\",\"@id\":\"https:\/\/www.padreeustaquio.com.br\/pastoral-vocacional-e-apresentada-a-comunidade-da-igreja-do-padre-eustaquio\/#article\",\"isPartOf\":{\"@id\":\"https:\/\/www.padreeustaquio.com.br\/pastoral-vocacional-e-apresentada-a-comunidade-da-igreja-do-padre-eustaquio\/\"},\"author\":{\"name\":\"@sscc\",\"@id\":\"https:\/\/www.padreeustaquio.com.br\/#\/schema\/person\/a2a51db1d00f1a7af0204a0f1ddb1566\"},\"headline\":\"Pastoral Vocacional \u00e9 apresentada \u00e0 comunidade da Igreja do Padre Eust\u00e1quio\",\"datePublished\":\"2023-03-16T09:20:00+00:00\",\"mainEntityOfPage\":{\"@id\":\"https:\/\/www.padreeustaquio.com.br\/pastoral-vocacional-e-apresentada-a-comunidade-da-igreja-do-padre-eustaquio\/\"},\"wordCount\":300,\"commentCount\":0,\"publisher\":{\"@id\":\"https:\/\/www.padreeustaquio.com.br\/#organization\"},\"image\":{\"@id\":\"https:\/\/www.padreeustaquio.com.br\/pastoral-vocacional-e-apresentada-a-comunidade-da-igreja-do-padre-eustaquio\/#primaryimage\"},\"thumbnailUrl\":\"https:\/\/www.padreeustaquio.com.br\/wp-content\/uploads\/2023\/03\/missa-pastoral-vocacional.jpeg\",\"articleSection\":[\"Not\u00edcias\"],\"inLanguage\":\"en-US\",\"potentialAction\":[{\"@type\":\"CommentAction\",\"name\":\"Comment\",\"target\":[\"https:\/\/www.padreeustaquio.com.br\/pastoral-vocacional-e-apresentada-a-comunidade-da-igreja-do-padre-eustaquio\/#respond\"]}]},{\"@type\":\"WebPage\",\"@id\":\"https:\/\/www.padreeustaquio.com.br\/pastoral-vocacional-e-apresentada-a-comunidade-da-igreja-do-padre-eustaquio\/\",\"url\":\"https:\/\/www.padreeustaquio.com.br\/pastoral-vocacional-e-apresentada-a-comunidade-da-igreja-do-padre-eustaquio\/\",\"name\":\"Pastoral Vocacional \u00e9 apresentada \u00e0 comunidade da Igreja do Padre Eust\u00e1quio\",\"isPartOf\":{\"@id\":\"https:\/\/www.padreeustaquio.com.br\/#website\"},\"primaryImageOfPage\":{\"@id\":\"https:\/\/www.padreeustaquio.com.br\/pastoral-vocacional-e-apresentada-a-comunidade-da-igreja-do-padre-eustaquio\/#primaryimage\"},\"image\":{\"@id\":\"https:\/\/www.padreeustaquio.com.br\/pastoral-vocacional-e-apresentada-a-comunidade-da-igreja-do-padre-eustaquio\/#primaryimage\"},\"thumbnailUrl\":\"https:\/\/www.padreeustaquio.com.br\/wp-content\/uploads\/2023\/03\/missa-pastoral-vocacional.jpeg\",\"datePublished\":\"2023-03-16T09:20:00+00:00\",\"description\":\"Foi durante a Santa Missa realizada no Santu\u00e1rio da Sa\u00fade e da Paz, Igreja do Beato Padre Eust\u00e1quio, no \u00faltimo domingo, 12 de mar\u00e7o, que foram apresentados os membros da Pastoral Vocacional do Santu\u00e1rio. A equipe \u00e9 composta por postulantes dos Sagrados Cora\u00e7\u00f5es e por volunt\u00e1rios que buscam despertar a voca\u00e7\u00e3o religiosa nos jovens.\",\"breadcrumb\":{\"@id\":\"https:\/\/www.padreeustaquio.com.br\/pastoral-vocacional-e-apresentada-a-comunidade-da-igreja-do-padre-eustaquio\/#breadcrumb\"},\"inLanguage\":\"en-US\",\"potentialAction\":[{\"@type\":\"ReadAction\",\"target\":[\"https:\/\/www.padreeustaquio.com.br\/pastoral-vocacional-e-apresentada-a-comunidade-da-igreja-do-padre-eustaquio\/\"]}]},{\"@type\":\"ImageObject\",\"inLanguage\":\"en-US\",\"@id\":\"https:\/\/www.padreeustaquio.com.br\/pastoral-vocacional-e-apresentada-a-comunidade-da-igreja-do-padre-eustaquio\/#primaryimage\",\"url\":\"https:\/\/www.padreeustaquio.com.br\/wp-content\/uploads\/2023\/03\/missa-pastoral-vocacional.jpeg\",\"contentUrl\":\"https:\/\/www.padreeustaquio.com.br\/wp-content\/uploads\/2023\/03\/missa-pastoral-vocacional.jpeg\",\"width\":1280,\"height\":720},{\"@type\":\"BreadcrumbList\",\"@id\":\"https:\/\/www.padreeustaquio.com.br\/pastoral-vocacional-e-apresentada-a-comunidade-da-igreja-do-padre-eustaquio\/#breadcrumb\",\"itemListElement\":[{\"@type\":\"ListItem\",\"position\":1,\"name\":\"In\u00edcio\",\"item\":\"https:\/\/www.padreeustaquio.com.br\/\"},{\"@type\":\"ListItem\",\"position\":2,\"name\":\"Pastoral Vocacional \u00e9 apresentada \u00e0 comunidade da Igreja do Padre Eust\u00e1quio\"}]},{\"@type\":\"WebSite\",\"@id\":\"https:\/\/www.padreeustaquio.com.br\/#website\",\"url\":\"https:\/\/www.padreeustaquio.com.br\/\",\"name\":\"Padre Eust\u00e1quio\",\"description\":\"Sa\u00fade e Paz\",\"publisher\":{\"@id\":\"https:\/\/www.padreeustaquio.com.br\/#organization\"},\"potentialAction\":[{\"@type\":\"SearchAction\",\"target\":{\"@type\":\"EntryPoint\",\"urlTemplate\":\"https:\/\/www.padreeustaquio.com.br\/?s={search_term_string}\"},\"query-input\":{\"@type\":\"PropertyValueSpecification\",\"valueRequired\":true,\"valueName\":\"search_term_string\"}}],\"inLanguage\":\"en-US\"},{\"@type\":\"Organization\",\"@id\":\"https:\/\/www.padreeustaquio.com.br\/#organization\",\"name\":\"Padre Eust\u00e1quio\",\"url\":\"https:\/\/www.padreeustaquio.com.br\/\",\"logo\":{\"@type\":\"ImageObject\",\"inLanguage\":\"en-US\",\"@id\":\"https:\/\/www.padreeustaquio.com.br\/#\/schema\/logo\/image\/\",\"url\":\"https:\/\/www.padreeustaquio.com.br\/wp-content\/uploads\/2019\/08\/marca.png\",\"contentUrl\":\"https:\/\/www.padreeustaquio.com.br\/wp-content\/uploads\/2019\/08\/marca.png\",\"width\":350,\"height\":400,\"caption\":\"Padre Eust\u00e1quio\"},\"image\":{\"@id\":\"https:\/\/www.padreeustaquio.com.br\/#\/schema\/logo\/image\/\"},\"sameAs\":[\"https:\/\/www.facebook.com\/beatopadreeustaquio\/\",\"https:\/\/x.com\/beatopeustaquio\",\"https:\/\/www.instagram.com\/beatopadreeustaquio\/\",\"https:\/\/www.youtube.com\/channel\/UCRhw7vfabnajwLxb1ZXMeIw\"]},{\"@type\":\"Person\",\"@id\":\"https:\/\/www.padreeustaquio.com.br\/#\/schema\/person\/a2a51db1d00f1a7af0204a0f1ddb1566\",\"name\":\"@sscc\",\"image\":{\"@type\":\"ImageObject\",\"inLanguage\":\"en-US\",\"@id\":\"https:\/\/secure.gravatar.com\/avatar\/68cfafa5f44617fea54071e215026e0ff06be366c3d54a8425f04fdcb86f8c5f?s=96&d=mm&r=g\",\"url\":\"https:\/\/secure.gravatar.com\/avatar\/68cfafa5f44617fea54071e215026e0ff06be366c3d54a8425f04fdcb86f8c5f?s=96&d=mm&r=g\",\"contentUrl\":\"https:\/\/secure.gravatar.com\/avatar\/68cfafa5f44617fea54071e215026e0ff06be366c3d54a8425f04fdcb86f8c5f?s=96&d=mm&r=g\",\"caption\":\"@sscc\"},\"url\":\"https:\/\/www.padreeustaquio.com.br\/en\/author\/sscc\/\"}]}<\/script>\n<!-- \/ Yoast SEO plugin. -->","yoast_head_json":{"title":"The Vocation Ministry is presented to the community of the Father Eust\u00e1quio Church.","description":"It was during the Holy Mass held at the Sanctuary of Health and Peace, Church of Blessed Father Eustace, last Sunday, March 12th, that the members of the Sanctuary&#039;s Vocational Pastoral team were presented. The team is composed of postulants of the Sacred Hearts and volunteers who seek to awaken religious vocations in young people.","robots":{"index":"index","follow":"follow","max-snippet":"max-snippet:-1","max-image-preview":"max-image-preview:large","max-video-preview":"max-video-preview:-1"},"canonical":"https:\/\/www.padreeustaquio.com.br\/en\/vocational-pastoral-care-is-presented-to-the-church-community-of-father-eustace\/","og_locale":"en_US","og_type":"article","og_title":"Pastoral Vocacional \u00e9 apresentada \u00e0 comunidade da Igreja do Padre Eust\u00e1quio","og_description":"Foi durante a Santa Missa realizada no Santu\u00e1rio da Sa\u00fade e da Paz, Igreja do Beato Padre Eust\u00e1quio, no \u00faltimo domingo, 12 de mar\u00e7o, que foram apresentados os membros da Pastoral Vocacional do Santu\u00e1rio. A equipe \u00e9 composta por postulantes dos Sagrados Cora\u00e7\u00f5es e por volunt\u00e1rios que buscam despertar a voca\u00e7\u00e3o religiosa nos jovens.","og_url":"https:\/\/www.padreeustaquio.com.br\/en\/vocational-pastoral-care-is-presented-to-the-church-community-of-father-eustace\/","og_site_name":"Padre Eust\u00e1quio","article_publisher":"https:\/\/www.facebook.com\/beatopadreeustaquio\/","article_published_time":"2023-03-16T09:20:00+00:00","og_image":[{"width":1280,"height":720,"url":"https:\/\/www.padreeustaquio.com.br\/wp-content\/uploads\/2023\/03\/missa-pastoral-vocacional.jpeg","type":"image\/jpeg"}],"author":"@sscc","twitter_card":"summary_large_image","twitter_creator":"@beatopeustaquio","twitter_site":"@beatopeustaquio","twitter_misc":{"Written by":"@sscc","Est. reading time":"2 minutes"},"schema":{"@context":"https:\/\/schema.org","@graph":[{"@type":"Article","@id":"https:\/\/www.padreeustaquio.com.br\/pastoral-vocacional-e-apresentada-a-comunidade-da-igreja-do-padre-eustaquio\/#article","isPartOf":{"@id":"https:\/\/www.padreeustaquio.com.br\/pastoral-vocacional-e-apresentada-a-comunidade-da-igreja-do-padre-eustaquio\/"},"author":{"name":"@sscc","@id":"https:\/\/www.padreeustaquio.com.br\/#\/schema\/person\/a2a51db1d00f1a7af0204a0f1ddb1566"},"headline":"Pastoral Vocacional \u00e9 apresentada \u00e0 comunidade da Igreja do Padre Eust\u00e1quio","datePublished":"2023-03-16T09:20:00+00:00","mainEntityOfPage":{"@id":"https:\/\/www.padreeustaquio.com.br\/pastoral-vocacional-e-apresentada-a-comunidade-da-igreja-do-padre-eustaquio\/"},"wordCount":300,"commentCount":0,"publisher":{"@id":"https:\/\/www.padreeustaquio.com.br\/#organization"},"image":{"@id":"https:\/\/www.padreeustaquio.com.br\/pastoral-vocacional-e-apresentada-a-comunidade-da-igreja-do-padre-eustaquio\/#primaryimage"},"thumbnailUrl":"https:\/\/www.padreeustaquio.com.br\/wp-content\/uploads\/2023\/03\/missa-pastoral-vocacional.jpeg","articleSection":["Not\u00edcias"],"inLanguage":"en-US","potentialAction":[{"@type":"CommentAction","name":"Comment","target":["https:\/\/www.padreeustaquio.com.br\/pastoral-vocacional-e-apresentada-a-comunidade-da-igreja-do-padre-eustaquio\/#respond"]}]},{"@type":"WebPage","@id":"https:\/\/www.padreeustaquio.com.br\/pastoral-vocacional-e-apresentada-a-comunidade-da-igreja-do-padre-eustaquio\/","url":"https:\/\/www.padreeustaquio.com.br\/pastoral-vocacional-e-apresentada-a-comunidade-da-igreja-do-padre-eustaquio\/","name":"The Vocation Ministry is presented to the community of the Father Eust\u00e1quio Church.","isPartOf":{"@id":"https:\/\/www.padreeustaquio.com.br\/#website"},"primaryImageOfPage":{"@id":"https:\/\/www.padreeustaquio.com.br\/pastoral-vocacional-e-apresentada-a-comunidade-da-igreja-do-padre-eustaquio\/#primaryimage"},"image":{"@id":"https:\/\/www.padreeustaquio.com.br\/pastoral-vocacional-e-apresentada-a-comunidade-da-igreja-do-padre-eustaquio\/#primaryimage"},"thumbnailUrl":"https:\/\/www.padreeustaquio.com.br\/wp-content\/uploads\/2023\/03\/missa-pastoral-vocacional.jpeg","datePublished":"2023-03-16T09:20:00+00:00","description":"It was during the Holy Mass held at the Sanctuary of Health and Peace, Church of Blessed Father Eustace, last Sunday, March 12th, that the members of the Sanctuary&#039;s Vocational Pastoral team were presented. The team is composed of postulants of the Sacred Hearts and volunteers who seek to awaken religious vocations in young people.","breadcrumb":{"@id":"https:\/\/www.padreeustaquio.com.br\/pastoral-vocacional-e-apresentada-a-comunidade-da-igreja-do-padre-eustaquio\/#breadcrumb"},"inLanguage":"en-US","potentialAction":[{"@type":"ReadAction","target":["https:\/\/www.padreeustaquio.com.br\/pastoral-vocacional-e-apresentada-a-comunidade-da-igreja-do-padre-eustaquio\/"]}]},{"@type":"ImageObject","inLanguage":"en-US","@id":"https:\/\/www.padreeustaquio.com.br\/pastoral-vocacional-e-apresentada-a-comunidade-da-igreja-do-padre-eustaquio\/#primaryimage","url":"https:\/\/www.padreeustaquio.com.br\/wp-content\/uploads\/2023\/03\/missa-pastoral-vocacional.jpeg","contentUrl":"https:\/\/www.padreeustaquio.com.br\/wp-content\/uploads\/2023\/03\/missa-pastoral-vocacional.jpeg","width":1280,"height":720},{"@type":"BreadcrumbList","@id":"https:\/\/www.padreeustaquio.com.br\/pastoral-vocacional-e-apresentada-a-comunidade-da-igreja-do-padre-eustaquio\/#breadcrumb","itemListElement":[{"@type":"ListItem","position":1,"name":"In\u00edcio","item":"https:\/\/www.padreeustaquio.com.br\/"},{"@type":"ListItem","position":2,"name":"Pastoral Vocacional \u00e9 apresentada \u00e0 comunidade da Igreja do Padre Eust\u00e1quio"}]},{"@type":"WebSite","@id":"https:\/\/www.padreeustaquio.com.br\/#website","url":"https:\/\/www.padreeustaquio.com.br\/","name":"FATHER EUST\u00c1QUIO","description":"Health and Peace","publisher":{"@id":"https:\/\/www.padreeustaquio.com.br\/#organization"},"potentialAction":[{"@type":"SearchAction","target":{"@type":"EntryPoint","urlTemplate":"https:\/\/www.padreeustaquio.com.br\/?s={search_term_string}"},"query-input":{"@type":"PropertyValueSpecification","valueRequired":true,"valueName":"search_term_string"}}],"inLanguage":"en-US"},{"@type":"Organization","@id":"https:\/\/www.padreeustaquio.com.br\/#organization","name":"FATHER EUST\u00c1QUIO","url":"https:\/\/www.padreeustaquio.com.br\/","logo":{"@type":"ImageObject","inLanguage":"en-US","@id":"https:\/\/www.padreeustaquio.com.br\/#\/schema\/logo\/image\/","url":"https:\/\/www.padreeustaquio.com.br\/wp-content\/uploads\/2019\/08\/marca.png","contentUrl":"https:\/\/www.padreeustaquio.com.br\/wp-content\/uploads\/2019\/08\/marca.png","width":350,"height":400,"caption":"Padre Eust\u00e1quio"},"image":{"@id":"https:\/\/www.padreeustaquio.com.br\/#\/schema\/logo\/image\/"},"sameAs":["https:\/\/www.facebook.com\/beatopadreeustaquio\/","https:\/\/x.com\/beatopeustaquio","https:\/\/www.instagram.com\/beatopadreeustaquio\/","https:\/\/www.youtube.com\/channel\/UCRhw7vfabnajwLxb1ZXMeIw"]},{"@type":"Person","@id":"https:\/\/www.padreeustaquio.com.br\/#\/schema\/person\/a2a51db1d00f1a7af0204a0f1ddb1566","name":"@sscc","image":{"@type":"ImageObject","inLanguage":"en-US","@id":"https:\/\/secure.gravatar.com\/avatar\/68cfafa5f44617fea54071e215026e0ff06be366c3d54a8425f04fdcb86f8c5f?s=96&d=mm&r=g","url":"https:\/\/secure.gravatar.com\/avatar\/68cfafa5f44617fea54071e215026e0ff06be366c3d54a8425f04fdcb86f8c5f?s=96&d=mm&r=g","contentUrl":"https:\/\/secure.gravatar.com\/avatar\/68cfafa5f44617fea54071e215026e0ff06be366c3d54a8425f04fdcb86f8c5f?s=96&d=mm&r=g","caption":"@sscc"},"url":"https:\/\/www.padreeustaquio.com.br\/en\/author\/sscc\/"}]}},"_links":{"self":[{"href":"https:\/\/www.padreeustaquio.com.br\/en\/wp-json\/wp\/v2\/posts\/10040","targetHints":{"allow":["GET"]}}],"collection":[{"href":"https:\/\/www.padreeustaquio.com.br\/en\/wp-json\/wp\/v2\/posts"}],"about":[{"href":"https:\/\/www.padreeustaquio.com.br\/en\/wp-json\/wp\/v2\/types\/post"}],"author":[{"embeddable":true,"href":"https:\/\/www.padreeustaquio.com.br\/en\/wp-json\/wp\/v2\/users\/2"}],"replies":[{"embeddable":true,"href":"https:\/\/www.padreeustaquio.com.br\/en\/wp-json\/wp\/v2\/comments?post=10040"}],"version-history":[{"count":0,"href":"https:\/\/www.padreeustaquio.com.br\/en\/wp-json\/wp\/v2\/posts\/10040\/revisions"}],"wp:featuredmedia":[{"embeddable":true,"href":"https:\/\/www.padreeustaquio.com.br\/en\/wp-json\/wp\/v2\/media\/10041"}],"wp:attachment":[{"href":"https:\/\/www.padreeustaquio.com.br\/en\/wp-json\/wp\/v2\/media?parent=10040"}],"wp:term":[{"taxonomy":"category","embeddable":true,"href":"https:\/\/www.padreeustaquio.com.br\/en\/wp-json\/wp\/v2\/categories?post=10040"},{"taxonomy":"post_tag","embeddable":true,"href":"https:\/\/www.padreeustaquio.com.br\/en\/wp-json\/wp\/v2\/tags?post=10040"}],"curies":[{"name":"wp","href":"https:\/\/api.w.org\/{rel}","templated":true}]}}