{"id":10037,"date":"2023-03-15T06:13:00","date_gmt":"2023-03-15T09:13:00","guid":{"rendered":"https:\/\/www.padreeustaquio.com.br\/?p=10037"},"modified":"2023-03-14T08:18:54","modified_gmt":"2023-03-14T11:18:54","slug":"young-people-from-the-sanctuary-hold-a-confirmation-meeting","status":"publish","type":"post","link":"https:\/\/www.padreeustaquio.com.br\/en\/young-people-from-the-sanctuary-hold-a-confirmation-meeting\/","title":{"rendered":"Young people from the Sanctuary hold a &quot;Confirmation Gathering&quot;\u201c"},"content":{"rendered":"<p>With the goal of integrating young people participating in the journey towards the Sacrament of Confirmation at the Sanctuary of Health and Peace, the first &quot;Confirmation Gathering&quot; was held last weekend. The event took place about a month after the start of the formation for the teenagers who will receive the Sacrament at the end of the year.<\/p>\n\n\n\n<p>The Confirmation program at the Sanctuary currently has five classes with approximately 30 confirmands each. The event was a time of relaxation, prayer, and sharing among the young people from all the classes.<\/p>\n\n\n\n<p>Moments of praise and prayer were interspersed with a shared snack. To conclude the meeting, Holy Mass was celebrated, where the confirmands were presented to the community and received the Crucifixes of the Sacred Hearts donated by our parish.<\/p>\n\n\n\n<p>During the meeting, the young people witnessed the testimony of Jader Rocha, 32, who received the Sacrament last year and emphasized how much, even as an adult, it made a difference in his life. Currently, he is a catechist for the Sunday school group and described what motivated him to be there, in addition to highlighting the importance of maintaining our focus on drawing closer to God every day.<\/p>\n\n\n\n<p><\/p>","protected":false},"excerpt":{"rendered":"<p>Com objetivo de integrar os jovens que participam da caminhada rumo ao Sacramento da Crisma no Santu\u00e1rio da Sa\u00fade e da Paz, foi realizado o primeiro \u201cEncontr\u00e3o da Crisma\u201d no \u00faltimo fim de semana. O evento foi realizado cerca de um m\u00eas ap\u00f3s o in\u00edcio da forma\u00e7\u00e3o para os adolescentes que ir\u00e3o receber o Sacramento no final do ano. A Crisma do Santu\u00e1rio tem hoje cinco turmas com cerca de 30 crismandos cada. O evento foi um momento de descontra\u00e7\u00e3o, ora\u00e7\u00e3o e partilha entre os jovens de todas as turmas. Momentos de louvor e ora\u00e7\u00e3o foram intercalados com o lanche [&hellip;]<\/p>\n","protected":false},"author":2,"featured_media":10038,"comment_status":"open","ping_status":"closed","sticky":false,"template":"","format":"standard","meta":{"_acf_changed":false,"footnotes":""},"categories":[611],"tags":[],"class_list":["post-10037","post","type-post","status-publish","format-standard","has-post-thumbnail","hentry","category-noticias"],"acf":[],"yoast_head":"<!-- This site is optimized with the Yoast SEO plugin v27.2 - https:\/\/yoast.com\/product\/yoast-seo-wordpress\/ -->\n<title>Jovens do Santu\u00e1rio realizam &quot;Encontr\u00e3o da Crisma&quot;<\/title>\n<meta name=\"description\" content=\"Com objetivo de integrar os jovens que participam da caminhada rumo ao Sacramento da Crisma no Santu\u00e1rio da Sa\u00fade e da Paz, foi realizado o primeiro \u201cEncontr\u00e3o da Crisma\u201d no \u00faltimo fim de semana. O evento foi realizado cerca de um m\u00eas ap\u00f3s o in\u00edcio da forma\u00e7\u00e3o para os adolescentes que ir\u00e3o receber o Sacramento no final do ano.\" \/>\n<meta name=\"robots\" content=\"index, follow, max-snippet:-1, max-image-preview:large, max-video-preview:-1\" \/>\n<link rel=\"canonical\" href=\"https:\/\/www.padreeustaquio.com.br\/en\/young-people-from-the-sanctuary-hold-a-confirmation-meeting\/\" \/>\n<meta property=\"og:locale\" content=\"en_US\" \/>\n<meta property=\"og:type\" content=\"article\" \/>\n<meta property=\"og:title\" content=\"Jovens do Santu\u00e1rio realizam &quot;Encontr\u00e3o da Crisma&quot;\" \/>\n<meta property=\"og:description\" content=\"Com objetivo de integrar os jovens que participam da caminhada rumo ao Sacramento da Crisma no Santu\u00e1rio da Sa\u00fade e da Paz, foi realizado o primeiro \u201cEncontr\u00e3o da Crisma\u201d no \u00faltimo fim de semana. O evento foi realizado cerca de um m\u00eas ap\u00f3s o in\u00edcio da forma\u00e7\u00e3o para os adolescentes que ir\u00e3o receber o Sacramento no final do ano.\" \/>\n<meta property=\"og:url\" content=\"https:\/\/www.padreeustaquio.com.br\/en\/young-people-from-the-sanctuary-hold-a-confirmation-meeting\/\" \/>\n<meta property=\"og:site_name\" content=\"Padre Eust\u00e1quio\" \/>\n<meta property=\"article:publisher\" content=\"https:\/\/www.facebook.com\/beatopadreeustaquio\/\" \/>\n<meta property=\"article:published_time\" content=\"2023-03-15T09:13:00+00:00\" \/>\n<meta property=\"og:image\" content=\"https:\/\/www.padreeustaquio.com.br\/wp-content\/uploads\/2023\/03\/Encotrao-crisma.jpeg\" \/>\n\t<meta property=\"og:image:width\" content=\"1600\" \/>\n\t<meta property=\"og:image:height\" content=\"1200\" \/>\n\t<meta property=\"og:image:type\" content=\"image\/jpeg\" \/>\n<meta name=\"author\" content=\"@sscc\" \/>\n<meta name=\"twitter:card\" content=\"summary_large_image\" \/>\n<meta name=\"twitter:creator\" content=\"@beatopeustaquio\" \/>\n<meta name=\"twitter:site\" content=\"@beatopeustaquio\" \/>\n<meta name=\"twitter:label1\" content=\"Written by\" \/>\n\t<meta name=\"twitter:data1\" content=\"@sscc\" \/>\n\t<meta name=\"twitter:label2\" content=\"Est. reading time\" \/>\n\t<meta name=\"twitter:data2\" content=\"1 minute\" \/>\n<script type=\"application\/ld+json\" class=\"yoast-schema-graph\">{\"@context\":\"https:\/\/schema.org\",\"@graph\":[{\"@type\":\"Article\",\"@id\":\"https:\/\/www.padreeustaquio.com.br\/jovens-do-santuario-realizam-encontrao-da-crisma\/#article\",\"isPartOf\":{\"@id\":\"https:\/\/www.padreeustaquio.com.br\/jovens-do-santuario-realizam-encontrao-da-crisma\/\"},\"author\":{\"name\":\"@sscc\",\"@id\":\"https:\/\/www.padreeustaquio.com.br\/#\/schema\/person\/a2a51db1d00f1a7af0204a0f1ddb1566\"},\"headline\":\"Jovens do Santu\u00e1rio realizam &#8220;Encontr\u00e3o da Crisma&#8221;\",\"datePublished\":\"2023-03-15T09:13:00+00:00\",\"mainEntityOfPage\":{\"@id\":\"https:\/\/www.padreeustaquio.com.br\/jovens-do-santuario-realizam-encontrao-da-crisma\/\"},\"wordCount\":215,\"commentCount\":0,\"publisher\":{\"@id\":\"https:\/\/www.padreeustaquio.com.br\/#organization\"},\"image\":{\"@id\":\"https:\/\/www.padreeustaquio.com.br\/jovens-do-santuario-realizam-encontrao-da-crisma\/#primaryimage\"},\"thumbnailUrl\":\"https:\/\/www.padreeustaquio.com.br\/wp-content\/uploads\/2023\/03\/Encotrao-crisma.jpeg\",\"articleSection\":[\"Not\u00edcias\"],\"inLanguage\":\"en-US\",\"potentialAction\":[{\"@type\":\"CommentAction\",\"name\":\"Comment\",\"target\":[\"https:\/\/www.padreeustaquio.com.br\/jovens-do-santuario-realizam-encontrao-da-crisma\/#respond\"]}]},{\"@type\":\"WebPage\",\"@id\":\"https:\/\/www.padreeustaquio.com.br\/jovens-do-santuario-realizam-encontrao-da-crisma\/\",\"url\":\"https:\/\/www.padreeustaquio.com.br\/jovens-do-santuario-realizam-encontrao-da-crisma\/\",\"name\":\"Jovens do Santu\u00e1rio realizam \\\"Encontr\u00e3o da Crisma\\\"\",\"isPartOf\":{\"@id\":\"https:\/\/www.padreeustaquio.com.br\/#website\"},\"primaryImageOfPage\":{\"@id\":\"https:\/\/www.padreeustaquio.com.br\/jovens-do-santuario-realizam-encontrao-da-crisma\/#primaryimage\"},\"image\":{\"@id\":\"https:\/\/www.padreeustaquio.com.br\/jovens-do-santuario-realizam-encontrao-da-crisma\/#primaryimage\"},\"thumbnailUrl\":\"https:\/\/www.padreeustaquio.com.br\/wp-content\/uploads\/2023\/03\/Encotrao-crisma.jpeg\",\"datePublished\":\"2023-03-15T09:13:00+00:00\",\"description\":\"Com objetivo de integrar os jovens que participam da caminhada rumo ao Sacramento da Crisma no Santu\u00e1rio da Sa\u00fade e da Paz, foi realizado o primeiro \u201cEncontr\u00e3o da Crisma\u201d no \u00faltimo fim de semana. O evento foi realizado cerca de um m\u00eas ap\u00f3s o in\u00edcio da forma\u00e7\u00e3o para os adolescentes que ir\u00e3o receber o Sacramento no final do ano.\",\"breadcrumb\":{\"@id\":\"https:\/\/www.padreeustaquio.com.br\/jovens-do-santuario-realizam-encontrao-da-crisma\/#breadcrumb\"},\"inLanguage\":\"en-US\",\"potentialAction\":[{\"@type\":\"ReadAction\",\"target\":[\"https:\/\/www.padreeustaquio.com.br\/jovens-do-santuario-realizam-encontrao-da-crisma\/\"]}]},{\"@type\":\"ImageObject\",\"inLanguage\":\"en-US\",\"@id\":\"https:\/\/www.padreeustaquio.com.br\/jovens-do-santuario-realizam-encontrao-da-crisma\/#primaryimage\",\"url\":\"https:\/\/www.padreeustaquio.com.br\/wp-content\/uploads\/2023\/03\/Encotrao-crisma.jpeg\",\"contentUrl\":\"https:\/\/www.padreeustaquio.com.br\/wp-content\/uploads\/2023\/03\/Encotrao-crisma.jpeg\",\"width\":1600,\"height\":1200},{\"@type\":\"BreadcrumbList\",\"@id\":\"https:\/\/www.padreeustaquio.com.br\/jovens-do-santuario-realizam-encontrao-da-crisma\/#breadcrumb\",\"itemListElement\":[{\"@type\":\"ListItem\",\"position\":1,\"name\":\"In\u00edcio\",\"item\":\"https:\/\/www.padreeustaquio.com.br\/\"},{\"@type\":\"ListItem\",\"position\":2,\"name\":\"Jovens do Santu\u00e1rio realizam &#8220;Encontr\u00e3o da Crisma&#8221;\"}]},{\"@type\":\"WebSite\",\"@id\":\"https:\/\/www.padreeustaquio.com.br\/#website\",\"url\":\"https:\/\/www.padreeustaquio.com.br\/\",\"name\":\"Padre Eust\u00e1quio\",\"description\":\"Sa\u00fade e Paz\",\"publisher\":{\"@id\":\"https:\/\/www.padreeustaquio.com.br\/#organization\"},\"potentialAction\":[{\"@type\":\"SearchAction\",\"target\":{\"@type\":\"EntryPoint\",\"urlTemplate\":\"https:\/\/www.padreeustaquio.com.br\/?s={search_term_string}\"},\"query-input\":{\"@type\":\"PropertyValueSpecification\",\"valueRequired\":true,\"valueName\":\"search_term_string\"}}],\"inLanguage\":\"en-US\"},{\"@type\":\"Organization\",\"@id\":\"https:\/\/www.padreeustaquio.com.br\/#organization\",\"name\":\"Padre Eust\u00e1quio\",\"url\":\"https:\/\/www.padreeustaquio.com.br\/\",\"logo\":{\"@type\":\"ImageObject\",\"inLanguage\":\"en-US\",\"@id\":\"https:\/\/www.padreeustaquio.com.br\/#\/schema\/logo\/image\/\",\"url\":\"https:\/\/www.padreeustaquio.com.br\/wp-content\/uploads\/2019\/08\/marca.png\",\"contentUrl\":\"https:\/\/www.padreeustaquio.com.br\/wp-content\/uploads\/2019\/08\/marca.png\",\"width\":350,\"height\":400,\"caption\":\"Padre Eust\u00e1quio\"},\"image\":{\"@id\":\"https:\/\/www.padreeustaquio.com.br\/#\/schema\/logo\/image\/\"},\"sameAs\":[\"https:\/\/www.facebook.com\/beatopadreeustaquio\/\",\"https:\/\/x.com\/beatopeustaquio\",\"https:\/\/www.instagram.com\/beatopadreeustaquio\/\",\"https:\/\/www.youtube.com\/channel\/UCRhw7vfabnajwLxb1ZXMeIw\"]},{\"@type\":\"Person\",\"@id\":\"https:\/\/www.padreeustaquio.com.br\/#\/schema\/person\/a2a51db1d00f1a7af0204a0f1ddb1566\",\"name\":\"@sscc\",\"image\":{\"@type\":\"ImageObject\",\"inLanguage\":\"en-US\",\"@id\":\"https:\/\/secure.gravatar.com\/avatar\/68cfafa5f44617fea54071e215026e0ff06be366c3d54a8425f04fdcb86f8c5f?s=96&d=mm&r=g\",\"url\":\"https:\/\/secure.gravatar.com\/avatar\/68cfafa5f44617fea54071e215026e0ff06be366c3d54a8425f04fdcb86f8c5f?s=96&d=mm&r=g\",\"contentUrl\":\"https:\/\/secure.gravatar.com\/avatar\/68cfafa5f44617fea54071e215026e0ff06be366c3d54a8425f04fdcb86f8c5f?s=96&d=mm&r=g\",\"caption\":\"@sscc\"},\"url\":\"https:\/\/www.padreeustaquio.com.br\/en\/author\/sscc\/\"}]}<\/script>\n<!-- \/ Yoast SEO plugin. -->","yoast_head_json":{"title":"Young people from the Sanctuary hold a &quot;Confirmation Gathering&quot;\"","description":"With the goal of integrating young people participating in the journey towards the Sacrament of Confirmation at the Sanctuary of Health and Peace, the first &quot;Confirmation Gathering&quot; was held last weekend. The event took place about a month after the start of the formation for the teenagers who will receive the Sacrament at the end of the year.","robots":{"index":"index","follow":"follow","max-snippet":"max-snippet:-1","max-image-preview":"max-image-preview:large","max-video-preview":"max-video-preview:-1"},"canonical":"https:\/\/www.padreeustaquio.com.br\/en\/young-people-from-the-sanctuary-hold-a-confirmation-meeting\/","og_locale":"en_US","og_type":"article","og_title":"Jovens do Santu\u00e1rio realizam \"Encontr\u00e3o da Crisma\"","og_description":"Com objetivo de integrar os jovens que participam da caminhada rumo ao Sacramento da Crisma no Santu\u00e1rio da Sa\u00fade e da Paz, foi realizado o primeiro \u201cEncontr\u00e3o da Crisma\u201d no \u00faltimo fim de semana. O evento foi realizado cerca de um m\u00eas ap\u00f3s o in\u00edcio da forma\u00e7\u00e3o para os adolescentes que ir\u00e3o receber o Sacramento no final do ano.","og_url":"https:\/\/www.padreeustaquio.com.br\/en\/young-people-from-the-sanctuary-hold-a-confirmation-meeting\/","og_site_name":"Padre Eust\u00e1quio","article_publisher":"https:\/\/www.facebook.com\/beatopadreeustaquio\/","article_published_time":"2023-03-15T09:13:00+00:00","og_image":[{"width":1600,"height":1200,"url":"https:\/\/www.padreeustaquio.com.br\/wp-content\/uploads\/2023\/03\/Encotrao-crisma.jpeg","type":"image\/jpeg"}],"author":"@sscc","twitter_card":"summary_large_image","twitter_creator":"@beatopeustaquio","twitter_site":"@beatopeustaquio","twitter_misc":{"Written by":"@sscc","Est. reading time":"1 minute"},"schema":{"@context":"https:\/\/schema.org","@graph":[{"@type":"Article","@id":"https:\/\/www.padreeustaquio.com.br\/jovens-do-santuario-realizam-encontrao-da-crisma\/#article","isPartOf":{"@id":"https:\/\/www.padreeustaquio.com.br\/jovens-do-santuario-realizam-encontrao-da-crisma\/"},"author":{"name":"@sscc","@id":"https:\/\/www.padreeustaquio.com.br\/#\/schema\/person\/a2a51db1d00f1a7af0204a0f1ddb1566"},"headline":"Jovens do Santu\u00e1rio realizam &#8220;Encontr\u00e3o da Crisma&#8221;","datePublished":"2023-03-15T09:13:00+00:00","mainEntityOfPage":{"@id":"https:\/\/www.padreeustaquio.com.br\/jovens-do-santuario-realizam-encontrao-da-crisma\/"},"wordCount":215,"commentCount":0,"publisher":{"@id":"https:\/\/www.padreeustaquio.com.br\/#organization"},"image":{"@id":"https:\/\/www.padreeustaquio.com.br\/jovens-do-santuario-realizam-encontrao-da-crisma\/#primaryimage"},"thumbnailUrl":"https:\/\/www.padreeustaquio.com.br\/wp-content\/uploads\/2023\/03\/Encotrao-crisma.jpeg","articleSection":["Not\u00edcias"],"inLanguage":"en-US","potentialAction":[{"@type":"CommentAction","name":"Comment","target":["https:\/\/www.padreeustaquio.com.br\/jovens-do-santuario-realizam-encontrao-da-crisma\/#respond"]}]},{"@type":"WebPage","@id":"https:\/\/www.padreeustaquio.com.br\/jovens-do-santuario-realizam-encontrao-da-crisma\/","url":"https:\/\/www.padreeustaquio.com.br\/jovens-do-santuario-realizam-encontrao-da-crisma\/","name":"Young people from the Sanctuary hold a &quot;Confirmation Gathering&quot;\"","isPartOf":{"@id":"https:\/\/www.padreeustaquio.com.br\/#website"},"primaryImageOfPage":{"@id":"https:\/\/www.padreeustaquio.com.br\/jovens-do-santuario-realizam-encontrao-da-crisma\/#primaryimage"},"image":{"@id":"https:\/\/www.padreeustaquio.com.br\/jovens-do-santuario-realizam-encontrao-da-crisma\/#primaryimage"},"thumbnailUrl":"https:\/\/www.padreeustaquio.com.br\/wp-content\/uploads\/2023\/03\/Encotrao-crisma.jpeg","datePublished":"2023-03-15T09:13:00+00:00","description":"With the goal of integrating young people participating in the journey towards the Sacrament of Confirmation at the Sanctuary of Health and Peace, the first &quot;Confirmation Gathering&quot; was held last weekend. The event took place about a month after the start of the formation for the teenagers who will receive the Sacrament at the end of the year.","breadcrumb":{"@id":"https:\/\/www.padreeustaquio.com.br\/jovens-do-santuario-realizam-encontrao-da-crisma\/#breadcrumb"},"inLanguage":"en-US","potentialAction":[{"@type":"ReadAction","target":["https:\/\/www.padreeustaquio.com.br\/jovens-do-santuario-realizam-encontrao-da-crisma\/"]}]},{"@type":"ImageObject","inLanguage":"en-US","@id":"https:\/\/www.padreeustaquio.com.br\/jovens-do-santuario-realizam-encontrao-da-crisma\/#primaryimage","url":"https:\/\/www.padreeustaquio.com.br\/wp-content\/uploads\/2023\/03\/Encotrao-crisma.jpeg","contentUrl":"https:\/\/www.padreeustaquio.com.br\/wp-content\/uploads\/2023\/03\/Encotrao-crisma.jpeg","width":1600,"height":1200},{"@type":"BreadcrumbList","@id":"https:\/\/www.padreeustaquio.com.br\/jovens-do-santuario-realizam-encontrao-da-crisma\/#breadcrumb","itemListElement":[{"@type":"ListItem","position":1,"name":"In\u00edcio","item":"https:\/\/www.padreeustaquio.com.br\/"},{"@type":"ListItem","position":2,"name":"Jovens do Santu\u00e1rio realizam &#8220;Encontr\u00e3o da Crisma&#8221;"}]},{"@type":"WebSite","@id":"https:\/\/www.padreeustaquio.com.br\/#website","url":"https:\/\/www.padreeustaquio.com.br\/","name":"FATHER EUST\u00c1QUIO","description":"Health and Peace","publisher":{"@id":"https:\/\/www.padreeustaquio.com.br\/#organization"},"potentialAction":[{"@type":"SearchAction","target":{"@type":"EntryPoint","urlTemplate":"https:\/\/www.padreeustaquio.com.br\/?s={search_term_string}"},"query-input":{"@type":"PropertyValueSpecification","valueRequired":true,"valueName":"search_term_string"}}],"inLanguage":"en-US"},{"@type":"Organization","@id":"https:\/\/www.padreeustaquio.com.br\/#organization","name":"FATHER EUST\u00c1QUIO","url":"https:\/\/www.padreeustaquio.com.br\/","logo":{"@type":"ImageObject","inLanguage":"en-US","@id":"https:\/\/www.padreeustaquio.com.br\/#\/schema\/logo\/image\/","url":"https:\/\/www.padreeustaquio.com.br\/wp-content\/uploads\/2019\/08\/marca.png","contentUrl":"https:\/\/www.padreeustaquio.com.br\/wp-content\/uploads\/2019\/08\/marca.png","width":350,"height":400,"caption":"Padre Eust\u00e1quio"},"image":{"@id":"https:\/\/www.padreeustaquio.com.br\/#\/schema\/logo\/image\/"},"sameAs":["https:\/\/www.facebook.com\/beatopadreeustaquio\/","https:\/\/x.com\/beatopeustaquio","https:\/\/www.instagram.com\/beatopadreeustaquio\/","https:\/\/www.youtube.com\/channel\/UCRhw7vfabnajwLxb1ZXMeIw"]},{"@type":"Person","@id":"https:\/\/www.padreeustaquio.com.br\/#\/schema\/person\/a2a51db1d00f1a7af0204a0f1ddb1566","name":"@sscc","image":{"@type":"ImageObject","inLanguage":"en-US","@id":"https:\/\/secure.gravatar.com\/avatar\/68cfafa5f44617fea54071e215026e0ff06be366c3d54a8425f04fdcb86f8c5f?s=96&d=mm&r=g","url":"https:\/\/secure.gravatar.com\/avatar\/68cfafa5f44617fea54071e215026e0ff06be366c3d54a8425f04fdcb86f8c5f?s=96&d=mm&r=g","contentUrl":"https:\/\/secure.gravatar.com\/avatar\/68cfafa5f44617fea54071e215026e0ff06be366c3d54a8425f04fdcb86f8c5f?s=96&d=mm&r=g","caption":"@sscc"},"url":"https:\/\/www.padreeustaquio.com.br\/en\/author\/sscc\/"}]}},"_links":{"self":[{"href":"https:\/\/www.padreeustaquio.com.br\/en\/wp-json\/wp\/v2\/posts\/10037","targetHints":{"allow":["GET"]}}],"collection":[{"href":"https:\/\/www.padreeustaquio.com.br\/en\/wp-json\/wp\/v2\/posts"}],"about":[{"href":"https:\/\/www.padreeustaquio.com.br\/en\/wp-json\/wp\/v2\/types\/post"}],"author":[{"embeddable":true,"href":"https:\/\/www.padreeustaquio.com.br\/en\/wp-json\/wp\/v2\/users\/2"}],"replies":[{"embeddable":true,"href":"https:\/\/www.padreeustaquio.com.br\/en\/wp-json\/wp\/v2\/comments?post=10037"}],"version-history":[{"count":0,"href":"https:\/\/www.padreeustaquio.com.br\/en\/wp-json\/wp\/v2\/posts\/10037\/revisions"}],"wp:featuredmedia":[{"embeddable":true,"href":"https:\/\/www.padreeustaquio.com.br\/en\/wp-json\/wp\/v2\/media\/10038"}],"wp:attachment":[{"href":"https:\/\/www.padreeustaquio.com.br\/en\/wp-json\/wp\/v2\/media?parent=10037"}],"wp:term":[{"taxonomy":"category","embeddable":true,"href":"https:\/\/www.padreeustaquio.com.br\/en\/wp-json\/wp\/v2\/categories?post=10037"},{"taxonomy":"post_tag","embeddable":true,"href":"https:\/\/www.padreeustaquio.com.br\/en\/wp-json\/wp\/v2\/tags?post=10037"}],"curies":[{"name":"wp","href":"https:\/\/api.w.org\/{rel}","templated":true}]}}