{"id":10034,"date":"2023-03-14T06:34:00","date_gmt":"2023-03-14T09:34:00","guid":{"rendered":"https:\/\/www.padreeustaquio.com.br\/?p=10034"},"modified":"2023-03-13T08:38:54","modified_gmt":"2023-03-13T11:38:54","slug":"the-stations-of-the-cross-with-meditations-by-father-eustaquio-is-available-in-the-sanctuary-shop","status":"publish","type":"post","link":"https:\/\/www.padreeustaquio.com.br\/en\/the-stations-of-the-cross-with-meditations-by-father-eustaquio-is-available-in-the-sanctuary-shop\/","title":{"rendered":"The Stations of the Cross with meditations by Father Eust\u00e1quio is available at the Sanctuary&#039;s shop."},"content":{"rendered":"<p>The Stations of the Cross, &quot;Love, pray, do penance,&quot; created by the National Secretariat for the Cause of Canonization of Father Eust\u00e1quio and based on writings, prayers, meditations, and materials left by the Blessed, is available at the Padre Eust\u00e1quio Store.<\/p>\n\n\n\n<p>This is a way to experience the spirituality of this liturgical period, reliving the Passion of Christ in 15 stations, beginning with the condemnation and ending with the Resurrection of Jesus. All of this is based on texts extracted from the writings and homilies of Father Eust\u00e1quio.<\/p>\n\n\n\n<p><strong>Stations of the Cross at the Sanctuary and on the Padre Eust\u00e1quio Canal<\/strong><\/p>\n\n\n\n<p>During Lent, every Tuesday at 6 PM, the Sanctuary of Health and Peace promotes the meditation of the Stations of the Cross in the church aisles. Priests, brothers, postulants, and all the people of God gather around the Stations of the Cross images scattered throughout the temple to pray, meditating on the Gospel under the gaze of Blessed Father Eustace. The prayer service is broadcast live on the Padre Eustace Channel on YouTube.<\/p>\n\n\n\n<p>The Stations of the Cross, or Via Crucis, is one of the most common forms of devotion during Lent. It is based on the journey Jesus took, carrying the Holy Cross to Calvary.<\/p>\n\n\n\n<p>Padre Eust\u00e1quio&#039;s store is located next to the Sanctuary of Health and Peace, Church of Blessed Padre Eust\u00e1quio. The telephone number is (31) 3567-0314.<\/p>\n\n\n\n<p><\/p>","protected":false},"excerpt":{"rendered":"<p>Est\u00e1 dispon\u00edvel na Loja do Padre Eust\u00e1quio a Via Sacra &#8220;Amai, rezai, fazei penit\u00eancia&#8221;, feita pelo Secretariado Nacional para Causa de Canoniza\u00e7\u00e3o do Padre Eust\u00e1quio, baseada em escritos, ora\u00e7\u00f5es, medita\u00e7\u00f5es e materiais deixados pelo Beato. Esta \u00e9 uma forma de viver a espiritualidade deste per\u00edodo lit\u00fargico, revivendo a Paix\u00e3o de Cristo em 15 esta\u00e7\u00f5es, come\u00e7ando com a condena\u00e7\u00e3o e indo at\u00e9 a Ressurrei\u00e7\u00e3o de Jesus. Tudo, a partir de textos extra\u00eddos de escritos e homilias de Padre Eust\u00e1quio. VIA SACRA NO SANTU\u00c1RIO E NO CANAL PADRE EUST\u00c1QUIO Durante a Quaresma, em todas as ter\u00e7as-feiras, \u00e0s 18h, o Santu\u00e1rio da Sa\u00fade [&hellip;]<\/p>\n","protected":false},"author":2,"featured_media":10035,"comment_status":"open","ping_status":"closed","sticky":false,"template":"","format":"standard","meta":{"_acf_changed":false,"footnotes":""},"categories":[611],"tags":[],"class_list":["post-10034","post","type-post","status-publish","format-standard","has-post-thumbnail","hentry","category-noticias"],"acf":[],"yoast_head":"<!-- This site is optimized with the Yoast SEO plugin v27.2 - https:\/\/yoast.com\/product\/yoast-seo-wordpress\/ -->\n<title>Via Sacra com medita\u00e7\u00f5es do Padre Eust\u00e1quio est\u00e1 dispon\u00edvel na loja do Santu\u00e1rio<\/title>\n<meta name=\"description\" content=\"Est\u00e1 dispon\u00edvel na Loja do Padre Eust\u00e1quio a Via Sacra &quot;Amai, rezai, fazei penit\u00eancia&quot;, feita pelo Secretariado Nacional para Causa de Canoniza\u00e7\u00e3o do Padre Eust\u00e1quio, baseada em escritos, ora\u00e7\u00f5es, medita\u00e7\u00f5es e materiais deixados pelo Beato.\" \/>\n<meta name=\"robots\" content=\"index, follow, max-snippet:-1, max-image-preview:large, max-video-preview:-1\" \/>\n<link rel=\"canonical\" href=\"https:\/\/www.padreeustaquio.com.br\/en\/the-stations-of-the-cross-with-meditations-by-father-eustaquio-is-available-in-the-sanctuary-shop\/\" \/>\n<meta property=\"og:locale\" content=\"en_US\" \/>\n<meta property=\"og:type\" content=\"article\" \/>\n<meta property=\"og:title\" content=\"Via Sacra com medita\u00e7\u00f5es do Padre Eust\u00e1quio est\u00e1 dispon\u00edvel na loja do Santu\u00e1rio\" \/>\n<meta property=\"og:description\" content=\"Est\u00e1 dispon\u00edvel na Loja do Padre Eust\u00e1quio a Via Sacra &quot;Amai, rezai, fazei penit\u00eancia&quot;, feita pelo Secretariado Nacional para Causa de Canoniza\u00e7\u00e3o do Padre Eust\u00e1quio, baseada em escritos, ora\u00e7\u00f5es, medita\u00e7\u00f5es e materiais deixados pelo Beato.\" \/>\n<meta property=\"og:url\" content=\"https:\/\/www.padreeustaquio.com.br\/en\/the-stations-of-the-cross-with-meditations-by-father-eustaquio-is-available-in-the-sanctuary-shop\/\" \/>\n<meta property=\"og:site_name\" content=\"Padre Eust\u00e1quio\" \/>\n<meta property=\"article:publisher\" content=\"https:\/\/www.facebook.com\/beatopadreeustaquio\/\" \/>\n<meta property=\"article:published_time\" content=\"2023-03-14T09:34:00+00:00\" \/>\n<meta property=\"og:image\" content=\"https:\/\/www.padreeustaquio.com.br\/wp-content\/uploads\/2023\/03\/WhatsApp-Image-2023-03-07-at-10.35.41.jpeg\" \/>\n\t<meta property=\"og:image:width\" content=\"1600\" \/>\n\t<meta property=\"og:image:height\" content=\"719\" \/>\n\t<meta property=\"og:image:type\" content=\"image\/jpeg\" \/>\n<meta name=\"author\" content=\"@sscc\" \/>\n<meta name=\"twitter:card\" content=\"summary_large_image\" \/>\n<meta name=\"twitter:creator\" content=\"@beatopeustaquio\" \/>\n<meta name=\"twitter:site\" content=\"@beatopeustaquio\" \/>\n<meta name=\"twitter:label1\" content=\"Written by\" \/>\n\t<meta name=\"twitter:data1\" content=\"@sscc\" \/>\n\t<meta name=\"twitter:label2\" content=\"Est. reading time\" \/>\n\t<meta name=\"twitter:data2\" content=\"1 minute\" \/>\n<script type=\"application\/ld+json\" class=\"yoast-schema-graph\">{\"@context\":\"https:\/\/schema.org\",\"@graph\":[{\"@type\":\"Article\",\"@id\":\"https:\/\/www.padreeustaquio.com.br\/via-sacra-com-meditacoes-do-padre-eustaquio-esta-disponivel-na-loja-do-santuario\/#article\",\"isPartOf\":{\"@id\":\"https:\/\/www.padreeustaquio.com.br\/via-sacra-com-meditacoes-do-padre-eustaquio-esta-disponivel-na-loja-do-santuario\/\"},\"author\":{\"name\":\"@sscc\",\"@id\":\"https:\/\/www.padreeustaquio.com.br\/#\/schema\/person\/a2a51db1d00f1a7af0204a0f1ddb1566\"},\"headline\":\"Via Sacra com medita\u00e7\u00f5es do Padre Eust\u00e1quio est\u00e1 dispon\u00edvel na loja do Santu\u00e1rio\",\"datePublished\":\"2023-03-14T09:34:00+00:00\",\"mainEntityOfPage\":{\"@id\":\"https:\/\/www.padreeustaquio.com.br\/via-sacra-com-meditacoes-do-padre-eustaquio-esta-disponivel-na-loja-do-santuario\/\"},\"wordCount\":263,\"commentCount\":0,\"publisher\":{\"@id\":\"https:\/\/www.padreeustaquio.com.br\/#organization\"},\"image\":{\"@id\":\"https:\/\/www.padreeustaquio.com.br\/via-sacra-com-meditacoes-do-padre-eustaquio-esta-disponivel-na-loja-do-santuario\/#primaryimage\"},\"thumbnailUrl\":\"https:\/\/www.padreeustaquio.com.br\/wp-content\/uploads\/2023\/03\/WhatsApp-Image-2023-03-07-at-10.35.41.jpeg\",\"articleSection\":[\"Not\u00edcias\"],\"inLanguage\":\"en-US\",\"potentialAction\":[{\"@type\":\"CommentAction\",\"name\":\"Comment\",\"target\":[\"https:\/\/www.padreeustaquio.com.br\/via-sacra-com-meditacoes-do-padre-eustaquio-esta-disponivel-na-loja-do-santuario\/#respond\"]}]},{\"@type\":\"WebPage\",\"@id\":\"https:\/\/www.padreeustaquio.com.br\/via-sacra-com-meditacoes-do-padre-eustaquio-esta-disponivel-na-loja-do-santuario\/\",\"url\":\"https:\/\/www.padreeustaquio.com.br\/via-sacra-com-meditacoes-do-padre-eustaquio-esta-disponivel-na-loja-do-santuario\/\",\"name\":\"Via Sacra com medita\u00e7\u00f5es do Padre Eust\u00e1quio est\u00e1 dispon\u00edvel na loja do Santu\u00e1rio\",\"isPartOf\":{\"@id\":\"https:\/\/www.padreeustaquio.com.br\/#website\"},\"primaryImageOfPage\":{\"@id\":\"https:\/\/www.padreeustaquio.com.br\/via-sacra-com-meditacoes-do-padre-eustaquio-esta-disponivel-na-loja-do-santuario\/#primaryimage\"},\"image\":{\"@id\":\"https:\/\/www.padreeustaquio.com.br\/via-sacra-com-meditacoes-do-padre-eustaquio-esta-disponivel-na-loja-do-santuario\/#primaryimage\"},\"thumbnailUrl\":\"https:\/\/www.padreeustaquio.com.br\/wp-content\/uploads\/2023\/03\/WhatsApp-Image-2023-03-07-at-10.35.41.jpeg\",\"datePublished\":\"2023-03-14T09:34:00+00:00\",\"description\":\"Est\u00e1 dispon\u00edvel na Loja do Padre Eust\u00e1quio a Via Sacra \\\"Amai, rezai, fazei penit\u00eancia\\\", feita pelo Secretariado Nacional para Causa de Canoniza\u00e7\u00e3o do Padre Eust\u00e1quio, baseada em escritos, ora\u00e7\u00f5es, medita\u00e7\u00f5es e materiais deixados pelo Beato.\",\"breadcrumb\":{\"@id\":\"https:\/\/www.padreeustaquio.com.br\/via-sacra-com-meditacoes-do-padre-eustaquio-esta-disponivel-na-loja-do-santuario\/#breadcrumb\"},\"inLanguage\":\"en-US\",\"potentialAction\":[{\"@type\":\"ReadAction\",\"target\":[\"https:\/\/www.padreeustaquio.com.br\/via-sacra-com-meditacoes-do-padre-eustaquio-esta-disponivel-na-loja-do-santuario\/\"]}]},{\"@type\":\"ImageObject\",\"inLanguage\":\"en-US\",\"@id\":\"https:\/\/www.padreeustaquio.com.br\/via-sacra-com-meditacoes-do-padre-eustaquio-esta-disponivel-na-loja-do-santuario\/#primaryimage\",\"url\":\"https:\/\/www.padreeustaquio.com.br\/wp-content\/uploads\/2023\/03\/WhatsApp-Image-2023-03-07-at-10.35.41.jpeg\",\"contentUrl\":\"https:\/\/www.padreeustaquio.com.br\/wp-content\/uploads\/2023\/03\/WhatsApp-Image-2023-03-07-at-10.35.41.jpeg\",\"width\":1600,\"height\":719},{\"@type\":\"BreadcrumbList\",\"@id\":\"https:\/\/www.padreeustaquio.com.br\/via-sacra-com-meditacoes-do-padre-eustaquio-esta-disponivel-na-loja-do-santuario\/#breadcrumb\",\"itemListElement\":[{\"@type\":\"ListItem\",\"position\":1,\"name\":\"In\u00edcio\",\"item\":\"https:\/\/www.padreeustaquio.com.br\/\"},{\"@type\":\"ListItem\",\"position\":2,\"name\":\"Via Sacra com medita\u00e7\u00f5es do Padre Eust\u00e1quio est\u00e1 dispon\u00edvel na loja do Santu\u00e1rio\"}]},{\"@type\":\"WebSite\",\"@id\":\"https:\/\/www.padreeustaquio.com.br\/#website\",\"url\":\"https:\/\/www.padreeustaquio.com.br\/\",\"name\":\"Padre Eust\u00e1quio\",\"description\":\"Sa\u00fade e Paz\",\"publisher\":{\"@id\":\"https:\/\/www.padreeustaquio.com.br\/#organization\"},\"potentialAction\":[{\"@type\":\"SearchAction\",\"target\":{\"@type\":\"EntryPoint\",\"urlTemplate\":\"https:\/\/www.padreeustaquio.com.br\/?s={search_term_string}\"},\"query-input\":{\"@type\":\"PropertyValueSpecification\",\"valueRequired\":true,\"valueName\":\"search_term_string\"}}],\"inLanguage\":\"en-US\"},{\"@type\":\"Organization\",\"@id\":\"https:\/\/www.padreeustaquio.com.br\/#organization\",\"name\":\"Padre Eust\u00e1quio\",\"url\":\"https:\/\/www.padreeustaquio.com.br\/\",\"logo\":{\"@type\":\"ImageObject\",\"inLanguage\":\"en-US\",\"@id\":\"https:\/\/www.padreeustaquio.com.br\/#\/schema\/logo\/image\/\",\"url\":\"https:\/\/www.padreeustaquio.com.br\/wp-content\/uploads\/2019\/08\/marca.png\",\"contentUrl\":\"https:\/\/www.padreeustaquio.com.br\/wp-content\/uploads\/2019\/08\/marca.png\",\"width\":350,\"height\":400,\"caption\":\"Padre Eust\u00e1quio\"},\"image\":{\"@id\":\"https:\/\/www.padreeustaquio.com.br\/#\/schema\/logo\/image\/\"},\"sameAs\":[\"https:\/\/www.facebook.com\/beatopadreeustaquio\/\",\"https:\/\/x.com\/beatopeustaquio\",\"https:\/\/www.instagram.com\/beatopadreeustaquio\/\",\"https:\/\/www.youtube.com\/channel\/UCRhw7vfabnajwLxb1ZXMeIw\"]},{\"@type\":\"Person\",\"@id\":\"https:\/\/www.padreeustaquio.com.br\/#\/schema\/person\/a2a51db1d00f1a7af0204a0f1ddb1566\",\"name\":\"@sscc\",\"image\":{\"@type\":\"ImageObject\",\"inLanguage\":\"en-US\",\"@id\":\"https:\/\/secure.gravatar.com\/avatar\/68cfafa5f44617fea54071e215026e0ff06be366c3d54a8425f04fdcb86f8c5f?s=96&d=mm&r=g\",\"url\":\"https:\/\/secure.gravatar.com\/avatar\/68cfafa5f44617fea54071e215026e0ff06be366c3d54a8425f04fdcb86f8c5f?s=96&d=mm&r=g\",\"contentUrl\":\"https:\/\/secure.gravatar.com\/avatar\/68cfafa5f44617fea54071e215026e0ff06be366c3d54a8425f04fdcb86f8c5f?s=96&d=mm&r=g\",\"caption\":\"@sscc\"},\"url\":\"https:\/\/www.padreeustaquio.com.br\/en\/author\/sscc\/\"}]}<\/script>\n<!-- \/ Yoast SEO plugin. -->","yoast_head_json":{"title":"The Stations of the Cross with meditations by Father Eust\u00e1quio is available at the Sanctuary&#039;s shop.","description":"The Way of the Cross &quot;Love, pray, do penance,&quot; created by the National Secretariat for the Cause of Canonization of Father Eust\u00e1quio, based on writings, prayers, meditations, and materials left by the Blessed, is available at the Father Eust\u00e1quio Store.","robots":{"index":"index","follow":"follow","max-snippet":"max-snippet:-1","max-image-preview":"max-image-preview:large","max-video-preview":"max-video-preview:-1"},"canonical":"https:\/\/www.padreeustaquio.com.br\/en\/the-stations-of-the-cross-with-meditations-by-father-eustaquio-is-available-in-the-sanctuary-shop\/","og_locale":"en_US","og_type":"article","og_title":"Via Sacra com medita\u00e7\u00f5es do Padre Eust\u00e1quio est\u00e1 dispon\u00edvel na loja do Santu\u00e1rio","og_description":"Est\u00e1 dispon\u00edvel na Loja do Padre Eust\u00e1quio a Via Sacra \"Amai, rezai, fazei penit\u00eancia\", feita pelo Secretariado Nacional para Causa de Canoniza\u00e7\u00e3o do Padre Eust\u00e1quio, baseada em escritos, ora\u00e7\u00f5es, medita\u00e7\u00f5es e materiais deixados pelo Beato.","og_url":"https:\/\/www.padreeustaquio.com.br\/en\/the-stations-of-the-cross-with-meditations-by-father-eustaquio-is-available-in-the-sanctuary-shop\/","og_site_name":"Padre Eust\u00e1quio","article_publisher":"https:\/\/www.facebook.com\/beatopadreeustaquio\/","article_published_time":"2023-03-14T09:34:00+00:00","og_image":[{"width":1600,"height":719,"url":"https:\/\/www.padreeustaquio.com.br\/wp-content\/uploads\/2023\/03\/WhatsApp-Image-2023-03-07-at-10.35.41.jpeg","type":"image\/jpeg"}],"author":"@sscc","twitter_card":"summary_large_image","twitter_creator":"@beatopeustaquio","twitter_site":"@beatopeustaquio","twitter_misc":{"Written by":"@sscc","Est. reading time":"1 minute"},"schema":{"@context":"https:\/\/schema.org","@graph":[{"@type":"Article","@id":"https:\/\/www.padreeustaquio.com.br\/via-sacra-com-meditacoes-do-padre-eustaquio-esta-disponivel-na-loja-do-santuario\/#article","isPartOf":{"@id":"https:\/\/www.padreeustaquio.com.br\/via-sacra-com-meditacoes-do-padre-eustaquio-esta-disponivel-na-loja-do-santuario\/"},"author":{"name":"@sscc","@id":"https:\/\/www.padreeustaquio.com.br\/#\/schema\/person\/a2a51db1d00f1a7af0204a0f1ddb1566"},"headline":"Via Sacra com medita\u00e7\u00f5es do Padre Eust\u00e1quio est\u00e1 dispon\u00edvel na loja do Santu\u00e1rio","datePublished":"2023-03-14T09:34:00+00:00","mainEntityOfPage":{"@id":"https:\/\/www.padreeustaquio.com.br\/via-sacra-com-meditacoes-do-padre-eustaquio-esta-disponivel-na-loja-do-santuario\/"},"wordCount":263,"commentCount":0,"publisher":{"@id":"https:\/\/www.padreeustaquio.com.br\/#organization"},"image":{"@id":"https:\/\/www.padreeustaquio.com.br\/via-sacra-com-meditacoes-do-padre-eustaquio-esta-disponivel-na-loja-do-santuario\/#primaryimage"},"thumbnailUrl":"https:\/\/www.padreeustaquio.com.br\/wp-content\/uploads\/2023\/03\/WhatsApp-Image-2023-03-07-at-10.35.41.jpeg","articleSection":["Not\u00edcias"],"inLanguage":"en-US","potentialAction":[{"@type":"CommentAction","name":"Comment","target":["https:\/\/www.padreeustaquio.com.br\/via-sacra-com-meditacoes-do-padre-eustaquio-esta-disponivel-na-loja-do-santuario\/#respond"]}]},{"@type":"WebPage","@id":"https:\/\/www.padreeustaquio.com.br\/via-sacra-com-meditacoes-do-padre-eustaquio-esta-disponivel-na-loja-do-santuario\/","url":"https:\/\/www.padreeustaquio.com.br\/via-sacra-com-meditacoes-do-padre-eustaquio-esta-disponivel-na-loja-do-santuario\/","name":"The Stations of the Cross with meditations by Father Eust\u00e1quio is available at the Sanctuary&#039;s shop.","isPartOf":{"@id":"https:\/\/www.padreeustaquio.com.br\/#website"},"primaryImageOfPage":{"@id":"https:\/\/www.padreeustaquio.com.br\/via-sacra-com-meditacoes-do-padre-eustaquio-esta-disponivel-na-loja-do-santuario\/#primaryimage"},"image":{"@id":"https:\/\/www.padreeustaquio.com.br\/via-sacra-com-meditacoes-do-padre-eustaquio-esta-disponivel-na-loja-do-santuario\/#primaryimage"},"thumbnailUrl":"https:\/\/www.padreeustaquio.com.br\/wp-content\/uploads\/2023\/03\/WhatsApp-Image-2023-03-07-at-10.35.41.jpeg","datePublished":"2023-03-14T09:34:00+00:00","description":"The Way of the Cross &quot;Love, pray, do penance,&quot; created by the National Secretariat for the Cause of Canonization of Father Eust\u00e1quio, based on writings, prayers, meditations, and materials left by the Blessed, is available at the Father Eust\u00e1quio Store.","breadcrumb":{"@id":"https:\/\/www.padreeustaquio.com.br\/via-sacra-com-meditacoes-do-padre-eustaquio-esta-disponivel-na-loja-do-santuario\/#breadcrumb"},"inLanguage":"en-US","potentialAction":[{"@type":"ReadAction","target":["https:\/\/www.padreeustaquio.com.br\/via-sacra-com-meditacoes-do-padre-eustaquio-esta-disponivel-na-loja-do-santuario\/"]}]},{"@type":"ImageObject","inLanguage":"en-US","@id":"https:\/\/www.padreeustaquio.com.br\/via-sacra-com-meditacoes-do-padre-eustaquio-esta-disponivel-na-loja-do-santuario\/#primaryimage","url":"https:\/\/www.padreeustaquio.com.br\/wp-content\/uploads\/2023\/03\/WhatsApp-Image-2023-03-07-at-10.35.41.jpeg","contentUrl":"https:\/\/www.padreeustaquio.com.br\/wp-content\/uploads\/2023\/03\/WhatsApp-Image-2023-03-07-at-10.35.41.jpeg","width":1600,"height":719},{"@type":"BreadcrumbList","@id":"https:\/\/www.padreeustaquio.com.br\/via-sacra-com-meditacoes-do-padre-eustaquio-esta-disponivel-na-loja-do-santuario\/#breadcrumb","itemListElement":[{"@type":"ListItem","position":1,"name":"In\u00edcio","item":"https:\/\/www.padreeustaquio.com.br\/"},{"@type":"ListItem","position":2,"name":"Via Sacra com medita\u00e7\u00f5es do Padre Eust\u00e1quio est\u00e1 dispon\u00edvel na loja do Santu\u00e1rio"}]},{"@type":"WebSite","@id":"https:\/\/www.padreeustaquio.com.br\/#website","url":"https:\/\/www.padreeustaquio.com.br\/","name":"FATHER EUST\u00c1QUIO","description":"Health and Peace","publisher":{"@id":"https:\/\/www.padreeustaquio.com.br\/#organization"},"potentialAction":[{"@type":"SearchAction","target":{"@type":"EntryPoint","urlTemplate":"https:\/\/www.padreeustaquio.com.br\/?s={search_term_string}"},"query-input":{"@type":"PropertyValueSpecification","valueRequired":true,"valueName":"search_term_string"}}],"inLanguage":"en-US"},{"@type":"Organization","@id":"https:\/\/www.padreeustaquio.com.br\/#organization","name":"FATHER EUST\u00c1QUIO","url":"https:\/\/www.padreeustaquio.com.br\/","logo":{"@type":"ImageObject","inLanguage":"en-US","@id":"https:\/\/www.padreeustaquio.com.br\/#\/schema\/logo\/image\/","url":"https:\/\/www.padreeustaquio.com.br\/wp-content\/uploads\/2019\/08\/marca.png","contentUrl":"https:\/\/www.padreeustaquio.com.br\/wp-content\/uploads\/2019\/08\/marca.png","width":350,"height":400,"caption":"Padre Eust\u00e1quio"},"image":{"@id":"https:\/\/www.padreeustaquio.com.br\/#\/schema\/logo\/image\/"},"sameAs":["https:\/\/www.facebook.com\/beatopadreeustaquio\/","https:\/\/x.com\/beatopeustaquio","https:\/\/www.instagram.com\/beatopadreeustaquio\/","https:\/\/www.youtube.com\/channel\/UCRhw7vfabnajwLxb1ZXMeIw"]},{"@type":"Person","@id":"https:\/\/www.padreeustaquio.com.br\/#\/schema\/person\/a2a51db1d00f1a7af0204a0f1ddb1566","name":"@sscc","image":{"@type":"ImageObject","inLanguage":"en-US","@id":"https:\/\/secure.gravatar.com\/avatar\/68cfafa5f44617fea54071e215026e0ff06be366c3d54a8425f04fdcb86f8c5f?s=96&d=mm&r=g","url":"https:\/\/secure.gravatar.com\/avatar\/68cfafa5f44617fea54071e215026e0ff06be366c3d54a8425f04fdcb86f8c5f?s=96&d=mm&r=g","contentUrl":"https:\/\/secure.gravatar.com\/avatar\/68cfafa5f44617fea54071e215026e0ff06be366c3d54a8425f04fdcb86f8c5f?s=96&d=mm&r=g","caption":"@sscc"},"url":"https:\/\/www.padreeustaquio.com.br\/en\/author\/sscc\/"}]}},"_links":{"self":[{"href":"https:\/\/www.padreeustaquio.com.br\/en\/wp-json\/wp\/v2\/posts\/10034","targetHints":{"allow":["GET"]}}],"collection":[{"href":"https:\/\/www.padreeustaquio.com.br\/en\/wp-json\/wp\/v2\/posts"}],"about":[{"href":"https:\/\/www.padreeustaquio.com.br\/en\/wp-json\/wp\/v2\/types\/post"}],"author":[{"embeddable":true,"href":"https:\/\/www.padreeustaquio.com.br\/en\/wp-json\/wp\/v2\/users\/2"}],"replies":[{"embeddable":true,"href":"https:\/\/www.padreeustaquio.com.br\/en\/wp-json\/wp\/v2\/comments?post=10034"}],"version-history":[{"count":0,"href":"https:\/\/www.padreeustaquio.com.br\/en\/wp-json\/wp\/v2\/posts\/10034\/revisions"}],"wp:featuredmedia":[{"embeddable":true,"href":"https:\/\/www.padreeustaquio.com.br\/en\/wp-json\/wp\/v2\/media\/10035"}],"wp:attachment":[{"href":"https:\/\/www.padreeustaquio.com.br\/en\/wp-json\/wp\/v2\/media?parent=10034"}],"wp:term":[{"taxonomy":"category","embeddable":true,"href":"https:\/\/www.padreeustaquio.com.br\/en\/wp-json\/wp\/v2\/categories?post=10034"},{"taxonomy":"post_tag","embeddable":true,"href":"https:\/\/www.padreeustaquio.com.br\/en\/wp-json\/wp\/v2\/tags?post=10034"}],"curies":[{"name":"wp","href":"https:\/\/api.w.org\/{rel}","templated":true}]}}